{"id":1176,"date":"2010-06-17T00:00:00","date_gmt":"2010-06-17T00:00:00","guid":{"rendered":"http:\/\/www2.memri.org\/polaco\/libanski-kanal-telewizyjny-pokazuje-klipy-memri-i-dochodzi-do-wniosku-myszka-miki-hamasu-farfour-doprowadzila-do-zakazu-telewizji-hamasu\/1176"},"modified":"2010-06-17T00:00:00","modified_gmt":"2010-06-17T00:00:00","slug":"libanski-kanal-telewizyjny-pokazuje-klipy-memri-i-dochodzi-do-wniosku-myszka-miki-hamasu-farfour-doprowadzila-do-zakazu-telewizji-hamasu","status":"publish","type":"post","link":"https:\/\/www2.memri.org\/polish\/libanski-kanal-telewizyjny-pokazuje-klipy-memri-i-dochodzi-do-wniosku-myszka-miki-hamasu-farfour-doprowadzila-do-zakazu-telewizji-hamasu\/1176","title":{"rendered":"Liba\u0144ski kana\u0142 telewizyjny pokazuje klipy MEMRI i dochodzi do wniosku: Myszka Miki Hamasu, Farfour, doprowadzi\u0142a do zakazu telewizji Hamasu"},"content":{"rendered":"<p><!-- Document Body --><br \/>\n<DIV ALIGN=\"justify\" CLASS=\"bodytext\"><br \/>\n<UL><br \/>\n<LI><I>Poni\u017cej podajemy raport telewizyjny o zakazie nadawania Al-Aqsa TV przez satelit\u0119 Eutelsat. Raport ten nadano przez New TV 17 czerwca 2010 r.<\/I><br \/>\n<LI><I>\u017beby zobaczy\u0107 ten klip w MEMRI TV, odwied\u017a <\/I><A href=\"http:\/\/www.memritv.org\/clip\/en\/0\/0\/0\/0\/0\/0\/2513.htm\"><I>http:\/\/www.memritv.org\/clip\/en\/0\/0\/0\/0\/0\/0\/2513.htm<\/I><\/A> <I>. <\/I><br \/>\n<LI><I>\u017beby zobaczy\u0107 stron\u0119 MEMRI TV po\u015bwi\u0119con\u0105 Al-Aqsa TV, odwied\u017a <\/I><A href=\"http:\/\/www.memritv.org\/content\/en\/tv_channel_indiv.htm?id=175\"><I>http:\/\/www.memritv.org\/content\/en\/tv_channel_indiv.htm?id=175<\/I><\/A> <I>.<\/I><br \/>\n<LI><I>Kliknij, \u017ceby przeczyta\u0107 <\/I><A href=\"http:\/\/www2.memri.org\/bin\/polish\/latestnews.cgi?ID=AN11510\">13 czerwca 2010 AN# 115 &#8211; Zakaz nadawania Al-Aqsa TV we Francji w oparciu o badania MEMRI<\/A>  .<br \/>\n<LI><I>\u017beby zobaczy\u0107 stron\u0119 MEMRI po\u015bwi\u0119con\u0105 Palestinian Media Studies Project, odwied\u017a <\/I><A href=\"http:\/\/www.memri.org\/palestinianmediastudiesproject\"><I>http:\/\/www.memri.org\/palestinianmediastudiesproject<\/I><\/A> <I>. <\/I><br \/>\n<\/UL><br \/>\n<P><B><br \/>\n<P><I><IMG border=\"0\" src=\"http:\/\/www.memri.org\/image\/4618.JPG\"><\/I><\/B><br \/>\n<P><B>&#8222;Nale\u017c\u0105ca do Hamasu Al-Aqsa TV jest zakazana we Francji \u2013 pow\u00f3d: pod\u017cega do oporu\u201d <\/B><br \/>\n<P><B>Prezenterka<\/B>: Po [zakazaniu] Al-Manar TV, nale\u017c\u0105ca do Hamasu Al-Aqsa TV zosta\u0142a zakazana we Francji. Pow\u00f3d: pod\u017cega do oporu.<br \/>\n<P><I>Fragmenty klipu z MEMRI TV nr 1497 z Al-Aqsa TV, przedstawiaj\u0105cego Farfoura &#8211;<\/I><I>posta\u0107 wzorowan\u0105 na Myszce Miki <\/I><br \/>\n<P><B>Reporterka<\/B>: Israel nie m\u00f3g\u0142 znie\u015b\u0107 wezwania Farfora do dzieci Palestyny \u2013 poprzez Al-Aqsa TV \u2013 by kontynuowa\u0142y op\u00f3r a\u017c do ca\u0142kowitego wyzwolenia ziemi palesty\u0144skiej, wi\u0119c wywar\u0142 presj\u0119, by zakaza\u0107 Al-Aqsa we Francji. Conseil sup\u00e9rieur de l&#8217;audiovisuel zakaza\u0142 nadawania Al-Aqsa TV na satelicie Eutelsat w Europie pod pretekstem, \u017ce pod\u017cega do nienawi\u015bci, ale bez podania jakichkolwiek szczeg\u00f3\u0142\u00f3w. Jest to dlatego, \u017ce animowana figurka Farfour pobudza dzieci do popierania oporu przeciwko Izraelowi.<br \/>\n<P><B>&#8222;Jest to bezczelny przejaw polityki podw\u00f3jnych standard\u00f3w na niebie Starego Kontynentu \u2013 kt\u00f3rym rz\u0105dzi dzisiaj syjonistyczne lobby\u201d <\/B><br \/>\n<P><IMG border=\"0\" src=\"http:\/\/www.memri.org\/image\/4619.JPG\"><br \/>\n<P><B><IMG border=\"0\" src=\"http:\/\/www.memri.org\/image\/4620.JPG\"><\/B><br \/>\n<P><br \/>\n<P><br \/>\n<P>Wzbudzi\u0142o to niezadowolenie Waszyngtonu i Tel Awiwu, szczeg\u00f3lnie po tym, jak w ko\u0144cowym epizodzie Farfour zosta\u0142 pobity na \u015bmier\u0107 przez izraelskiego \u015bledczego. Program \u201ePionierzy przysz\u0142o\u015bci\u201d zast\u0105pi\u0142 m\u0119czennika Farfoura jego kuzynem Nahoulem, kt\u00f3ry o\u015bwiadczy\u0142, \u017ce b\u0119dzie kontynuowa\u0142 d\u017cihad.<br \/>\n<P><I>Fragmenty z klipu MEMRI TV Nr 1510 z Al-Aqsa TV, przedstawiaj\u0105ce gigantyczn\u0105 pszczo\u0142\u0119 Nahoula<\/I><br \/>\n<P><B>Reporterka<\/B>: Israel twierdzi, \u017ce ten program pod\u017cega palesty\u0144skie dzieci do nienawi\u015bci do Izraela i media USA oskar\u017cy\u0142y Al-Aqsa TV o kradzie\u017c postaci Myszki Miki i zamienienie jej w Farfoura, \u017ceby nauczy\u0107 palesty\u0144skie dzieci tak zwanego \u201eterroryzmu\u201d i nienawi\u015bci do USA. Ruch Hamasu temu zaprzecza.<br \/>\n<P>Nale\u017cy zauwa\u017cy\u0107, \u017ce pewne gazety \u017cydowskie i izraelskie, telewizja i stacje radiowe, kt\u00f3re dzia\u0142aj\u0105 w Europie i USA szerz\u0105 propagand\u0119 na rzecz Izraela bez jakiejkolwiek odpowiedzialno\u015bci i nadzoru.<br \/>\n<P>Jest to bezczelny przejaw polityki podw\u00f3jnych standard\u00f3w na niebie Starego Kontynentu \u2013 kt\u00f3rym rz\u0105dzi dzisiaj syjonistyczne lobby.<br \/>\n<\/div>\n","protected":false},"excerpt":{"rendered":"<p>Poni\u017cej podajemy raport telewizyjny o zakazie nadawania Al-Aqsa TV przez satelit\u0119 Eutelsat. Raport ten nadano przez New TV 17 czerwca 2010 r. \u017beby zobaczy\u0107 ten klip w MEMRI TV, odwied\u017a http:\/\/www.memritv.org\/clip\/en\/0\/0\/0\/0\/0\/0\/2513.htm . \u017beby zobaczy\u0107 stron\u0119 MEMRI TV po\u015bwi\u0119con\u0105 Al-Aqsa TV, odwied\u017a http:\/\/www.memritv.org\/content\/en\/tv_channel_indiv.htm?id=175 . Kliknij, \u017ceby przeczyta\u0107 13 czerwca 2010 AN# 115 &#8211; Zakaz nadawania Al-Aqsa [&hellip;]<\/p>\n","protected":false},"author":1,"featured_media":0,"comment_status":"open","ping_status":"closed","sticky":false,"template":"","format":"standard","meta":{"footnotes":""},"categories":[824,828,835,837,841],"tags":[],"class_list":["post-1176","post","type-post","status-publish","format-standard","hentry","category-specjalne-komunikaty","category-autonomia-palestynska","category-archiwum","category-kraje","category-liban"],"_links":{"self":[{"href":"https:\/\/www2.memri.org\/polish\/wp-json\/wp\/v2\/posts\/1176","targetHints":{"allow":["GET"]}}],"collection":[{"href":"https:\/\/www2.memri.org\/polish\/wp-json\/wp\/v2\/posts"}],"about":[{"href":"https:\/\/www2.memri.org\/polish\/wp-json\/wp\/v2\/types\/post"}],"author":[{"embeddable":true,"href":"https:\/\/www2.memri.org\/polish\/wp-json\/wp\/v2\/users\/1"}],"replies":[{"embeddable":true,"href":"https:\/\/www2.memri.org\/polish\/wp-json\/wp\/v2\/comments?post=1176"}],"version-history":[{"count":0,"href":"https:\/\/www2.memri.org\/polish\/wp-json\/wp\/v2\/posts\/1176\/revisions"}],"wp:attachment":[{"href":"https:\/\/www2.memri.org\/polish\/wp-json\/wp\/v2\/media?parent=1176"}],"wp:term":[{"taxonomy":"category","embeddable":true,"href":"https:\/\/www2.memri.org\/polish\/wp-json\/wp\/v2\/categories?post=1176"},{"taxonomy":"post_tag","embeddable":true,"href":"https:\/\/www2.memri.org\/polish\/wp-json\/wp\/v2\/tags?post=1176"}],"curies":[{"name":"wp","href":"https:\/\/api.w.org\/{rel}","templated":true}]}}