{"id":11705,"date":"2018-11-29T21:23:37","date_gmt":"2018-11-29T20:23:37","guid":{"rendered":"https:\/\/www2.memri.org\/polish\/?p=11705"},"modified":"2018-11-30T21:26:25","modified_gmt":"2018-11-30T20:26:25","slug":"mieszczacy-sie-w-turcji-kanal-telewizyjny-bractwa-muzulmanskiego-sprawca-masakry-w-ras-burka-ktory-zamordowal-siedmioro-izraelczykow-na-wakacjach-w-tym-czworo-dzieci-byl-bohaterem-ktory","status":"publish","type":"post","link":"https:\/\/www2.memri.org\/polish\/mieszczacy-sie-w-turcji-kanal-telewizyjny-bractwa-muzulmanskiego-sprawca-masakry-w-ras-burka-ktory-zamordowal-siedmioro-izraelczykow-na-wakacjach-w-tym-czworo-dzieci-byl-bohaterem-ktory\/11705","title":{"rendered":"Mieszcz\u0105cy si\u0119 w Turcji kana\u0142 telewizyjny Bractwa Muzu\u0142ma\u0144skiego: Sprawca masakry w Ras Burka, kt\u00f3ry zamordowa\u0142 siedmioro Izraelczyk\u00f3w na wakacjach, w tym czworo dzieci, by\u0142 \u201cbohaterem, kt\u00f3ry spe\u0142ni\u0142 sw\u00f3j obowi\u0105zek\u201d"},"content":{"rendered":"<p><em>Prezenterka telewizyjna Dina Zakaria z mieszcz\u0105cej si\u0119 w Turcji stacji telewizyjnej Bractwa Muzu\u0142ma\u0144skiego, Watan TV, wychwala\u0142a egipskiego policjanta, Suleimana Chatera, kt\u00f3ry w 1985 r. dokona\u0142 masakry w Ras Burka. 5 pa\u017adziernika 1985 r. Chater zamordowa\u0142 siedmioro Izraelczyk\u00f3w, w tym czworo dzieci, kt\u00f3rzy sp\u0119dzali wakacje na Synaju. <\/em><em>Zakaria przedstawi\u0142a Chatera jako bohatera, kt\u00f3ry zabi\u0142 \u201esyjonist\u00f3w\u201d, kt\u00f3rzy szli na jego posterunek. Doda\u0142a, \u017ce Chater, kt\u00f3rego znaleziono powieszonego w jego celi wi\u0119ziennej, zosta\u0142 zabity \u201ewy\u0142\u0105cznie w celu zadowolenia syjonistycznego pa\u0144stwa\u201d. Program nadano 7 pa\u017adziernika 2018 r.<\/em><\/p>\n<p><strong>\u017beby zobaczy\u0107 klip z Din\u0105 Zakaria w MEMRI TV, kliknij\u00a0<\/strong><strong><u><a href=\"https:\/\/www.memri.org\/tv\/muslim-brotherhood-host-dina-zakaria-praise-suleiman-khater-hero-ras-burqa-massacre\">tutaj<\/a><\/u><\/strong><strong>\u00a0lub poni\u017cej.<\/strong><\/p>\n<p><iframe loading=\"lazy\" src=\"https:\/\/www.memri.org\/player\/clip\/41230\/780,440\/1\" width=\"780\" height=\"440\" frameborder=\"0\"><\/iframe><\/p>\n<p><strong>&#8222;Stan\u0105\u0142 przeciwko tym wrogom i zacz\u0105\u0142 do nich strzela\u0107, siedmiu z nich zabi\u0142, a inni zostali ranni\u201d <\/strong><\/p>\n<p><strong>Dina Zakaria:<\/strong>\u00a0Trzydzie\u015bci lat temu, 5 pa\u017adziernika 1985 r. w regionie Ras Burka w po\u0142udniowym Synaju [egipski policjant] Suleiman [Chater] sta\u0142 na stra\u017cy, kiedy zaskoczy\u0142a go grupa 12 syjonist\u00f3w. Zacz\u0119li wspina\u0107 si\u0119 do posterunku, kt\u00f3rego pilnowa\u0142 Suleiman. Rozkazy stra\u017cy granicznej by\u0142y wyra\u017ane: nikomu nie wolno przej\u015b\u0107. W tym momencie Suleiman Chater postanowi\u0142 u\u017cy\u0107 broni. Pocz\u0105tkowo odda\u0142 strza\u0142y ostrzegawcze w powietrze, a kiedy syjoni\u015bci nadal szli na terytorium egipskie, musia\u0142 spe\u0142ni\u0107 sw\u00f3j obowi\u0105zek \u017co\u0142nierza i broni\u0107 swojego kraju. Stan\u0105\u0142 przeciwko tym wrogom i zacz\u0105\u0142 do nich strzela\u0107. Siedmiu z nich zabi\u0142, a inni zostali ranni.<\/p>\n<p><img loading=\"lazy\" decoding=\"async\" class=\"alignnone size-full wp-image-11706\" src=\"https:\/\/www2.memri.org\/polish\/wp-content\/uploads\/2018\/11\/SD7784.jpg\" width=\"846\" height=\"226\" alt=\"\" srcset=\"https:\/\/www2.memri.org\/polish\/wp-content\/uploads\/2018\/11\/SD7784.jpg 846w, https:\/\/www2.memri.org\/polish\/wp-content\/uploads\/2018\/11\/SD7784-300x80.jpg 300w, https:\/\/www2.memri.org\/polish\/wp-content\/uploads\/2018\/11\/SD7784-768x205.jpg 768w, https:\/\/www2.memri.org\/polish\/wp-content\/uploads\/2018\/11\/SD7784-600x160.jpg 600w, https:\/\/www2.memri.org\/polish\/wp-content\/uploads\/2018\/11\/SD7784-696x186.jpg 696w\" sizes=\"auto, (max-width: 846px) 100vw, 846px\" \/><\/p>\n<p><img loading=\"lazy\" decoding=\"async\" class=\"alignnone size-full wp-image-11707\" src=\"https:\/\/www2.memri.org\/polish\/wp-content\/uploads\/2018\/11\/SD77841.jpg\" width=\"674\" height=\"365\" alt=\"\" srcset=\"https:\/\/www2.memri.org\/polish\/wp-content\/uploads\/2018\/11\/SD77841.jpg 674w, https:\/\/www2.memri.org\/polish\/wp-content\/uploads\/2018\/11\/SD77841-300x162.jpg 300w, https:\/\/www2.memri.org\/polish\/wp-content\/uploads\/2018\/11\/SD77841-600x325.jpg 600w\" sizes=\"auto, (max-width: 674px) 100vw, 674px\" \/><\/p>\n<p>Taka jest historia, opowiedziana prosto. Taka jest rola odegrana przez\u00a0 Suleimana Chatera. Czy powinien by\u0142 za to stan\u0105\u0107 przed s\u0105dem, czy te\u017c powinien by\u0142 zosta\u0107 uhonorowany?<\/p>\n<p><img loading=\"lazy\" decoding=\"async\" class=\"alignnone size-full wp-image-11708\" src=\"https:\/\/www2.memri.org\/polish\/wp-content\/uploads\/2018\/11\/SD77842.jpg\" width=\"676\" height=\"366\" srcset=\"https:\/\/www2.memri.org\/polish\/wp-content\/uploads\/2018\/11\/SD77842.jpg 676w, https:\/\/www2.memri.org\/polish\/wp-content\/uploads\/2018\/11\/SD77842-300x162.jpg 300w, https:\/\/www2.memri.org\/polish\/wp-content\/uploads\/2018\/11\/SD77842-600x325.jpg 600w\" sizes=\"auto, (max-width: 676px) 100vw, 676px\" \/><\/p>\n<p>[&#8230;]<\/p>\n<p>&#8222;Czy mamy broni\u0107 ich \u017cycia i ich bezpiecze\u0144stwa, czy broni\u0107 naszego kraju, nawet do punktu, w kt\u00f3rym ich zabijamy?\u201d<\/p>\n<p>Suleiman odwa\u017cnie odpowiada\u0142 \u015bledczym, kt\u00f3rzy zaskoczyli go, kiedy powiedzieli mu, \u017ce pope\u0142ni\u0142 przest\u0119pstwo i \u017ce b\u0119dzie ukarany. Suleiman odpar\u0142: \u201dDlaczego nie powiedzieli\u015bcie mi, \u017ce to jest zabronione? Powinni\u015bcie byli powiedzie\u0107 nam, by\u015bmy ich zostawili w spokoju, a my by\u015bmy to zrobili\u201d. To jest logiczne pytanie. Dlaczego? Powinni\u015bcie byli powiedzie\u0107 nam, czy syjoni\u015bci s\u0105 naszymi wrogami, czy naszymi umi\u0142owanymi przyjaci\u00f3\u0142mi. Czy mamy broni\u0107 ich \u017cycia i ich bezpiecze\u0144stwa, czy broni\u0107 naszego kraju, nawet do punktu, w kt\u00f3rym ich zabijamy? To jest logiczne pytanie, kt\u00f3re wielu ludzi zadaje po dzi\u015b dzie\u0144.<\/p>\n<p>[&#8230;]<\/p>\n<p><img loading=\"lazy\" decoding=\"async\" class=\"alignnone size-full wp-image-11709\" src=\"https:\/\/www2.memri.org\/polish\/wp-content\/uploads\/2018\/11\/SD77843.jpg\" width=\"848\" height=\"231\" srcset=\"https:\/\/www2.memri.org\/polish\/wp-content\/uploads\/2018\/11\/SD77843.jpg 848w, https:\/\/www2.memri.org\/polish\/wp-content\/uploads\/2018\/11\/SD77843-300x82.jpg 300w, https:\/\/www2.memri.org\/polish\/wp-content\/uploads\/2018\/11\/SD77843-768x209.jpg 768w, https:\/\/www2.memri.org\/polish\/wp-content\/uploads\/2018\/11\/SD77843-600x163.jpg 600w, https:\/\/www2.memri.org\/polish\/wp-content\/uploads\/2018\/11\/SD77843-696x190.jpg 696w\" sizes=\"auto, (max-width: 848px) 100vw, 848px\" \/><\/p>\n<p>Odwieczna prawda pozostanie. Historia nie k\u0142amie i nie zapomina, i dowodzi, \u017ce Suleiman Chater by\u0142 bohaterem, kt\u00f3ry zosta\u0142 zabity wy\u0142\u0105cznie w celu zadowolenia syjonistycznego pa\u0144stwa.<\/p>\n<p><img loading=\"lazy\" decoding=\"async\" class=\"alignnone size-full wp-image-11710\" src=\"https:\/\/www2.memri.org\/polish\/wp-content\/uploads\/2018\/11\/SD77844.jpg\" width=\"846\" height=\"229\" srcset=\"https:\/\/www2.memri.org\/polish\/wp-content\/uploads\/2018\/11\/SD77844.jpg 846w, https:\/\/www2.memri.org\/polish\/wp-content\/uploads\/2018\/11\/SD77844-300x81.jpg 300w, https:\/\/www2.memri.org\/polish\/wp-content\/uploads\/2018\/11\/SD77844-768x208.jpg 768w, https:\/\/www2.memri.org\/polish\/wp-content\/uploads\/2018\/11\/SD77844-600x162.jpg 600w, https:\/\/www2.memri.org\/polish\/wp-content\/uploads\/2018\/11\/SD77844-696x188.jpg 696w\" sizes=\"auto, (max-width: 846px) 100vw, 846px\" \/><\/p>\n","protected":false},"excerpt":{"rendered":"<p>Prezenterka telewizyjna Dina Zakaria z mieszcz\u0105cej si\u0119 w Turcji stacji telewizyjnej Bractwa Muzu\u0142ma\u0144skiego, Watan TV, wychwala\u0142a egipskiego policjanta, Suleimana Chatera, kt\u00f3ry w 1985 r. dokona\u0142 masakry w Ras Burka. 5 pa\u017adziernika 1985 r. Chater zamordowa\u0142 siedmioro Izraelczyk\u00f3w, w tym czworo dzieci, kt\u00f3rzy sp\u0119dzali wakacje na Synaju. Zakaria przedstawi\u0142a Chatera jako bohatera, kt\u00f3ry zabi\u0142 \u201esyjonist\u00f3w\u201d, kt\u00f3rzy [&hellip;]<\/p>\n","protected":false},"author":1,"featured_media":11706,"comment_status":"open","ping_status":"open","sticky":false,"template":"","format":"standard","meta":{"footnotes":""},"categories":[824,832,835,836,837,843],"tags":[],"class_list":["post-11705","post","type-post","status-publish","format-standard","has-post-thumbnail","hentry","category-specjalne-komunikaty","category-projekt-badan-nad-dzihadem-i-terroryzmem","category-archiwum","category-tematy","category-kraje","category-turcja"],"_links":{"self":[{"href":"https:\/\/www2.memri.org\/polish\/wp-json\/wp\/v2\/posts\/11705","targetHints":{"allow":["GET"]}}],"collection":[{"href":"https:\/\/www2.memri.org\/polish\/wp-json\/wp\/v2\/posts"}],"about":[{"href":"https:\/\/www2.memri.org\/polish\/wp-json\/wp\/v2\/types\/post"}],"author":[{"embeddable":true,"href":"https:\/\/www2.memri.org\/polish\/wp-json\/wp\/v2\/users\/1"}],"replies":[{"embeddable":true,"href":"https:\/\/www2.memri.org\/polish\/wp-json\/wp\/v2\/comments?post=11705"}],"version-history":[{"count":1,"href":"https:\/\/www2.memri.org\/polish\/wp-json\/wp\/v2\/posts\/11705\/revisions"}],"predecessor-version":[{"id":11711,"href":"https:\/\/www2.memri.org\/polish\/wp-json\/wp\/v2\/posts\/11705\/revisions\/11711"}],"wp:featuredmedia":[{"embeddable":true,"href":"https:\/\/www2.memri.org\/polish\/wp-json\/wp\/v2\/media\/11706"}],"wp:attachment":[{"href":"https:\/\/www2.memri.org\/polish\/wp-json\/wp\/v2\/media?parent=11705"}],"wp:term":[{"taxonomy":"category","embeddable":true,"href":"https:\/\/www2.memri.org\/polish\/wp-json\/wp\/v2\/categories?post=11705"},{"taxonomy":"post_tag","embeddable":true,"href":"https:\/\/www2.memri.org\/polish\/wp-json\/wp\/v2\/tags?post=11705"}],"curies":[{"name":"wp","href":"https:\/\/api.w.org\/{rel}","templated":true}]}}