{"id":11612,"date":"2018-11-11T21:33:21","date_gmt":"2018-11-11T20:33:21","guid":{"rendered":"http:\/\/www2.memri.org\/polish\/?p=11612"},"modified":"2018-11-12T21:36:52","modified_gmt":"2018-11-12T20:36:52","slug":"lebanska-socjolozka-dr-rita-faraj-islam-przezywa-ostre-starcie-z-nowoczesnoscia-i-wymaga-reform-nigdy-nie-moglismy-wyobrazic-sobie-ze-ktokolwiek-bedzie","status":"publish","type":"post","link":"https:\/\/www2.memri.org\/polish\/lebanska-socjolozka-dr-rita-faraj-islam-przezywa-ostre-starcie-z-nowoczesnoscia-i-wymaga-reform-nigdy-nie-moglismy-wyobrazic-sobie-ze-ktokolwiek-bedzie\/11612","title":{"rendered":"Leba\u0144ska socjolo\u017cka, dr Rita Faraj: \u201cIslam prze\u017cywa ostre starcie z nowoczesno\u015bci\u0105 i wymaga reform\u201d; \u201cNigdy nie mogli\u015bmy wyobrazi\u0107 sobie\u201d, \u017ce ktokolwiek \u201cb\u0119dzie rozwa\u017ca\u0142 zabicie si\u0119\u2026 \u017ceby spotka\u0107 czarnookie dziewice\u201d w raju"},"content":{"rendered":"<p><em>Dr Rita Faraj, liba\u0144ska socjolo\u017cka i autorka\u00a0 udzieli\u0142a wywiadu Sky News Arabia TV z Abu Dhabi. Faraj krytykowa\u0142a ekstremistyczne grupy islamistyczne za przyj\u0119cie religijnego dyskursu, kt\u00f3ry wzywa ludzi do m\u0119cze\u0144stwa i przemocy przeciwko \u201cinnemu\u201d. Powiedzia\u0142a, \u017ce te grupy wyrastaj\u0105 z kryzys\u00f3w, biedy i nieznajomo\u015bci kultury, religii i historii. Faraj przewiduje tak\u017ce, \u017ce \u015bwiat zmierza ku bardziej agresywnemu ekstremizmowi, kt\u00f3ry jest jeszcze gorszy ni\u017c ISIS, i powiedzia\u0142a, \u017ce arabski rodzaj islamu jest podatny na te ideologie, poniewa\u017c nie rozwi\u0105za\u0142 swojego kryzysu. Powiedzia\u0142a, \u017ce islam \u201cprze\u017cywa ostre starcie z nowoczesno\u015bci\u0105\u201d i \u017ce rz\u0105dy powinny podj\u0105\u0107 powa\u017cne i daleko id\u0105ce reform. M\u00f3wi\u0142a, \u017ce najlepszym sposobem rozpocz\u0119cia reform jest \u201cprzefiltrowanie dziedzictwa\u201d, wstrzykni\u0119cie racjonalno\u015bci w religijn\u0105 retoryk\u0119 i monitorowanie religijnych i edukacyjnych program\u00f3w szkolnych, by zaprowadzi\u0107 tolerancyjn\u0105 i otwart\u0105 kultur\u0119 religijn\u0105.<\/em><\/p>\n<p><em>Dr Faraj powiedzia\u0142a tak\u017ce, \u017ce hid\u017cab jest u\u017cywany przez ruchy islamskie, kt\u00f3re widz\u0105 kobiety wy\u0142\u0105cznie jako bezmy\u015blnych agent\u00f3w <\/em>fitna<em> [\u201cpokusy\u201d] i powiedzia\u0142a, \u017ce \u201chid\u017cab umys\u0142owy\u201d, na jaki wystawiony jest \u015bwiat arabski, jest bardziej niebezpieczny ni\u017c fizyczny hid\u017cab. Doda\u0142a, \u017ce \u015bwiat arabski doznaje wielkiego kryzysu zwi\u0105zanego z kultur\u0105 seksualno\u015bci i \u017ce ekstremistyczne grupy, takie jak ISIS, u\u017cywaj\u0105 seksualnej motywacji, by przyci\u0105gn\u0105\u0107 m\u0142odych ludzi. Dr Faraj jest socjologiem w Al-Mesbar Studies &amp; Research Centre w Dubaju i jest cz\u0142onkiem zarz\u0105du Al-Mesbar. <\/em><em>Ma doktorat z bada\u0144 islamskich i magisterium z socjologii wiedzy. Wywiad nadano 21 wrze\u015bnia 2018 r. \u00a0<\/em><\/p>\n<p><strong>\u017beby zobaczy\u0107 klip z dr Rit\u0105 Faraj w MEMRI TV, kliknij\u00a0<\/strong><strong><u><a href=\"https:\/\/www.memri.org\/tv\/lebanese-sociologist-author-rita-faraj-islam-clash-modernity-rational-reform\">tutaj<\/a><\/u><\/strong><strong>\u00a0lub poni\u017cej.<\/strong><\/p>\n<p><iframe loading=\"lazy\" src=\"https:\/\/www.memri.org\/player\/clip\/41058\/780,440\/1\" width=\"780\" height=\"440\" frameborder=\"0\"><\/iframe><\/p>\n<p><strong>&#8222;Islam prze\u017cywa ostre starcie z nowoczesno\u015bci\u0105&#8221;<\/strong><\/p>\n<p><strong>Dziennikarz:<\/strong>\u00a0Kiedy m\u0142ody m\u0119\u017cczyzna, pochodz\u0105cy sk\u0105dkolwiek w \u015bwiecie islamskim, jest pod\u017cegany i namawiany do przeprowadzenia operacji samob\u00f3jczej, kt\u00f3ra jest nazywana operacj\u0105 \u201em\u0119cze\u0144sk\u0105\u201d, ma on motywacj\u0119 religijn\u0105. Pope\u0142nia samob\u00f3jstwo, bo to jest \u201ed\u017cihad\u201d, wojna przeciwko wrogom narodu islamskiego i dlatego, je\u015bli zginie, p\u00f3jdzie do raju. Czy to nie jest religijny dyskurs?<\/p>\n<p><img loading=\"lazy\" decoding=\"async\" class=\"alignnone size-full wp-image-11613\" src=\"https:\/\/www2.memri.org\/polish\/wp-content\/uploads\/2018\/11\/sd7752.jpg\" width=\"715\" height=\"218\" srcset=\"https:\/\/www2.memri.org\/polish\/wp-content\/uploads\/2018\/11\/sd7752.jpg 715w, https:\/\/www2.memri.org\/polish\/wp-content\/uploads\/2018\/11\/sd7752-300x91.jpg 300w, https:\/\/www2.memri.org\/polish\/wp-content\/uploads\/2018\/11\/sd7752-600x183.jpg 600w, https:\/\/www2.memri.org\/polish\/wp-content\/uploads\/2018\/11\/sd7752-696x212.jpg 696w\" sizes=\"auto, (max-width: 715px) 100vw, 715px\" \/><\/p>\n<p><strong>Dr Rita Faraj:<\/strong>\u00a0Tak, jest. To jest religijny dyskurs, kt\u00f3ry pod\u017cega do przemocy, zabijania i m\u0119cze\u0144stwa pod etykietkami ideologii i\u00a0<em>takfir<\/em>. Ostatnio jeste\u015bmy \u015bwiadkami wzrostu tego zjawiska, szczeg\u00f3lnie po wybuchu d\u017cihadystycznej przemocy w Syrii i Iraku, kt\u00f3ry objawi\u0142 si\u0119 w ISIS. Musimy jednak r\u00f3wnie\u017c poj\u0105\u0107 \u2013 je\u015bli chcemy dowiedzie\u0107 si\u0119 o prawdziwych rozmiarach problemu &#8211; \u00a0\u017ce istnieje tak\u017ce du\u017cy rezerwuar przemocy, z kt\u00f3rego czerpi\u0105 te grupy\u00a0<em>takfiri<\/em>. Te grupy przyjmuj\u0105 dyskurs, kt\u00f3ry jest pe\u0142en przemocy wobec \u201dinnego\u201d, wobec samych muzu\u0142man\u00f3w, wobec ka\u017cdego, kto si\u0119 r\u00f3\u017cni.<\/p>\n<p><img loading=\"lazy\" decoding=\"async\" class=\"alignnone size-full wp-image-11614\" src=\"https:\/\/www2.memri.org\/polish\/wp-content\/uploads\/2018\/11\/sd7752a.jpg\" width=\"709\" height=\"218\" srcset=\"https:\/\/www2.memri.org\/polish\/wp-content\/uploads\/2018\/11\/sd7752a.jpg 709w, https:\/\/www2.memri.org\/polish\/wp-content\/uploads\/2018\/11\/sd7752a-300x92.jpg 300w, https:\/\/www2.memri.org\/polish\/wp-content\/uploads\/2018\/11\/sd7752a-600x184.jpg 600w, https:\/\/www2.memri.org\/polish\/wp-content\/uploads\/2018\/11\/sd7752a-696x214.jpg 696w\" sizes=\"auto, (max-width: 709px) 100vw, 709px\" \/><\/p>\n<p>Ten dyskurs religijny rozwija si\u0119 tak\u017ce z kryzys\u00f3w, biedy i kulturowego analfabetyzmu. Chcia\u0142abym rozr\u00f3\u017cni\u0107 mi\u0119dzy nieumiej\u0119tno\u015bci\u0105 czytania i pisania a analfabetyzmem kulturowym. Wielu ludzi dzisiaj jest wykszta\u0142conych i maj\u0105 na dow\u00f3d tego dyplomy, ale s\u0105 kulturowymi analfabetami w tym sensie, \u017ce s\u0105 ignorantami w sprawach swojej religii, swojej kultury i swojej przesz\u0142o\u015bci.<\/p>\n<p><img loading=\"lazy\" decoding=\"async\" class=\"alignnone size-full wp-image-11615\" src=\"https:\/\/www2.memri.org\/polish\/wp-content\/uploads\/2018\/11\/sd7752b.jpg\" width=\"713\" height=\"433\" srcset=\"https:\/\/www2.memri.org\/polish\/wp-content\/uploads\/2018\/11\/sd7752b.jpg 713w, https:\/\/www2.memri.org\/polish\/wp-content\/uploads\/2018\/11\/sd7752b-300x182.jpg 300w, https:\/\/www2.memri.org\/polish\/wp-content\/uploads\/2018\/11\/sd7752b-600x364.jpg 600w, https:\/\/www2.memri.org\/polish\/wp-content\/uploads\/2018\/11\/sd7752b-696x423.jpg 696w, https:\/\/www2.memri.org\/polish\/wp-content\/uploads\/2018\/11\/sd7752b-692x420.jpg 692w\" sizes=\"auto, (max-width: 713px) 100vw, 713px\" \/><\/p>\n<p>[&#8230;]<\/p>\n<p>Wierz\u0119, \u017ce zmierzamy ku jeszcze bardziej agresywnemu i bestialskiemu ekstremizmowi.<\/p>\n<p><strong>Dziennikarz:\u00a0<\/strong>Nawet po naszym gorzkim do\u015bwiadczeniu z ISIS?<\/p>\n<p><strong>Dr. Rita Faraj:<\/strong>\u00a0Tak. Widzieli\u015bmy ruchy, kt\u00f3re by\u0142y jeszcze bardziej bestialskie ni\u017c ISIS.<\/p>\n<p><strong>Dziennikarz:<\/strong>\u00a0Dlaczego tak jest, pani zdaniem?<\/p>\n<p><strong>Dr. Rita Faraj:<\/strong>\u00a0Poniewa\u017c jeste\u015bmy na to podatni i nie rozwi\u0105zujemy kryzys\u00f3w, kt\u00f3re nas dotykaj\u0105, w\u0142\u0105cznie z kryzysami spo\u0142ecznymi, oraz dlatego, \u017ce istnieje wielki strach dotycz\u0105cy budowania pa\u0144stwa. Wielkim pytaniem stoj\u0105cym dzisiaj przed \u015bwiatem arabskim, szczeg\u00f3lnie po wojnie domowej w Syrii i wojnach w Iraku, jest jak odbudowa\u0107 kraj.<\/p>\n<p>[&#8230;]<\/p>\n<p>Arabski islam jest w\u015br\u00f3d tych rodzaj\u00f3w islamu, kt\u00f3ry stoi przed najpowa\u017cniejszymi kryzysami. Zamyka si\u0119 jak kokon.<\/p>\n<p><strong>Dziennikarz:<\/strong>\u00a0Czy to dotkn\u0119\u0142o r\u00f3wnie\u017c inne rodzaje islamu?<\/p>\n<p><strong>Dr. Rita Faraj:<\/strong>\u00a0By\u0107 mo\u017ce w kategoriach przemocy. Tak. Og\u00f3lnie jednak islam prze\u017cywa ostre starcie z nowoczesno\u015bci\u0105. To jakby sta\u0142 przed dwoma nurtami \u2013 jeden chce powrotu islamu do przesz\u0142o\u015bci, a drugi pr\u00f3buje pchn\u0105\u0107 islam ku przysz\u0142o\u015bci i nowoczesno\u015bci. Je\u015bli nie przeprowadzimy prawdziwej reformy w naszych instytucjach religijnych i naszych edukacyjnych programach szkolnych, szczeg\u00f3lnie w edukacji religijnej, w kt\u00f3rej mamy do czynienia z wielkim kryzysem w sposobie, w jaki przedstawiamy \u201einnego\u201d\u2026 [Bez tego] nie mo\u017cemy przeprowadzi\u0107 \u017cadnej prawdziwej reformy. Moim zdaniem podstawowym osi\u0105gni\u0119ciem ka\u017cdej instytucji i ka\u017cdego rz\u0105du jest podj\u0119cie powa\u017cnej, realnej i dalekosi\u0119\u017cnej reformy edukacji religijnej.<\/p>\n<p><img loading=\"lazy\" decoding=\"async\" class=\"alignnone size-full wp-image-11616\" src=\"https:\/\/www2.memri.org\/polish\/wp-content\/uploads\/2018\/11\/sd7752c.jpg\" width=\"711\" height=\"436\" srcset=\"https:\/\/www2.memri.org\/polish\/wp-content\/uploads\/2018\/11\/sd7752c.jpg 711w, https:\/\/www2.memri.org\/polish\/wp-content\/uploads\/2018\/11\/sd7752c-300x184.jpg 300w, https:\/\/www2.memri.org\/polish\/wp-content\/uploads\/2018\/11\/sd7752c-600x368.jpg 600w, https:\/\/www2.memri.org\/polish\/wp-content\/uploads\/2018\/11\/sd7752c-696x427.jpg 696w, https:\/\/www2.memri.org\/polish\/wp-content\/uploads\/2018\/11\/sd7752c-685x420.jpg 685w\" sizes=\"auto, (max-width: 711px) 100vw, 711px\" \/><\/p>\n<p>&#8222;Jak mamy rozpocz\u0105\u0107 t\u0119 reform\u0119\u2026\u201d \u201ePrzez odfiltrowanie przemocy, przez wstrzykni\u0119cie racjonalno\u015bci w retoryk\u0119 imam\u00f3w, przez monitowanie program\u00f3w szkolnych i przez zaprowadzenie tolerancyjnej kultury religijnej&#8221;<\/p>\n<p><strong>Dziennikarz:<\/strong>\u00a0Jak mamy rozpocz\u0105\u0107 t\u0119 reform\u0119?<\/p>\n<p><img loading=\"lazy\" decoding=\"async\" class=\"alignnone size-full wp-image-11617\" src=\"https:\/\/www2.memri.org\/polish\/wp-content\/uploads\/2018\/11\/sd7752d.jpg\" width=\"673\" height=\"411\" srcset=\"https:\/\/www2.memri.org\/polish\/wp-content\/uploads\/2018\/11\/sd7752d.jpg 673w, https:\/\/www2.memri.org\/polish\/wp-content\/uploads\/2018\/11\/sd7752d-300x183.jpg 300w, https:\/\/www2.memri.org\/polish\/wp-content\/uploads\/2018\/11\/sd7752d-600x366.jpg 600w\" sizes=\"auto, (max-width: 673px) 100vw, 673px\" \/><\/p>\n<p><strong>Dr Rita Faraj:<\/strong>\u00a0Przede wszystkim przez odfiltrowanie naszego dziedzictwa&#8230;<\/p>\n<p><strong>Dziennikarz:<\/strong>\u00a0Przez reinterpretacj\u0119 ksi\u0105g dziedzictwa&#8230;<\/p>\n<p><img loading=\"lazy\" decoding=\"async\" class=\"alignnone size-full wp-image-11618\" src=\"https:\/\/www2.memri.org\/polish\/wp-content\/uploads\/2018\/11\/sd7752e.jpg\" width=\"673\" height=\"411\" srcset=\"https:\/\/www2.memri.org\/polish\/wp-content\/uploads\/2018\/11\/sd7752e.jpg 673w, https:\/\/www2.memri.org\/polish\/wp-content\/uploads\/2018\/11\/sd7752e-300x183.jpg 300w, https:\/\/www2.memri.org\/polish\/wp-content\/uploads\/2018\/11\/sd7752e-600x366.jpg 600w\" sizes=\"auto, (max-width: 673px) 100vw, 673px\" \/><\/p>\n<ol>\n<li><strong> Rita Faraj:<\/strong>Przez wstrzykni\u0119cie racjonalno\u015bci w retoryk\u0119 imam\u00f3w, przez monitowanie program\u00f3w szkolnych i przez zaprowadzenie tolerancyjnej kultury religijnej, kt\u00f3ra jest otwarta na \u015bwiat.<\/li>\n<\/ol>\n<p>[&#8230;]<\/p>\n<p><img loading=\"lazy\" decoding=\"async\" class=\"alignnone size-full wp-image-11619\" src=\"https:\/\/www2.memri.org\/polish\/wp-content\/uploads\/2018\/11\/sd7752f.jpg\" width=\"715\" height=\"217\" srcset=\"https:\/\/www2.memri.org\/polish\/wp-content\/uploads\/2018\/11\/sd7752f.jpg 715w, https:\/\/www2.memri.org\/polish\/wp-content\/uploads\/2018\/11\/sd7752f-300x91.jpg 300w, https:\/\/www2.memri.org\/polish\/wp-content\/uploads\/2018\/11\/sd7752f-600x182.jpg 600w, https:\/\/www2.memri.org\/polish\/wp-content\/uploads\/2018\/11\/sd7752f-696x211.jpg 696w\" sizes=\"auto, (max-width: 715px) 100vw, 715px\" \/><\/p>\n<p>To prawda [<em>hid\u017cab<\/em>] jest symbolem kulturowym, religijnym i spo\u0142ecznym&#8230;<\/p>\n<p><strong>Dziennikarz:<\/strong>\u00a0Ale ja m\u00f3wi\u0119 o innym hid\u017cabie \u2013 upolitycznionym hid\u017cabie.<\/p>\n<p><strong>Dr Rita Faraj:<\/strong>\u00a0To jest rodzaj hid\u017cabu zalecany przez ruchy islamskie.\u00a0 Widz\u0105 oni kobiety wy\u0142\u0105cznie jako ich cia\u0142a i agent\u00f3w\u00a0<em>fitna<\/em>. Nigdy nie przedstawiaj\u0105 kobiet jako posiadaj\u0105cych w\u0142asny umys\u0142. Mamy hid\u017cab zrobiony z materia\u0142u i mamy hid\u017cab umys\u0142owy, kt\u00f3ry jest bardziej niebezpieczny i na kt\u00f3ry wszyscy w \u015bwiecie arabskim jeste\u015bmy wystawieni.<\/p>\n<p>[&#8230;]<\/p>\n<p>&#8222;W \u015bwiecie arabskim doznajemy wielkiego kryzysu zwi\u0105zanego z kultur\u0105 seksualno\u015bci&#8221;<\/p>\n<p><strong>Dziennikarz:<\/strong>\u00a0Nie ma w Koranie \u017cadnej podstawy do koncepcji 70 czarnookich dziewic [w raju] i tak dalej.<\/p>\n<p><img loading=\"lazy\" decoding=\"async\" class=\"alignnone size-full wp-image-11620\" src=\"https:\/\/www2.memri.org\/polish\/wp-content\/uploads\/2018\/11\/sd7752g.jpg\" width=\"715\" height=\"218\" srcset=\"https:\/\/www2.memri.org\/polish\/wp-content\/uploads\/2018\/11\/sd7752g.jpg 715w, https:\/\/www2.memri.org\/polish\/wp-content\/uploads\/2018\/11\/sd7752g-300x91.jpg 300w, https:\/\/www2.memri.org\/polish\/wp-content\/uploads\/2018\/11\/sd7752g-600x183.jpg 600w, https:\/\/www2.memri.org\/polish\/wp-content\/uploads\/2018\/11\/sd7752g-696x212.jpg 696w\" sizes=\"auto, (max-width: 715px) 100vw, 715px\" \/><\/p>\n<p><strong>Dr Rita Faraj:<\/strong>\u00a0Racja. To jest resztka przesz\u0142o\u015bci i wykorzystywanie teksu religijnego lub jakiej\u015b jego prawnej interpretacji. To jest wykorzystywane dla cel\u00f3w politycznych.<\/p>\n<p><img loading=\"lazy\" decoding=\"async\" class=\"alignnone size-full wp-image-11621\" src=\"https:\/\/www2.memri.org\/polish\/wp-content\/uploads\/2018\/11\/sd7752h.jpg\" width=\"714\" height=\"216\" srcset=\"https:\/\/www2.memri.org\/polish\/wp-content\/uploads\/2018\/11\/sd7752h.jpg 714w, https:\/\/www2.memri.org\/polish\/wp-content\/uploads\/2018\/11\/sd7752h-300x91.jpg 300w, https:\/\/www2.memri.org\/polish\/wp-content\/uploads\/2018\/11\/sd7752h-600x182.jpg 600w, https:\/\/www2.memri.org\/polish\/wp-content\/uploads\/2018\/11\/sd7752h-696x211.jpg 696w\" sizes=\"auto, (max-width: 714px) 100vw, 714px\" \/><\/p>\n<p><strong>Dziennikarz:<\/strong>\u00a0&#8222;Dla przyci\u0105gni\u0119cia m\u0142odych ludzi do ruch\u00f3w ekstremistycznych\u2026<\/p>\n<p><strong>Dr Rita Faraj:<\/strong>\u00a0To prawda. W \u015bwiecie arabskim doznajemy wielkiego kryzysu zwi\u0105zanego z kultur\u0105 seksualno\u015bci. seksualnym uciskiem i sposobem, w jaki wykorzystywana jest m\u0142odzie\u017c\u2026<\/p>\n<p><strong>Dziennikarz:<\/strong>\u00a0Czy s\u0105dzi pani, \u017ce to jest jeden z powod\u00f3w atrakcyjno\u015bci grup ekstremistycznych?<\/p>\n<p><strong>Dr Rita Faraj:<\/strong>\u00a0Bez w\u0105tpienia. U\u017cywaj\u0105 seksualnej motywacji, by przyci\u0105gn\u0105\u0107 m\u0142odych ludzi. Jak pan wie, cz\u0119\u015b\u0107 wideo szerzonych w ostatnich latach, szczeg\u00f3lnie przez ISIS&#8230; Nigdy nie mogli\u015bmy wyobrazi\u0107 sobie, \u017ce kto\u015b, nawet o ograniczonych zdolno\u015bciach umys\u0142owych, rozwa\u017ca\u0142by zabicie si\u0119, \u017ceby p\u00f3j\u015b\u0107 do raju i spotka\u0107 czarnookie dziewice.<\/p>\n<p><img loading=\"lazy\" decoding=\"async\" class=\"alignnone size-full wp-image-11622\" src=\"https:\/\/www2.memri.org\/polish\/wp-content\/uploads\/2018\/11\/sd7752i.jpg\" width=\"722\" height=\"221\" srcset=\"https:\/\/www2.memri.org\/polish\/wp-content\/uploads\/2018\/11\/sd7752i.jpg 722w, https:\/\/www2.memri.org\/polish\/wp-content\/uploads\/2018\/11\/sd7752i-300x92.jpg 300w, https:\/\/www2.memri.org\/polish\/wp-content\/uploads\/2018\/11\/sd7752i-600x184.jpg 600w, https:\/\/www2.memri.org\/polish\/wp-content\/uploads\/2018\/11\/sd7752i-696x213.jpg 696w\" sizes=\"auto, (max-width: 722px) 100vw, 722px\" \/><\/p>\n<p><img loading=\"lazy\" decoding=\"async\" class=\"alignnone size-full wp-image-11623\" src=\"https:\/\/www2.memri.org\/polish\/wp-content\/uploads\/2018\/11\/sd7752j.jpg\" width=\"672\" height=\"412\" srcset=\"https:\/\/www2.memri.org\/polish\/wp-content\/uploads\/2018\/11\/sd7752j.jpg 672w, https:\/\/www2.memri.org\/polish\/wp-content\/uploads\/2018\/11\/sd7752j-300x184.jpg 300w, https:\/\/www2.memri.org\/polish\/wp-content\/uploads\/2018\/11\/sd7752j-600x368.jpg 600w\" sizes=\"auto, (max-width: 672px) 100vw, 672px\" \/><\/p>\n","protected":false},"excerpt":{"rendered":"<p>Dr Rita Faraj, liba\u0144ska socjolo\u017cka i autorka\u00a0 udzieli\u0142a wywiadu Sky News Arabia TV z Abu Dhabi. Faraj krytykowa\u0142a ekstremistyczne grupy islamistyczne za przyj\u0119cie religijnego dyskursu, kt\u00f3ry wzywa ludzi do m\u0119cze\u0144stwa i przemocy przeciwko \u201cinnemu\u201d. Powiedzia\u0142a, \u017ce te grupy wyrastaj\u0105 z kryzys\u00f3w, biedy i nieznajomo\u015bci kultury, religii i historii. Faraj przewiduje tak\u017ce, \u017ce \u015bwiat zmierza ku [&hellip;]<\/p>\n","protected":false},"author":1,"featured_media":11613,"comment_status":"open","ping_status":"open","sticky":false,"template":"","format":"standard","meta":{"footnotes":""},"categories":[824,825,835,836,837,841],"tags":[],"class_list":["post-11612","post","type-post","status-publish","format-standard","has-post-thumbnail","hentry","category-specjalne-komunikaty","category-reformy-w-swiecie-arabskim-i-muzulmanskim","category-archiwum","category-tematy","category-kraje","category-liban"],"_links":{"self":[{"href":"https:\/\/www2.memri.org\/polish\/wp-json\/wp\/v2\/posts\/11612","targetHints":{"allow":["GET"]}}],"collection":[{"href":"https:\/\/www2.memri.org\/polish\/wp-json\/wp\/v2\/posts"}],"about":[{"href":"https:\/\/www2.memri.org\/polish\/wp-json\/wp\/v2\/types\/post"}],"author":[{"embeddable":true,"href":"https:\/\/www2.memri.org\/polish\/wp-json\/wp\/v2\/users\/1"}],"replies":[{"embeddable":true,"href":"https:\/\/www2.memri.org\/polish\/wp-json\/wp\/v2\/comments?post=11612"}],"version-history":[{"count":1,"href":"https:\/\/www2.memri.org\/polish\/wp-json\/wp\/v2\/posts\/11612\/revisions"}],"predecessor-version":[{"id":11624,"href":"https:\/\/www2.memri.org\/polish\/wp-json\/wp\/v2\/posts\/11612\/revisions\/11624"}],"wp:featuredmedia":[{"embeddable":true,"href":"https:\/\/www2.memri.org\/polish\/wp-json\/wp\/v2\/media\/11613"}],"wp:attachment":[{"href":"https:\/\/www2.memri.org\/polish\/wp-json\/wp\/v2\/media?parent=11612"}],"wp:term":[{"taxonomy":"category","embeddable":true,"href":"https:\/\/www2.memri.org\/polish\/wp-json\/wp\/v2\/categories?post=11612"},{"taxonomy":"post_tag","embeddable":true,"href":"https:\/\/www2.memri.org\/polish\/wp-json\/wp\/v2\/tags?post=11612"}],"curies":[{"name":"wp","href":"https:\/\/api.w.org\/{rel}","templated":true}]}}