{"id":11120,"date":"2018-08-01T23:52:06","date_gmt":"2018-08-01T21:52:06","guid":{"rendered":"http:\/\/www2.memri.org\/polish\/?p=11120"},"modified":"2018-08-02T23:55:18","modified_gmt":"2018-08-02T21:55:18","slug":"byly-minister-kuwejtu-sami-al-nesf-rozprawia-sie-ostro-z-palestynska-strategia-minionego-stulecia-arabowie-przegrali-wojny-i-musza-zaplacic-cene","status":"publish","type":"post","link":"https:\/\/www2.memri.org\/polish\/byly-minister-kuwejtu-sami-al-nesf-rozprawia-sie-ostro-z-palestynska-strategia-minionego-stulecia-arabowie-przegrali-wojny-i-musza-zaplacic-cene\/11120","title":{"rendered":"By\u0142y minister Kuwejtu, Sami Al-Nesf rozprawia si\u0119 ostro z palesty\u0144sk\u0105 strategi\u0105 minionego stulecia: Arabowie przegrali wojny i musz\u0105 zap\u0142aci\u0107 cen\u0119"},"content":{"rendered":"<p><em>By\u0142y kuwejcki minister informacji, Sami Abdullatif Al-Nesf, powiedzia\u0142, \u017ce przez ca\u0142\u0105 histori\u0119 sprawa palesty\u0144ska cierpia\u0142a z powodu ekstremist\u00f3w. \u00a0\u00a0<\/em><em>&#8222;Ziemi\u0119 odzyskuje si\u0119 przez pok\u00f3j, nie przez wojn\u0119\u201d \u2013 powiedzia\u0142. Krytykowa\u0142 muftiego Jerozolimy, Had\u017c Amina Al-Husseiniego za udaremnienie planu podzia\u0142u, za wzywanie Palesty\u0144czyk\u00f3w do odej\u015bcia \u201eprzez wyolbrzymienie poza wszelkie proporcje tego, co zdarzy\u0142o si\u0119 w Deir Jassin i gdzie indziej\u201d i za jego naleganie, by trzyma\u0107 Palesty\u0144czyk\u00f3w w obozach uchod\u017ac\u00f3w. Al-Nesf, pilot i by\u0142y prezes oraz dyrektor wykonawczy kuwejckich linii lotniczych, powiedzia\u0142: &#8222;Je\u015bli nie zwr\u00f3cimy si\u0119 ku rodzajowi rozs\u0105dnego my\u015blenia, jakiego nam brakowa\u0142o przez stulecie, b\u0119dziemy nadal oskar\u017ca\u0107 g\u0142osy rozs\u0105dku o to, \u017ce s\u0105 zdrajcami, zbrodniarzami i kolaborantami, by i\u015b\u0107 drog\u0105 ekstremizmu, kt\u00f3ra zawsze ko\u0144czy si\u0119 katastrof\u0105\u201d. Nast\u0119pnie powiedzia\u0142: \u201ekwestia wysiedlenia jest cz\u0119st\u0105 rzecz\u0105\u201d i \u201ewybrali\u015bmy rozpocz\u0119cie wojny i przegrali\u015bmy, a wi\u0119c logicznie, powinni\u015bmy zap\u0142aci\u0107 cen\u0119\u201d. Wywiad z Al-Nefsem nada\u0142a kuwejcka Diwan Al-Mulla Internet TV 11 sierpnia.<\/em><\/p>\n<p><strong>\u017beby zobaczy\u0107 klip z Samim Abdullatif Al-Nesfem w MEMRI TV, kliknij\u00a0<\/strong><strong><u><a href=\"https:\/\/www.memri.org\/tv\/former-kuwaiti-information-minister-sami-nesf-palestinian-cause-has-lost-time-and-again-because-of-extremists\">tutaj<\/a><\/u><\/strong><strong>\u00a0lub poni\u017cej.<\/strong><\/p>\n<p><iframe loading=\"lazy\" src=\"https:\/\/www.memri.org\/player\/clip\/40271\/780,440\/1\" width=\"780\" height=\"440\" frameborder=\"0\"><\/iframe><\/p>\n<p><strong>&#8222;Przez ca\u0142\u0105 histori\u0119 nikt nie zaszkodzi\u0142 sprawie palesty\u0144skiej tak bardzo, jak grupy, kt\u00f3re konkuruj\u0105 ze sob\u0105 w swoim ekstremizmie\u201d <\/strong><\/p>\n<p><strong>Sami Abdullatif Al-Nesf:<\/strong>\u00a0Przez ca\u0142\u0105 histori\u0119 nikt nie zaszkodzi\u0142 sprawie palesty\u0144skiej tak bardzo, jak grupy, kt\u00f3re konkuruj\u0105\u00a0 ze sob\u0105 w swoim ekstremizmie. Niewielu ludzi wie, \u017ce w 1937 r. kr\u00f3lewska brytyjska Komisja Peela dosz\u0142a do wniosku, \u017ce powinny by\u0107 dwa pa\u0144stwa \u2013 rozwi\u0105zanie, kt\u00f3rego strat\u0119 ludzie op\u0142akuj\u0105 dzisiaj. Komisja Peela dawa\u0142a Palesty\u0144czykom 90% ziemi \u2013 24 tysi\u0119cy kilometr\u00f3w kwadratowych \u2013 podczas gdy \u017bydom dawano mini-pa\u0144stwo o 2,5 tysi\u0105ca kilometr\u00f3w kwadratowych na terenach, kt\u00f3re by\u0142y \u017cydowskie przez ca\u0142\u0105 histori\u0119: w i wok\u00f3\u0142 Tel Awiwu.<\/p>\n<p><img loading=\"lazy\" decoding=\"async\" class=\"alignnone size-full wp-image-11121\" src=\"https:\/\/www2.memri.org\/polish\/wp-content\/uploads\/2018\/08\/sd7603.jpg\" width=\"670\" height=\"188\" srcset=\"https:\/\/www2.memri.org\/polish\/wp-content\/uploads\/2018\/08\/sd7603.jpg 670w, https:\/\/www2.memri.org\/polish\/wp-content\/uploads\/2018\/08\/sd7603-300x84.jpg 300w, https:\/\/www2.memri.org\/polish\/wp-content\/uploads\/2018\/08\/sd7603-600x168.jpg 600w\" sizes=\"auto, (max-width: 670px) 100vw, 670px\" \/><\/p>\n<p>[&#8230;]<\/p>\n<p>G\u0142o\u015bne i puste sloganu muftiego Amina Al-Husseiniego udaremni\u0142y plan dw\u00f3ch pa\u0144stw. Al-Husseini uciek\u0142 do Hitlera, stawiaj\u0105c na z\u0142ego konia. Pr\u00f3buj\u0119 pokaza\u0107, \u017ce historycznie rzecz bior\u0105c, sprawa palesty\u0144ska by\u0142a tracona z powodu ekstremist\u00f3w, nie za\u015b z powodu umiarkowanych.<\/p>\n<p><strong>Dziennikarz:<\/strong>\u00a0Z powodu ekstremistycznych krzykaczy&#8230;<\/p>\n<p><strong>Sami Abdullatif Al-Nesf:<\/strong>\u00a0Izrael nigdy nie odnosi\u0142 korzy\u015bci z [dzia\u0142a\u0144] umiarkowanych, ale z [dzia\u0142a\u0144] ludzi, kt\u00f3rzy krzycz\u0105: \u201dUmowa Stulecia? Nie dla pokoju!\u201d Inn\u0105 rzecz\u0105, kt\u00f3r\u0105 widzia\u0142em osobi\u015bcie, w odr\u00f3\u017cnieniu od wielu innych, kt\u00f3rzy m\u00f3wi\u0105 o sprawie palesty\u0144skiej, s\u0105 zmiany w terenie. Dzisiaj, kiedy jedziesz do Jerozolimy lub na Zachodni Brzeg, widzisz, \u017ce sprawy zmieni\u0142y si\u0119 ca\u0142kowicie. Liczba osadnik\u00f3w osi\u0105gn\u0119\u0142a p\u00f3\u0142 miliona i oni nigdy nie odejd\u0105. To ju\u017c nie s\u0105 prefabrykowane budowle, jak by\u0142y na pocz\u0105tku. Teraz to jest beton. \u017badne wzg\u00f3rze nie jest pozostawione puste. Je\u015bli wi\u0119c nie zwr\u00f3cimy si\u0119 ku rodzajowi rozs\u0105dnego my\u015blenia, jakiego nam brakowa\u0142o przez stulecie, b\u0119dziemy nadal oskar\u017ca\u0107 g\u0142osy rozs\u0105dku o to, \u017ce s\u0105 zdrajcami, zbrodniarzami i kolaborantami, by i\u015b\u0107 drog\u0105 ekstremizmu, kt\u00f3ra zawsze ko\u0144czy si\u0119 katastrof\u0105.<\/p>\n<p><img loading=\"lazy\" decoding=\"async\" class=\"alignnone size-full wp-image-11122\" src=\"https:\/\/www2.memri.org\/polish\/wp-content\/uploads\/2018\/08\/sd7603a.jpg\" width=\"668\" height=\"188\" srcset=\"https:\/\/www2.memri.org\/polish\/wp-content\/uploads\/2018\/08\/sd7603a.jpg 668w, https:\/\/www2.memri.org\/polish\/wp-content\/uploads\/2018\/08\/sd7603a-300x84.jpg 300w, https:\/\/www2.memri.org\/polish\/wp-content\/uploads\/2018\/08\/sd7603a-600x169.jpg 600w\" sizes=\"auto, (max-width: 668px) 100vw, 668px\" \/><\/p>\n<p>[&#8230;]<\/p>\n<p><strong>&#8222;Dok\u0105d poszed\u0142 [Al-Husseini]? Uciek\u0142 do Hitlera \u2013 do dnia dzisiejszego sprawa palesty\u0144ska p\u0142aci cen\u0119 za jego zdj\u0119cia z Hitlerem\u201d \u00a0<\/strong><\/p>\n<p>&#8222;[\u017bydzi powiedzieli,] \u017ce ka\u017cde pa\u0144stwo jest lepsze ni\u017c w og\u00f3le \u017cadne pa\u0144stwo. Powiedzieli, \u017ce zaakceptowanie [planu ] jest lepsze ni\u017c odrzucenie go, w nadziei, \u017ce druga strona go odrzuci. A wi\u0119c \u017cydowska strona zaakceptowa\u0142a 10% \u2026<\/p>\n<p><strong>Dziennikarz:<\/strong>\u00a0Podczas gdy Arabowie odm\u00f3wili\u2026<\/p>\n<p><strong>Sami Abdullatif Al-Nesf:<\/strong>\u00a0&#8222;Dok\u0105d poszed\u0142 [Al-Husseini]? Uciek\u0142 do Hitlera. Do dnia dzisiejszego sprawa palesty\u0144ska p\u0142aci cen\u0119 za jego zdj\u0119cia z Hitlerem.<\/p>\n<p>[&#8230;]<\/p>\n<p>Najpierw [Al-Husseini] odrzuci\u0142 Plan Podzia\u0142u z 1948 r., w kt\u00f3rym [Palesty\u0144czycy] zyskaliby\u2026<\/p>\n<p><strong>Dziennikarz:<\/strong>\u00a0Obejmowa\u0142 on Zachodni Brzeg i ca\u0142\u0105\u2026<\/p>\n<p><strong>&#8222;Najwi\u0119ksz\u0105 ze wszystkich zbrodni Al-Husseiniego by\u0142o jego naleganie na trzymanie Palesty\u0144czyk\u00f3w w obozach dla uchod\u017ac\u00f3w \u2013 kiedy emigrowali Ormianie, nie poszli do oboz\u00f3w dla uchod\u017ac\u00f3w \u2013 kiedy emigrowali Kurdowie, nie poszli do oboz\u00f3w dla uchod\u017ac\u00f3w\u201d <\/strong><\/p>\n<p><strong>Sami Abdullatif Al-Nesf:<\/strong>\u00a0Po drugie, wzywa\u0142 Palesty\u0144czyk\u00f3w, by odeszli przez wyolbrzymianie ponad wszelk\u0105 proporcj\u0119 tego, co zdarzy\u0142o si\u0119 w Deir Jassin i innych miejscach. Dla informacji: masakry zdarza\u0142y si\u0119 po obu stronach. On to wyolbrzymi\u0142 ponad wszelkie proporcje, poniewa\u017c mia\u0142 teori\u0119, \u017ce je\u015bli Palesty\u0144czycy odejd\u0105, u\u0142atwi to wkroczenie armiom arabskim. W dodatku my\u015bla\u0142, \u017ce Palesty\u0144czycy mog\u0105 zosta\u0107 wyposa\u017ceni w bro\u0144 za granic\u0105. No c\u00f3\u017c, odeszli i nigdy nie wr\u00f3cili. Najwi\u0119ksz\u0105 ze wszystkich zbrodni Al-Husseiniego by\u0142o jego naleganie na trzymanie Palesty\u0144czyk\u00f3w w obozach dla uchod\u017ac\u00f3w. Kiedy Ormianie emigrowali, nie poszli do oboz\u00f3w dla uchod\u017ac\u00f3w. Kiedy Kurdowie emigrowali, nie poszli do oboz\u00f3w dla uchod\u017ac\u00f3w.<\/p>\n<p>[&#8230;]<\/p>\n<p>Ten cz\u0142owiek ze swoim ekstremizmem zaszkodzi\u0142 sprawie palesty\u0144skiej. Powiedzia\u0142:\u00a0 \u017ceby unikn\u0105\u0107 straty sprawy palesty\u0144skiej, trzymajmy Palesty\u0144czyk\u00f3w w obozach uchod\u017ac\u00f3w w Libanie, Jordanii i wsz\u0119dzie. Umieszczono ich w obozach uchod\u017ac\u00f3w i do dzisiaj p\u0142ac\u0105 cen\u0119. M\u00f3wi\u0119 do naszych palesty\u0144skich braci: czy radykalna mowa jest wszystkim, o co dbacie? Czy naprawd\u0119 chcecie straci\u0107 wasz\u0105 spraw\u0119?<\/p>\n<p><strong>Dziennikarz:<\/strong>\u00a0Czy obchodz\u0105 ich tylko slogany?<\/p>\n<p><strong>&#8222;Abbas powiedzia\u0142: 'Sprawa jest niemal stracona \u2013 osi\u0105gnijmy rozwi\u0105zanie z Izraelem, \u017ceby\u015bmy mogli przynajmniej zatrzyma\u0107 to, co pozosta\u0142o z ziemi\u2019\u201d<\/strong><\/p>\n<p><img loading=\"lazy\" decoding=\"async\" class=\"alignnone size-full wp-image-11123\" src=\"https:\/\/www2.memri.org\/polish\/wp-content\/uploads\/2018\/08\/sd7603b.jpg\" width=\"670\" height=\"188\" alt=\"\" srcset=\"https:\/\/www2.memri.org\/polish\/wp-content\/uploads\/2018\/08\/sd7603b.jpg 670w, https:\/\/www2.memri.org\/polish\/wp-content\/uploads\/2018\/08\/sd7603b-300x84.jpg 300w, https:\/\/www2.memri.org\/polish\/wp-content\/uploads\/2018\/08\/sd7603b-600x168.jpg 600w\" sizes=\"auto, (max-width: 670px) 100vw, 670px\" \/><img loading=\"lazy\" decoding=\"async\" class=\"alignnone size-full wp-image-11124\" src=\"https:\/\/www2.memri.org\/polish\/wp-content\/uploads\/2018\/08\/sd7603c.jpg\" width=\"576\" height=\"322\" alt=\"\" srcset=\"https:\/\/www2.memri.org\/polish\/wp-content\/uploads\/2018\/08\/sd7603c.jpg 576w, https:\/\/www2.memri.org\/polish\/wp-content\/uploads\/2018\/08\/sd7603c-300x168.jpg 300w\" sizes=\"auto, (max-width: 576px) 100vw, 576px\" \/><\/p>\n<p><strong>Sami Abdullatif Al-Nesf:<\/strong>\u00a0W\u0142a\u015bnie. Slogany. Prosz\u0119 pozwoli\u0107 mi powiedzie\u0107, co Mahmoud Abbas powiedzia\u0142 mi i co ja powiedzia\u0142em Chaledowi Maszalowi w Damaszku oraz trzy razy Ismailowi Haniji, kiedy jedli\u015bmy obiad w jego domu w Gazie. Abbas powiedzia\u0142: \u201eSprawa jest niemal przegrana. Osi\u0105gnijmy porozumienie z Izraelem, \u017ceby\u015bmy mogli przynajmniej zatrzyma\u0107 to, co pozosta\u0142o z ziemi\u201d. Gdy tylko ekstremi\u015bci wywo\u0142uj\u0105 wojn\u0119, wi\u0119cej ziemi przepada, a gdy podpisywany jest pok\u00f3j, ziemia jest odzyskiwana. Synaj nie zosta\u0142 odzyskany w wojnie. Dwukrotnie zosta\u0142 stracony w wojnie i zosta\u0142 odzyskany przez pok\u00f3j. To dzi\u0119ki pokojowi Jordania odzyska\u0142a ziemi\u0119 stracon\u0105 w wojnie 1967 r. Ziemi\u0119 odzyskuje si\u0119 przez pok\u00f3j, nie przez wojn\u0119.<\/p>\n<p>[&#8230;]<\/p>\n<p>[Hamas powiedzia\u0142 Abbasowi, \u017ce] chc\u0105 rz\u0105du jedno\u015bci. \u015awietnie, odpowiedzia\u0142. R\u00f3\u017cnica mi\u0119dzy nami jest taka, \u017ce wy nie uznajecie Izraela. To prawda, odpowiedzieli. Chcemy wyzwoli\u0107 Palestyn\u0119 od rzeki do morza. Zapyta\u0142 ich: Jak\u0105 broni\u0105 to zrobicie? [Abbas] m\u00f3wi: Od kiedy zostali\u015bmy deportowani z ziem 1967 r. z powodu arabskiego ekstremizmu \u2013 w Syrii, Egipcie i innych miejscach \u2013 stali\u015bmy si\u0119 ca\u0142kowicie zale\u017cni od Izraela. M\u00f3wi on: Gdybym da\u0142 Hamasowi ministerialne stanowiska, gdzie minister rolnictwa [z Hamasu] dosta\u0142by wod\u0119? Woda przychodzi z Izraela. Powiedzmy, \u017ce jeste\u015b ministrem finans\u00f3w. Walut\u0105 w Gazie i na Zachodnim Brzegu jest szekel. Je\u015bli chcesz pieni\u0119dzy, dostajesz je z Izraela. Elektryczno\u015b\u0107 w Gazie i na Zachodnim Brzegu tak\u017ce jest z Izraela.<\/p>\n<p><strong>Dziennikar:<\/strong>\u00a0Benzyna jest z Izraela&#8230;<\/p>\n<p><strong>Sami Abdullatif Al-Nesf:<\/strong>\u00a0\u017bywno\u015b\u0107, woda, wszystko&#8230;<\/p>\n<p>[&#8230;]<\/p>\n<p><strong>&#8222;[Szakib Arslan] powiedzia\u0142: Kiedy odwiedzi\u0142em [\u017cydowskie] osiedla, zrozumia\u0142em, \u017ce s\u0105 jak nowoczesna lokomotywa, kt\u00f3ra mo\u017ce wyci\u0105gn\u0105\u0107 nas z ignorancji, biedy&#8230;\u201d <\/strong><\/p>\n<p><strong>Sami Abdullatif Al-Nesf:<\/strong> W 1917 r., tak samo jak istnieli ekstremi\u015bci, istnieli r\u00f3wnie\u017c m\u0105drzy, rozs\u0105dni ludzie. Jeden z nich, [liba\u0144ski polityk] Szakib Arslan, powiedzia\u0142: Kiedy odwiedzi\u0142em [\u017cydowskie] osiedla, zrozumia\u0142em, \u017ce s\u0105 jak nowoczesna lokomotywa, kt\u00f3ra mo\u017ce wyci\u0105gn\u0105\u0107 nas z ignorancji, biedy i tak dalej. Ci ludzie s\u0105 Europejczykami, kt\u00f3rzy przybyli, by uprawia\u0107 ziemi\u0119 osiedli, powiedzia\u0142. Byli Palesty\u0144czycy, kt\u00f3rzy m\u00f3wili to samo. Cz\u0119\u015b\u0107 Palesty\u0144czyk\u00f3w m\u00f3wi\u0142a: [\u017bydzi] s\u0105 tu od 1700-1800 i przez ca\u0142\u0105 histori\u0119. Izraelici i Ziemia Izraela s\u0105 wspominani w Koranie. Gdzie to by\u0142o? W Afryce? Nie, to jest ta sama ziemia. Osi\u0105gnijmy porozumienie, m\u00f3wili ci ludzie. Ekstremi\u015bci jak Amin Al-Husseini, Arafat, Ahmad Szukeiri i wszyscy ludzi, kt\u00f3rzy trzymali sztandar ekstremizmu, zaszkodzili sprawie palesty\u0144skiej i sprawie Arab\u00f3w.<\/p>\n<p>[&#8230;]<\/p>\n<p><strong>\u00a0<\/strong><\/p>\n<p><strong>&#8222;To nie tylko Palesty\u0144czycy, ale my, Arabowie og\u00f3lnie \u2013 stanowimy najlepszy na \u015bwiecie rodzaj wroga: \u017ali i nikczemni terrory\u015bci, kt\u00f3rzy s\u0105 s\u0142abi\u201d <\/strong><\/p>\n<p><strong>Sami Abdullatif Al-Nesf:<\/strong> Palesty\u0144czycy dzisiaj z ich g\u0142o\u015bnym ekstremizmem\u2026 To nie tylko Palesty\u0144czycy, ale my, Arabowie og\u00f3lnie \u2013 stanowimy najlepszy na \u015bwiecie rodzaj wroga: \u017ali i nikczemni terrory\u015bci, kt\u00f3rzy s\u0105 s\u0142abi. \u00a0No c\u00f3\u017c, nie mo\u017cna mie\u0107 jednego i drugiego. Hamas, z wszystkimi swoimi sloganami, powinien pokaza\u0107 nam swoje samoloty i czo\u0142gi, kt\u00f3re pokaza\u0142yby jego mo\u017cliwo\u015b\u0107 dokonania tego, co m\u00f3wi. Nie ma \u017cadnych. Niekt\u00f3rzy ludzie m\u00f3wi\u0105: O, w dniach Saladyna\u2026 Europejczycy [Krzy\u017cowcy] nie przyszli jako osadnicy. Motywowa\u0142o ich k\u0142amstwo, \u017ce Arabowie ich uciskaj\u0105. Po prostu przyszli i poszli. To by\u0142a dla nich sprawa biznesu. Nawet Jerozolima &#8211; po tym, jak Saladyn j\u0105 wyzwoli\u0142, jego brat, Al-Adil I, pr\u00f3bowa\u0142 odda\u0107 j\u0105 Krzy\u017cowcom, ale jej nie chcieli. Powiedzieli, \u017ce chc\u0105 tylko miast nadbrze\u017cnych. Ca\u0142a wi\u0119c kwestia osiedli\u2026 Biali ludzie w Afryce Po\u0142udniowej nadal tam s\u0105. Nie odeszli.<\/p>\n<p><img loading=\"lazy\" decoding=\"async\" class=\"alignnone size-full wp-image-11125\" src=\"https:\/\/www2.memri.org\/polish\/wp-content\/uploads\/2018\/08\/sd7603d.jpg\" width=\"668\" height=\"186\" alt=\"\" srcset=\"https:\/\/www2.memri.org\/polish\/wp-content\/uploads\/2018\/08\/sd7603d.jpg 668w, https:\/\/www2.memri.org\/polish\/wp-content\/uploads\/2018\/08\/sd7603d-300x84.jpg 300w, https:\/\/www2.memri.org\/polish\/wp-content\/uploads\/2018\/08\/sd7603d-600x167.jpg 600w\" sizes=\"auto, (max-width: 668px) 100vw, 668px\" \/><img loading=\"lazy\" decoding=\"async\" class=\"alignnone size-full wp-image-11126\" src=\"https:\/\/www2.memri.org\/polish\/wp-content\/uploads\/2018\/08\/sd7603e.jpg\" width=\"573\" height=\"322\" alt=\"\" srcset=\"https:\/\/www2.memri.org\/polish\/wp-content\/uploads\/2018\/08\/sd7603e.jpg 573w, https:\/\/www2.memri.org\/polish\/wp-content\/uploads\/2018\/08\/sd7603e-300x169.jpg 300w\" sizes=\"auto, (max-width: 573px) 100vw, 573px\" \/><\/p>\n<p>[&#8230;]<\/p>\n<p><strong>&#8222;Twierdzili\u015bmy, \u017ce [ w 1948] by\u0142o pierwsze [wysiedlenie], jakie kiedykolwiek zdarzy\u0142o si\u0119, ale to nieprawda\u2026 Je\u015bli przegrywasz wojn\u0119, p\u0142acisz cen\u0119\u201d <\/strong><\/p>\n<p>Kwestia wysiedlenia jest cz\u0119sto podnoszon\u0105 rzecz\u0105. Twierdzili\u015bmy, \u017ce [w 1948] by\u0142o pierwsze [wysiedlenie], jakie kiedykolwiek zdarzy\u0142o si\u0119, ale to nieprawda, czy ci si\u0119 to podoba, czy nie. Ponadto wa\u017cne jest zrozumienie \u2013 a to by\u0142o prawd\u0105 przez ca\u0142\u0105 histori\u0119 \u2013 \u017ce je\u015bli przegrywasz wojn\u0119, p\u0142acisz cen\u0119. My jeste\u015bmy tymi, kt\u00f3rzy odmawiaj\u0105 zap\u0142acenia ceny, mimo \u017ce przegrali\u015bmy wojn\u0119 1948 r. Przegrali\u015bmy wojny 1956 r. i 1967 r., ale odmawiamy zap\u0142acenia ceny. To tak nie dzia\u0142a. Wybrali\u015bmy rozpocz\u0119cie wojny i przegrali\u015bmy, wi\u0119c wed\u0142ug logiki powinni\u015bmy zap\u0142aci\u0107 cen\u0119. Jest jeszcze inna rzecz, kt\u00f3ra by\u0142a prawd\u0105 przez ca\u0142\u0105 histori\u0119. Je\u015bli zawieram umow\u0119, \u017ce kupi\u0119 ten st\u00f3\u0142 od ciebie za 10 dinar\u00f3w, umowa jest wa\u017cna tylko teraz. Je\u015bli godz\u0119 si\u0119 na cen\u0119 10 dinar\u00f3w, umowa wchodzi w \u017cycie teraz. Ale je\u015bli nie [godz\u0119 si\u0119], nie mog\u0119 wr\u00f3ci\u0107 po roku lub dw\u00f3ch, kiedy okaza\u0142o si\u0119, \u017ce st\u00f3\u0142 wart jest maj\u0105tek \u2013 powiedzmy 1000 dinar\u00f3w \u2013 i powiedzie\u0107 ci: Abu Ahmad, pami\u0119tasz nasz\u0105 umow\u0119 sprzed roku? Oferta by\u0142a na 10 dinar\u00f3w, ale \u017cadne porozumienie nie zosta\u0142o podpisane. Gdyby Palesty\u0144czycy zaakceptowali jedn\u0105 z tych um\u00f3w w przesz\u0142o\u015bci, pi\u0142ka by\u0142aby teraz na izraelskim boisku.<\/p>\n<p><img loading=\"lazy\" decoding=\"async\" class=\"alignnone size-full wp-image-11127\" src=\"https:\/\/www2.memri.org\/polish\/wp-content\/uploads\/2018\/08\/sd7603g.jpg\" width=\"667\" height=\"375\" alt=\"\" srcset=\"https:\/\/www2.memri.org\/polish\/wp-content\/uploads\/2018\/08\/sd7603g.jpg 667w, https:\/\/www2.memri.org\/polish\/wp-content\/uploads\/2018\/08\/sd7603g-300x169.jpg 300w, https:\/\/www2.memri.org\/polish\/wp-content\/uploads\/2018\/08\/sd7603g-600x337.jpg 600w\" sizes=\"auto, (max-width: 667px) 100vw, 667px\" \/><\/p>\n<p>[&#8230;]<\/p>\n<p><strong>\u00a0<\/strong><\/p>\n<p><strong>Sami Abdullatif Al-Nesf:<\/strong>\u00a0Jerozolima by\u0142a pod okupacj\u0105 Krzy\u017cowc\u00f3w przez 200 lat, niemniej nigdy nie by\u0142o fatwy zakazuj\u0105cej odwiedzanie miasta.<\/p>\n<p><strong>Dziennikarz:<\/strong>\u00a0Prawda.<\/p>\n<p><strong>Sami Abdullatif Al-Nesf:<\/strong>\u00a0Egipt by\u0142 pod okupacj\u0105 od 1882, ale nikt nie m\u00f3wi\u0142, \u017ce nie wolno odwiedza\u0107 Egiptu lub Al-Azhar. Ca\u0142a Afryka P\u00f3\u0142nocna by\u0142a pod okupacj\u0105, ale nie by\u0142o ani jednej fatwy zakazuj\u0105cej wizyty w Wielkim Meczecie w Kairuan\u2026 Podam jeszcze lepszy przyk\u0142ad: Mekka. Prorok Mahomet poszed\u0142 tam z pielgrzymk\u0105, kiedy nadal rz\u0105dzili ni\u0105 niewierni. Nie powiedzia\u0142, \u017ce nie mo\u017ce tam p\u00f3j\u015b\u0107, bo jest okupowana przez niewiernych. Byli ludzie, kt\u00f3rzy oszukali nas i powiedzieli nam, by\u015bmy nie odwiedzali [Palestyny] i wr\u0119czyli Zachodni Brzeg, Jerozolim\u0119 i Palesty\u0144czyk\u00f3w [Izraelczykom].<\/p>\n","protected":false},"excerpt":{"rendered":"<p>By\u0142y kuwejcki minister informacji, Sami Abdullatif Al-Nesf, powiedzia\u0142, \u017ce przez ca\u0142\u0105 histori\u0119 sprawa palesty\u0144ska cierpia\u0142a z powodu ekstremist\u00f3w. \u00a0\u00a0&#8222;Ziemi\u0119 odzyskuje si\u0119 przez pok\u00f3j, nie przez wojn\u0119\u201d \u2013 powiedzia\u0142. Krytykowa\u0142 muftiego Jerozolimy, Had\u017c Amina Al-Husseiniego za udaremnienie planu podzia\u0142u, za wzywanie Palesty\u0144czyk\u00f3w do odej\u015bcia \u201eprzez wyolbrzymienie poza wszelkie proporcje tego, co zdarzy\u0142o si\u0119 w Deir Jassin [&hellip;]<\/p>\n","protected":false},"author":1,"featured_media":11121,"comment_status":"open","ping_status":"open","sticky":false,"template":"","format":"standard","meta":{"footnotes":""},"categories":[824,835],"tags":[],"class_list":["post-11120","post","type-post","status-publish","format-standard","has-post-thumbnail","hentry","category-specjalne-komunikaty","category-archiwum"],"_links":{"self":[{"href":"https:\/\/www2.memri.org\/polish\/wp-json\/wp\/v2\/posts\/11120","targetHints":{"allow":["GET"]}}],"collection":[{"href":"https:\/\/www2.memri.org\/polish\/wp-json\/wp\/v2\/posts"}],"about":[{"href":"https:\/\/www2.memri.org\/polish\/wp-json\/wp\/v2\/types\/post"}],"author":[{"embeddable":true,"href":"https:\/\/www2.memri.org\/polish\/wp-json\/wp\/v2\/users\/1"}],"replies":[{"embeddable":true,"href":"https:\/\/www2.memri.org\/polish\/wp-json\/wp\/v2\/comments?post=11120"}],"version-history":[{"count":1,"href":"https:\/\/www2.memri.org\/polish\/wp-json\/wp\/v2\/posts\/11120\/revisions"}],"predecessor-version":[{"id":11128,"href":"https:\/\/www2.memri.org\/polish\/wp-json\/wp\/v2\/posts\/11120\/revisions\/11128"}],"wp:featuredmedia":[{"embeddable":true,"href":"https:\/\/www2.memri.org\/polish\/wp-json\/wp\/v2\/media\/11121"}],"wp:attachment":[{"href":"https:\/\/www2.memri.org\/polish\/wp-json\/wp\/v2\/media?parent=11120"}],"wp:term":[{"taxonomy":"category","embeddable":true,"href":"https:\/\/www2.memri.org\/polish\/wp-json\/wp\/v2\/categories?post=11120"},{"taxonomy":"post_tag","embeddable":true,"href":"https:\/\/www2.memri.org\/polish\/wp-json\/wp\/v2\/tags?post=11120"}],"curies":[{"name":"wp","href":"https:\/\/api.w.org\/{rel}","templated":true}]}}