{"id":10837,"date":"2018-05-17T19:49:11","date_gmt":"2018-05-17T17:49:11","guid":{"rendered":"http:\/\/www2.memri.org\/polish\/?p=10837"},"modified":"2018-05-17T19:49:11","modified_gmt":"2018-05-17T17:49:11","slug":"libanski-politolog-antysemickie-przemowienie-abbasa-zaszkodzilo-sprawie-palestynskiej-bylo-na-reke-netanjahu","status":"publish","type":"post","link":"https:\/\/www2.memri.org\/polish\/libanski-politolog-antysemickie-przemowienie-abbasa-zaszkodzilo-sprawie-palestynskiej-bylo-na-reke-netanjahu\/10837","title":{"rendered":"Liba\u0144ski politolog: Antysemickie przem\u00f3wienie Abbasa zaszkodzi\u0142o sprawie palesty\u0144skiej, by\u0142o na r\u0119k\u0119 Netanjahu"},"content":{"rendered":"<p><em>W artykule z 5 maja 2018 r. w gazecie \u201eAl-Hayat\u201d znany liba\u0144ski dziennikarz, krytyk i politolog, Hazem Saghiya, zareagowa\u0142 na antysemickie przem\u00f3wienie palesty\u0144skiego prezydenta Mahmouda 'Abbasa na Palesty\u0144skiej Radzie Narodowej z dnia 30 kwietnia 2018 r.<a name=\"_ednref1\"><\/a><a href=\"https:\/\/www.memri.org\/reports\/lebanese-political-analyst-abbass-antisemitic-speech-harmed-palestinian-cause-played#_edn1\"><strong>[1]<\/strong><\/a>\u00a0Saghiya napisa\u0142, \u017ce to przem\u00f3wienie sabotowa\u0142o d\u0142ug\u0105 walk\u0119 Palesty\u0144czyk\u00f3w, by zdystansowa\u0107 si\u0119 od antysemityzmu, i gra\u0142o na r\u0119k\u0119 Netanjahu i radykalnej prawicy Izraela przez umo\u017cliwienie im twierdzenia, \u017ce Abbas by\u0142 i pozosta\u0142 \u00a0ra\u017c\u0105cym antysemit\u0105. Zastanawia\u0142 si\u0119, dlaczego Abbas upiera\u0142 si\u0119 przy wyg\u0142aszaniu takich nonsens\u00f3w i jak ktokolwiek mo\u017ce teraz traktowa\u0107 powa\u017cnie jego twierdzenia, \u017ce propaguje \u201ekultur\u0119 pokoju\u201d i \u201epokojowe powstanie ludowe\u201d. Palesty\u0144skie kierownictwo, doda\u0142, nie r\u00f3\u017cni si\u0119 od innych dyktatorskich przyw\u00f3dc\u00f3w arabskich i ci\u0105gle pope\u0142nia b\u0142\u0119dy, kt\u00f3re szkodz\u0105 sprawie nie mniej ni\u017c polityka Izraela.<\/em><\/p>\n<p><em>Poni\u017cej podajemy fragmenty jego artyku\u0142u:<a name=\"_ednref2\"><\/a><a href=\"https:\/\/www.memri.org\/reports\/lebanese-political-analyst-abbass-antisemitic-speech-harmed-palestinian-cause-played#_edn2\"><strong>[2]<\/strong><\/a><\/em><\/p>\n<p><img loading=\"lazy\" decoding=\"async\" class=\"alignnone size-full wp-image-10838\" src=\"https:\/\/www2.memri.org\/polish\/wp-content\/uploads\/2018\/05\/SD7470.jpg\" width=\"360\" height=\"360\" alt=\"\" srcset=\"https:\/\/www2.memri.org\/polish\/wp-content\/uploads\/2018\/05\/SD7470.jpg 360w, https:\/\/www2.memri.org\/polish\/wp-content\/uploads\/2018\/05\/SD7470-150x150.jpg 150w, https:\/\/www2.memri.org\/polish\/wp-content\/uploads\/2018\/05\/SD7470-300x300.jpg 300w\" sizes=\"auto, (max-width: 360px) 100vw, 360px\" \/>Hazem Saghiya (zdj\u0119cie:\u00a0\u201eAl-Hayat\u201d, Dubaj, 5 maja 2018)<\/p>\n<p>W przem\u00f3wieniu do Palesty\u0144skiej Rady Narodowej Mahmoud Abbas broni\u0142 sprawy palesty\u0144skiej i praw, kt\u00f3rych nikt nie kwestionuje. Pokaza\u0142, jak pe\u0142ne hipokryzji s\u0105 proponowane rozwi\u0105zania [problemu palesty\u0144skiego] i jak pozbawione s\u0105 sprawiedliwo\u015bci i wsp\u00f3\u0142czucia. S\u0142usznie podkre\u015bli\u0142 zakres, do jakiego \u015bwiat ignoruje [zasady] sprawiedliwo\u015bci, kiedy chodzi o [Palesty\u0144czyk\u00f3w] i Izrael. Opisa\u0142 okrucie\u0144stwo izraelskiej okupacji, kt\u00f3re nie oszcz\u0119dza [nawet] dzieci.<\/p>\n<p>Ale stary epitet \u201ez\u0142y adwokat dobrej sprawy\u201d okaza\u0142 si\u0119 prawdziwy wobec Abbasa. Jego bardzo d\u0142ugie przem\u00f3wienie, kt\u00f3rego d\u0142ugo\u015b\u0107 nie podnios\u0142a jego [warto\u015bci], zniweczy\u0142 dziesi\u0119ciolecia palesty\u0144skich stara\u0144, by odrzuci\u0107 antysemick\u0105 mentalno\u015b\u0107 z ca\u0142ym rasizmem, mitami i ignorancj\u0105, jak\u0105 ona za sob\u0105 poci\u0105ga. Ignorancja, podobnie jak tolerancja, ma granice, ale palesty\u0144ski prezydent przekroczy\u0142 je wszystkie\u2026 Powt\u00f3rzy\u0142 ohydne g\u0142odne kawa\u0142ki o lichwie i bankach, i wyg\u0142asza\u0142 nonsensy o historii \u017byd\u00f3w europejskich, cytuj\u0105c ksi\u0105\u017cki, kt\u00f3re biblioteki [ju\u017c dawno] wyrzuci\u0142y. Zaprzeczy\u0142 tak\u017ce, \u017ce by\u0142y jakiekolwiek masakry \u017byd\u00f3w w \u015bwiecie arabskim [co jest nieprawd\u0105], nawet je\u015bli tych masakr by\u0142o niewiele i by\u0142y ograniczone w por\u00f3wnaniu do tych w Europie.<\/p>\n<p>Wszystko to i jeszcze wi\u0119cej w jednym przem\u00f3wieniu, kt\u00f3re przekroczy\u0142o [najdziksze] marzenia Benjamina Netanjahu, bo potwierdzi\u0142o najostrzejsze oskar\u017cenia Izraela, uniewinni\u0142o izraelskie osiedla od winy z blokowanie rozwi\u0105zania w postaci dw\u00f3ch pa\u0144stw i umo\u017cliwi\u0142o [Izraelowi] twierdzenie, \u017ce Abbas czerpie [inspiracj\u0119] z os\u0142awionej Karty Hamasu. [Da\u0142o tak\u017ce Izraelowi okazj\u0119] przypomnienia pracy doktorskiej [Abbasa] z\u0142o\u017conej w Moskwie<\/p>\n<p><a name=\"_ednref3\"><\/a><a href=\"https:\/\/www.memri.org\/reports\/lebanese-political-analyst-abbass-antisemitic-speech-harmed-palestinian-cause-played#_edn3\">[iii]<\/a>\u00a0i stwierdzenia, \u017ce ten cz\u0142owiek nie zmieni\u0142 si\u0119 od tamtego czasu\u2026<\/p>\n<p>Sk\u0105d up\u00f3r [zajmowania si\u0119] sprawami historii od XI wieku do Holocausty, i wyg\u0142aszanie tej nieszcz\u0119snej \u201epalesty\u0144skiej narracji\u201d? W ko\u0144cu, po tym, jak mo\u017ce ktokolwiek traktowa\u0107 powa\u017cnie twierdzenia [Abbasa] o \u201epokojowym powstaniu ludowym\u201d, \u201ekulturze pokoju\u201d i \u201ekooperacji z popieraj\u0105cymi pok\u00f3j w Izraelu\u201d?<\/p>\n<p>Chwiejne stosunki przedstawicieli palesty\u0144skich z [poprawn\u0105] wiedz\u0105 pozostaj\u0105 powodem do troski. [Nar\u00f3d palesty\u0144ski], jeden z najlepiej wykszta\u0142conych narod\u00f3w w \u015bwiecie arabskim, ma przyw\u00f3dc\u00f3w, kt\u00f3rzy s\u0105 zdolni do pope\u0142niania takich b\u0142\u0119d\u00f3w, przyw\u00f3dc\u00f3w, kt\u00f3rzy odziedziczyli zachowanie Jasera Arafata, dyplomowanego kr\u00f3la wszystkich pope\u0142niaj\u0105cych b\u0142\u0119dy. Z\u0142o\u017cono\u015b\u0107 i trudno\u015b\u0107 kwestii palesty\u0144skiej s\u0105 zwi\u0119kszone przez wadliw\u0105 mentalno\u015b\u0107 palesty\u0144skich m\u0119\u017c\u00f3w stanu\u2026 i przez ich ja\u0142owo\u015b\u0107 i niezdolno\u015b\u0107 do przedstawienia ani jednej kreatywnej my\u015bli. W ostatecznym rachunku jednak [brak] m\u0105dro\u015bci i kreatywno\u015bci nie s\u0105 tylko kwesti\u0105 wiedzy. Jest to jedna z tysi\u0119cznych oznak, \u017ce kierownictwa nie interesuje los ich ludu\u2026 To demaskuje re\u017cim Abbasa jako [tylko] kolejny tyra\u0144ski re\u017cim w \u015bwiecie arabskim. To dlatego palesty\u0144ski prezydent nazwa\u0142 Wiosn\u0119 Arabsk\u0105 tylko \u201eameryka\u0144skim k\u0142amstwem\u201d, kt\u00f3re to wyra\u017cenie zosta\u0142o przyj\u0119te oklaskami przez Palesty\u0144sk\u0105 Rad\u0119 Narodow\u0105.<\/p>\n<hr \/>\n<p><a name=\"_edn1\"><\/a><a href=\"https:\/\/www.memri.org\/reports\/lebanese-political-analyst-abbass-antisemitic-speech-harmed-palestinian-cause-played#_ednref1\">[1]<\/a>\u00a0See MEMRI Special Dispatch No.7452,\u00a0<a href=\"https:\/\/www.memri.org\/reports\/palestinian-authority-president-mahmoud-abbas-holocaust-massacres-european-jews-due-their\">Palestinian Authority President Mahmoud Abbas: Holocaust, Massacres Of European Jews Due To Their Function In Society As Usurers; Hitler Struck A Deal With The Jews<\/a>, May 2, 2018.<\/p>\n<p><a name=\"_edn2\"><\/a><a href=\"https:\/\/www.memri.org\/reports\/lebanese-political-analyst-abbass-antisemitic-speech-harmed-palestinian-cause-played#_ednref2\">[2]<\/a>\u00a0<em>Al-Hayat<\/em>\u00a0(Dubai), May 5, 2018.<\/p>\n<p><a name=\"_edn3\"><\/a><a href=\"https:\/\/www.memri.org\/reports\/lebanese-political-analyst-abbass-antisemitic-speech-harmed-palestinian-cause-played#_ednref3\">[3]<\/a>\u00a0The reference is to 'Abbas&#8217;s doctoral dissertation, submitted to a university in Moscow in 1982, on &#8222;the relations between Nazism and Zionism in 1933-1945,&#8221; which led Jewish and Israeli organizations to accuse him of Holocaust denial.<\/p>\n","protected":false},"excerpt":{"rendered":"<p>W artykule z 5 maja 2018 r. w gazecie \u201eAl-Hayat\u201d znany liba\u0144ski dziennikarz, krytyk i politolog, Hazem Saghiya, zareagowa\u0142 na antysemickie przem\u00f3wienie palesty\u0144skiego prezydenta Mahmouda 'Abbasa na Palesty\u0144skiej Radzie Narodowej z dnia 30 kwietnia 2018 r.[1]\u00a0Saghiya napisa\u0142, \u017ce to przem\u00f3wienie sabotowa\u0142o d\u0142ug\u0105 walk\u0119 Palesty\u0144czyk\u00f3w, by zdystansowa\u0107 si\u0119 od antysemityzmu, i gra\u0142o na r\u0119k\u0119 Netanjahu i [&hellip;]<\/p>\n","protected":false},"author":1,"featured_media":10838,"comment_status":"open","ping_status":"open","sticky":false,"template":"","format":"standard","meta":{"footnotes":""},"categories":[824,828,835,836,837,844],"tags":[],"class_list":["post-10837","post","type-post","status-publish","format-standard","has-post-thumbnail","hentry","category-specjalne-komunikaty","category-autonomia-palestynska","category-archiwum","category-tematy","category-kraje","category-konflikt-arabsko-izraelski"],"_links":{"self":[{"href":"https:\/\/www2.memri.org\/polish\/wp-json\/wp\/v2\/posts\/10837","targetHints":{"allow":["GET"]}}],"collection":[{"href":"https:\/\/www2.memri.org\/polish\/wp-json\/wp\/v2\/posts"}],"about":[{"href":"https:\/\/www2.memri.org\/polish\/wp-json\/wp\/v2\/types\/post"}],"author":[{"embeddable":true,"href":"https:\/\/www2.memri.org\/polish\/wp-json\/wp\/v2\/users\/1"}],"replies":[{"embeddable":true,"href":"https:\/\/www2.memri.org\/polish\/wp-json\/wp\/v2\/comments?post=10837"}],"version-history":[{"count":1,"href":"https:\/\/www2.memri.org\/polish\/wp-json\/wp\/v2\/posts\/10837\/revisions"}],"predecessor-version":[{"id":10839,"href":"https:\/\/www2.memri.org\/polish\/wp-json\/wp\/v2\/posts\/10837\/revisions\/10839"}],"wp:featuredmedia":[{"embeddable":true,"href":"https:\/\/www2.memri.org\/polish\/wp-json\/wp\/v2\/media\/10838"}],"wp:attachment":[{"href":"https:\/\/www2.memri.org\/polish\/wp-json\/wp\/v2\/media?parent=10837"}],"wp:term":[{"taxonomy":"category","embeddable":true,"href":"https:\/\/www2.memri.org\/polish\/wp-json\/wp\/v2\/categories?post=10837"},{"taxonomy":"post_tag","embeddable":true,"href":"https:\/\/www2.memri.org\/polish\/wp-json\/wp\/v2\/tags?post=10837"}],"curies":[{"name":"wp","href":"https:\/\/api.w.org\/{rel}","templated":true}]}}