{"id":10781,"date":"2018-05-02T21:13:52","date_gmt":"2018-05-02T19:13:52","guid":{"rendered":"http:\/\/www2.memri.org\/polish\/?p=10781"},"modified":"2018-05-02T21:13:52","modified_gmt":"2018-05-02T19:13:52","slug":"prezydent-autonomii-palestynskiej-mahmoud-abbas-holocaust-masakry-europejskich-zydow-byly-spowodowanie-ich-funkcjonowaniem-w-spoleczenstwie-jako-lichwiarzy-hitler-zawarl-umowe-z-zydami","status":"publish","type":"post","link":"https:\/\/www2.memri.org\/polish\/prezydent-autonomii-palestynskiej-mahmoud-abbas-holocaust-masakry-europejskich-zydow-byly-spowodowanie-ich-funkcjonowaniem-w-spoleczenstwie-jako-lichwiarzy-hitler-zawarl-umowe-z-zydami\/10781","title":{"rendered":"Prezydent Autonomii Palesty\u0144skiej Mahmoud Abbas: Holocaust, masakry europejskich \u017byd\u00f3w by\u0142y spowodowanie ich funkcjonowaniem w spo\u0142ecze\u0144stwie jako lichwiarzy; Hitler zawar\u0142 umow\u0119 z \u017bydami"},"content":{"rendered":"<p><em>Prezydent Autonomii Palesty\u0144skiej Mahmoud Abbas powiedzia\u0142, \u017ce masakry, jakie spotyka\u0142y europejskich \u017byd\u00f3w od XI wieku do Holocaustu nie by\u0142y dlatego, \u017ce byli \u017bydami, ale z powodu ich funkcji w spo\u0142ecze\u0144stwie. \u201eAnty\u017cydowskie [uczucia] nie by\u0142y z powodu ich religii, ale z powodu ich funkcji w spo\u0142ecze\u0144stwie, kt\u00f3r\u0105 by\u0142a lichwa, bankowo\u015b\u0107 i tak dalej\u201d \u2013 powiedzia\u0142 w przem\u00f3wieniu na Palesty\u0144skiej Radzie Narodowej w Ramallah 30 kwietnia. Abbas powiedzia\u0142 nast\u0119pnie, \u017ce Hitler zawar\u0142 uk\u0142ad z Jewish Anglo-Palestine Bank w Jerozolimie, by umo\u017cliwi\u0107 emigracj\u0119 niemieckich \u017byd\u00f3w do Palestyny. \u201eIch narracja o przybyciu do tego kraju z powodu t\u0119sknoty do Syjonu czy czego tam \u2013 jeste\u015bmy zm\u0119czeni tym gadaniem. Prawd\u0105 jest, \u017ce jest to kolonialne przedsi\u0119wzi\u0119cie, maj\u0105ce na celu umieszczenie obcego cia\u0142a w tym regionie\u201d.<\/em><\/p>\n<p><strong>\u017beby zobaczy\u0107 klip z wyst\u0105pieniem Mahmouda Abbasa w MEMRI TV, kliknij <\/strong><a href=\"https:\/\/www.memri.org\/tv\/pa-president-mahmoud-abbas-holocaust-due-to-jews-function-in-society-as-money-lenders\"><strong>tutaj<\/strong><\/a><strong> lub poni\u017cej.<\/strong><\/p>\n<p><iframe loading=\"lazy\" src=\"https:\/\/www.memri.org\/player\/clip\/39500\/780,440\/1\" width=\"780\" height=\"440\" frameborder=\"0\" data-mce-fragment=\"1\"><\/iframe><\/p>\n<p><strong>&#8222;\u017bydzi, kt\u00f3rzy pow\u0119drowali do Europy Wschodniej i Zachodniej byli tam przedmiotem masakr\u2026 co 10-15 lat od XI wieku\u2026 <\/strong><strong>Ale dlaczego to si\u0119 dzia\u0142o?\u201d <\/strong><\/p>\n<p><strong>Mahmoud Abbas:<\/strong> S\u0142ysza\u0142em, \u017ce bracia w kierownictwie Hamasu w Gazie m\u00f3wi\u0105 o pokojowym i powszechnym oporze. To jest dobra rzecz. Istotnie, to co mam miejsce na granicy [Gazy] jest cz\u0119\u015bci\u0105 Powstania Powrotu, jest pokojowym i powszechnym oporem.<\/p>\n<p>[&#8230;]<\/p>\n<p>Ale szczerze prosz\u0119, by\u015bcie zabrali dzieci troch\u0119 dalej od zasi\u0119gu kul. Trzymajcie dzieci z daleka. Nie chcemy zosta\u0107 narodem okaleczonych ludzi.<\/p>\n<p>[&#8230;]<\/p>\n<p>\u017bydzi, kt\u00f3rzy pow\u0119drowali do Europy Wschodniej i Zachodniej byli przedmiotem masakr w jednym kraju za drugim co 10-15 lat od XI wieku do Holocaustu w Niemczech. Okay? Ale dlaczego to si\u0119 dzia\u0142o? M\u00f3wi\u0105, \u017ce dzia\u0142o si\u0119 to, poniewa\u017c byli \u017bydami. Ale trzech \u017byd\u00f3w w trzech r\u00f3\u017cnych ksi\u0105\u017ckach\u2026 Jednym z nich jest J\u00f3zef Stalin. My\u015bl\u0119, \u017ce wszyscy znamy go, prawda? Stalin by\u0142 \u017bydem. By\u0142 jeszcze jeden o nazwisku Abraham Leon i trzeci o nazwisku Isaac Deutscher. Wszyscy trzej powiedzieli, \u017ce nienawi\u015b\u0107 do \u017byd\u00f3w nie by\u0142a spowodowana ich religi\u0105, ale.. S\u0142ucham?<\/p>\n<p><img loading=\"lazy\" decoding=\"async\" class=\"alignnone size-full wp-image-10782\" src=\"https:\/\/www2.memri.org\/polish\/wp-content\/uploads\/2018\/05\/SD7452.jpg\" width=\"826\" height=\"439\" alt=\"\" srcset=\"https:\/\/www2.memri.org\/polish\/wp-content\/uploads\/2018\/05\/SD7452.jpg 826w, https:\/\/www2.memri.org\/polish\/wp-content\/uploads\/2018\/05\/SD7452-300x159.jpg 300w, https:\/\/www2.memri.org\/polish\/wp-content\/uploads\/2018\/05\/SD7452-768x408.jpg 768w, https:\/\/www2.memri.org\/polish\/wp-content\/uploads\/2018\/05\/SD7452-600x319.jpg 600w, https:\/\/www2.memri.org\/polish\/wp-content\/uploads\/2018\/05\/SD7452-696x370.jpg 696w, https:\/\/www2.memri.org\/polish\/wp-content\/uploads\/2018\/05\/SD7452-790x420.jpg 790w\" sizes=\"auto, (max-width: 826px) 100vw, 826px\" \/><\/p>\n<p><strong>&#8222;Anty\u017cydowskie [uczucia] nie by\u0142y z powodu ich religii, ale z powodu ich funkcji w spo\u0142ecze\u0144stwie, kt\u00f3r\u0105 by\u0142a lichwa, bankowo\u015b\u0107 i tak dalej\u201d \u00a0<\/strong><\/p>\n<p><strong>G\u0142os z publiczno\u015bci:<\/strong> To by\u0142 Karl Marks. To by\u0142 Karl Marks.<\/p>\n<p><strong>Mahmoud Abbas:<\/strong> Racja, to by\u0142 Karl Marks. Przepraszam. To by\u0142 Karl Marks. [To on powiedzia\u0142,] \u017ce powodem nienawi\u015bci do \u017byd\u00f3w nie jest ich religia, ale ich funkcja w spo\u0142ecze\u0144stwie. A to jest inna sprawa. A wi\u0119c kwestia \u017cydowska, kt\u00f3ra istnia\u0142a we wszystkich krajach europejskich\u2026 anty\u017cydowskie [uczucia] nie by\u0142y z powodu ich religii, ale z powodu ich funkcji w spo\u0142ecze\u0144stwie, kt\u00f3r\u0105 by\u0142a lichwa, bankowo\u015b\u0107 i tak dalej. Najlepszym dowodem tego jest to, \u017ce byli \u017bydzi w krajach arabskich, wi\u0119c jak to jest mo\u017cliwe, \u017ce nie by\u0142o ani jednego incydentu przeciwko \u017bydom tylko za to, \u017ce byli \u017bydami? My\u015blicie, \u017ce przesadzam? Wzywam was, by\u015bcie znale\u017ali cho\u0107 jeden incydent przeciwko \u017bydom tylko dlatego, \u017ce byli \u017bydami przez 1400 lat w jakimkolwiek kraju arabskim.<\/p>\n<p><img loading=\"lazy\" decoding=\"async\" class=\"alignnone size-full wp-image-10783\" src=\"https:\/\/www2.memri.org\/polish\/wp-content\/uploads\/2018\/05\/SD74521.jpg\" width=\"691\" height=\"183\" srcset=\"https:\/\/www2.memri.org\/polish\/wp-content\/uploads\/2018\/05\/SD74521.jpg 691w, https:\/\/www2.memri.org\/polish\/wp-content\/uploads\/2018\/05\/SD74521-300x79.jpg 300w, https:\/\/www2.memri.org\/polish\/wp-content\/uploads\/2018\/05\/SD74521-600x159.jpg 600w\" sizes=\"auto, (max-width: 691px) 100vw, 691px\" \/><\/p>\n<p>[&#8230;]<\/p>\n<p><strong>&#8222;Miesi\u0105c po doj\u015bciu Hitlera do w\u0142adzy by\u0142o porozumienie mi\u0119dzy niemieckim ministerstwem gospodarki a Jewish Anglo-Palestine Bank w Jerozolimie&#8230; [Hitler] chcia\u0142 \u017cydowskiego kraju, kt\u00f3ry by\u0142by wobec niego lojalny\u201d <\/strong><\/p>\n<p>Pozw\u00f3lcie, \u017ce powiem wam co\u015b, co mo\u017ce by\u0107 dla was zaskoczeniem. Mo\u017ce o tym wiecie, a mo\u017ce nie. W 1933 r. jeden miesi\u0105c po doj\u015bciu Hitlera do w\u0142adzy, by\u0142o porozumienie mi\u0119dzy niemieckim ministerstwem gospodarki a Jewish Anglo-Palestine Bank w Jerozolimie. Uzgodnili, \u017ce ka\u017cdy \u017byd niemiecki, kt\u00f3ry chce emigrowa\u0107 do Palestyny, mo\u017ce przenie\u015b\u0107 sw\u00f3j maj\u0105tek ruchomy i nieruchomy do Palestyny. Czy Hitler do tego stopnia kocha\u0142 \u017byd\u00f3w? Ka\u017cdy \u017byd, kt\u00f3ry chcia\u0142 emigrowa\u0107 do Palestyny by\u0142 uprawniony do otrzymania ca\u0142ej swojej w\u0142asno\u015bci, zar\u00f3wno ruchomej, jak nieruchomej. Je\u015bli nie chcia\u0142 emigrowa\u0107 do Palestyny, dawali mu tylko bilet do Belgii.<\/p>\n<p><img loading=\"lazy\" decoding=\"async\" class=\"alignnone size-full wp-image-10784\" src=\"https:\/\/www2.memri.org\/polish\/wp-content\/uploads\/2018\/05\/SD74522.jpg\" width=\"714\" height=\"128\" srcset=\"https:\/\/www2.memri.org\/polish\/wp-content\/uploads\/2018\/05\/SD74522.jpg 714w, https:\/\/www2.memri.org\/polish\/wp-content\/uploads\/2018\/05\/SD74522-300x54.jpg 300w, https:\/\/www2.memri.org\/polish\/wp-content\/uploads\/2018\/05\/SD74522-600x108.jpg 600w, https:\/\/www2.memri.org\/polish\/wp-content\/uploads\/2018\/05\/SD74522-696x125.jpg 696w\" sizes=\"auto, (max-width: 714px) 100vw, 714px\" \/><\/p>\n<p>Czego chcia\u0142 Hitler? Chcia\u0142 \u017cydowskiego kraju, kt\u00f3ry by\u0142by wobec niego lojalny. Tak wi\u0119c w ci\u0105gu sze\u015bciu lat 60 tysi\u0119cy bogatych Niemc\u00f3w emigrowa\u0142o z Niemiec do Palestyny. Kto wi\u0119c pr\u00f3bowa\u0142 za\u0142o\u017cy\u0107 [\u017cydowsk\u0105] \u201eOjczyn\u0119 Narodow\u0105\u201d? Balfour nienawidzi\u0142 \u017byd\u00f3w, niemniej da\u0142 im pa\u0144stwo. Rosyjski minister spraw zagranicznych by\u0142 dobrze znany ze swej nienawi\u015bci do \u017byd\u00f3w, niemniej powiedzia\u0142 [do \u017byd\u00f3w]: \u201eChod\u017acie, dam wam pa\u0144stwo w Palestynie\u201d.\u00a0 A wi\u0119c ich narracja o przybyciu do tego kraju z powodu ich t\u0119sknoty do Syjonu czy czego tam \u2013 jeste\u015bmy zm\u0119czeni tym gadaniem. Prawd\u0105 jest, \u017ce jest to kolonialne przedsi\u0119wzi\u0119cie, maj\u0105ce na celu umieszczenie obcego cia\u0142a w tym regionie.<\/p>\n<p><img loading=\"lazy\" decoding=\"async\" class=\"alignnone size-full wp-image-10785\" src=\"https:\/\/www2.memri.org\/polish\/wp-content\/uploads\/2018\/05\/SD74523.jpg\" width=\"711\" height=\"189\" srcset=\"https:\/\/www2.memri.org\/polish\/wp-content\/uploads\/2018\/05\/SD74523.jpg 711w, https:\/\/www2.memri.org\/polish\/wp-content\/uploads\/2018\/05\/SD74523-300x80.jpg 300w, https:\/\/www2.memri.org\/polish\/wp-content\/uploads\/2018\/05\/SD74523-600x159.jpg 600w, https:\/\/www2.memri.org\/polish\/wp-content\/uploads\/2018\/05\/SD74523-696x185.jpg 696w\" sizes=\"auto, (max-width: 711px) 100vw, 711px\" \/><\/p>\n<p>[&#8230;]<\/p>\n<p><strong>&#8222;Wiosna Arabska jest k\u0142amstwem wymy\u015blonym przez Ameryk\u0119\u201d <\/strong><\/p>\n<p>Wiosna Arabska jest k\u0142amstwem wymy\u015blonym przez Ameryk\u0119. To by\u0142 szef Komitetu Palesty\u0144skiego w parlamencie. Ameryka wymy\u015bli\u0142a Wiosn\u0119 Arabsk\u0105, a przedtem \u201eNowy Bliski Wsch\u00f3d\u201d i \u201ekonstruktywn\u0105 anarchi\u0119\u201d\u2026 Jestem pewien, \u017ce czytacie gazety. Wi\u0119cej ni\u017c jeden raz gazety publikowa\u0142y mapy pokazuj\u0105ce, jak powinny by\u0107 podzielone pa\u0144stwa arabskie. Na przyk\u0142ad: Egipt ma by\u0107 podzielony na cztery kraje, Arabia Saudyjska na trzy kraje, Irak na trzy kraje, Syria na cztery kraje, Liban na 34 kraje\u2026 Ka\u017cda sekta tam chce w\u0142asnego kraju\u2026 To wszystko pojawi\u0142o si\u0119 na tych mapach! Kiedy wi\u0119c nasta\u0142a Wiosna Arabska, powiedzieli\u015bmy: to nie jest dla nas.<\/p>\n","protected":false},"excerpt":{"rendered":"<p>Prezydent Autonomii Palesty\u0144skiej Mahmoud Abbas powiedzia\u0142, \u017ce masakry, jakie spotyka\u0142y europejskich \u017byd\u00f3w od XI wieku do Holocaustu nie by\u0142y dlatego, \u017ce byli \u017bydami, ale z powodu ich funkcji w spo\u0142ecze\u0144stwie. \u201eAnty\u017cydowskie [uczucia] nie by\u0142y z powodu ich religii, ale z powodu ich funkcji w spo\u0142ecze\u0144stwie, kt\u00f3r\u0105 by\u0142a lichwa, bankowo\u015b\u0107 i tak dalej\u201d \u2013 powiedzia\u0142 w [&hellip;]<\/p>\n","protected":false},"author":1,"featured_media":10782,"comment_status":"open","ping_status":"open","sticky":false,"template":"","format":"standard","meta":{"footnotes":""},"categories":[824,828,831,835,836,837],"tags":[],"class_list":["post-10781","post","type-post","status-publish","format-standard","has-post-thumbnail","hentry","category-specjalne-komunikaty","category-autonomia-palestynska","category-projekt-dokumentacji-antysemityzmu","category-archiwum","category-tematy","category-kraje"],"_links":{"self":[{"href":"https:\/\/www2.memri.org\/polish\/wp-json\/wp\/v2\/posts\/10781","targetHints":{"allow":["GET"]}}],"collection":[{"href":"https:\/\/www2.memri.org\/polish\/wp-json\/wp\/v2\/posts"}],"about":[{"href":"https:\/\/www2.memri.org\/polish\/wp-json\/wp\/v2\/types\/post"}],"author":[{"embeddable":true,"href":"https:\/\/www2.memri.org\/polish\/wp-json\/wp\/v2\/users\/1"}],"replies":[{"embeddable":true,"href":"https:\/\/www2.memri.org\/polish\/wp-json\/wp\/v2\/comments?post=10781"}],"version-history":[{"count":1,"href":"https:\/\/www2.memri.org\/polish\/wp-json\/wp\/v2\/posts\/10781\/revisions"}],"predecessor-version":[{"id":10786,"href":"https:\/\/www2.memri.org\/polish\/wp-json\/wp\/v2\/posts\/10781\/revisions\/10786"}],"wp:featuredmedia":[{"embeddable":true,"href":"https:\/\/www2.memri.org\/polish\/wp-json\/wp\/v2\/media\/10782"}],"wp:attachment":[{"href":"https:\/\/www2.memri.org\/polish\/wp-json\/wp\/v2\/media?parent=10781"}],"wp:term":[{"taxonomy":"category","embeddable":true,"href":"https:\/\/www2.memri.org\/polish\/wp-json\/wp\/v2\/categories?post=10781"},{"taxonomy":"post_tag","embeddable":true,"href":"https:\/\/www2.memri.org\/polish\/wp-json\/wp\/v2\/tags?post=10781"}],"curies":[{"name":"wp","href":"https:\/\/api.w.org\/{rel}","templated":true}]}}