{"id":10558,"date":"2018-03-09T21:23:13","date_gmt":"2018-03-09T20:23:13","guid":{"rendered":"http:\/\/www2.memri.org\/polish\/?p=10558"},"modified":"2018-03-12T21:31:40","modified_gmt":"2018-03-12T20:31:40","slug":"bombardowanie-wschodniej-ghouty-przez-assada-w-karykaturach-w-prasie","status":"publish","type":"post","link":"https:\/\/www2.memri.org\/polish\/bombardowanie-wschodniej-ghouty-przez-assada-w-karykaturach-w-prasie\/10558","title":{"rendered":"Bombardowanie wschodniej Ghouty przez Assada w karykaturach w prasie"},"content":{"rendered":"<p><em>Ataki w ostatnich tygodniach wschodniej Ghouty na przedmie\u015bcie Damaszku przez re\u017cim Assada i jego sojusznik\u00f3w, g\u0142\u00f3wnie Rosj\u0119, w kt\u00f3rych podobno u\u017cyto broni chemicznej, wywo\u0142a\u0142y pow\u00f3d\u017a reakcji w prasie arabskiej. W\u015br\u00f3d tych reakcji s\u0105 karykatury publikowane w pa\u0144stwach Zatoki, znanych z opozycji wobec re\u017cimu Assada, a tak\u017ce publikowane na stronach internetowych syryjskiej opozycji. Karykatury pot\u0119piaj\u0105 katastrof\u0119 w Ghouta i humanitarny kryzys, przedstawiaj\u0105c re\u017cim Assada prowadz\u0105cy wojn\u0119 eksterminacji przeciwko ludno\u015bci syryjskiej z pomoc\u0105 wsp\u00f3lnika, Rosji. Cz\u0119\u015b\u0107 karykatur pot\u0119pia re\u017cim i Rosj\u0119 za ignorowanie zawieszenia broni og\u0142oszonego przez Rad\u0119 Bezpiecze\u0144stwa i wr\u0119cz wykorzystywanie go do prowadzenia rzezi populacji. Wiele pot\u0119pia milczenie Arab\u00f3w i spo\u0142eczno\u015bci mi\u0119dzynarodowej wobec wydarze\u0144 w Ghouta, kt\u00f3rzy nie robi\u0105 niczego poza dokumentowaniem potworno\u015bci i wyra\u017caniem s\u0142abego protest. \u00a0\u00a0<\/em><\/p>\n<p><em>Poni\u017cej przedstawiamy wyb\u00f3r tych karykatur:<\/em><\/p>\n<p><strong>Humanitarny kryzys w Ghouta<\/strong><\/p>\n<p><img loading=\"lazy\" decoding=\"async\" class=\"alignnone size-full wp-image-10559\" src=\"https:\/\/www2.memri.org\/polish\/wp-content\/uploads\/2018\/03\/SD7377.jpg\" width=\"672\" height=\"444\" alt=\"\" srcset=\"https:\/\/www2.memri.org\/polish\/wp-content\/uploads\/2018\/03\/SD7377.jpg 672w, https:\/\/www2.memri.org\/polish\/wp-content\/uploads\/2018\/03\/SD7377-300x198.jpg 300w, https:\/\/www2.memri.org\/polish\/wp-content\/uploads\/2018\/03\/SD7377-600x396.jpg 600w, https:\/\/www2.memri.org\/polish\/wp-content\/uploads\/2018\/03\/SD7377-636x420.jpg 636w\" sizes=\"auto, (max-width: 672px) 100vw, 672px\" \/><br \/>\n<em>Mieszka\u0144cu Ghouta w niebezpiecze\u0144stwie, zagro\u017ceni pociskami, kt\u00f3re otaczaj\u0105 ich z morza krwi (\u201e<\/em><em>Al-Quds Al-Arabi\u201d, Londyn, 22 lutego 2018)<\/em><\/p>\n<p><img loading=\"lazy\" decoding=\"async\" class=\"alignnone size-full wp-image-10560\" src=\"https:\/\/www2.memri.org\/polish\/wp-content\/uploads\/2018\/03\/sd7377a.jpg\" width=\"672\" height=\"409\" alt=\"\" srcset=\"https:\/\/www2.memri.org\/polish\/wp-content\/uploads\/2018\/03\/sd7377a.jpg 672w, https:\/\/www2.memri.org\/polish\/wp-content\/uploads\/2018\/03\/sd7377a-300x183.jpg 300w, https:\/\/www2.memri.org\/polish\/wp-content\/uploads\/2018\/03\/sd7377a-600x365.jpg 600w\" sizes=\"auto, (max-width: 672px) 100vw, 672px\" \/><br \/>\n<em>&#8222;Wschodnia Ghouta&#8221;: nawet Anio\u0142 \u015amierci, trzymaj\u0105cy niemowl\u0119, krzyczy: \u201cDo\u015b\u0107\u201d (stepagency-sy.net, 9 lutego 2018)<\/em><\/p>\n<p><img loading=\"lazy\" decoding=\"async\" class=\"alignnone size-full wp-image-10561\" src=\"https:\/\/www2.memri.org\/polish\/wp-content\/uploads\/2018\/03\/sd7377b.jpg\" width=\"672\" height=\"380\" alt=\"\" srcset=\"https:\/\/www2.memri.org\/polish\/wp-content\/uploads\/2018\/03\/sd7377b.jpg 672w, https:\/\/www2.memri.org\/polish\/wp-content\/uploads\/2018\/03\/sd7377b-300x170.jpg 300w, https:\/\/www2.memri.org\/polish\/wp-content\/uploads\/2018\/03\/sd7377b-600x339.jpg 600w\" sizes=\"auto, (max-width: 672px) 100vw, 672px\" \/><br \/>\n<em>Dziecko &#8222;Ghouta\u201d p\u0142acze \u0142zami z krwi (\u201e<\/em><em>Al-Raya\u201d, Katar, 22 lutego 2018)<\/em><\/p>\n<p><strong>Morderczy re\u017cim Assada<\/strong><\/p>\n<p><img loading=\"lazy\" decoding=\"async\" class=\"alignnone size-full wp-image-10562\" src=\"https:\/\/www2.memri.org\/polish\/wp-content\/uploads\/2018\/03\/sd7377c.jpg\" width=\"672\" height=\"422\" alt=\"\" srcset=\"https:\/\/www2.memri.org\/polish\/wp-content\/uploads\/2018\/03\/sd7377c.jpg 672w, https:\/\/www2.memri.org\/polish\/wp-content\/uploads\/2018\/03\/sd7377c-300x188.jpg 300w, https:\/\/www2.memri.org\/polish\/wp-content\/uploads\/2018\/03\/sd7377c-600x377.jpg 600w, https:\/\/www2.memri.org\/polish\/wp-content\/uploads\/2018\/03\/sd7377c-669x420.jpg 669w\" sizes=\"auto, (max-width: 672px) 100vw, 672px\" \/><br \/>\n<em>Assad, w mundurze wojskowym udekorowanym czaszkami, trzyma bomb\u0119 beczkow\u0105 w jednej r\u0119ce i pocisk balistyczny w drugiej, stoj\u0105c na piersiach martwego syryjskiego cywila (\u201e<\/em><em>Makkah\u201d, Arabia Saudyjska, 23 lutego 2018)\u00a0\u00a0 <\/em><\/p>\n<p><img loading=\"lazy\" decoding=\"async\" class=\"alignnone size-full wp-image-10563\" src=\"https:\/\/www2.memri.org\/polish\/wp-content\/uploads\/2018\/03\/sd7377da.jpg\" width=\"672\" height=\"424\" alt=\"\" srcset=\"https:\/\/www2.memri.org\/polish\/wp-content\/uploads\/2018\/03\/sd7377da.jpg 672w, https:\/\/www2.memri.org\/polish\/wp-content\/uploads\/2018\/03\/sd7377da-300x189.jpg 300w, https:\/\/www2.memri.org\/polish\/wp-content\/uploads\/2018\/03\/sd7377da-600x379.jpg 600w, https:\/\/www2.memri.org\/polish\/wp-content\/uploads\/2018\/03\/sd7377da-666x420.jpg 666w\" sizes=\"auto, (max-width: 672px) 100vw, 672px\" \/><br \/>\n<em>Assad opryskuje mieszka\u0144c\u00f3w Ghouty broni\u0105 chemiczn\u0105, kiedy b\u0142agaj\u0105 o pomoc (\u201e<\/em><em>Makkah\u201d, Arabia Saudyjska, 22 lutego 2018)\u00a0\u00a0 <\/em><\/p>\n<p><img loading=\"lazy\" decoding=\"async\" class=\"alignnone size-full wp-image-10564\" src=\"https:\/\/www2.memri.org\/polish\/wp-content\/uploads\/2018\/03\/sd7377e.jpg\" width=\"670\" height=\"489\" alt=\"\" srcset=\"https:\/\/www2.memri.org\/polish\/wp-content\/uploads\/2018\/03\/sd7377e.jpg 670w, https:\/\/www2.memri.org\/polish\/wp-content\/uploads\/2018\/03\/sd7377e-300x219.jpg 300w, https:\/\/www2.memri.org\/polish\/wp-content\/uploads\/2018\/03\/sd7377e-600x438.jpg 600w, https:\/\/www2.memri.org\/polish\/wp-content\/uploads\/2018\/03\/sd7377e-324x235.jpg 324w, https:\/\/www2.memri.org\/polish\/wp-content\/uploads\/2018\/03\/sd7377e-575x420.jpg 575w\" sizes=\"auto, (max-width: 670px) 100vw, 670px\" \/><br \/>\n<em>Dzieci z Ghouta s\u0105 celem Assada (aljazeera.net, 22 lutego 2018)<\/em><\/p>\n<p><img loading=\"lazy\" decoding=\"async\" class=\"alignnone size-full wp-image-10565\" src=\"https:\/\/www2.memri.org\/polish\/wp-content\/uploads\/2018\/03\/sd7377f.jpg\" width=\"672\" height=\"440\" alt=\"\" srcset=\"https:\/\/www2.memri.org\/polish\/wp-content\/uploads\/2018\/03\/sd7377f.jpg 672w, https:\/\/www2.memri.org\/polish\/wp-content\/uploads\/2018\/03\/sd7377f-300x196.jpg 300w, https:\/\/www2.memri.org\/polish\/wp-content\/uploads\/2018\/03\/sd7377f-600x393.jpg 600w, https:\/\/www2.memri.org\/polish\/wp-content\/uploads\/2018\/03\/sd7377f-641x420.jpg 641w\" sizes=\"auto, (max-width: 672px) 100vw, 672px\" \/><br \/>\n<em>W drodze do Jerozolimy Assad i re\u017cim ira\u0144ski orz\u0105 Ghout\u0119 (arabi21.com, 21 lutego 2018)<\/em><\/p>\n<p><img loading=\"lazy\" decoding=\"async\" class=\"alignnone size-full wp-image-10566\" src=\"https:\/\/www2.memri.org\/polish\/wp-content\/uploads\/2018\/03\/sd7377g.jpg\" width=\"671\" height=\"429\" alt=\"\" srcset=\"https:\/\/www2.memri.org\/polish\/wp-content\/uploads\/2018\/03\/sd7377g.jpg 671w, https:\/\/www2.memri.org\/polish\/wp-content\/uploads\/2018\/03\/sd7377g-300x192.jpg 300w, https:\/\/www2.memri.org\/polish\/wp-content\/uploads\/2018\/03\/sd7377g-600x384.jpg 600w, https:\/\/www2.memri.org\/polish\/wp-content\/uploads\/2018\/03\/sd7377g-657x420.jpg 657w\" sizes=\"auto, (max-width: 671px) 100vw, 671px\" \/><br \/>\n<em>Assad stoi na czaszkach zabitych z &#8222;Wschodniej Ghouty&#8221; i m\u00f3wi: \u201cPo o\u015bmiu latach jeszcze nie przyzwyczaili\u015bcie si\u0119 do sytuacji!&#8221;<\/em> <em>(\u201c<\/em><em>Al-Quds Al-Arabi\u2019, Londyn, 22 lutego 2018)<\/em><\/p>\n<p><img loading=\"lazy\" decoding=\"async\" class=\"alignnone size-full wp-image-10567\" src=\"https:\/\/www2.memri.org\/polish\/wp-content\/uploads\/2018\/03\/sd7377h.jpg\" width=\"672\" height=\"421\" alt=\"\" srcset=\"https:\/\/www2.memri.org\/polish\/wp-content\/uploads\/2018\/03\/sd7377h.jpg 672w, https:\/\/www2.memri.org\/polish\/wp-content\/uploads\/2018\/03\/sd7377h-300x188.jpg 300w, https:\/\/www2.memri.org\/polish\/wp-content\/uploads\/2018\/03\/sd7377h-600x376.jpg 600w, https:\/\/www2.memri.org\/polish\/wp-content\/uploads\/2018\/03\/sd7377h-670x420.jpg 670w\" sizes=\"auto, (max-width: 672px) 100vw, 672px\" \/><br \/>\n<em>Syryjska bro\u0144 wystrzelona &#8222;na Ghout\u0119&#8221; jest pot\u0119\u017cniejsza ni\u017c bro\u0144 wystrzelona &#8222;na Izrael&#8221; (\u201e<\/em><em>Al Bayan\u201d,ZEA, 17 lutego 2018)<\/em><\/p>\n<p><img loading=\"lazy\" decoding=\"async\" class=\"alignnone size-full wp-image-10568\" src=\"https:\/\/www2.memri.org\/polish\/wp-content\/uploads\/2018\/03\/sd7377i.jpg\" width=\"672\" height=\"454\" alt=\"\" srcset=\"https:\/\/www2.memri.org\/polish\/wp-content\/uploads\/2018\/03\/sd7377i.jpg 672w, https:\/\/www2.memri.org\/polish\/wp-content\/uploads\/2018\/03\/sd7377i-300x203.jpg 300w, https:\/\/www2.memri.org\/polish\/wp-content\/uploads\/2018\/03\/sd7377i-600x405.jpg 600w, https:\/\/www2.memri.org\/polish\/wp-content\/uploads\/2018\/03\/sd7377i-622x420.jpg 622w\" sizes=\"auto, (max-width: 672px) 100vw, 672px\" \/><br \/>\n<em>Samolot wojenny &#8222;re\u017cim Assada&#8221; zrzuca trumny na &#8222;Al-Ghouta&#8221; (\u201e<\/em><em>&#8217;Okaz\u201d, Arabia Saudyjska, 26 lutego 2018)<\/em><\/p>\n<p><strong>Rosja jest wsp\u00f3lniki<\/strong><\/p>\n<p><strong>em re\u017cimu Assada, jej r\u0119ce pokryte s\u0105 syryjsk\u0105 krwi\u0105 <\/strong><\/p>\n<p><img loading=\"lazy\" decoding=\"async\" class=\"alignnone size-full wp-image-10569\" src=\"https:\/\/www2.memri.org\/polish\/wp-content\/uploads\/2018\/03\/sd7377j.jpg\" width=\"672\" height=\"375\" alt=\"\" srcset=\"https:\/\/www2.memri.org\/polish\/wp-content\/uploads\/2018\/03\/sd7377j.jpg 672w, https:\/\/www2.memri.org\/polish\/wp-content\/uploads\/2018\/03\/sd7377j-300x167.jpg 300w, https:\/\/www2.memri.org\/polish\/wp-content\/uploads\/2018\/03\/sd7377j-600x335.jpg 600w\" sizes=\"auto, (max-width: 672px) 100vw, 672px\" \/><\/p>\n<p><em>Rosja \u017c\u0105da sesji Rady Bezpiecze\u0144stwa o Ghoutcie, pij\u0105c szklank\u0119 syryjskiej krwi i z r\u0119kami kapi\u0105cymi od krwi (alaraby.co.uk, 22 lutego 2018)<\/em><\/p>\n<p><img loading=\"lazy\" decoding=\"async\" class=\"alignnone size-full wp-image-10570\" src=\"https:\/\/www2.memri.org\/polish\/wp-content\/uploads\/2018\/03\/sd7377k.jpg\" width=\"672\" height=\"348\" alt=\"\" srcset=\"https:\/\/www2.memri.org\/polish\/wp-content\/uploads\/2018\/03\/sd7377k.jpg 672w, https:\/\/www2.memri.org\/polish\/wp-content\/uploads\/2018\/03\/sd7377k-300x155.jpg 300w, https:\/\/www2.memri.org\/polish\/wp-content\/uploads\/2018\/03\/sd7377k-600x311.jpg 600w\" sizes=\"auto, (max-width: 672px) 100vw, 672px\" \/><\/p>\n<p><em>Rosja wyja\u015bnia, \u017ce u\u017cycie \u201ctruj\u0105cego gazu chloru\u201d by\u0142o \u201csamoobron\u0105\u201d (\u201e<\/em><em>Al-Quds Al-Arabi\u201d, Londyn, 9 lutego 2018)<\/em><\/p>\n<p><img loading=\"lazy\" decoding=\"async\" class=\"alignnone size-full wp-image-10571\" src=\"https:\/\/www2.memri.org\/polish\/wp-content\/uploads\/2018\/03\/sd7377l.jpg\" width=\"673\" height=\"422\" alt=\"\" srcset=\"https:\/\/www2.memri.org\/polish\/wp-content\/uploads\/2018\/03\/sd7377l.jpg 673w, https:\/\/www2.memri.org\/polish\/wp-content\/uploads\/2018\/03\/sd7377l-300x188.jpg 300w, https:\/\/www2.memri.org\/polish\/wp-content\/uploads\/2018\/03\/sd7377l-600x376.jpg 600w, https:\/\/www2.memri.org\/polish\/wp-content\/uploads\/2018\/03\/sd7377l-670x420.jpg 670w\" sizes=\"auto, (max-width: 673px) 100vw, 673px\" \/><br \/>\n<em>&#8222;Rosyjskie weto&#8221; zielonym \u015bwiat\u0142em dla atak\u00f3w re\u017cimu na \u201ccywil\u00f3w w Ghouta i Idlib&#8221; (\u201eMakkah\u201d, Arabia Saudyjska, 10 lutego 2018) <\/em><\/p>\n<p><img loading=\"lazy\" decoding=\"async\" class=\"alignnone size-full wp-image-10572\" src=\"https:\/\/www2.memri.org\/polish\/wp-content\/uploads\/2018\/03\/sd7377m.jpg\" width=\"672\" height=\"445\" alt=\"\" srcset=\"https:\/\/www2.memri.org\/polish\/wp-content\/uploads\/2018\/03\/sd7377m.jpg 672w, https:\/\/www2.memri.org\/polish\/wp-content\/uploads\/2018\/03\/sd7377m-300x199.jpg 300w, https:\/\/www2.memri.org\/polish\/wp-content\/uploads\/2018\/03\/sd7377m-600x397.jpg 600w, https:\/\/www2.memri.org\/polish\/wp-content\/uploads\/2018\/03\/sd7377m-634x420.jpg 634w\" sizes=\"auto, (max-width: 672px) 100vw, 672px\" \/><br \/>\n<em>Weto Rosji na Radzie Bezpiecze\u0144stwa pozwala syryjskiemu re\u017cimowi na dalsze bombardowanie Ghouty (\u201e<\/em><em>Makkah\u201d, Arabia Saudyjska, 26 lutego 2018) <\/em><\/p>\n<p><strong>Krytyka re\u017cimu syryjskiego i Rosji za ignorowanie oenzetowskiego zawieszenia broni <\/strong><\/p>\n<p><img loading=\"lazy\" decoding=\"async\" class=\"alignnone size-full wp-image-10573\" src=\"https:\/\/www2.memri.org\/polish\/wp-content\/uploads\/2018\/03\/sd7377n.jpg\" width=\"672\" height=\"508\" alt=\"\" srcset=\"https:\/\/www2.memri.org\/polish\/wp-content\/uploads\/2018\/03\/sd7377n.jpg 672w, https:\/\/www2.memri.org\/polish\/wp-content\/uploads\/2018\/03\/sd7377n-300x227.jpg 300w, https:\/\/www2.memri.org\/polish\/wp-content\/uploads\/2018\/03\/sd7377n-600x454.jpg 600w, https:\/\/www2.memri.org\/polish\/wp-content\/uploads\/2018\/03\/sd7377n-80x60.jpg 80w, https:\/\/www2.memri.org\/polish\/wp-content\/uploads\/2018\/03\/sd7377n-556x420.jpg 556w\" sizes=\"auto, (max-width: 672px) 100vw, 672px\" \/><br \/>\n<em>&#8222;Hudna&#8221; (zawieszenie broni) zamienia si\u0119 w pociski wystrzelone przez &#8222;Rosj\u0119&#8221; na &#8222;Wschodni\u0105 Ghout\u0119&#8221; (\u201e<\/em><em>Al-Quds Al-Arabi\u201d, Londyn, 27 lutego 2018)<\/em><\/p>\n<p><img loading=\"lazy\" decoding=\"async\" class=\"alignnone size-full wp-image-10574\" src=\"https:\/\/www2.memri.org\/polish\/wp-content\/uploads\/2018\/03\/sd7377o.jpg\" width=\"673\" height=\"371\" alt=\"\" srcset=\"https:\/\/www2.memri.org\/polish\/wp-content\/uploads\/2018\/03\/sd7377o.jpg 673w, https:\/\/www2.memri.org\/polish\/wp-content\/uploads\/2018\/03\/sd7377o-300x165.jpg 300w, https:\/\/www2.memri.org\/polish\/wp-content\/uploads\/2018\/03\/sd7377o-600x331.jpg 600w\" sizes=\"auto, (max-width: 673px) 100vw, 673px\" \/><br \/>\n<em>Rosja i re\u017cim Assada strzelaj\u0105 do &#8222;hudna&#8221; w &#8222;Wschodniej Ghoutcie&#8221; (\u201e<\/em><em>Al-Arab\u201d, Katar, 1 marca 2018)<\/em><\/p>\n<p><img loading=\"lazy\" decoding=\"async\" class=\"alignnone size-full wp-image-10575\" src=\"https:\/\/www2.memri.org\/polish\/wp-content\/uploads\/2018\/03\/sd7377p.jpg\" width=\"672\" height=\"403\" alt=\"\" srcset=\"https:\/\/www2.memri.org\/polish\/wp-content\/uploads\/2018\/03\/sd7377p.jpg 672w, https:\/\/www2.memri.org\/polish\/wp-content\/uploads\/2018\/03\/sd7377p-300x180.jpg 300w, https:\/\/www2.memri.org\/polish\/wp-content\/uploads\/2018\/03\/sd7377p-600x360.jpg 600w\" sizes=\"auto, (max-width: 672px) 100vw, 672px\" \/><br \/>\n<em>Putin u\u017cywa &#8222;hudna&#8221; jako okazji do przybicia tarczy na plecach Syrii (arabi21.com, 2 marca 2018)<\/em><\/p>\n<p><img loading=\"lazy\" decoding=\"async\" class=\"alignnone size-full wp-image-10576\" src=\"https:\/\/www2.memri.org\/polish\/wp-content\/uploads\/2018\/03\/sd7377q.jpg\" width=\"672\" height=\"376\" alt=\"\" srcset=\"https:\/\/www2.memri.org\/polish\/wp-content\/uploads\/2018\/03\/sd7377q.jpg 672w, https:\/\/www2.memri.org\/polish\/wp-content\/uploads\/2018\/03\/sd7377q-300x168.jpg 300w, https:\/\/www2.memri.org\/polish\/wp-content\/uploads\/2018\/03\/sd7377q-600x336.jpg 600w\" sizes=\"auto, (max-width: 672px) 100vw, 672px\" \/><br \/>\n<em>Assad i Russia u\u017cywaj\u0105 &#8222;hudna&#8221; do dalszego mia\u017cd\u017cenia dzieci w Ghoutcie (\u201e<\/em><em>Al-Arab\u201d, Katar, 4 marca 2018)<\/em><\/p>\n<p><img loading=\"lazy\" decoding=\"async\" class=\"alignnone size-full wp-image-10577\" src=\"https:\/\/www2.memri.org\/polish\/wp-content\/uploads\/2018\/03\/sd7377r.jpg\" width=\"672\" height=\"384\" alt=\"\" srcset=\"https:\/\/www2.memri.org\/polish\/wp-content\/uploads\/2018\/03\/sd7377r.jpg 672w, https:\/\/www2.memri.org\/polish\/wp-content\/uploads\/2018\/03\/sd7377r-300x171.jpg 300w, https:\/\/www2.memri.org\/polish\/wp-content\/uploads\/2018\/03\/sd7377r-600x343.jpg 600w\" sizes=\"auto, (max-width: 672px) 100vw, 672px\" \/><br \/>\n<em>Assad piecze &#8222;hudna&#8221; (\u201c<\/em><em>Al-Watan\u201d, Arabia Saudyjska, 26 lutego 2018)<\/em><\/p>\n<p><strong>Krytyka milczenia ONZ, spo\u0142eczno\u015bci mi\u0119dzynarodowej i Arab\u00f3w <\/strong><\/p>\n<p><img loading=\"lazy\" decoding=\"async\" class=\"alignnone size-full wp-image-10578\" src=\"https:\/\/www2.memri.org\/polish\/wp-content\/uploads\/2018\/03\/sd7377s.jpg\" width=\"680\" height=\"386\" alt=\"\" srcset=\"https:\/\/www2.memri.org\/polish\/wp-content\/uploads\/2018\/03\/sd7377s.jpg 680w, https:\/\/www2.memri.org\/polish\/wp-content\/uploads\/2018\/03\/sd7377s-300x170.jpg 300w, https:\/\/www2.memri.org\/polish\/wp-content\/uploads\/2018\/03\/sd7377s-600x341.jpg 600w\" sizes=\"auto, (max-width: 680px) 100vw, 680px\" \/><br \/>\n<em>ONZ odpowiada na atak broni\u0105 chemiczn\u0105 na Ghouta przez podniesienie plakatu ze s\u0142owami: \u201ePot\u0119piamy, oskar\u017camy i ubolewamy\u201d (\u201e<\/em><em>Al-Jazirah\u201d, Arabia Saudyjska, 12 lutego 2018)<\/em><\/p>\n<p><img loading=\"lazy\" decoding=\"async\" class=\"alignnone size-full wp-image-10579\" src=\"https:\/\/www2.memri.org\/polish\/wp-content\/uploads\/2018\/03\/sd7377u.jpg\" width=\"672\" height=\"343\" alt=\"\" srcset=\"https:\/\/www2.memri.org\/polish\/wp-content\/uploads\/2018\/03\/sd7377u.jpg 672w, https:\/\/www2.memri.org\/polish\/wp-content\/uploads\/2018\/03\/sd7377u-300x153.jpg 300w, https:\/\/www2.memri.org\/polish\/wp-content\/uploads\/2018\/03\/sd7377u-600x306.jpg 600w\" sizes=\"auto, (max-width: 672px) 100vw, 672px\" \/><br \/>\n<em>&#8222;Arabski re\u017cim&#8221;, &#8222;Zach\u00f3d&#8221; i &#8222;mi\u0119dzynarodowe organy&#8221; zielonym \u015bwiat\u0142em dla \u201dtrwaj\u0105cych atak\u00f3w w celu unicestwienia wschodniej Ghouty!!&#8221; (\u201c<\/em><em>Al-Quds Al-Arabi\u201d, Londyn, 23lutego 2018)<\/em><\/p>\n<p><img loading=\"lazy\" decoding=\"async\" class=\"alignnone size-full wp-image-10580\" src=\"https:\/\/www2.memri.org\/polish\/wp-content\/uploads\/2018\/03\/sd7377v.jpg\" width=\"672\" height=\"382\" alt=\"\" srcset=\"https:\/\/www2.memri.org\/polish\/wp-content\/uploads\/2018\/03\/sd7377v.jpg 672w, https:\/\/www2.memri.org\/polish\/wp-content\/uploads\/2018\/03\/sd7377v-300x171.jpg 300w, https:\/\/www2.memri.org\/polish\/wp-content\/uploads\/2018\/03\/sd7377v-600x341.jpg 600w\" sizes=\"auto, (max-width: 672px) 100vw, 672px\" \/><br \/>\n<em>Sekretarz generalny ONZ Ant\u00f3nio Guterres gra, podczas gdy &#8222;Ghouta&#8221; p\u0142onie, \u015bpiewaj\u0105c &#8222;Jestem zatroskany, bardzo zatroskany&#8221; (\u201e<\/em><em>Al-Jazirah\u201d, Arabia Saudyjska, 25 lutego 2018) <\/em><\/p>\n<p><img loading=\"lazy\" decoding=\"async\" class=\"alignnone size-full wp-image-10581\" src=\"https:\/\/www2.memri.org\/polish\/wp-content\/uploads\/2018\/03\/sd7377w.jpg\" width=\"670\" height=\"376\" alt=\"\" srcset=\"https:\/\/www2.memri.org\/polish\/wp-content\/uploads\/2018\/03\/sd7377w.jpg 670w, https:\/\/www2.memri.org\/polish\/wp-content\/uploads\/2018\/03\/sd7377w-300x168.jpg 300w, https:\/\/www2.memri.org\/polish\/wp-content\/uploads\/2018\/03\/sd7377w-600x337.jpg 600w\" sizes=\"auto, (max-width: 670px) 100vw, 670px\" \/><br \/>\n<em>&#8222;Spo\u0142eczno\u015b\u0107 mi\u0119dzynarodowa i rze\u017a w Ghoutcie&#8221; (alaraby.co.uk, 23 lutego 2018)<\/em><\/p>\n<p><img loading=\"lazy\" decoding=\"async\" class=\"alignnone size-full wp-image-10582\" src=\"https:\/\/www2.memri.org\/polish\/wp-content\/uploads\/2018\/03\/sd7377x.jpg\" width=\"672\" height=\"381\" alt=\"\" srcset=\"https:\/\/www2.memri.org\/polish\/wp-content\/uploads\/2018\/03\/sd7377x.jpg 672w, https:\/\/www2.memri.org\/polish\/wp-content\/uploads\/2018\/03\/sd7377x-300x170.jpg 300w, https:\/\/www2.memri.org\/polish\/wp-content\/uploads\/2018\/03\/sd7377x-600x340.jpg 600w\" sizes=\"auto, (max-width: 672px) 100vw, 672px\" \/><br \/>\n<em>Lina rzucona Ghoutcie przez &#8222;\u015bwiat&#8221; zamienia si\u0119 w stryczek (orient-news.net, 19 lutego 2018)<\/em><\/p>\n<p><img loading=\"lazy\" decoding=\"async\" class=\"alignnone size-full wp-image-10583\" src=\"https:\/\/www2.memri.org\/polish\/wp-content\/uploads\/2018\/03\/sd7377y.jpg\" width=\"672\" height=\"439\" alt=\"\" srcset=\"https:\/\/www2.memri.org\/polish\/wp-content\/uploads\/2018\/03\/sd7377y.jpg 672w, https:\/\/www2.memri.org\/polish\/wp-content\/uploads\/2018\/03\/sd7377y-300x196.jpg 300w, https:\/\/www2.memri.org\/polish\/wp-content\/uploads\/2018\/03\/sd7377y-600x392.jpg 600w, https:\/\/www2.memri.org\/polish\/wp-content\/uploads\/2018\/03\/sd7377y-643x420.jpg 643w\" sizes=\"auto, (max-width: 672px) 100vw, 672px\" \/><br \/>\n<em>&#8222;Arabskie i mi\u0119dzynarodowe milczenie w obliczu zbrodni re\u017cimu syryjskiego w Ghoutcie&#8221;: Assad ostrzy swoje pociski z pomoc\u0105 Ligi Arabskiej i ONZ \u00a0(arabi.21.com, 23 lutego 2018)<\/em><\/p>\n<p><img loading=\"lazy\" decoding=\"async\" class=\"alignnone size-full wp-image-10584\" src=\"https:\/\/www2.memri.org\/polish\/wp-content\/uploads\/2018\/03\/sd7377z.jpg\" width=\"672\" height=\"344\" alt=\"\" srcset=\"https:\/\/www2.memri.org\/polish\/wp-content\/uploads\/2018\/03\/sd7377z.jpg 672w, https:\/\/www2.memri.org\/polish\/wp-content\/uploads\/2018\/03\/sd7377z-300x154.jpg 300w, https:\/\/www2.memri.org\/polish\/wp-content\/uploads\/2018\/03\/sd7377z-600x307.jpg 600w\" sizes=\"auto, (max-width: 672px) 100vw, 672px\" \/><br \/>\n<em>&#8222;Dzieci Syrii&#8221; umieraj\u0105 przy milczeniu \u015bwiata (\u201e<\/em><em>Al-Quds Al-Arabi\u201d, Londyn, 21 lutego 2018.)<\/em><\/p>\n<p><img loading=\"lazy\" decoding=\"async\" class=\"alignnone size-full wp-image-10585\" src=\"https:\/\/www2.memri.org\/polish\/wp-content\/uploads\/2018\/03\/sd7377a2.jpg\" width=\"672\" height=\"401\" alt=\"\" srcset=\"https:\/\/www2.memri.org\/polish\/wp-content\/uploads\/2018\/03\/sd7377a2.jpg 672w, https:\/\/www2.memri.org\/polish\/wp-content\/uploads\/2018\/03\/sd7377a2-300x179.jpg 300w, https:\/\/www2.memri.org\/polish\/wp-content\/uploads\/2018\/03\/sd7377a2-600x358.jpg 600w\" sizes=\"auto, (max-width: 672px) 100vw, 672px\" \/><br \/>\n<em>Assad bombarduje Ghout\u0119, a ONZ klasyfikuje rodzaje pocisk\u00f3w: &#8222;Jeden konwencjonalny, jeden TNT, dwa chemiczne\u2026&#8221; (stepagency-sy.net, 12 lutego 2018)<\/em><\/p>\n<p><img loading=\"lazy\" decoding=\"async\" class=\"alignnone size-full wp-image-10586\" src=\"https:\/\/www2.memri.org\/polish\/wp-content\/uploads\/2018\/03\/sd7377a3.jpg\" width=\"672\" height=\"402\" alt=\"\" srcset=\"https:\/\/www2.memri.org\/polish\/wp-content\/uploads\/2018\/03\/sd7377a3.jpg 672w, https:\/\/www2.memri.org\/polish\/wp-content\/uploads\/2018\/03\/sd7377a3-300x179.jpg 300w, https:\/\/www2.memri.org\/polish\/wp-content\/uploads\/2018\/03\/sd7377a3-600x359.jpg 600w\" sizes=\"auto, (max-width: 672px) 100vw, 672px\" \/><br \/>\n<em>ONZ jest zaj\u0119ta czytaniem dokument\u00f3w, podczas gdy Syryjczycy, ton\u0105cy we krwi, b\u0142agaj\u0105 o pomoc (stepagency-sy.net, 24 lutego 2018)<\/em><\/p>\n<p><img loading=\"lazy\" decoding=\"async\" class=\"alignnone size-full wp-image-10587\" src=\"https:\/\/www2.memri.org\/polish\/wp-content\/uploads\/2018\/03\/sd7377a4.jpg\" width=\"672\" height=\"368\" alt=\"\" srcset=\"https:\/\/www2.memri.org\/polish\/wp-content\/uploads\/2018\/03\/sd7377a4.jpg 672w, https:\/\/www2.memri.org\/polish\/wp-content\/uploads\/2018\/03\/sd7377a4-300x164.jpg 300w, https:\/\/www2.memri.org\/polish\/wp-content\/uploads\/2018\/03\/sd7377a4-600x329.jpg 600w\" sizes=\"auto, (max-width: 672px) 100vw, 672px\" \/><br \/>\n<em>ONZ do Rosji: &#8222;Przepraszam, \u017ce przeszkadzam, ale musisz podpisa\u0107 dokument o zawieszeniu broni!!&#8221; (\u201c<\/em><em>Al-Arab\u201d, Katar, 26 lutego 2018)<\/em><\/p>\n","protected":false},"excerpt":{"rendered":"<p>Ataki w ostatnich tygodniach wschodniej Ghouty na przedmie\u015bcie Damaszku przez re\u017cim Assada i jego sojusznik\u00f3w, g\u0142\u00f3wnie Rosj\u0119, w kt\u00f3rych podobno u\u017cyto broni chemicznej, wywo\u0142a\u0142y pow\u00f3d\u017a reakcji w prasie arabskiej. W\u015br\u00f3d tych reakcji s\u0105 karykatury publikowane w pa\u0144stwach Zatoki, znanych z opozycji wobec re\u017cimu Assada, a tak\u017ce publikowane na stronach internetowych syryjskiej opozycji. Karykatury pot\u0119piaj\u0105 katastrof\u0119 [&hellip;]<\/p>\n","protected":false},"author":1,"featured_media":10559,"comment_status":"open","ping_status":"open","sticky":false,"template":"","format":"standard","meta":{"footnotes":""},"categories":[824,830,835,837],"tags":[],"class_list":["post-10558","post","type-post","status-publish","format-standard","has-post-thumbnail","hentry","category-specjalne-komunikaty","category-syria","category-archiwum","category-kraje"],"_links":{"self":[{"href":"https:\/\/www2.memri.org\/polish\/wp-json\/wp\/v2\/posts\/10558","targetHints":{"allow":["GET"]}}],"collection":[{"href":"https:\/\/www2.memri.org\/polish\/wp-json\/wp\/v2\/posts"}],"about":[{"href":"https:\/\/www2.memri.org\/polish\/wp-json\/wp\/v2\/types\/post"}],"author":[{"embeddable":true,"href":"https:\/\/www2.memri.org\/polish\/wp-json\/wp\/v2\/users\/1"}],"replies":[{"embeddable":true,"href":"https:\/\/www2.memri.org\/polish\/wp-json\/wp\/v2\/comments?post=10558"}],"version-history":[{"count":1,"href":"https:\/\/www2.memri.org\/polish\/wp-json\/wp\/v2\/posts\/10558\/revisions"}],"predecessor-version":[{"id":10588,"href":"https:\/\/www2.memri.org\/polish\/wp-json\/wp\/v2\/posts\/10558\/revisions\/10588"}],"wp:featuredmedia":[{"embeddable":true,"href":"https:\/\/www2.memri.org\/polish\/wp-json\/wp\/v2\/media\/10559"}],"wp:attachment":[{"href":"https:\/\/www2.memri.org\/polish\/wp-json\/wp\/v2\/media?parent=10558"}],"wp:term":[{"taxonomy":"category","embeddable":true,"href":"https:\/\/www2.memri.org\/polish\/wp-json\/wp\/v2\/categories?post=10558"},{"taxonomy":"post_tag","embeddable":true,"href":"https:\/\/www2.memri.org\/polish\/wp-json\/wp\/v2\/tags?post=10558"}],"curies":[{"name":"wp","href":"https:\/\/api.w.org\/{rel}","templated":true}]}}