{"id":10519,"date":"2018-03-07T22:47:42","date_gmt":"2018-03-07T21:47:42","guid":{"rendered":"http:\/\/www2.memri.org\/polish\/?p=10519"},"modified":"2018-03-08T22:49:53","modified_gmt":"2018-03-08T21:49:53","slug":"turecka-gazeta-bliska-prezydentowi-erdoganowi-wzywa-do-stworzenia-wspolnej-armii-islamskiej-do-walki-z-izraelem","status":"publish","type":"post","link":"https:\/\/www2.memri.org\/polish\/turecka-gazeta-bliska-prezydentowi-erdoganowi-wzywa-do-stworzenia-wspolnej-armii-islamskiej-do-walki-z-izraelem\/10519","title":{"rendered":"Turecka gazeta bliska prezydentowi Erdoganowi wzywa do stworzenia wsp\u00f3lnej armii islamskiej do walki z Izraelem"},"content":{"rendered":"<p><strong>Wprowadzenie<\/strong><\/p>\n<p><em>12 grudnia 2017 r., przed szczytem Organizacji Wsp\u00f3\u0142pracy Islamskiej (OIC) w Stambule, turecka gazeta \u201cYeni \u015eafak\u201d, kt\u00f3ra jest zwi\u0105zana z prezydentem Recepem Tayyip Erdo\u011fanem i jego rz\u0105dz\u0105c\u0105 parti\u0105 AKP, opublikowa\u0142a artyku\u0142 pod tytu\u0142em <\/em>Wezwanie do natychmiastowej akcji<a name=\"_ednref1\"><\/a><a href=\"https:\/\/www.memri.org\/reports\/turkish-newspaper-close-president-erdogan-calls-form-joint-islamic-army-fight-israel#_edn1\"><em>[1]<\/em><\/a><em>, kt\u00f3ry tak\u017ce pojawi\u0142 si\u0119 na stronie internetowej tej gazety pod tytu\u0142em <\/em>A gdyby stworzy\u0107 armi\u0119 islamu przeciwko Izraelowi?<a name=\"_ednref2\"><\/a><a href=\"https:\/\/www.memri.org\/reports\/turkish-newspaper-close-president-erdogan-calls-form-joint-islamic-army-fight-israel#_edn2\"><em>[2]<\/em><\/a><em> W artykule wezwano 57 pa\u0144stw cz\u0142onkowskich OIC do utworzenia wsp\u00f3lnej \u201cArmii Islamu\u201d, by oblega\u0142a i atakowa\u0142a pa\u0144stwo Izrael. Pisano, \u017ce taka wsp\u00f3lna armia niezmiernie przekroczy izraelsk\u0105 armi\u0119 w liczebno\u015bci, wyposa\u017ceniu i bud\u017cecie, i podano statystyki, kt\u00f3re to pokazuj\u0105. Proponowano r\u00f3wnie\u017c za\u0142o\u017cenie wsp\u00f3lnych baz dla si\u0142 l\u0105dowych, powietrznych i morskich, kt\u00f3re przyb\u0119d\u0105 z ca\u0142ego \u015bwiata muzu\u0142ma\u0144skiego, by oblega\u0107 Izrael, i zanotowano, \u017ce Pakistan, jedyny kraj nuklearny, ma \u201especjalny status\u201d w\u015br\u00f3d kraj\u00f3w OIC. Interaktywna mapa dostarcza informacji o si\u0142ach militarnych stacjonuj\u0105cych w r\u00f3\u017cnych miejscach i o ich roli, jak\u0105 mog\u0105 odegra\u0107 w potencjalnym wsp\u00f3lnym ataku muzu\u0142ma\u0144skim na Izrael.<\/em><\/p>\n<p><img loading=\"lazy\" decoding=\"async\" class=\"alignnone size-full wp-image-10520\" src=\"https:\/\/www2.memri.org\/polish\/wp-content\/uploads\/2018\/03\/SD7371A.jpg\" width=\"800\" height=\"1200\" alt=\"\" srcset=\"https:\/\/www2.memri.org\/polish\/wp-content\/uploads\/2018\/03\/SD7371A.jpg 800w, https:\/\/www2.memri.org\/polish\/wp-content\/uploads\/2018\/03\/SD7371A-200x300.jpg 200w, https:\/\/www2.memri.org\/polish\/wp-content\/uploads\/2018\/03\/SD7371A-768x1152.jpg 768w, https:\/\/www2.memri.org\/polish\/wp-content\/uploads\/2018\/03\/SD7371A-683x1024.jpg 683w, https:\/\/www2.memri.org\/polish\/wp-content\/uploads\/2018\/03\/SD7371A-600x900.jpg 600w, https:\/\/www2.memri.org\/polish\/wp-content\/uploads\/2018\/03\/SD7371A-696x1044.jpg 696w, https:\/\/www2.memri.org\/polish\/wp-content\/uploads\/2018\/03\/SD7371A-280x420.jpg 280w\" sizes=\"auto, (max-width: 800px) 100vw, 800px\" \/><\/p>\n<p><strong>\u0179r\u00f3d\u0142o artyku\u0142u w \u201cYeni \u015eafak\u201d: Witryna internetowa firmy SADAT <\/strong><\/p>\n<p><em>G\u0142\u00f3wne punkty artyku\u0142u wzi\u0119te s\u0105 z witryny internetowej tureckiej SADAT \u2013 Mi\u0119dzynarodowa Firma Obrony i Konsultingu \u2013 kt\u00f3ra dostarcza konsultacji w sprawach obrony i dzia\u0142a\u0144 wojennych, zar\u00f3wno konwencjonalnych, jak niekonwencjonalnych, oraz w sprawie militarnej organizacji, szkolenia i wyposa\u017cenia. Agend\u0105 firmy jest promowanie panislamskiej wsp\u00f3\u0142pracy militarnej. Wed\u0142ug jej spisanej misji, d\u0105\u017cy do \u201custanowienia wsp\u00f3\u0142pracy obronnej i wsp\u00f3\u0142pracy przemys\u0142u obronnego mi\u0119dzy krajami islamskimi, \u017ceby pom\u00f3c \u015bwiatu islamskiemu w zaj\u0119ciu jego prawowitego miejsca w\u015br\u00f3d supermocarstw przez dostarczanie&#8230; strategicznych konsultacji i us\u0142ug szkoleniowych armiom i krajowym si\u0142om bezpiecze\u0144stwa w krajach islamskich&#8221;<a name=\"_ednref3\"><\/a><a href=\"https:\/\/www.memri.org\/reports\/turkish-newspaper-close-president-erdogan-calls-form-joint-islamic-army-fight-israel#_edn3\">[3]<\/a>.<\/em><\/p>\n<p><em>Wed\u0142ug izraelskich \u017ar\u00f3de\u0142 bezpiecze\u0144stwa, firma SADAT jest zaanga\u017cowana w pomoc Hamasowi i stara si\u0119 wesprze\u0107 \u2013 funduszami i wyposa\u017ceniem militarnym \u2013 utworzenie \u201cPalesty\u0144skiej armii\u201d do walki z Izraelem<a name=\"_ednref4\"><\/a><a href=\"https:\/\/www.memri.org\/reports\/turkish-newspaper-close-president-erdogan-calls-form-joint-islamic-army-fight-israel#_edn4\">[4]<\/a>.<\/em><\/p>\n<p><strong>Za\u0142o\u017cyciel SADAT, Adnan Tanr\u0131verdi<\/strong><\/p>\n<p><em>Firm\u0119 SADAT za\u0142o\u017cy\u0142 starszy doradca Erdo\u011fana ds. militarnych, emerytowany genera\u0142 Adnan Tanr\u0131verdi, a jej dyrektorem jest jego syn, Melih Tanr\u0131verdi. Adnan Tanr\u0131verdi (ur. 1944) s\u0142u\u017cy\u0142 w korpusie artylerii armii tureckiej i by\u0142 szefem dow\u00f3dztwa ty\u0142\u00f3w w p\u00f3\u0142nocnym Cyprze. Jest specjalist\u0105 niesymetrycznych dzia\u0142a\u0144 wojennych i zosta\u0142 zwolniony z armii tureckiej w 1996 r. za islamistyczne sympatie. By\u0142y oficer turecki, Ahmet Yavuz, opisa\u0142 go jako \u201cwroga Atat\u00fcrka&#8221; i powiedzia\u0142, \u017ce jego zwolnienie z armii nie by\u0142o zaskoczeniem<a name=\"_ednref5\"><\/a><a href=\"https:\/\/www.memri.org\/reports\/turkish-newspaper-close-president-erdogan-calls-form-joint-islamic-army-fight-israel#_edn5\">[5]<\/a>. <\/em><\/p>\n<p><img loading=\"lazy\" decoding=\"async\" class=\"alignnone size-full wp-image-10521\" src=\"https:\/\/www2.memri.org\/polish\/wp-content\/uploads\/2018\/03\/SD7371.jpg\" width=\"936\" height=\"364\" alt=\"\" srcset=\"https:\/\/www2.memri.org\/polish\/wp-content\/uploads\/2018\/03\/SD7371.jpg 936w, https:\/\/www2.memri.org\/polish\/wp-content\/uploads\/2018\/03\/SD7371-300x117.jpg 300w, https:\/\/www2.memri.org\/polish\/wp-content\/uploads\/2018\/03\/SD7371-768x299.jpg 768w, https:\/\/www2.memri.org\/polish\/wp-content\/uploads\/2018\/03\/SD7371-600x233.jpg 600w, https:\/\/www2.memri.org\/polish\/wp-content\/uploads\/2018\/03\/SD7371-696x271.jpg 696w\" sizes=\"auto, (max-width: 936px) 100vw, 936px\" \/><em>Zdj\u0119cie: Sadat.com.tr<\/em><\/p>\n<p><em>Artyku\u0142 w \u201e<\/em><em>Yeni \u015eafak\u201d opiera si\u0119 na broszurze w PDF prezentuj\u0105cej szereg artyku\u0142\u00f3w Tanr\u0131verdiego, jak r\u00f3wnie\u017c inne materia\u0142y, kt\u00f3re ukaza\u0142y si\u0119 na stronie internetowej SADAT, ale zosta\u0142y potem usuni\u0119te<a name=\"_ednref6\"><\/a><a href=\"https:\/\/www.memri.org\/reports\/turkish-newspaper-close-president-erdogan-calls-form-joint-islamic-army-fight-israel#_edn6\">[6]<\/a>. Niekt\u00f3re z tych artyku\u0142\u00f3w s\u0105 zjadliwie antyizraelskie i promuj\u0105 cel uzbrojenia Palesty\u0144czyk\u00f3w i stworzenia Armii Islamu do wyeliminowania Izraela. \u00a0<\/em><\/p>\n<p><em>Jeden z tych artyku\u0142\u00f3w, zatytu\u0142owany <\/em>SADAT i przysz\u0142o\u015b\u0107 \u015bwiata muzu\u0142ma\u0144skiego<em>, opisuje Izrael jako \u201cprzycz\u00f3\u0142ek nowej krucjaty i sztylet w sercu islamu\u201d oraz \u201coczy, uszy i pi\u0119\u015b\u0107 chrze\u015bcija\u0144skiego \u015bwiata\u201d. Inny artyku\u0142, zatytu\u0142owany <\/em>Jak rozwi\u0105za\u0107 kwesti\u0119 palesty\u0144sk\u0105?<em>, podkre\u015bla potrzeb\u0119 u\u017cycia OIC jako bazy sta\u0142ego komitetu wsp\u00f3\u0142pracy obronnej, a tak\u017ce przedstawia wizj\u0119 za\u0142o\u017cenia baz wojskowych w celu wyzwolenia Palestyny. W artykule <\/em>Palestyna tak\u017ce powinna mie\u0107 armi\u0119<em> przedstawiono wizj\u0119 Tanr\u0131verdiego stworzenia palesty\u0144skiej armii wyposa\u017conej w czo\u0142gi i inn\u0105 bro\u0144 ci\u0119\u017ck\u0105. Ta armia wraz ze zjednoczon\u0105 Armi\u0105 Islamu, mo\u017ce doprowadzi\u0107 do militarnej kl\u0119ski Izraela w 10 dni i jego dyplomatycznej kl\u0119ski w 20 dni.<\/em><\/p>\n<p><em>Fakt, \u017ce \u201cYeni \u015eafak\u201d powtarza tezy artyku\u0142\u00f3w Tanr\u0131verdiego, wskazuje, \u017ce zwi\u0105zane z re\u017cimem media promuj\u0105 agend\u0119 zaatakowania Izraela.<\/em><\/p>\n<p><strong><em>Wsp\u00f3\u0142pracownik Tanr\u0131verdiego aresztowany w Izraelu pod zarzutem wspierania Hamasu \u00a0<\/em><\/strong><\/p>\n<p><em>Ostatnio Izrael dowiedzia\u0142 si\u0119 o dzia\u0142alno\u015bci Tanr\u0131verdiego po tym, jak aresztowa\u0142 tureckiego akademika, Cemila Tekeliego, pod zarzutem wspierania terroryst\u00f3w Hamasu w Turcji. Wed\u0142ug izraelskiej gazety \u201eMakor Rishon\u201d, Tekeli, ktory zosta\u0142 ju\u017c deportowany do Turcji, jest bliskim wsp\u00f3\u0142pracownikiem Adnana Tanr\u0131verdiego. Informacji \u201cMakor Rishon\u201d towarzyszy\u0142o jego zdj\u0119cie z zar\u00f3wno Adnanem, jak Melihem Tanr\u0131verdimi:<a name=\"_ednref7\"><\/a><a href=\"https:\/\/www.memri.org\/reports\/turkish-newspaper-close-president-erdogan-calls-form-joint-islamic-army-fight-israel#_edn7\">[7]<\/a><\/em><\/p>\n<p><img loading=\"lazy\" decoding=\"async\" class=\"alignnone size-full wp-image-10522\" src=\"https:\/\/www2.memri.org\/polish\/wp-content\/uploads\/2018\/03\/SD73711.jpg\" width=\"1000\" height=\"690\" alt=\"\" srcset=\"https:\/\/www2.memri.org\/polish\/wp-content\/uploads\/2018\/03\/SD73711.jpg 1000w, https:\/\/www2.memri.org\/polish\/wp-content\/uploads\/2018\/03\/SD73711-300x207.jpg 300w, https:\/\/www2.memri.org\/polish\/wp-content\/uploads\/2018\/03\/SD73711-768x530.jpg 768w, https:\/\/www2.memri.org\/polish\/wp-content\/uploads\/2018\/03\/SD73711-600x414.jpg 600w, https:\/\/www2.memri.org\/polish\/wp-content\/uploads\/2018\/03\/SD73711-100x70.jpg 100w, https:\/\/www2.memri.org\/polish\/wp-content\/uploads\/2018\/03\/SD73711-218x150.jpg 218w, https:\/\/www2.memri.org\/polish\/wp-content\/uploads\/2018\/03\/SD73711-696x480.jpg 696w, https:\/\/www2.memri.org\/polish\/wp-content\/uploads\/2018\/03\/SD73711-609x420.jpg 609w\" sizes=\"auto, (max-width: 1000px) 100vw, 1000px\" \/>Od lewej do prawej: Melih Tanr\u0131verdi, saudyjski pu\u0142kownik, Adnan Tanr\u0131verdi i Cemil Tekeli<\/p>\n<p><em>Poni\u017cej podajemy fragmenty artyku\u0142u z \u201cYeni \u015eafak\u201d wraz ze zdj\u0119ciami i infografik\u0105, jakie mu towarzyszy\u0142y. Wyt\u0142uszczony tekst za orygina\u0142em: \u00a0<\/em><\/p>\n<p>W najbli\u017csz\u0105 \u015brod\u0119 Stambu\u0142 b\u0119dzie go\u015bci\u0142 nadzwyczajny szczyt Organizacji Wsp\u00f3\u0142pracy Islamskiej, na kt\u00f3rym przypuszczalnie zapadn\u0105 decyzje w kwestiach militarnych i ekonomicznych. W tym kontek\u015bcie staje si\u0119 ewidentne, \u017ce [po\u0142\u0105czona] pot\u0119ga militarna pa\u0144stw cz\u0142onkowskich niezmiernie przewy\u017csza pot\u0119g\u0119 Izraela. Ponadto w mo\u017cliwej operacji militarnej ta wy\u017cszo\u015b\u0107 [mo\u017ce] by\u0107 realizowana w terenie przez [ustanowienie] wsp\u00f3lnych baz wojskowych dla si\u0142 l\u0105dowych, powietrznych i morskich. Poni\u017cej s\u0105 mapy i statystyki przedstawiaj\u0105ce por\u00f3wnanie mi\u0119dzy Izraelem i [proponowan\u0105] Armi\u0105 Islamu\u2026<\/p>\n<p>A gdyby stworzy\u0107 Armi\u0119 Islamu przeciwko Izraelowi?<\/p>\n<p>Je\u015bli pa\u0144stwa cz\u0142onkowskie OIC zjednocz\u0105 si\u0119 i stworz\u0105 wsp\u00f3ln\u0105 si\u0142\u0119 militarn\u0105, by\u0142aby to najwi\u0119ksza armia na \u015bwiecie. Totalna populacja tych kraj\u00f3w wynosi 1\u00a0674\u00a0526 931. Liczba \u017co\u0142nierzy w s\u0142u\u017cbie czynnej w tych krajach wynosi co najmniej 5\u00a0206 100. Ich [og\u00f3lny] militarny bud\u017cet obronny w wysoko\u015bci174\u00a0728\u00a0420 dolar\u00f3w te\u017c jest wart podkre\u015blenia.<\/p>\n<p>Po\u0142owa Stambu\u0142u<\/p>\n<p>Je\u015bli chodzi o Izrael, jest znacz\u0105co gorszy. Populacja tego kraju, kt\u00f3ry pr\u00f3buje okupowa\u0107 Jerozolim\u0119, kiedy jest otoczony muzu\u0142ma\u0144skimi krajami, wynosi 8\u00a0049 314. Prosz\u0119 zauwa\u017cy\u0107, \u017ce populacja samego Stambu\u0142u przekracza 14 milion\u00f3w. Liczba \u017co\u0142nierzy w s\u0142u\u017cbie czynnej w [izraelskich] si\u0142ach okupacyjnych wynosi 160 000, a bud\u017cet obronny [Izraela] wynosi oko\u0142o15\u00a0600\u00a0000\u00a0000 dolar\u00f3w.<\/p>\n<p><img loading=\"lazy\" decoding=\"async\" class=\"alignnone size-full wp-image-10523\" src=\"https:\/\/www2.memri.org\/polish\/wp-content\/uploads\/2018\/03\/SD73712.jpg\" width=\"932\" height=\"1126\" alt=\"\" srcset=\"https:\/\/www2.memri.org\/polish\/wp-content\/uploads\/2018\/03\/SD73712.jpg 932w, https:\/\/www2.memri.org\/polish\/wp-content\/uploads\/2018\/03\/SD73712-248x300.jpg 248w, https:\/\/www2.memri.org\/polish\/wp-content\/uploads\/2018\/03\/SD73712-768x928.jpg 768w, https:\/\/www2.memri.org\/polish\/wp-content\/uploads\/2018\/03\/SD73712-848x1024.jpg 848w, https:\/\/www2.memri.org\/polish\/wp-content\/uploads\/2018\/03\/SD73712-600x725.jpg 600w, https:\/\/www2.memri.org\/polish\/wp-content\/uploads\/2018\/03\/SD73712-696x841.jpg 696w, https:\/\/www2.memri.org\/polish\/wp-content\/uploads\/2018\/03\/SD73712-348x420.jpg 348w\" sizes=\"auto, (max-width: 932px) 100vw, 932px\" \/><em>Infografika por\u00f3wnuj\u0105ca kraje OIC z Izraelem: <\/em><\/p>\n<p><em>&#8222;<strong>Bud\u017cet obronny<\/strong>: OIC: $174\u00a0728 420; Izrael: $15\u00a0600 000. <strong>Populacja<\/strong>: OIC: 1\u00a0674\u00a0526 931; Izrael: 8\u00a0049 314. <strong>\u017bo\u0142nierze<\/strong>: OIC: 5\u00a0206 100; Izrael: 160 000&#8243;<\/em><\/p>\n<p><em>&#8222;Tak 22 izraelskich \u017co\u0142nierzy aresztowa\u0142o palesty\u0144skie dziecko\u201d <\/em><\/p>\n<p>Islamskie kraje za\u0142o\u017c\u0105 obl\u0119\u017cenie Izraela<\/p>\n<p>W\u015br\u00f3d decyzji, jakie mog\u0105 zosta\u0107 podj\u0119te na [szczycie] OIC, jest stworzenie \u201cJerozolimskiej grupy roboczej\u201d. W jej ramach prawdopodobnie podj\u0119te zostan\u0105 kroki militarne. [Muzu\u0142ma\u0144skie] armie, si\u0119gaj\u0105ce od Afryki do Azji, przewy\u017cszaj\u0105 izraelsk\u0105 [armi\u0119]. Je\u015bli wi\u0119c zostanie utworzona islamska armia, Izrael b\u0119dzie pod obl\u0119\u017ceniem.<\/p>\n<p>Na pierwszym etapie: 250 tysi\u0119cy \u017co\u0142nierzy<\/p>\n<p>W mo\u017cliwej operacji militarnej oczekuje si\u0119, \u017ce w pierwszym kroku udzia\u0142 we\u017amie 250 tysi\u0119cy \u017co\u0142nierzy i za\u0142o\u017cy si\u0119 wsp\u00f3lne bazy l\u0105dowe, powietrzne i morskie do kr\u00f3tkofalowego u\u017cycia.<\/p>\n<p><strong>Mo\u017cna zmobilizowa\u0107 500 czo\u0142g\u00f3w i pojazd\u00f3w opancerzonych, 100 samolot\u00f3w wojennych, 500 \u015bmig\u0142owc\u00f3w szturmowych i 50 okr\u0119t\u00f3w wojennych i okr\u0119t\u00f3w podwodnych.<\/strong><\/p>\n<p><img loading=\"lazy\" decoding=\"async\" class=\"alignnone size-full wp-image-10524\" src=\"https:\/\/www2.memri.org\/polish\/wp-content\/uploads\/2018\/03\/SD73714.jpg\" width=\"877\" height=\"340\" alt=\"\" srcset=\"https:\/\/www2.memri.org\/polish\/wp-content\/uploads\/2018\/03\/SD73714.jpg 877w, https:\/\/www2.memri.org\/polish\/wp-content\/uploads\/2018\/03\/SD73714-300x116.jpg 300w, https:\/\/www2.memri.org\/polish\/wp-content\/uploads\/2018\/03\/SD73714-768x298.jpg 768w, https:\/\/www2.memri.org\/polish\/wp-content\/uploads\/2018\/03\/SD73714-600x233.jpg 600w, https:\/\/www2.memri.org\/polish\/wp-content\/uploads\/2018\/03\/SD73714-696x270.jpg 696w\" sizes=\"auto, (max-width: 877px) 100vw, 877px\" \/><em>Interaktywna mapa dostarczaj\u0105ca informacji o poszczeg\u00f3lnych bazach i misjach w mo\u017cliwej operacji przeciwko Izraelowi. Klikanie na r\u00f3\u017cne lokalizacje dostarcza nast\u0119puj\u0105cych informacji, na przyk\u0142ad: <\/em><\/p>\n<p><strong><em>Eski\u015fehir <\/em><\/strong><em>\u2013<strong> Konya<\/strong> &#8211; <strong>Kilis<\/strong>:\u00a0 W wypadku operacji militarnej bazy lotnicze w r\u00f3\u017cnych lokalizacjach b\u0119d\u0105 mia\u0142y 100 samolot\u00f3w i 500 \u015bmig\u0142owc\u00f3w szturmowych, a tak\u017ce b\u0119d\u0105 s\u0142u\u017cy\u0142y jak bazy wzmocnienia i dostaw. 250 000 personelu wojskowego, w\u0142\u0105cznie z pilotami, b\u0119dzie gotowych do s\u0142u\u017cby.<\/em><\/p>\n<p><strong><em>[P\u00f3\u0142nocny] Cypr:<\/em><\/strong><em> W wypadku operacji militarnej 50 okr\u0119t\u00f3w wojennych i okr\u0119t\u00f3w podwodnych stacjonuj\u0105cych w bazach morskich mo\u017ce wzi\u0105\u0107 czynny udzia\u0142 [w walce] przeciwko Izraelowi na Morzy \u015ar\u00f3dziemnym i Morzu Czerwonym. Turecka marynarka, mi\u0119dzy innymi, b\u0119dzie uczestniczy\u0107 w tej operacji. Razem si\u0142y b\u0119d\u0105 obejmowa\u0107 250 tysi\u0119cy \u017co\u0142nierzy.<\/em><\/p>\n<p>Bazy wojskowe blisko Izraela b\u0119d\u0105 dost\u0119pne do natychmiastowej akcji<\/p>\n<p>Samoloty wojenne, kt\u00f3re b\u0119d\u0105 wyprawione w ten rejon z wi\u0119kszych odleg\u0142o\u015bci, b\u0119d\u0105 stacjonowa\u0142y w bazach lotniczych [bli\u017cej Izraela]. Izrael b\u0119dzie najprawdopodobniej obl\u0119\u017cony przez floty morskie, kt\u00f3re zostan\u0105 wys\u0142ane na Morze \u015ar\u00f3dziemne i Morze Czerwone.<\/p>\n<p>Istnieje niezb\u0119dne wyposa\u017cenie<\/p>\n<p>Militarny potencja\u0142 pa\u0144stw cz\u0142onkowskich OIC jest znaczny. Te armie maj\u0105 niezb\u0119dne wyposa\u017cenie do przeprowadzenia operacji l\u0105dowych, powietrznych i morskich.<\/p>\n<p>Nawet sama Turcja przewy\u017csza [Izrael]<\/p>\n<p>Turcja b\u0119dzie s\u0142u\u017cy\u0142a jako wa\u017cna kwatera g\u0142\u00f3wna podczas tej operacji z powodu jej infrastruktury l\u0105dowej, powietrznej i morskiej. Turecka armia, kt\u00f3ra z wielkim powodzeniem przeprowadzi\u0142a \u201eOperacj\u0119 Tarcza Eufratu\u201d [w Syrii w 2017 r.], jest obecnie zaszeregowana jako si\u00f3dma najsilniejsza armia \u015bwiata i druga najwi\u0119ksza armia w\u015br\u00f3d mocarstw NATO.\u00a0 Turcja ma oko\u0142o 4 000 czo\u0142g\u00f3w i 1000 samolot\u00f3w wojennych i innych. Jej marynarka uczyni\u0142a znacz\u0105ce post\u0119py w ci\u0105gu ostatnich lat i ma do dyspozycji 194 okr\u0119ty.<\/p>\n<p><strong>Jako jedyny kraj, kt\u00f3ry posiada bro\u0144 j\u0105drow\u0105, Pakistan ma wa\u017cny status w\u015br\u00f3d 57 muzu\u0142ma\u0144skich kraj\u00f3w OIC&#8230;<\/strong><\/p>\n<p><strong>Ci, kt\u00f3rzy wierz\u0105 dzisiaj, \u017ce s\u0105 w\u0142a\u015bcicielami Jerozolimy, jutro nie znajd\u0105 ani jednego drzewa, za kt\u00f3rym [b\u0119d\u0105 mogli] ukry\u0107 si\u0119. <\/strong><\/p>\n<p>Militarne wyzwanie Azji<\/p>\n<p>W wypowiedzi malezyjski minister obrony, [Hishammuddin] Hussein, okre\u015bli\u0142 uznanie [Jerozolimy za stolic\u0119 Izraela] przez Trumpa jako cios dla muzu\u0142man\u00f3w i powiedzia\u0142: \u201cMalezyjskie si\u0142y zbrojne s\u0105 gotowe do wype\u0142nienia swojego obowi\u0105zku wobec Jerozolimy\u201d.<\/p>\n<p>Turcja tworzy sojusze<\/p>\n<p>W ostatnich latach Turcja rozpocz\u0119\u0142a szereg akcji wsp\u00f3\u0142pracy z pa\u0144stwami cz\u0142onkowskimi [OIC]. Wsp\u00f3lne manewry z naszymi irackimi s\u0105siadami przekaza\u0142y wyra\u017any komunikat terrorystom i Turcja anga\u017cuje si\u0119 [tak\u017ce] w now\u0105 wsp\u00f3\u0142prac\u0119 z Katarem, Somali\u0105 i innymi krajami Zatoki i afryka\u0144skimi. W tym kontek\u015bcie powinno by\u0107 podkre\u015blone, \u017ce Turcja podejmuje kroki zmierzaj\u0105ce do zrealizowania modelu \u201eArmii Islamu\u201d, wykuwaj\u0105c sojusze z wieloma krajami muzu\u0142ma\u0144skimi, by podnie\u015b\u0107 militarn\u0105 mobilno\u015b\u0107.<\/p>\n<hr \/>\n<p><a name=\"_edn1\"><\/a><a href=\"https:\/\/www.memri.org\/reports\/turkish-newspaper-close-president-erdogan-calls-form-joint-islamic-army-fight-israel#_ednref1\">[1]<\/a> <em>Yeni \u015eafak<\/em> (Turkey), December 12, 2017.<\/p>\n<p><a name=\"_edn2\"><\/a><a href=\"https:\/\/www.memri.org\/reports\/turkish-newspaper-close-president-erdogan-calls-form-joint-islamic-army-fight-israel#_ednref2\">[2]<\/a> Yenisafak.com, December 12, 2017.<\/p>\n<p><a name=\"_edn3\"><\/a><a href=\"https:\/\/www.memri.org\/reports\/turkish-newspaper-close-president-erdogan-calls-form-joint-islamic-army-fight-israel#_ednref3\">[3]<\/a> Sadat.com.tr\/about-us\/our-mission.html.<\/p>\n<p><a name=\"_edn4\"><\/a><a href=\"https:\/\/www.memri.org\/reports\/turkish-newspaper-close-president-erdogan-calls-form-joint-islamic-army-fight-israel#_ednref4\">[4]<\/a> Shabak.gov.il, February 14, 2018.<\/p>\n<p><a name=\"_edn5\"><\/a><a href=\"https:\/\/www.memri.org\/reports\/turkish-newspaper-close-president-erdogan-calls-form-joint-islamic-army-fight-israel#_ednref5\">[5]<\/a> Cnnturk.com, August, 17,2016.<\/p>\n<p><a name=\"_edn6\"><\/a><a href=\"https:\/\/www.memri.org\/reports\/turkish-newspaper-close-president-erdogan-calls-form-joint-islamic-army-fight-israel#_ednref6\">[6]<\/a> The booklet is available from MEMRI upon request.<\/p>\n<p><a name=\"_edn7\"><\/a><a href=\"https:\/\/www.memri.org\/reports\/turkish-newspaper-close-president-erdogan-calls-form-joint-islamic-army-fight-israel#_ednref7\">[7]<\/a> <em>Makor Rishon<\/em> (Israel), February 18, 2018.<\/p>\n","protected":false},"excerpt":{"rendered":"<p>Wprowadzenie 12 grudnia 2017 r., przed szczytem Organizacji Wsp\u00f3\u0142pracy Islamskiej (OIC) w Stambule, turecka gazeta \u201cYeni \u015eafak\u201d, kt\u00f3ra jest zwi\u0105zana z prezydentem Recepem Tayyip Erdo\u011fanem i jego rz\u0105dz\u0105c\u0105 parti\u0105 AKP, opublikowa\u0142a artyku\u0142 pod tytu\u0142em Wezwanie do natychmiastowej akcji[1], kt\u00f3ry tak\u017ce pojawi\u0142 si\u0119 na stronie internetowej tej gazety pod tytu\u0142em A gdyby stworzy\u0107 armi\u0119 islamu przeciwko [&hellip;]<\/p>\n","protected":false},"author":1,"featured_media":10520,"comment_status":"open","ping_status":"open","sticky":false,"template":"","format":"standard","meta":{"footnotes":""},"categories":[824,835,836,837,843,844],"tags":[],"class_list":["post-10519","post","type-post","status-publish","format-standard","has-post-thumbnail","hentry","category-specjalne-komunikaty","category-archiwum","category-tematy","category-kraje","category-turcja","category-konflikt-arabsko-izraelski"],"_links":{"self":[{"href":"https:\/\/www2.memri.org\/polish\/wp-json\/wp\/v2\/posts\/10519","targetHints":{"allow":["GET"]}}],"collection":[{"href":"https:\/\/www2.memri.org\/polish\/wp-json\/wp\/v2\/posts"}],"about":[{"href":"https:\/\/www2.memri.org\/polish\/wp-json\/wp\/v2\/types\/post"}],"author":[{"embeddable":true,"href":"https:\/\/www2.memri.org\/polish\/wp-json\/wp\/v2\/users\/1"}],"replies":[{"embeddable":true,"href":"https:\/\/www2.memri.org\/polish\/wp-json\/wp\/v2\/comments?post=10519"}],"version-history":[{"count":1,"href":"https:\/\/www2.memri.org\/polish\/wp-json\/wp\/v2\/posts\/10519\/revisions"}],"predecessor-version":[{"id":10525,"href":"https:\/\/www2.memri.org\/polish\/wp-json\/wp\/v2\/posts\/10519\/revisions\/10525"}],"wp:featuredmedia":[{"embeddable":true,"href":"https:\/\/www2.memri.org\/polish\/wp-json\/wp\/v2\/media\/10520"}],"wp:attachment":[{"href":"https:\/\/www2.memri.org\/polish\/wp-json\/wp\/v2\/media?parent=10519"}],"wp:term":[{"taxonomy":"category","embeddable":true,"href":"https:\/\/www2.memri.org\/polish\/wp-json\/wp\/v2\/categories?post=10519"},{"taxonomy":"post_tag","embeddable":true,"href":"https:\/\/www2.memri.org\/polish\/wp-json\/wp\/v2\/tags?post=10519"}],"curies":[{"name":"wp","href":"https:\/\/api.w.org\/{rel}","templated":true}]}}