{"id":10447,"date":"2018-02-21T23:32:49","date_gmt":"2018-02-21T22:32:49","guid":{"rendered":"http:\/\/www2.memri.org\/polish\/?p=10447"},"modified":"2018-02-21T23:32:49","modified_gmt":"2018-02-21T22:32:49","slug":"imam-al-rawaszdeh-w-jordanskim-kazaniu-piatkowym-mowi-ze-allah-zebral-zydow-w-palestynie-by-mozna-ich-bylo-unicestwic-benjamin-franklin-wzywal-do-zakazania-wstepu-zydom-do-usa-cytuje-hitlera-o-tym","status":"publish","type":"post","link":"https:\/\/www2.memri.org\/polish\/imam-al-rawaszdeh-w-jordanskim-kazaniu-piatkowym-mowi-ze-allah-zebral-zydow-w-palestynie-by-mozna-ich-bylo-unicestwic-benjamin-franklin-wzywal-do-zakazania-wstepu-zydom-do-usa-cytuje-hitlera-o-tym\/10447","title":{"rendered":"Imam Al-Rawaszdeh w jorda\u0144skim kazaniu pi\u0105tkowym m\u00f3wi, \u017ce Allah zebra\u0142 \u017byd\u00f3w w Palestynie, by mo\u017cna ich by\u0142o unicestwi\u0107; Benjamin Franklin wzywa\u0142 do zakazania wst\u0119pu \u017bydom do USA; cytuje Hitlera o tym, \u017ce \u017bydzi s\u0105 zamieszani w ka\u017cd\u0105 niemoralno\u015b\u0107 i przest\u0119pstwo"},"content":{"rendered":"<p><em>W pi\u0105tkowym kazaniu w meczecie Old Tila&#8217; Al-Ali w Ammanie w Hordanii imam Ahmad Al-Rawaszdeh powiedzia\u0142, \u017ce \u201cjak d\u0142ugo s\u0105 rozproszeni, jest niemo\u017cliwe unicestwienie \u017byd\u00f3w\u201d, ale Allah \u201cpoinformowa\u0142 nas, \u017ce zgromadzi \u017byd\u00f3w w jednym miejscu, \u017ceby mo\u017cna by\u0142o zada\u0107 im \u015bmiertelny cios\u201d i \u201czgromadzi ich [w Palestynie], \u017ceby spotkali sw\u00f3j koniec&#8230; poniewa\u017c stanowi\u0105 epidemi\u0119\u201d. W kazaniu imam Al-Rawaszdeh powt\u00f3rzy\u0142 mit o przepowiedni Franklina, utrzymuj\u0105cy, \u017ce w 1779 r. prezydent [<\/em>sic!<em>] USA, Benjamin Franklin wezwa\u0142 do zakazania wst\u0119pu \u017bydom do USA i w\u0142\u0105czy\u0142 to do konstytucji USA. Nale\u017cy wspomnie\u0107, \u017ce mit o przepowiedni Franklina jest w rzeczywisto\u015bci tworem antysemickiej propagandy nazistowskiej, opublikowanym w 1935 r. w nazistowskim <\/em>Informatorze o kwestii \u017cydowskiej<em>. Imam Al-Rawaszdeh cytowa\u0142 nast\u0119pnie HItlera: \u201cNie mo\u017cna znale\u017a\u0107 ani jednego czynu niemoralno\u015bci lub przest\u0119pstwa przeciwko spo\u0142ecze\u0144stwu, w kt\u00f3rym nie bior\u0105 udzia\u0142u \u017bydzi\u201d. Kazanie zosta\u0142o zamieszczone w Internecie 13 grudnia 2017 r.<\/em><\/p>\n<p>\u017beby zobaczy\u0107 ten klip w MEMRI TV, kliknij <a href=\"https:\/\/www.memri.org\/tv\/jordan-friday-sermon-rawashdeh-allah-gathered-jews-palestine-to-annihilate-them-benjamin-franklin-banish-the-jews-from-america\">tutaj<\/a> lub poni\u017cej:<\/p>\n<p><iframe loading=\"lazy\" src=\"https:\/\/www.memri.org\/player\/clip\/38883\/780,440\/1\" width=\"780\" height=\"440\" frameborder=\"0\"><\/iframe><\/p>\n<p><em>Poni\u017cej podajemy tekst tego wideo: <\/em><\/p>\n<p><strong>&#8222;Jak d\u0142ugo s\u0105 rozproszeni, jest niemo\u017cliwe unicestwienie \u017byd\u00f3w &#8230; \u017bydzi zaczn\u0105 przybywa\u0107 t\u0142umnie do Palestyny z ca\u0142ego \u015bwiata; Allah zgromadzi ich, \u017ceby mogli spotka\u0107 sw\u00f3j koniec, z wol\u0105 Allaha, poniewa\u017c stanowi\u0105 epidemi\u0119\u201d <\/strong><\/p>\n<p><strong>Ahmad Al-Rawaszdeh:<\/strong> Umi\u0142owani, przynosz\u0119 wam dobr\u0105 nowin\u0119. Allah powiedzia\u0142 o \u017bydach: \u201eRozproszyli\u015bmy ich w\u015br\u00f3d narod\u00f3w na ca\u0142ej ziemi\u201d. Allah rozproszy\u0142 ich po ca\u0142ej ziemi. Jak d\u0142ugo s\u0105 rozproszeni, jest niemo\u017cliwe unicestwienie \u017byd\u00f3w. Pa\u0144stwo islamskie nie mo\u017ce unicestwi\u0107 wszystkich \u017byd\u00f3w, kt\u00f3rzy walcz\u0105 na ca\u0142ym \u015bwiecie. Allah, w \u0142asce, jakiej udzieli\u0142 temu narodowi, poinformowa\u0142 nas, \u017ce zgromadzi \u017byd\u00f3w w jednym miejscu, \u017ceby mo\u017cna by\u0142o im zada\u0107 \u015bmiertelny cios i \u017ceby miecz by\u0142 zwieszony nad g\u0142owami ich wszystkich.<\/p>\n<p><img loading=\"lazy\" decoding=\"async\" class=\"alignnone size-full wp-image-10448\" src=\"https:\/\/www2.memri.org\/polish\/wp-content\/uploads\/2018\/02\/mtv6432.jpg\" width=\"823\" height=\"231\" alt=\"\" srcset=\"https:\/\/www2.memri.org\/polish\/wp-content\/uploads\/2018\/02\/mtv6432.jpg 823w, https:\/\/www2.memri.org\/polish\/wp-content\/uploads\/2018\/02\/mtv6432-300x84.jpg 300w, https:\/\/www2.memri.org\/polish\/wp-content\/uploads\/2018\/02\/mtv6432-768x216.jpg 768w, https:\/\/www2.memri.org\/polish\/wp-content\/uploads\/2018\/02\/mtv6432-600x168.jpg 600w, https:\/\/www2.memri.org\/polish\/wp-content\/uploads\/2018\/02\/mtv6432-696x195.jpg 696w\" sizes=\"auto, (max-width: 823px) 100vw, 823px\" \/><\/p>\n<p>Allah m\u00f3wi: \u201cPowiedzieli\u015bmy dzieciom Izraela po nim\u201d \u2013 to jest, po Moj\u017ceszu \u2013 \u201cosiedlcie si\u0119 na ziemi\u201d. Pozwolono im osiedli\u0107 si\u0119, gdzie chcieli. Ale Allah m\u00f3wi:\u00a0 \u201cKiedy nadjedzie obietnica \u017cycia ostatecznego, zgromadzimy was wszystkich razem\u201d. Jak widzimy dzisiaj, po zadeklarowaniu pa\u0144stwa \u017cydowskiego&#8230; \u017bydzi zacz\u0119li t\u0142umnie przybywa\u0107 do Palestyny z ca\u0142ego \u015bwiata. Allah zgromadzi ich tam, \u017ceby spotkali sw\u00f3j koniec, z wol\u0105 Allaha, poniewa\u017c stanowi\u0105 epidemi\u0119.<\/p>\n<p><img loading=\"lazy\" decoding=\"async\" class=\"alignnone size-full wp-image-10449\" src=\"https:\/\/www2.memri.org\/polish\/wp-content\/uploads\/2018\/02\/mtv6432aa.jpg\" width=\"823\" height=\"233\" alt=\"\" srcset=\"https:\/\/www2.memri.org\/polish\/wp-content\/uploads\/2018\/02\/mtv6432aa.jpg 823w, https:\/\/www2.memri.org\/polish\/wp-content\/uploads\/2018\/02\/mtv6432aa-300x85.jpg 300w, https:\/\/www2.memri.org\/polish\/wp-content\/uploads\/2018\/02\/mtv6432aa-768x217.jpg 768w, https:\/\/www2.memri.org\/polish\/wp-content\/uploads\/2018\/02\/mtv6432aa-600x170.jpg 600w, https:\/\/www2.memri.org\/polish\/wp-content\/uploads\/2018\/02\/mtv6432aa-696x197.jpg 696w\" sizes=\"auto, (max-width: 823px) 100vw, 823px\" \/><\/p>\n<p><strong>&#8222;Benjamin Franklin, kt\u00f3ry by\u0142 prezydentem USA w 1779 r., powiedzia\u0142&#8230; 'O Amerykanie, powa\u017cne niebezpiecze\u0144stwo grozi USA \u2013 \u017bydzi\u2019\u201d \u00a0<\/strong><\/p>\n<p>Pos\u0142uchajcie, co \u015bwiat m\u00f3wi\u0142 o \u017bydach. Benjamin Franklin, kt\u00f3ry by\u0142 prezydentem USA w 1779 r., powiedzia\u0142 w przem\u00f3wieniu w Ameryce, kiedy zacz\u0119li spisywa\u0107 konstytucj\u0119: \u201eO Amerykanie, powa\u017cne niebezpiecze\u0144stwo grozi USA \u2013 \u017bydzi\u201d. Panowie, w ka\u017cdym kraju, gdzie osiedlili si\u0119 \u017bydzi, zepsuli moralno\u015b\u0107 i obni\u017cyli poziom handlowej etyki. Kontunuuj\u0105 izolowanie si\u0119 i nigdy nie mieszaj\u0105 si\u0119 z innymi. Ostrzegam was, panowie, \u017ce je\u015bli nie wygnacie \u017byd\u00f3w raz na zawsze z wszystkich ziem Ameryki, wasze dzieci i wnuki b\u0119d\u0105 was przeklina\u0107 w waszych grobach. \u017bydzi zagra\u017caj\u0105 temu krajowi i dlatego musicie ich wygna\u0107 i to powinno by\u0107 w\u0142\u0105czone do konstytucji\u201d.<\/p>\n<p><img loading=\"lazy\" decoding=\"async\" class=\"alignnone size-full wp-image-10450\" src=\"https:\/\/www2.memri.org\/polish\/wp-content\/uploads\/2018\/02\/mtv6432a.jpg\" width=\"793\" height=\"227\" alt=\"\" srcset=\"https:\/\/www2.memri.org\/polish\/wp-content\/uploads\/2018\/02\/mtv6432a.jpg 793w, https:\/\/www2.memri.org\/polish\/wp-content\/uploads\/2018\/02\/mtv6432a-300x86.jpg 300w, https:\/\/www2.memri.org\/polish\/wp-content\/uploads\/2018\/02\/mtv6432a-768x220.jpg 768w, https:\/\/www2.memri.org\/polish\/wp-content\/uploads\/2018\/02\/mtv6432a-600x172.jpg 600w, https:\/\/www2.memri.org\/polish\/wp-content\/uploads\/2018\/02\/mtv6432a-696x199.jpg 696w\" sizes=\"auto, (max-width: 793px) 100vw, 793px\" \/><\/p>\n<p><strong>Wed\u0142ug Hitlera, &#8222;Nie mo\u017cna znale\u017a\u0107 ani jednego czynu niemoralno\u015bci lub przest\u0119pstwa przeciwko spo\u0142ecze\u0144stwu, w kt\u00f3rym nie bior\u0105 udzia\u0142u \u017bydzi\u201d <\/strong><\/p>\n<p>&#8222;Hitler powiedzia\u0142: \u201eNie mo\u017cna znale\u017a\u0107 ani jednego czynu niemoralno\u015bci lub przest\u0119pstwa przeciwko spo\u0142ecze\u0144stwu, w kt\u00f3rym nie bior\u0105 udzia\u0142u \u017bydzi\u201d. Wszystkie os\u0142awione seriale i programy telewizyjne s\u0105 sponsorowane przez \u017byd\u00f3w, kt\u00f3rzy z kolei sponsoruj\u0105 pewnych Arab\u00f3w lub zach\u0119caj\u0105 ich do rozprzestrzeniania tych program\u00f3w.<\/p>\n<p><img loading=\"lazy\" decoding=\"async\" class=\"alignnone size-full wp-image-10451\" src=\"https:\/\/www2.memri.org\/polish\/wp-content\/uploads\/2018\/02\/mtv6432b.jpg\" width=\"790\" height=\"223\" alt=\"\" srcset=\"https:\/\/www2.memri.org\/polish\/wp-content\/uploads\/2018\/02\/mtv6432b.jpg 790w, https:\/\/www2.memri.org\/polish\/wp-content\/uploads\/2018\/02\/mtv6432b-300x85.jpg 300w, https:\/\/www2.memri.org\/polish\/wp-content\/uploads\/2018\/02\/mtv6432b-768x217.jpg 768w, https:\/\/www2.memri.org\/polish\/wp-content\/uploads\/2018\/02\/mtv6432b-600x169.jpg 600w, https:\/\/www2.memri.org\/polish\/wp-content\/uploads\/2018\/02\/mtv6432b-696x196.jpg 696w\" sizes=\"auto, (max-width: 790px) 100vw, 790px\" \/><\/p>\n","protected":false},"excerpt":{"rendered":"<p>W pi\u0105tkowym kazaniu w meczecie Old Tila&#8217; Al-Ali w Ammanie w Hordanii imam Ahmad Al-Rawaszdeh powiedzia\u0142, \u017ce \u201cjak d\u0142ugo s\u0105 rozproszeni, jest niemo\u017cliwe unicestwienie \u017byd\u00f3w\u201d, ale Allah \u201cpoinformowa\u0142 nas, \u017ce zgromadzi \u017byd\u00f3w w jednym miejscu, \u017ceby mo\u017cna by\u0142o zada\u0107 im \u015bmiertelny cios\u201d i \u201czgromadzi ich [w Palestynie], \u017ceby spotkali sw\u00f3j koniec&#8230; poniewa\u017c stanowi\u0105 epidemi\u0119\u201d. W [&hellip;]<\/p>\n","protected":false},"author":1,"featured_media":10448,"comment_status":"open","ping_status":"open","sticky":false,"template":"","format":"standard","meta":{"footnotes":""},"categories":[824,831,835,836],"tags":[],"class_list":["post-10447","post","type-post","status-publish","format-standard","has-post-thumbnail","hentry","category-specjalne-komunikaty","category-projekt-dokumentacji-antysemityzmu","category-archiwum","category-tematy"],"_links":{"self":[{"href":"https:\/\/www2.memri.org\/polish\/wp-json\/wp\/v2\/posts\/10447","targetHints":{"allow":["GET"]}}],"collection":[{"href":"https:\/\/www2.memri.org\/polish\/wp-json\/wp\/v2\/posts"}],"about":[{"href":"https:\/\/www2.memri.org\/polish\/wp-json\/wp\/v2\/types\/post"}],"author":[{"embeddable":true,"href":"https:\/\/www2.memri.org\/polish\/wp-json\/wp\/v2\/users\/1"}],"replies":[{"embeddable":true,"href":"https:\/\/www2.memri.org\/polish\/wp-json\/wp\/v2\/comments?post=10447"}],"version-history":[{"count":1,"href":"https:\/\/www2.memri.org\/polish\/wp-json\/wp\/v2\/posts\/10447\/revisions"}],"predecessor-version":[{"id":10452,"href":"https:\/\/www2.memri.org\/polish\/wp-json\/wp\/v2\/posts\/10447\/revisions\/10452"}],"wp:featuredmedia":[{"embeddable":true,"href":"https:\/\/www2.memri.org\/polish\/wp-json\/wp\/v2\/media\/10448"}],"wp:attachment":[{"href":"https:\/\/www2.memri.org\/polish\/wp-json\/wp\/v2\/media?parent=10447"}],"wp:term":[{"taxonomy":"category","embeddable":true,"href":"https:\/\/www2.memri.org\/polish\/wp-json\/wp\/v2\/categories?post=10447"},{"taxonomy":"post_tag","embeddable":true,"href":"https:\/\/www2.memri.org\/polish\/wp-json\/wp\/v2\/tags?post=10447"}],"curies":[{"name":"wp","href":"https:\/\/api.w.org\/{rel}","templated":true}]}}