{"id":10223,"date":"2017-12-31T20:09:20","date_gmt":"2017-12-31T19:09:20","guid":{"rendered":"http:\/\/www2.memri.org\/polish\/?p=10223"},"modified":"2018-01-02T20:34:09","modified_gmt":"2018-01-02T19:34:09","slug":"powstanie-przeciwko-iranskiemu-rezimowi-i-jego-polityce-2017","status":"publish","type":"post","link":"https:\/\/www2.memri.org\/polish\/powstanie-przeciwko-iranskiemu-rezimowi-i-jego-polityce-2017\/10223","title":{"rendered":"Powstanie przeciwko ira\u0144skiemu re\u017cimowi i jego polityce \u20132017"},"content":{"rendered":"<p>Obecne demonstracje w Iranie przeciwko re\u017cimowi zacz\u0119\u0142y si\u0119 w Teheranie 27 grudnia 2017 r. w formie protest\u00f3w ekonomicznych przeciwko wysokim kosztom utrzymania, ale szybo rozprzestrzeni\u0142y si\u0119 na ca\u0142y kraj, przyjmuj\u0105c politycznym wymiar protestu przeciwko re\u017cimowi Rewolucji Islamskiej, a szczeg\u00f3lnie przeciwko najwy\u017cszemu przyw\u00f3dcy, Alemu Chameneiemu, przeciwko polityce re\u017cimu wobec Syrii, Gazy i Libanu, przeciwko religijnemu establishmentowi i na rzecz swob\u00f3d politycznych i spo\u0142ecznych.<\/p>\n<p>\u017beby zobaczy\u0107 klip MEMRI TV z protest\u00f3w kliknij poni\u017cej:<\/p>\n<p><iframe loading=\"lazy\" src=\"https:\/\/www.memri.org\/player\/clip\/38370\/1\/1\" width=\"700\" height=\"540\" frameborder=\"0\"><\/iframe><\/p>\n<p>Najbardziej uderzaj\u0105c\u0105 cech\u0105 protest\u00f3w jest to, \u017ce odbywaj\u0105 si\u0119 w ca\u0142ym kraju. M\u0142odzi ludzie demonstruj\u0105 na ulicach, na uniwersytetach i przed komisariatami policji i instytucjami re\u017cimu, wykrzykuj\u0105c antyre\u017cimowe has\u0142a, takie jak \u201e\u015bmier\u0107 dyktatorowi\u201d, \u201e\u015bmier\u0107 Chameneiemu\u201d i pal\u0105c portrety Chameniego i Kassema Soleimaniego., dow\u00f3dcy Si\u0142y Kuds\u00a0 Korpusu Stra\u017cnik\u00f3w Rewolucji Islamskiej (IRGC), kt\u00f3ry zawiaduje wprowadzaniem w \u017cycie polityki Iranu poza granicami kraju, w Syrii, Iranie, Libanie, Jemenie i Gazie. Protestuj\u0105cy skanduj\u0105 tak\u017ce has\u0142a na rzecz wolno\u015bci i spo\u0142ecznych oraz politycznych praw. Nale\u017cy zauwa\u017cy\u0107, \u017ce ich protest jest r\u00f3wnie\u017c skierowany przeciwko obozowi reformistycznemu, kt\u00f3ry oskar\u017caj\u0105 o wsp\u00f3\u0142prac\u0119 z re\u017cimem.<\/p>\n<p><a href=\"https:\/\/twitter.com\/i\/web\/status\/947335132741959681\">https:\/\/twitter.com\/i\/web\/status\/947335132741959681<\/a><\/p>\n<p>W pi\u0105tek 29 grudnia re\u017cim wys\u0142a\u0142 si\u0142y zbrojne na ulice Teheranu, by zapobiec protestom w dniu modlitwy, ale znacz\u0105ce protesty odby\u0142y si\u0119 gdzie indziej, g\u0142\u00f3wnie w Kermanszah i innych miastach i zosta\u0142y przemoc\u0105 rozp\u0119dzone przez re\u017cim. Wed\u0142ug oficjalnych doniesie\u0144 w sobot\u0119, 30 grudnia, zabito trzech demonstrant\u00f3w w mie\u015bcie Dorud na zachodzie kraju (nieautoryzowane \u017ar\u00f3d\u0142a podaj\u0105 liczb\u0119 sze\u015bciu zabitych); re\u017cim twierdzi\u0142, \u017ce protestuj\u0105cy nie zostali zabici przez si\u0142y bezpiecze\u0144stwa, ale przez \u201eagent\u00f3w\u201d. Wed\u0142ug doniesie\u0144, antyre\u017cimowe protesty w Ahwaz w po\u0142udniowozachodnim Iranie, regionie zamieszka\u0142ym przez du\u017c\u0105 mniejszo\u015b\u0107 arabska, \u015bci\u0105gn\u0119\u0142y 50 tysi\u0119cy ludzi.<\/p>\n<p>Demonstracje w ca\u0142ym Iranie, kt\u00f3re odbywa\u0142y si\u0119 o r\u00f3\u017cnych godzinach, szczeg\u00f3lnie popo\u0142udniami i wieczorami, nie maj\u0105 znanego kierownictwa, co tym bardziej utrudnia w\u0142adzom walk\u0119 z nimi. Og\u0142oszenia z miejscem i czasem protest\u00f3w w ka\u017cdym z miast zamieszczane s\u0105 na mediach spo\u0142eczno\u015bciowych (patrz poni\u017cej).<\/p>\n<p><img loading=\"lazy\" decoding=\"async\" class=\"alignnone size-full wp-image-10230\" src=\"https:\/\/www2.memri.org\/polish\/wp-content\/uploads\/2018\/01\/DSVPnRXV4AAjGhO-1.jpg\" width=\"564\" height=\"1199\" alt=\"https:\/\/pbs.twimg.com\/media\/DSVPnRXV4AAjGhO.jpg\" srcset=\"https:\/\/www2.memri.org\/polish\/wp-content\/uploads\/2018\/01\/DSVPnRXV4AAjGhO-1.jpg 564w, https:\/\/www2.memri.org\/polish\/wp-content\/uploads\/2018\/01\/DSVPnRXV4AAjGhO-1-141x300.jpg 141w, https:\/\/www2.memri.org\/polish\/wp-content\/uploads\/2018\/01\/DSVPnRXV4AAjGhO-1-482x1024.jpg 482w, https:\/\/www2.memri.org\/polish\/wp-content\/uploads\/2018\/01\/DSVPnRXV4AAjGhO-1-198x420.jpg 198w\" sizes=\"auto, (max-width: 564px) 100vw, 564px\" \/><\/p>\n<p>W pr\u00f3bie zatrzymania powszechnego powstania re\u017cim ira\u0144ski zablokowa\u0142 dost\u0119p do Internetu na kilka godzin i zamkn\u0105\u0142 kana\u0142 Amadnews Telegram, twierdz\u0105c, \u017ce Amadnews wzywa\u0142 demonstrant\u00f3w do rzucania koktajlami Mo\u0142otowa. Aktywno\u015b\u0107 na mediach spo\u0142eczno\u015bciowych ujawnia olbrzymi zasi\u0119g powstania. W jednym tylko hashtagu spo\u015br\u00f3d wielu, #\u062a\u0638\u0627\u0647\u0631\u0627\u062a_\u0633\u0631\u0627\u0633\u0631\u0649, jest oko\u0142o 10 tysi\u0119cy klip\u00f3w, zdj\u0119\u0107 i innych reakcji.<\/p>\n<p>Re\u017cim ostrzeg\u0142 r\u00f3wnie\u017c demonstrant\u00f3w, \u017ce u\u017cyje przeciwko nim \u201c\u017celaznej pi\u0119\u015bci\u201d. W sieci zamieszczono klipy pokazuj\u0105ce cz\u0142onk\u00f3w si\u0142 bezpiecze\u0144stwa jak bij\u0105 przechodni\u00f3w pa\u0142kami, by rozproszy\u0107 zgromadzenie, rozkaz dla Basid\u017c, by u\u017cyli silnej r\u0119ki w d\u0142awieniu protest i rozp\u0119dzanie protestuj\u0105cych przy u\u017cyciu gazu \u0142zawi\u0105cego i ostrej amunicji.<\/p>\n<p>W sieci kr\u0105\u017cy tak\u017ce og\u0142oszenie, \u017ce \u201cna wypadek zablokowania Internetu i Telegram, zgromadzenia b\u0119d\u0105 zaczyna\u0142y si\u0119 codziennie w ka\u017cdym mie\u015bcie o tej samej porze co poprzedniego dnia a\u017c osi\u0105gniemy ostateczne zwyci\u0119stwo\u201d.<\/p>\n<p><img loading=\"lazy\" decoding=\"async\" class=\"alignnone size-full wp-image-10231\" src=\"https:\/\/www2.memri.org\/polish\/wp-content\/uploads\/2018\/01\/DSX4MCaXcAApeSE-1.jpg\" width=\"1200\" height=\"1129\" alt=\"https:\/\/pbs.twimg.com\/media\/DSX4MCaXcAApeSE.jpg\" srcset=\"https:\/\/www2.memri.org\/polish\/wp-content\/uploads\/2018\/01\/DSX4MCaXcAApeSE-1.jpg 1200w, https:\/\/www2.memri.org\/polish\/wp-content\/uploads\/2018\/01\/DSX4MCaXcAApeSE-1-300x282.jpg 300w, https:\/\/www2.memri.org\/polish\/wp-content\/uploads\/2018\/01\/DSX4MCaXcAApeSE-1-768x723.jpg 768w, https:\/\/www2.memri.org\/polish\/wp-content\/uploads\/2018\/01\/DSX4MCaXcAApeSE-1-1024x963.jpg 1024w, https:\/\/www2.memri.org\/polish\/wp-content\/uploads\/2018\/01\/DSX4MCaXcAApeSE-1-600x565.jpg 600w, https:\/\/www2.memri.org\/polish\/wp-content\/uploads\/2018\/01\/DSX4MCaXcAApeSE-1-696x655.jpg 696w, https:\/\/www2.memri.org\/polish\/wp-content\/uploads\/2018\/01\/DSX4MCaXcAApeSE-1-1068x1005.jpg 1068w, https:\/\/www2.memri.org\/polish\/wp-content\/uploads\/2018\/01\/DSX4MCaXcAApeSE-1-446x420.jpg 446w\" sizes=\"auto, (max-width: 1200px) 100vw, 1200px\" \/><em>(\u0179r\u00f3d\u0142o: \/twitter.com\/Pensylvani\/status\/947436222892437504, 31 grudnia 2017)<\/em><\/p>\n<p>Reakcja re\u017cimu na powstanie:<\/p>\n<p>27 grudnia 2017 r. najwy\u017cszy przyw\u00f3dca Chamenei napad\u0142 na krytyk\u00f3w re\u017cimu: z jednej strony zaatakowa\u0142 by\u0142ego prezydenta Mahmouda Ahmadine\u017cada i jego zwolennik\u00f3w za kampani\u0119, jak\u0105 prowadzili w ostatnich miesi\u0105cach, \u017ceby oczerni\u0107 rodzin\u0119 Larid\u017cani, a szczeg\u00f3lnie szefa s\u0105downictwa, ajatollaha Amoliego Larid\u017caniego. Z drugiej strony krytykowa\u0142 \u201eKayhan\u201d i inne kr\u0119gi ideologiczne za przesadn\u0105 krytyk\u0119 prezydenta Rohaniego i jego rz\u0105du. Chamenei krytykowa\u0142 tak\u017ce samego prezydenta Rohaniego, oskar\u017caj\u0105c go o dzia\u0142anie przeciwko re\u017cimowi<a name=\"_ftnref1\"><\/a><a href=\"https:\/\/www.memri.org\/reports\/popular-uprising-against-iranian-regime-and-its-policy-%E2%80%932017#_ftn1\">[1]<\/a>.<\/p>\n<p>Ira\u0144ski wiceprezydent, Eszak D\u017cahangiri, kt\u00f3ry nale\u017cy do obozu reformatorskiego, sugerowa\u0142 29 grudnia, \u017ce cz\u0142onkowie obozu ideologicznego s\u0105 odpowiedzialni za szerzenie si\u0119 protest\u00f3w przeciwko Rohaniemu i jego rz\u0105dowi, kt\u00f3re szybko sta\u0142y si\u0119 protestami przeciwko Chameneiemu i samemu re\u017cimowi: \u201cCi, kt\u00f3rzy wykorzystuj\u0105 te kwestie [tj. trudno\u015bci ekonomiczne] jako wym\u00f3wk\u0119 i kt\u00f3rzy wywo\u0142ali wydarzenia, kt\u00f3re maj\u0105 inne wymiary i aspekty, musz\u0105 zrozumie\u0107, \u017ce oni sami doznaj\u0105 szk\u00f3d z powodu tych wydarze\u0144, poniewa\u017c kiedy wy\u0142ania si\u0119 ruch spo\u0142eczny i wychodzi na ulice, ci, kt\u00f3rzy spowodowali jego powstanie, z pewno\u015bci\u0105 nie b\u0119d\u0105 w stanie go kontrolowa\u0107 i inni wskocz\u0105 na platform\u0119&#8221;<a name=\"_ftnref2\"><\/a><a href=\"https:\/\/www.memri.org\/reports\/popular-uprising-against-iranian-regime-and-its-policy-%E2%80%932017#_ftn2\">[2]<\/a>.<\/p>\n<p>G\u0142os re\u017cimu, gazeta \u201cKayhan\u201d, wybra\u0142a po\u015bwi\u0119cenie pierwszej strony swojego wydania z 31 grudnia prore\u017cimowym demonstracjom zorganizowanym przez sam re\u017cim w rocznic\u0119 zd\u0142awienia <em>fitna<\/em>, tj. powszechnych protest\u00f3w z 2009 r. Je\u015bli chodzi o antyre\u017cimowe protesty, twierdzi\u0142a, \u017ce \u201ez powodu rz\u0105du Rohaniego\u201d mia\u0142o miejsce kilka protest\u00f3w, kt\u00f3re zachodni oportuni\u015bci pr\u00f3bowali wykorzysta\u0107, \u017ceby agitowa\u0107 przeciwko re\u017cimowi. R\u00f3wnie\u017c artyku\u0142 redakcyjny gazety z 31 grudnia twierdzi\u0142, \u017ce b\u0142\u0119dna polityka gospodarcza i bud\u017cetowa Rohaniego by\u0142a odpowiedzialna z fal\u0119 protest\u00f3w<a name=\"_ftnref3\"><\/a><a href=\"https:\/\/www.memri.org\/reports\/popular-uprising-against-iranian-regime-and-its-policy-%E2%80%932017#_ftn3\">[3]<\/a>.<\/p>\n<p><img loading=\"lazy\" decoding=\"async\" class=\"alignnone size-full wp-image-10232\" src=\"https:\/\/www2.memri.org\/polish\/wp-content\/uploads\/2018\/01\/DSWuaQEWAAA5aMJ-1.jpg\" width=\"1199\" height=\"749\" alt=\"https:\/\/pbs.twimg.com\/media\/DSWuaQEWAAA5aMJ.jpg\" srcset=\"https:\/\/www2.memri.org\/polish\/wp-content\/uploads\/2018\/01\/DSWuaQEWAAA5aMJ-1.jpg 1199w, https:\/\/www2.memri.org\/polish\/wp-content\/uploads\/2018\/01\/DSWuaQEWAAA5aMJ-1-300x187.jpg 300w, https:\/\/www2.memri.org\/polish\/wp-content\/uploads\/2018\/01\/DSWuaQEWAAA5aMJ-1-768x480.jpg 768w, https:\/\/www2.memri.org\/polish\/wp-content\/uploads\/2018\/01\/DSWuaQEWAAA5aMJ-1-1024x640.jpg 1024w, https:\/\/www2.memri.org\/polish\/wp-content\/uploads\/2018\/01\/DSWuaQEWAAA5aMJ-1-600x375.jpg 600w, https:\/\/www2.memri.org\/polish\/wp-content\/uploads\/2018\/01\/DSWuaQEWAAA5aMJ-1-696x435.jpg 696w, https:\/\/www2.memri.org\/polish\/wp-content\/uploads\/2018\/01\/DSWuaQEWAAA5aMJ-1-1068x667.jpg 1068w, https:\/\/www2.memri.org\/polish\/wp-content\/uploads\/2018\/01\/DSWuaQEWAAA5aMJ-1-672x420.jpg 672w\" sizes=\"auto, (max-width: 1199px) 100vw, 1199px\" \/><em>Na zdj\u0119ciu: m\u0142oda kobieta protestuje, podczas gdy w tle ira\u0144skie si\u0142y bezpiecze\u0144stwa rozp\u0119dzaj\u0105 t\u0142um gazem \u0142zawi\u0105cym.<\/em><\/p>\n<p><strong>Ocena<\/strong><\/p>\n<p>Wydaje si\u0119, \u017ce jak dot\u0105d re\u017cimowi nie uda\u0142o si\u0119 zd\u0142awi\u0107 protest\u00f3w, kt\u00f3re rozwin\u0119\u0142y si\u0119 w powstanie na du\u017c\u0105 skal\u0119. Jest tak z powodu niech\u0119ci do u\u017cywania drastycznych \u015brodk\u00f3w, takich jak ostra amunicja, jak to zrobiono w 2009 r. Przy wzrastaj\u0105cej intensywno\u015bci protest\u00f3w, ich wyst\u0119powaniu w ca\u0142ym kraju i braku \u0142atwo daj\u0105cego si\u0119 zidentyfikowa\u0107 przyw\u00f3dztwa, re\u017cim w ko\u0144cu b\u0119dzie musia\u0142 u\u017cy\u0107 znacznej si\u0142y w celu ich zd\u0142awienia. Rozw\u00f3j sytuacji w tym kierunku ju\u017c ma miejsce.<\/p>\n<p>Kryzys dotykaj\u0105cy obecnie re\u017cim zakorzeniony jest w czynnikach ekonomicznych i niezdolno\u015bci re\u017cimu do poprawy sytuacji gospodarczej z powod\u00f3w politycznych. Najwy\u017cszy przyw\u00f3dca Chamenei o\u015bwiadczy\u0142, \u017ce Iran musi prowadzi\u0107 \u201cgospodark\u0119 oporu\u201d i zablokowa\u0142 opcj\u0119 zachodniej wsp\u00f3\u0142pracy w gospodarczym rozwoju Iranu. R\u00f3wnocze\u015bnie miliardy ira\u0144skich dolar\u00f3w, kt\u00f3re by\u0142y zamro\u017cone przez Zach\u00f3d i odblokowane po umowie nuklearnej ze Stanami Zjednoczonymi, posz\u0142y na zaanga\u017cowanie Iranu w regionalnych strefach wojny w Iraku, Syrii, Jemenie, Libanie i Gazie oraz na dalszy rozw\u00f3j jego militarnego potencja\u0142u, na przyk\u0142ad, na budow\u0119 nowych podziemnych miast do przechowywania pocisk\u00f3w balistycznych, na unowocze\u015bnianie przemys\u0142u wojskowego itd.<\/p>\n<p>Nawet je\u015bli powstanie zostanie zd\u0142awione przez re\u017cim ira\u0144ski, przy braku jakiegokolwiek rozwi\u0105zania ekonomicznych bol\u0105czek Iranu, musi z czasem pojawi\u0107 si\u0119 ponownie.<\/p>\n<p>Opcja, do kt\u00f3rej re\u017cim mo\u017ce si\u0119 uciec w celu ponownego wzbudzenia solidarno\u015bci z re\u017cimem mimo braku poprawy gospodarczej, jest wywo\u0142anie kryzysu lub wojny na jednej lub wi\u0119cej regionalnych arenach, gdzie Iran jest zaanga\u017cowany \u2013 w Izraelu, Bahrajnie lub Jemenie \u2013 przez swoich namiestnik\u00f3w w tych krajach.<\/p>\n<p><img loading=\"lazy\" decoding=\"async\" class=\"alignnone size-full wp-image-10233\" src=\"https:\/\/www2.memri.org\/polish\/wp-content\/uploads\/2018\/01\/Irannew-1.jpg\" width=\"689\" height=\"386\" alt=\"\" srcset=\"https:\/\/www2.memri.org\/polish\/wp-content\/uploads\/2018\/01\/Irannew-1.jpg 689w, https:\/\/www2.memri.org\/polish\/wp-content\/uploads\/2018\/01\/Irannew-1-300x168.jpg 300w, https:\/\/www2.memri.org\/polish\/wp-content\/uploads\/2018\/01\/Irannew-1-600x336.jpg 600w\" sizes=\"auto, (max-width: 689px) 100vw, 689px\" \/><\/p>\n<p>Wezwania do uwolnienia wi\u0119\u017ani\u00f3w politycznych i do wolno\u015bci politycznej w Kermanszah, 29 grudnia 2017:<\/p>\n<p><a href=\"https:\/\/twitter.com\/bahramstar\/status\/946668481818382336\/video\/1\">https:\/\/twitter.com\/bahramstar\/status\/946668481818382336\/video\/1<\/a><\/p>\n<p>Masowy protest w Zand\u017can:<\/p>\n<p><a href=\"https:\/\/twitter.com\/i\/web\/status\/947209943974690816\">https:\/\/twitter.com\/i\/web\/status\/947209943974690816<\/a><\/p>\n<div>\n<hr \/>\n<p><a name=\"_ftn1\"><\/a><a href=\"#_ftnref1\">[1]<\/a> Strona internetowa Chameneiego w j\u0119zyku farsi, Farsi.khamenei.ir, 27 grudnia 2017.<\/p>\n<p><a name=\"_ftn2\"><\/a><a href=\"#_ftnref2\">[2]<\/a> Tasnim (Iran), 29 grudnia 2017. D\u017cahangari m\u00f3wi prawodpodobnie o wezwaniach ideolog\u00f3w do demonstracji przeciwko rz\u0105dowi Rohaniego, wykorzystuj\u0105c niedawne wypowiedzi celebryt\u00f3w, kt\u00f3rzy wyrazili rozczarowanie rz\u0105dem.<\/p>\n<p><a name=\"_ftn3\"><\/a><a href=\"#_ftnref3\">[3]<\/a> \u201eKayhan\u201d (Iran), 31 grudnia 2017.<\/p>\n<\/div>\n","protected":false},"excerpt":{"rendered":"<p>Obecne demonstracje w Iranie przeciwko re\u017cimowi zacz\u0119\u0142y si\u0119 w Teheranie 27 grudnia 2017 r. w formie protest\u00f3w ekonomicznych przeciwko wysokim kosztom utrzymania, ale szybo rozprzestrzeni\u0142y si\u0119 na ca\u0142y kraj, przyjmuj\u0105c politycznym wymiar protestu przeciwko re\u017cimowi Rewolucji Islamskiej, a szczeg\u00f3lnie przeciwko najwy\u017cszemu przyw\u00f3dcy, Alemu Chameneiemu, przeciwko polityce re\u017cimu wobec Syrii, Gazy i Libanu, przeciwko religijnemu establishmentowi [&hellip;]<\/p>\n","protected":false},"author":1,"featured_media":10226,"comment_status":"open","ping_status":"open","sticky":false,"template":"","format":"standard","meta":{"footnotes":""},"categories":[824,825,827,835,836,837],"tags":[],"class_list":["post-10223","post","type-post","status-publish","format-standard","has-post-thumbnail","hentry","category-specjalne-komunikaty","category-reformy-w-swiecie-arabskim-i-muzulmanskim","category-iran","category-archiwum","category-tematy","category-kraje"],"_links":{"self":[{"href":"https:\/\/www2.memri.org\/polish\/wp-json\/wp\/v2\/posts\/10223","targetHints":{"allow":["GET"]}}],"collection":[{"href":"https:\/\/www2.memri.org\/polish\/wp-json\/wp\/v2\/posts"}],"about":[{"href":"https:\/\/www2.memri.org\/polish\/wp-json\/wp\/v2\/types\/post"}],"author":[{"embeddable":true,"href":"https:\/\/www2.memri.org\/polish\/wp-json\/wp\/v2\/users\/1"}],"replies":[{"embeddable":true,"href":"https:\/\/www2.memri.org\/polish\/wp-json\/wp\/v2\/comments?post=10223"}],"version-history":[{"count":3,"href":"https:\/\/www2.memri.org\/polish\/wp-json\/wp\/v2\/posts\/10223\/revisions"}],"predecessor-version":[{"id":10234,"href":"https:\/\/www2.memri.org\/polish\/wp-json\/wp\/v2\/posts\/10223\/revisions\/10234"}],"wp:featuredmedia":[{"embeddable":true,"href":"https:\/\/www2.memri.org\/polish\/wp-json\/wp\/v2\/media\/10226"}],"wp:attachment":[{"href":"https:\/\/www2.memri.org\/polish\/wp-json\/wp\/v2\/media?parent=10223"}],"wp:term":[{"taxonomy":"category","embeddable":true,"href":"https:\/\/www2.memri.org\/polish\/wp-json\/wp\/v2\/categories?post=10223"},{"taxonomy":"post_tag","embeddable":true,"href":"https:\/\/www2.memri.org\/polish\/wp-json\/wp\/v2\/tags?post=10223"}],"curies":[{"name":"wp","href":"https:\/\/api.w.org\/{rel}","templated":true}]}}