{"id":9820,"date":"2015-12-03T00:00:00","date_gmt":"2015-12-03T00:00:00","guid":{"rendered":"http:\/\/www2.memri.org\/espanol\/2015\/12\/03\/que-condujo-a-la-masacre-de-bataclan-en-paris-el-yihad-del-eiis-contra-la-musica\/"},"modified":"2016-01-13T22:47:03","modified_gmt":"2016-01-13T22:47:03","slug":"que-condujo-a-la-masacre-de-bataclan-en-paris-el-yihad-del-eiis-contra-la-musica","status":"publish","type":"post","link":"https:\/\/www2.memri.org\/espanol\/que-condujo-a-la-masacre-de-bataclan-en-paris-el-yihad-del-eiis-contra-la-musica\/9820","title":{"rendered":"Que condujo a la masacre de Bataclan en Par\u00eds: El yihad del EIIS contra la m\u00fasica"},"content":{"rendered":"<div class=\"bodytext c2\">\n<p>Por: Steven Stalinsky*<\/p>\n<p><em>\u00abLa m\u00fasica&#8230; es la flauta del diablo\u00bb. &#8211; Osama bin Laden <a href=\"#_edn1\" name=\"_ednref1\">[1]<\/a><\/em><\/p>\n<p>Tras el ataque el 13 de noviembre al sal\u00f3n de conciertos Bataclan en Par\u00eds, el Estado Isl\u00e1mico (EIIS) emiti\u00f3 un comunicado responsabiliz\u00e1ndose por el ataque y se\u00f1alando que fue una respuesta a la guerra de Francia contra el Islam y su insulto a Mahoma. El ataque contra Francia, dijo, fue una advertencia, y s\u00f3lo las \u00abprimeras gotas de lluvia\u00bb. Tambi\u00e9n revel\u00f3 que ocho hombres que llevaban puesto cinturones explosivos junto a ametralladoras hab\u00edan atacado objetivos \u00abcuidadosamente seleccionados\u00bb en el coraz\u00f3n de la capital francesa, incluyendo, adem\u00e1s de la sala de conciertos, el estadio nacional de Francia y una serie de objetivos en los distritos 10, 11 y 18 de la ciudad.<\/p>\n<p>Sobre la sala de conciertos Bataclan, donde la mayor\u00eda de las v\u00edctimas del ataque asist\u00edan a un concierto de la banda de rock estadounidense de m\u00fasica \u00c1guilas del Death Metal, el EIIS escribi\u00f3 que el lugar estaba lleno de cientos de \u00abpolite\u00edstas\u00bb en una fiesta de \u00abfornicaci\u00f3n y libertinaje\u00bb. Gracias a Al\u00e1, dijo, el ataque simult\u00e1neo hab\u00eda logrado sacudir a Par\u00eds y sus calles asesinando a m\u00e1s de \u00ab200 cruzados\u00bb. <a href=\"#_edn2\" name=\"_ednref2\">[2]<\/a><\/p>\n<p>La elecci\u00f3n del Bataclan va acorde con el odio del EIIS por Occidente. Esta inclu\u00eda a una banda estadounidense, una sala de conciertos llena de personas de sexos entremezclados, mujeres ataviadas con ropa al estilo occidental, alcohol y m\u00fasica en vivo &#8211; todo considerado no isl\u00e1mico y prohibido.<\/p>\n<p>Desde que el EIIS lleg\u00f3 al poder, se ha centrado en las \u00e1reas que controla en Irak, Siria y Libia, donde se tocaba la m\u00fasica, as\u00ed como tambi\u00e9n ha castigado f\u00edsicamente a m\u00fasicos y ha destruido instrumentos musicales. Estos castigos han incluido la flagelaci\u00f3n p\u00fablica de los m\u00fasicos y la quema de sus instrumentos.<\/p>\n<p>Los m\u00fasicos son uno de los muchos grupos espec\u00edficos bajo control del EIIS. El grupo ha declarado y publicado se\u00f1ales de advertencia de que la m\u00fasica es <em>haram<\/em> (prohibido en el Islam) y que describen los cr\u00edmenes involucrados en escuchar y tocar m\u00fasica, o incluso el poseer instrumentos musicales.<\/p>\n<p>Por ejemplo, el 21 de enero, 2014, el diario \u00e1rabe en Londres <em>Al-Hayat<\/em> inform\u00f3 que el EIIS hab\u00eda emitido un comunicado prohibiendo la m\u00fasica y las canciones en los autos, en fiestas, tiendas y en p\u00fablico en la provincia Al-Raqqa en Siria. \u00abLas canciones y la m\u00fasica est\u00e1n prohibidos en el Islam, ya que impiden el recuerdo de Al\u00e1 y el Cor\u00e1n y son tentaci\u00f3n y corrupci\u00f3n al coraz\u00f3n\u00bb, ley\u00f3 la declaraci\u00f3n. \u00abEl que viole estas reglas ser\u00e1 sometido al castigo necesario del Sharia\u00bb.<\/p>\n<p><strong>En la Provincia de Tigris (Dijla), Irak &#8211; ISIS decora las calles con carteles anti-instrumentos musicales<\/strong><\/p>\n<p>El 22 de junio, 2015 la oficina de prensa de la Provincia Tigris (Dijla) del EIIS en Irak dio a conocer tres fotos de las carteleras p\u00fablicas. La primera advierte contra el uso de instrumentos musicales e incluye un hadith que dice: \u00abAlgunos grupos de mi naci\u00f3n consideran los instrumentos musicales como permisibles\u00bb. La segunda foto destaca un cartel con una bandera del EIIS y el tercero muestra un fusil y un Cor\u00e1n junto a una declaraci\u00f3n que dice: \u00abLa base de la religi\u00f3n con un libro que gu\u00eda y una espada que otorga la victoria\u00bb. <a href=\"#_edn3\" name=\"_ednref3\">[3]<\/a><\/p>\n<p><img loading=\"lazy\" decoding=\"async\" class=\"alignnone size-full wp-image-9990\" src=\"http:\/\/www2.memri.org\/espanol\/wp-content\/uploads\/2016\/01\/25875.jpg\" width=\"850\" height=\"541\" srcset=\"https:\/\/www2.memri.org\/espanol\/wp-content\/uploads\/2016\/01\/25875.jpg 850w, https:\/\/www2.memri.org\/espanol\/wp-content\/uploads\/2016\/01\/25875-300x191.jpg 300w, https:\/\/www2.memri.org\/espanol\/wp-content\/uploads\/2016\/01\/25875-768x489.jpg 768w, https:\/\/www2.memri.org\/espanol\/wp-content\/uploads\/2016\/01\/25875-600x382.jpg 600w, https:\/\/www2.memri.org\/espanol\/wp-content\/uploads\/2016\/01\/25875-696x443.jpg 696w, https:\/\/www2.memri.org\/espanol\/wp-content\/uploads\/2016\/01\/25875-660x420.jpg 660w\" sizes=\"auto, (max-width: 850px) 100vw, 850px\" \/><\/p>\n<p><img loading=\"lazy\" decoding=\"async\" class=\"alignnone size-full wp-image-9991\" src=\"http:\/\/www2.memri.org\/espanol\/wp-content\/uploads\/2016\/01\/25876.jpg\" width=\"850\" height=\"270\" srcset=\"https:\/\/www2.memri.org\/espanol\/wp-content\/uploads\/2016\/01\/25876.jpg 850w, https:\/\/www2.memri.org\/espanol\/wp-content\/uploads\/2016\/01\/25876-300x95.jpg 300w, https:\/\/www2.memri.org\/espanol\/wp-content\/uploads\/2016\/01\/25876-768x244.jpg 768w, https:\/\/www2.memri.org\/espanol\/wp-content\/uploads\/2016\/01\/25876-600x191.jpg 600w, https:\/\/www2.memri.org\/espanol\/wp-content\/uploads\/2016\/01\/25876-696x221.jpg 696w\" sizes=\"auto, (max-width: 850px) 100vw, 850px\" \/><\/p>\n<p><strong>En Al-Bukamal, Siria &#8211; M\u00e1s carteles anti-m\u00fasica del EIIS<\/strong><\/p>\n<p><em>Militantes del EIIS cuelgan carteles en la ciudad de Al-Bukamal, Siria<\/em><\/p>\n<p><img loading=\"lazy\" decoding=\"async\" class=\"alignnone size-full wp-image-9992\" src=\"http:\/\/www2.memri.org\/espanol\/wp-content\/uploads\/2016\/01\/25877.jpg\" width=\"850\" height=\"477\" srcset=\"https:\/\/www2.memri.org\/espanol\/wp-content\/uploads\/2016\/01\/25877.jpg 850w, https:\/\/www2.memri.org\/espanol\/wp-content\/uploads\/2016\/01\/25877-300x168.jpg 300w, https:\/\/www2.memri.org\/espanol\/wp-content\/uploads\/2016\/01\/25877-768x431.jpg 768w, https:\/\/www2.memri.org\/espanol\/wp-content\/uploads\/2016\/01\/25877-600x337.jpg 600w, https:\/\/www2.memri.org\/espanol\/wp-content\/uploads\/2016\/01\/25877-696x391.jpg 696w, https:\/\/www2.memri.org\/espanol\/wp-content\/uploads\/2016\/01\/25877-748x420.jpg 748w\" sizes=\"auto, (max-width: 850px) 100vw, 850px\" \/><\/p>\n<p><img loading=\"lazy\" decoding=\"async\" class=\"alignnone size-full wp-image-9993\" src=\"http:\/\/www2.memri.org\/espanol\/wp-content\/uploads\/2016\/01\/25878.jpg\" width=\"850\" height=\"477\" srcset=\"https:\/\/www2.memri.org\/espanol\/wp-content\/uploads\/2016\/01\/25878.jpg 850w, https:\/\/www2.memri.org\/espanol\/wp-content\/uploads\/2016\/01\/25878-300x168.jpg 300w, https:\/\/www2.memri.org\/espanol\/wp-content\/uploads\/2016\/01\/25878-768x431.jpg 768w, https:\/\/www2.memri.org\/espanol\/wp-content\/uploads\/2016\/01\/25878-600x337.jpg 600w, https:\/\/www2.memri.org\/espanol\/wp-content\/uploads\/2016\/01\/25878-696x391.jpg 696w, https:\/\/www2.memri.org\/espanol\/wp-content\/uploads\/2016\/01\/25878-748x420.jpg 748w\" sizes=\"auto, (max-width: 850px) 100vw, 850px\" \/><\/p>\n<p><strong>En Bujaq, Siria &#8211; El EIIS sentencia a m\u00fasicos a ser flagelados y destruye sus instrumentos<\/strong><\/p>\n<p>De acuerdo a informes en los medios de comunicaci\u00f3n el 20 de enero, 2015 y el contenido compartido por los seguidores del EIIS en Twitter, la polic\u00eda religiosa del EIIS decomis\u00f3 instrumentos a m\u00fasicos y les castig\u00f3 con 90 latigazos en una plaza p\u00fablica, en una redada que supuestamente tuvo lugar en Bujaq, Siria, a unas pocas millas al este de Alepo. Sus instrumentos fueron destruidos posteriormente.<\/p>\n<p><img loading=\"lazy\" decoding=\"async\" class=\"alignnone size-full wp-image-9994\" src=\"http:\/\/www2.memri.org\/espanol\/wp-content\/uploads\/2016\/01\/25879.jpg\" width=\"850\" height=\"495\" srcset=\"https:\/\/www2.memri.org\/espanol\/wp-content\/uploads\/2016\/01\/25879.jpg 850w, https:\/\/www2.memri.org\/espanol\/wp-content\/uploads\/2016\/01\/25879-300x175.jpg 300w, https:\/\/www2.memri.org\/espanol\/wp-content\/uploads\/2016\/01\/25879-768x447.jpg 768w, https:\/\/www2.memri.org\/espanol\/wp-content\/uploads\/2016\/01\/25879-600x349.jpg 600w, https:\/\/www2.memri.org\/espanol\/wp-content\/uploads\/2016\/01\/25879-696x405.jpg 696w, https:\/\/www2.memri.org\/espanol\/wp-content\/uploads\/2016\/01\/25879-721x420.jpg 721w\" sizes=\"auto, (max-width: 850px) 100vw, 850px\" \/><\/p>\n<p><em>\u00abAzotamiento de un pecador a 90 latigazos\u00bb<\/em><\/p>\n<p><img loading=\"lazy\" decoding=\"async\" class=\"alignnone size-full wp-image-9995\" src=\"http:\/\/www2.memri.org\/espanol\/wp-content\/uploads\/2016\/01\/25880.jpg\" width=\"850\" height=\"495\" srcset=\"https:\/\/www2.memri.org\/espanol\/wp-content\/uploads\/2016\/01\/25880.jpg 850w, https:\/\/www2.memri.org\/espanol\/wp-content\/uploads\/2016\/01\/25880-300x175.jpg 300w, https:\/\/www2.memri.org\/espanol\/wp-content\/uploads\/2016\/01\/25880-768x447.jpg 768w, https:\/\/www2.memri.org\/espanol\/wp-content\/uploads\/2016\/01\/25880-600x349.jpg 600w, https:\/\/www2.memri.org\/espanol\/wp-content\/uploads\/2016\/01\/25880-696x405.jpg 696w, https:\/\/www2.memri.org\/espanol\/wp-content\/uploads\/2016\/01\/25880-721x420.jpg 721w\" sizes=\"auto, (max-width: 850px) 100vw, 850px\" \/><\/p>\n<p><em>\u00abAzotamiento de un contrabandista de cigarrillos a 90 latigazos\u00bb<\/em><\/p>\n<p><img loading=\"lazy\" decoding=\"async\" class=\"alignnone size-full wp-image-9996\" src=\"http:\/\/www2.memri.org\/espanol\/wp-content\/uploads\/2016\/01\/25881.jpg\" width=\"850\" height=\"495\" srcset=\"https:\/\/www2.memri.org\/espanol\/wp-content\/uploads\/2016\/01\/25881.jpg 850w, https:\/\/www2.memri.org\/espanol\/wp-content\/uploads\/2016\/01\/25881-300x175.jpg 300w, https:\/\/www2.memri.org\/espanol\/wp-content\/uploads\/2016\/01\/25881-768x447.jpg 768w, https:\/\/www2.memri.org\/espanol\/wp-content\/uploads\/2016\/01\/25881-600x349.jpg 600w, https:\/\/www2.memri.org\/espanol\/wp-content\/uploads\/2016\/01\/25881-696x405.jpg 696w, https:\/\/www2.memri.org\/espanol\/wp-content\/uploads\/2016\/01\/25881-721x420.jpg 721w\" sizes=\"auto, (max-width: 850px) 100vw, 850px\" \/><\/p>\n<p><em>\u00abDestrucci\u00f3n de instrumentos musicales\u00bb<\/em><\/p>\n<p><img loading=\"lazy\" decoding=\"async\" class=\"alignnone size-full wp-image-9997\" src=\"http:\/\/www2.memri.org\/espanol\/wp-content\/uploads\/2016\/01\/25882.jpg\" width=\"850\" height=\"495\" srcset=\"https:\/\/www2.memri.org\/espanol\/wp-content\/uploads\/2016\/01\/25882.jpg 850w, https:\/\/www2.memri.org\/espanol\/wp-content\/uploads\/2016\/01\/25882-300x175.jpg 300w, https:\/\/www2.memri.org\/espanol\/wp-content\/uploads\/2016\/01\/25882-768x447.jpg 768w, https:\/\/www2.memri.org\/espanol\/wp-content\/uploads\/2016\/01\/25882-600x349.jpg 600w, https:\/\/www2.memri.org\/espanol\/wp-content\/uploads\/2016\/01\/25882-696x405.jpg 696w, https:\/\/www2.memri.org\/espanol\/wp-content\/uploads\/2016\/01\/25882-721x420.jpg 721w\" sizes=\"auto, (max-width: 850px) 100vw, 850px\" \/><\/p>\n<p><em>\u00abDestrucci\u00f3n de instrumentos musicales\u00bb<\/em><\/p>\n<p><strong>Provincia de Barqa, Libia &#8211; La polic\u00eda religiosa del EIIS incinera instrumentos musicales<\/strong><\/p>\n<p>El 18 de febrero, 2015 la divisi\u00f3n de medios de comunicaci\u00f3n del Estado Isl\u00e1mico (EIIS) en la provincia de Barqa, al este de Libia, public\u00f3 una serie de fotos que documentan las actividades de su polic\u00eda religiosa. Una serie de fotos muestra a un grupo de miembros enmascarados del EIIS incendiando una pila de tambores confiscados por la polic\u00eda religiosa. <a href=\"#_edn4\" name=\"_ednref4\">[4]<\/a><\/p>\n<p><img loading=\"lazy\" decoding=\"async\" class=\"alignnone size-full wp-image-9998\" src=\"http:\/\/www2.memri.org\/espanol\/wp-content\/uploads\/2016\/01\/25883.jpg\" width=\"850\" height=\"541\" srcset=\"https:\/\/www2.memri.org\/espanol\/wp-content\/uploads\/2016\/01\/25883.jpg 850w, https:\/\/www2.memri.org\/espanol\/wp-content\/uploads\/2016\/01\/25883-300x191.jpg 300w, https:\/\/www2.memri.org\/espanol\/wp-content\/uploads\/2016\/01\/25883-768x489.jpg 768w, https:\/\/www2.memri.org\/espanol\/wp-content\/uploads\/2016\/01\/25883-600x382.jpg 600w, https:\/\/www2.memri.org\/espanol\/wp-content\/uploads\/2016\/01\/25883-696x443.jpg 696w, https:\/\/www2.memri.org\/espanol\/wp-content\/uploads\/2016\/01\/25883-660x420.jpg 660w\" sizes=\"auto, (max-width: 850px) 100vw, 850px\" \/><\/p>\n<p>&lt;![]&#8211;&gt;<img loading=\"lazy\" decoding=\"async\" class=\"alignnone size-full wp-image-9999\" src=\"http:\/\/www2.memri.org\/espanol\/wp-content\/uploads\/2016\/01\/25884.jpg\" width=\"850\" height=\"541\" srcset=\"https:\/\/www2.memri.org\/espanol\/wp-content\/uploads\/2016\/01\/25884.jpg 850w, https:\/\/www2.memri.org\/espanol\/wp-content\/uploads\/2016\/01\/25884-300x191.jpg 300w, https:\/\/www2.memri.org\/espanol\/wp-content\/uploads\/2016\/01\/25884-768x489.jpg 768w, https:\/\/www2.memri.org\/espanol\/wp-content\/uploads\/2016\/01\/25884-600x382.jpg 600w, https:\/\/www2.memri.org\/espanol\/wp-content\/uploads\/2016\/01\/25884-696x443.jpg 696w, https:\/\/www2.memri.org\/espanol\/wp-content\/uploads\/2016\/01\/25884-660x420.jpg 660w\" sizes=\"auto, (max-width: 850px) 100vw, 850px\" \/><\/p>\n<p>&lt;![]&#8211;&gt; <img loading=\"lazy\" decoding=\"async\" class=\"alignnone size-full wp-image-10000\" src=\"http:\/\/www2.memri.org\/espanol\/wp-content\/uploads\/2016\/01\/25885.jpg\" width=\"850\" height=\"541\" srcset=\"https:\/\/www2.memri.org\/espanol\/wp-content\/uploads\/2016\/01\/25885.jpg 850w, https:\/\/www2.memri.org\/espanol\/wp-content\/uploads\/2016\/01\/25885-300x191.jpg 300w, https:\/\/www2.memri.org\/espanol\/wp-content\/uploads\/2016\/01\/25885-768x489.jpg 768w, https:\/\/www2.memri.org\/espanol\/wp-content\/uploads\/2016\/01\/25885-600x382.jpg 600w, https:\/\/www2.memri.org\/espanol\/wp-content\/uploads\/2016\/01\/25885-696x443.jpg 696w, https:\/\/www2.memri.org\/espanol\/wp-content\/uploads\/2016\/01\/25885-660x420.jpg 660w\" sizes=\"auto, (max-width: 850px) 100vw, 850px\" \/><\/p>\n<p><strong>Bengasi, Libia &#8211; El EIIS destruye instrumentos musicales<\/strong><\/p>\n<p>En abril, 2015 en Bengasi, Libia militantes del EIIS destruyeron instrumentos musicales inciner\u00e1ndolos. Fotos de la destrucci\u00f3n fueron publicadas en una cuenta vinculada al EIIS en Dump.to y un enlace a estos fue compartido por una cuenta pro-EIIS en Twitter: <a href=\"#_edn5\" name=\"_ednref5\">[5]<\/a><\/p>\n<p><img loading=\"lazy\" decoding=\"async\" class=\"alignnone size-full wp-image-10001\" src=\"http:\/\/www2.memri.org\/espanol\/wp-content\/uploads\/2016\/01\/25891.jpg\" width=\"850\" height=\"955\" srcset=\"https:\/\/www2.memri.org\/espanol\/wp-content\/uploads\/2016\/01\/25891.jpg 850w, https:\/\/www2.memri.org\/espanol\/wp-content\/uploads\/2016\/01\/25891-267x300.jpg 267w, https:\/\/www2.memri.org\/espanol\/wp-content\/uploads\/2016\/01\/25891-768x863.jpg 768w, https:\/\/www2.memri.org\/espanol\/wp-content\/uploads\/2016\/01\/25891-600x674.jpg 600w, https:\/\/www2.memri.org\/espanol\/wp-content\/uploads\/2016\/01\/25891-696x782.jpg 696w, https:\/\/www2.memri.org\/espanol\/wp-content\/uploads\/2016\/01\/25891-374x420.jpg 374w\" sizes=\"auto, (max-width: 850px) 100vw, 850px\" \/><\/p>\n<p><em>\u00abProvincia de Barqa &#8211; informe fotogr\u00e1fico &#8211; La confiscaci\u00f3n y destrucci\u00f3n de instrumentos musicales en Bengasi\u00bb.<\/em><\/p>\n<p><img loading=\"lazy\" decoding=\"async\" class=\"alignnone size-full wp-image-10002\" src=\"http:\/\/www2.memri.org\/espanol\/wp-content\/uploads\/2016\/01\/25888.jpg\" width=\"850\" height=\"179\" srcset=\"https:\/\/www2.memri.org\/espanol\/wp-content\/uploads\/2016\/01\/25888.jpg 850w, https:\/\/www2.memri.org\/espanol\/wp-content\/uploads\/2016\/01\/25888-300x63.jpg 300w, https:\/\/www2.memri.org\/espanol\/wp-content\/uploads\/2016\/01\/25888-768x162.jpg 768w, https:\/\/www2.memri.org\/espanol\/wp-content\/uploads\/2016\/01\/25888-600x126.jpg 600w, https:\/\/www2.memri.org\/espanol\/wp-content\/uploads\/2016\/01\/25888-696x147.jpg 696w\" sizes=\"auto, (max-width: 850px) 100vw, 850px\" \/><\/p>\n<p><img loading=\"lazy\" decoding=\"async\" class=\"alignnone size-full wp-image-10003\" src=\"http:\/\/www2.memri.org\/espanol\/wp-content\/uploads\/2016\/01\/25887.jpg\" width=\"850\" height=\"179\" srcset=\"https:\/\/www2.memri.org\/espanol\/wp-content\/uploads\/2016\/01\/25887.jpg 850w, https:\/\/www2.memri.org\/espanol\/wp-content\/uploads\/2016\/01\/25887-300x63.jpg 300w, https:\/\/www2.memri.org\/espanol\/wp-content\/uploads\/2016\/01\/25887-768x162.jpg 768w, https:\/\/www2.memri.org\/espanol\/wp-content\/uploads\/2016\/01\/25887-600x126.jpg 600w, https:\/\/www2.memri.org\/espanol\/wp-content\/uploads\/2016\/01\/25887-696x147.jpg 696w\" sizes=\"auto, (max-width: 850px) 100vw, 850px\" \/><\/p>\n<p><img loading=\"lazy\" decoding=\"async\" class=\"alignnone size-full wp-image-10004\" src=\"http:\/\/www2.memri.org\/espanol\/wp-content\/uploads\/2016\/01\/25895.jpg\" width=\"850\" height=\"541\" srcset=\"https:\/\/www2.memri.org\/espanol\/wp-content\/uploads\/2016\/01\/25895.jpg 850w, https:\/\/www2.memri.org\/espanol\/wp-content\/uploads\/2016\/01\/25895-300x191.jpg 300w, https:\/\/www2.memri.org\/espanol\/wp-content\/uploads\/2016\/01\/25895-768x489.jpg 768w, https:\/\/www2.memri.org\/espanol\/wp-content\/uploads\/2016\/01\/25895-600x382.jpg 600w, https:\/\/www2.memri.org\/espanol\/wp-content\/uploads\/2016\/01\/25895-696x443.jpg 696w, https:\/\/www2.memri.org\/espanol\/wp-content\/uploads\/2016\/01\/25895-660x420.jpg 660w\" sizes=\"auto, (max-width: 850px) 100vw, 850px\" \/><\/p>\n<p><img loading=\"lazy\" decoding=\"async\" class=\"alignnone size-full wp-image-10005\" src=\"http:\/\/www2.memri.org\/espanol\/wp-content\/uploads\/2016\/01\/25894.jpg\" width=\"850\" height=\"541\" srcset=\"https:\/\/www2.memri.org\/espanol\/wp-content\/uploads\/2016\/01\/25894.jpg 850w, https:\/\/www2.memri.org\/espanol\/wp-content\/uploads\/2016\/01\/25894-300x191.jpg 300w, https:\/\/www2.memri.org\/espanol\/wp-content\/uploads\/2016\/01\/25894-768x489.jpg 768w, https:\/\/www2.memri.org\/espanol\/wp-content\/uploads\/2016\/01\/25894-600x382.jpg 600w, https:\/\/www2.memri.org\/espanol\/wp-content\/uploads\/2016\/01\/25894-696x443.jpg 696w, https:\/\/www2.memri.org\/espanol\/wp-content\/uploads\/2016\/01\/25894-660x420.jpg 660w\" sizes=\"auto, (max-width: 850px) 100vw, 850px\" \/><\/p>\n<p>&lt;![]&#8211;&gt; <img loading=\"lazy\" decoding=\"async\" class=\"alignnone size-full wp-image-10006\" src=\"http:\/\/www2.memri.org\/espanol\/wp-content\/uploads\/2016\/01\/25897.jpg\" width=\"850\" height=\"541\" srcset=\"https:\/\/www2.memri.org\/espanol\/wp-content\/uploads\/2016\/01\/25897.jpg 850w, https:\/\/www2.memri.org\/espanol\/wp-content\/uploads\/2016\/01\/25897-300x191.jpg 300w, https:\/\/www2.memri.org\/espanol\/wp-content\/uploads\/2016\/01\/25897-768x489.jpg 768w, https:\/\/www2.memri.org\/espanol\/wp-content\/uploads\/2016\/01\/25897-600x382.jpg 600w, https:\/\/www2.memri.org\/espanol\/wp-content\/uploads\/2016\/01\/25897-696x443.jpg 696w, https:\/\/www2.memri.org\/espanol\/wp-content\/uploads\/2016\/01\/25897-660x420.jpg 660w\" sizes=\"auto, (max-width: 850px) 100vw, 850px\" \/><\/p>\n<p><em>Destrucci\u00f3n de instrumentos musicales <a href=\"#_edn6\" name=\"_ednref6\">[6]<\/a><\/em><\/p>\n<p><strong>M\u00fasicos occidentales reaccionan a los ataques de Par\u00eds por el EIIS<\/strong><\/p>\n<p>A ra\u00edz de los ataques del 13 de noviembre en Par\u00eds, muchos m\u00fasicos occidentales dieron a conocer declaraciones de condena, pero sin mencionar al EIIS por su nombre. Ejemplos notables incluyen a Coldplay, Madonna y el grupo Foo Fighters. La declaraci\u00f3n de los Foo Fighters ley\u00f3: \u00abCon profunda tristeza y sincera preocupaci\u00f3n para todos en Par\u00eds es que nos hemos visto obligados a anunciar la cancelaci\u00f3n del resto de nuestros conciertos. Ante esta violencia sin sentido, el cierre de fronteras y el luto internacional, no podemos seguir en este momento. No hay otra manera de decirlo. Esto es una locura y nada afortunado. Nuestros pensamientos y rezos est\u00e1n con todos los que fueron heridos o que perdieron a un ser querido\u00bb.<\/p>\n<p>Un concierto grande de U2 en Par\u00eds previsto para la noche despu\u00e9s de los ataques, que iba a ser transmitido en vivo por HBO, fue pospuesto por las autoridades francesas. De acuerdo con <em>USA Today<\/em>, el principal del grupo Bono dijo: \u00abSi se piensa en ello, la mayor\u00eda de las v\u00edctimas de anoche son fan\u00e1ticos de la m\u00fasica&#8230; Este es el primer golpe directo en la m\u00fasica que hemos tenido en esta llamada guerra contra el terrorismo. Y es muy frustrante. Estos son los nuestros&#8230; El efecto a sangre fr\u00eda de esta masacre es muy preocupante y eso es lo que no puedo apartar de mi cabeza\u00bb.<\/p>\n<p>Tambi\u00e9n en USA Today, Bono record\u00f3 su visita a un festival de m\u00fasica en el 2003 en el desierto de Tombuct\u00fa, en Mali: \u00abHab\u00eda lanzacohetes en el borde de las premisas del festival, que no era muy rock &#8216;n&#8217; roll que digamos. Dentro de pocas semanas, Mal\u00ed hab\u00eda sido tomada por los extremistas. El hotel donde nos alojamos se convirti\u00f3 en el pasillo de la justicia isl\u00e1mica. A los m\u00fasicos les cortaban las manos en el propio hotel donde dormimos y comimos. Odian la m\u00fasica. Odian a las mujeres. Odian todo lo que nosotros amamos. Esta es una enfermedad en el mundo y simplemente no podemos dejarnos vencer\u00bb.<\/p>\n<p>El concierto de U2 en Par\u00eds fue reprogramado para este fin de semana. Bono le dijo al <em>Times de Nueva York<\/em> en una entrevista publicada hoy: \u00abEl terrorismo se basa en personas que est\u00e1n siendo aterrorizadas y nosotros no nos \u00edbamos a dejar. Sentimos que la mayor y \u00fanica verdadera contribuci\u00f3n que podemos hacer para un momento as\u00ed es honrar al pueblo de Par\u00eds, que nos trajo el concepto de libert\u00e9, \u00e9galit\u00e9, fraternit\u00e9 (libertad, igualdad, fraternidad&#8230;<\/p>\n<p>\u00abEl EIIS y este tipo de extremistas son un culto a la muerte. Nosotros somos un culto a la vida. El Rock &#8216;n&#8217; roll es una fuerza de vida y es alegr\u00eda al igual que un acto de desaf\u00edo. Eso es lo que U2 es. Eso va imbuido en el coraz\u00f3n mismo de nuestra banda. M\u00e1s importante en este caso, es el propio coraz\u00f3n de nuestra audiencia. Ahora puedo ya escuchar que seremos ahogados por esa audiencia francesa. Y eso es poderoso\u00bb.<\/p>\n<p><strong>Ap\u00e9ndice: Yihadistas e islamistas tuitean &#8211; La m\u00fasica es Haram<\/strong><\/p>\n<p>Los siguientes son tuits de yihadistas e islamistas indicando que la m\u00fasica es haram:<\/p>\n<p><img loading=\"lazy\" decoding=\"async\" class=\"alignnone size-full wp-image-10007\" src=\"http:\/\/www2.memri.org\/espanol\/wp-content\/uploads\/2016\/01\/25898.jpg\" width=\"850\" height=\"322\" srcset=\"https:\/\/www2.memri.org\/espanol\/wp-content\/uploads\/2016\/01\/25898.jpg 850w, https:\/\/www2.memri.org\/espanol\/wp-content\/uploads\/2016\/01\/25898-300x114.jpg 300w, https:\/\/www2.memri.org\/espanol\/wp-content\/uploads\/2016\/01\/25898-768x291.jpg 768w, https:\/\/www2.memri.org\/espanol\/wp-content\/uploads\/2016\/01\/25898-600x227.jpg 600w, https:\/\/www2.memri.org\/espanol\/wp-content\/uploads\/2016\/01\/25898-696x264.jpg 696w\" sizes=\"auto, (max-width: 850px) 100vw, 850px\" \/><\/p>\n<p><img loading=\"lazy\" decoding=\"async\" class=\"alignnone size-full wp-image-10008\" src=\"http:\/\/www2.memri.org\/espanol\/wp-content\/uploads\/2016\/01\/25900.jpg\" width=\"850\" height=\"511\" srcset=\"https:\/\/www2.memri.org\/espanol\/wp-content\/uploads\/2016\/01\/25900.jpg 850w, https:\/\/www2.memri.org\/espanol\/wp-content\/uploads\/2016\/01\/25900-300x180.jpg 300w, https:\/\/www2.memri.org\/espanol\/wp-content\/uploads\/2016\/01\/25900-768x462.jpg 768w, https:\/\/www2.memri.org\/espanol\/wp-content\/uploads\/2016\/01\/25900-600x361.jpg 600w, https:\/\/www2.memri.org\/espanol\/wp-content\/uploads\/2016\/01\/25900-696x418.jpg 696w, https:\/\/www2.memri.org\/espanol\/wp-content\/uploads\/2016\/01\/25900-699x420.jpg 699w\" sizes=\"auto, (max-width: 850px) 100vw, 850px\" \/><\/p>\n<p><img loading=\"lazy\" decoding=\"async\" class=\"alignnone size-full wp-image-10009\" src=\"http:\/\/www2.memri.org\/espanol\/wp-content\/uploads\/2016\/01\/25901.jpg\" width=\"850\" height=\"465\" srcset=\"https:\/\/www2.memri.org\/espanol\/wp-content\/uploads\/2016\/01\/25901.jpg 850w, https:\/\/www2.memri.org\/espanol\/wp-content\/uploads\/2016\/01\/25901-300x164.jpg 300w, https:\/\/www2.memri.org\/espanol\/wp-content\/uploads\/2016\/01\/25901-768x420.jpg 768w, https:\/\/www2.memri.org\/espanol\/wp-content\/uploads\/2016\/01\/25901-600x328.jpg 600w, https:\/\/www2.memri.org\/espanol\/wp-content\/uploads\/2016\/01\/25901-696x381.jpg 696w\" sizes=\"auto, (max-width: 850px) 100vw, 850px\" \/><\/p>\n<p><img loading=\"lazy\" decoding=\"async\" class=\"alignnone size-full wp-image-10010\" src=\"http:\/\/www2.memri.org\/espanol\/wp-content\/uploads\/2016\/01\/25903.jpg\" width=\"850\" height=\"780\" srcset=\"https:\/\/www2.memri.org\/espanol\/wp-content\/uploads\/2016\/01\/25903.jpg 850w, https:\/\/www2.memri.org\/espanol\/wp-content\/uploads\/2016\/01\/25903-300x275.jpg 300w, https:\/\/www2.memri.org\/espanol\/wp-content\/uploads\/2016\/01\/25903-768x705.jpg 768w, https:\/\/www2.memri.org\/espanol\/wp-content\/uploads\/2016\/01\/25903-600x551.jpg 600w, https:\/\/www2.memri.org\/espanol\/wp-content\/uploads\/2016\/01\/25903-696x639.jpg 696w, https:\/\/www2.memri.org\/espanol\/wp-content\/uploads\/2016\/01\/25903-458x420.jpg 458w\" sizes=\"auto, (max-width: 850px) 100vw, 850px\" \/><\/p>\n<p><img loading=\"lazy\" decoding=\"async\" class=\"alignnone size-full wp-image-10011\" src=\"http:\/\/www2.memri.org\/espanol\/wp-content\/uploads\/2016\/01\/25904.jpg\" width=\"850\" height=\"779\" srcset=\"https:\/\/www2.memri.org\/espanol\/wp-content\/uploads\/2016\/01\/25904.jpg 850w, https:\/\/www2.memri.org\/espanol\/wp-content\/uploads\/2016\/01\/25904-300x275.jpg 300w, https:\/\/www2.memri.org\/espanol\/wp-content\/uploads\/2016\/01\/25904-768x704.jpg 768w, https:\/\/www2.memri.org\/espanol\/wp-content\/uploads\/2016\/01\/25904-600x550.jpg 600w, https:\/\/www2.memri.org\/espanol\/wp-content\/uploads\/2016\/01\/25904-696x638.jpg 696w, https:\/\/www2.memri.org\/espanol\/wp-content\/uploads\/2016\/01\/25904-458x420.jpg 458w\" sizes=\"auto, (max-width: 850px) 100vw, 850px\" \/><\/p>\n<p><img loading=\"lazy\" decoding=\"async\" class=\"alignnone size-full wp-image-10012\" src=\"http:\/\/www2.memri.org\/espanol\/wp-content\/uploads\/2016\/01\/25906.jpg\" width=\"850\" height=\"803\" srcset=\"https:\/\/www2.memri.org\/espanol\/wp-content\/uploads\/2016\/01\/25906.jpg 850w, https:\/\/www2.memri.org\/espanol\/wp-content\/uploads\/2016\/01\/25906-300x283.jpg 300w, https:\/\/www2.memri.org\/espanol\/wp-content\/uploads\/2016\/01\/25906-768x726.jpg 768w, https:\/\/www2.memri.org\/espanol\/wp-content\/uploads\/2016\/01\/25906-600x567.jpg 600w, https:\/\/www2.memri.org\/espanol\/wp-content\/uploads\/2016\/01\/25906-696x658.jpg 696w, https:\/\/www2.memri.org\/espanol\/wp-content\/uploads\/2016\/01\/25906-445x420.jpg 445w\" sizes=\"auto, (max-width: 850px) 100vw, 850px\" \/><\/p>\n<p><img loading=\"lazy\" decoding=\"async\" class=\"alignnone size-full wp-image-10013\" src=\"http:\/\/www2.memri.org\/espanol\/wp-content\/uploads\/2016\/01\/25905.jpg\" width=\"850\" height=\"454\" srcset=\"https:\/\/www2.memri.org\/espanol\/wp-content\/uploads\/2016\/01\/25905.jpg 850w, https:\/\/www2.memri.org\/espanol\/wp-content\/uploads\/2016\/01\/25905-300x160.jpg 300w, https:\/\/www2.memri.org\/espanol\/wp-content\/uploads\/2016\/01\/25905-768x410.jpg 768w, https:\/\/www2.memri.org\/espanol\/wp-content\/uploads\/2016\/01\/25905-600x320.jpg 600w, https:\/\/www2.memri.org\/espanol\/wp-content\/uploads\/2016\/01\/25905-696x372.jpg 696w, https:\/\/www2.memri.org\/espanol\/wp-content\/uploads\/2016\/01\/25905-786x420.jpg 786w\" sizes=\"auto, (max-width: 850px) 100vw, 850px\" \/><\/p>\n<p><img loading=\"lazy\" decoding=\"async\" class=\"alignnone size-full wp-image-10014\" src=\"http:\/\/www2.memri.org\/espanol\/wp-content\/uploads\/2016\/01\/25907.jpg\" width=\"850\" height=\"449\" srcset=\"https:\/\/www2.memri.org\/espanol\/wp-content\/uploads\/2016\/01\/25907.jpg 850w, https:\/\/www2.memri.org\/espanol\/wp-content\/uploads\/2016\/01\/25907-300x158.jpg 300w, https:\/\/www2.memri.org\/espanol\/wp-content\/uploads\/2016\/01\/25907-768x406.jpg 768w, https:\/\/www2.memri.org\/espanol\/wp-content\/uploads\/2016\/01\/25907-600x317.jpg 600w, https:\/\/www2.memri.org\/espanol\/wp-content\/uploads\/2016\/01\/25907-696x368.jpg 696w, https:\/\/www2.memri.org\/espanol\/wp-content\/uploads\/2016\/01\/25907-795x420.jpg 795w\" sizes=\"auto, (max-width: 850px) 100vw, 850px\" \/><\/p>\n<p><img loading=\"lazy\" decoding=\"async\" class=\"alignnone size-full wp-image-10015\" src=\"http:\/\/www2.memri.org\/espanol\/wp-content\/uploads\/2016\/01\/25908.jpg\" width=\"850\" height=\"444\" srcset=\"https:\/\/www2.memri.org\/espanol\/wp-content\/uploads\/2016\/01\/25908.jpg 850w, https:\/\/www2.memri.org\/espanol\/wp-content\/uploads\/2016\/01\/25908-300x157.jpg 300w, https:\/\/www2.memri.org\/espanol\/wp-content\/uploads\/2016\/01\/25908-768x401.jpg 768w, https:\/\/www2.memri.org\/espanol\/wp-content\/uploads\/2016\/01\/25908-600x313.jpg 600w, https:\/\/www2.memri.org\/espanol\/wp-content\/uploads\/2016\/01\/25908-696x364.jpg 696w, https:\/\/www2.memri.org\/espanol\/wp-content\/uploads\/2016\/01\/25908-804x420.jpg 804w\" sizes=\"auto, (max-width: 850px) 100vw, 850px\" \/><\/p>\n<p><img loading=\"lazy\" decoding=\"async\" class=\"alignnone size-full wp-image-10016\" src=\"http:\/\/www2.memri.org\/espanol\/wp-content\/uploads\/2016\/01\/25909.jpg\" width=\"850\" height=\"761\" srcset=\"https:\/\/www2.memri.org\/espanol\/wp-content\/uploads\/2016\/01\/25909.jpg 850w, https:\/\/www2.memri.org\/espanol\/wp-content\/uploads\/2016\/01\/25909-300x269.jpg 300w, https:\/\/www2.memri.org\/espanol\/wp-content\/uploads\/2016\/01\/25909-768x688.jpg 768w, https:\/\/www2.memri.org\/espanol\/wp-content\/uploads\/2016\/01\/25909-600x537.jpg 600w, https:\/\/www2.memri.org\/espanol\/wp-content\/uploads\/2016\/01\/25909-696x623.jpg 696w, https:\/\/www2.memri.org\/espanol\/wp-content\/uploads\/2016\/01\/25909-469x420.jpg 469w\" sizes=\"auto, (max-width: 850px) 100vw, 850px\" \/><\/p>\n<p><img loading=\"lazy\" decoding=\"async\" class=\"alignnone size-full wp-image-10017\" src=\"http:\/\/www2.memri.org\/espanol\/wp-content\/uploads\/2016\/01\/25910.jpg\" width=\"850\" height=\"445\" srcset=\"https:\/\/www2.memri.org\/espanol\/wp-content\/uploads\/2016\/01\/25910.jpg 850w, https:\/\/www2.memri.org\/espanol\/wp-content\/uploads\/2016\/01\/25910-300x157.jpg 300w, https:\/\/www2.memri.org\/espanol\/wp-content\/uploads\/2016\/01\/25910-768x402.jpg 768w, https:\/\/www2.memri.org\/espanol\/wp-content\/uploads\/2016\/01\/25910-600x314.jpg 600w, https:\/\/www2.memri.org\/espanol\/wp-content\/uploads\/2016\/01\/25910-696x364.jpg 696w, https:\/\/www2.memri.org\/espanol\/wp-content\/uploads\/2016\/01\/25910-802x420.jpg 802w\" sizes=\"auto, (max-width: 850px) 100vw, 850px\" \/><\/p>\n<p><img loading=\"lazy\" decoding=\"async\" class=\"alignnone size-full wp-image-10018\" src=\"http:\/\/www2.memri.org\/espanol\/wp-content\/uploads\/2016\/01\/25911.jpg\" width=\"850\" height=\"423\" srcset=\"https:\/\/www2.memri.org\/espanol\/wp-content\/uploads\/2016\/01\/25911.jpg 850w, https:\/\/www2.memri.org\/espanol\/wp-content\/uploads\/2016\/01\/25911-300x149.jpg 300w, https:\/\/www2.memri.org\/espanol\/wp-content\/uploads\/2016\/01\/25911-768x382.jpg 768w, https:\/\/www2.memri.org\/espanol\/wp-content\/uploads\/2016\/01\/25911-600x299.jpg 600w, https:\/\/www2.memri.org\/espanol\/wp-content\/uploads\/2016\/01\/25911-324x160.jpg 324w, https:\/\/www2.memri.org\/espanol\/wp-content\/uploads\/2016\/01\/25911-696x346.jpg 696w, https:\/\/www2.memri.org\/espanol\/wp-content\/uploads\/2016\/01\/25911-844x420.jpg 844w\" sizes=\"auto, (max-width: 850px) 100vw, 850px\" \/><\/p>\n<p><img loading=\"lazy\" decoding=\"async\" class=\"alignnone size-full wp-image-10019\" src=\"http:\/\/www2.memri.org\/espanol\/wp-content\/uploads\/2016\/01\/25912.jpg\" width=\"850\" height=\"166\" srcset=\"https:\/\/www2.memri.org\/espanol\/wp-content\/uploads\/2016\/01\/25912.jpg 850w, https:\/\/www2.memri.org\/espanol\/wp-content\/uploads\/2016\/01\/25912-300x59.jpg 300w, https:\/\/www2.memri.org\/espanol\/wp-content\/uploads\/2016\/01\/25912-768x150.jpg 768w, https:\/\/www2.memri.org\/espanol\/wp-content\/uploads\/2016\/01\/25912-600x117.jpg 600w, https:\/\/www2.memri.org\/espanol\/wp-content\/uploads\/2016\/01\/25912-696x136.jpg 696w\" sizes=\"auto, (max-width: 850px) 100vw, 850px\" \/><\/p>\n<p><img loading=\"lazy\" decoding=\"async\" class=\"alignnone size-full wp-image-10020\" src=\"http:\/\/www2.memri.org\/espanol\/wp-content\/uploads\/2016\/01\/25913.jpg\" width=\"850\" height=\"190\" srcset=\"https:\/\/www2.memri.org\/espanol\/wp-content\/uploads\/2016\/01\/25913.jpg 850w, https:\/\/www2.memri.org\/espanol\/wp-content\/uploads\/2016\/01\/25913-300x67.jpg 300w, https:\/\/www2.memri.org\/espanol\/wp-content\/uploads\/2016\/01\/25913-768x172.jpg 768w, https:\/\/www2.memri.org\/espanol\/wp-content\/uploads\/2016\/01\/25913-600x134.jpg 600w, https:\/\/www2.memri.org\/espanol\/wp-content\/uploads\/2016\/01\/25913-696x156.jpg 696w\" sizes=\"auto, (max-width: 850px) 100vw, 850px\" \/><\/p>\n<p><img loading=\"lazy\" decoding=\"async\" class=\"alignnone size-full wp-image-10021\" src=\"http:\/\/www2.memri.org\/espanol\/wp-content\/uploads\/2016\/01\/25914.jpg\" width=\"850\" height=\"167\" srcset=\"https:\/\/www2.memri.org\/espanol\/wp-content\/uploads\/2016\/01\/25914.jpg 850w, https:\/\/www2.memri.org\/espanol\/wp-content\/uploads\/2016\/01\/25914-300x59.jpg 300w, https:\/\/www2.memri.org\/espanol\/wp-content\/uploads\/2016\/01\/25914-768x151.jpg 768w, https:\/\/www2.memri.org\/espanol\/wp-content\/uploads\/2016\/01\/25914-600x118.jpg 600w, https:\/\/www2.memri.org\/espanol\/wp-content\/uploads\/2016\/01\/25914-696x137.jpg 696w\" sizes=\"auto, (max-width: 850px) 100vw, 850px\" \/><\/p>\n<p><img loading=\"lazy\" decoding=\"async\" class=\"alignnone size-full wp-image-10022\" src=\"http:\/\/www2.memri.org\/espanol\/wp-content\/uploads\/2016\/01\/25915.jpg\" width=\"850\" height=\"243\" srcset=\"https:\/\/www2.memri.org\/espanol\/wp-content\/uploads\/2016\/01\/25915.jpg 850w, https:\/\/www2.memri.org\/espanol\/wp-content\/uploads\/2016\/01\/25915-300x86.jpg 300w, https:\/\/www2.memri.org\/espanol\/wp-content\/uploads\/2016\/01\/25915-768x220.jpg 768w, https:\/\/www2.memri.org\/espanol\/wp-content\/uploads\/2016\/01\/25915-600x172.jpg 600w, https:\/\/www2.memri.org\/espanol\/wp-content\/uploads\/2016\/01\/25915-696x199.jpg 696w\" sizes=\"auto, (max-width: 850px) 100vw, 850px\" \/><\/p>\n<p><img loading=\"lazy\" decoding=\"async\" class=\"alignnone size-full wp-image-10023\" src=\"http:\/\/www2.memri.org\/espanol\/wp-content\/uploads\/2016\/01\/25918.jpg\" width=\"850\" height=\"414\" srcset=\"https:\/\/www2.memri.org\/espanol\/wp-content\/uploads\/2016\/01\/25918.jpg 850w, https:\/\/www2.memri.org\/espanol\/wp-content\/uploads\/2016\/01\/25918-300x146.jpg 300w, https:\/\/www2.memri.org\/espanol\/wp-content\/uploads\/2016\/01\/25918-768x374.jpg 768w, https:\/\/www2.memri.org\/espanol\/wp-content\/uploads\/2016\/01\/25918-600x292.jpg 600w, https:\/\/www2.memri.org\/espanol\/wp-content\/uploads\/2016\/01\/25918-533x261.jpg 533w, https:\/\/www2.memri.org\/espanol\/wp-content\/uploads\/2016\/01\/25918-696x339.jpg 696w\" sizes=\"auto, (max-width: 850px) 100vw, 850px\" \/><\/p>\n<p><img loading=\"lazy\" decoding=\"async\" class=\"alignnone size-full wp-image-10024\" src=\"http:\/\/www2.memri.org\/espanol\/wp-content\/uploads\/2016\/01\/25917.jpg\" width=\"850\" height=\"359\" srcset=\"https:\/\/www2.memri.org\/espanol\/wp-content\/uploads\/2016\/01\/25917.jpg 850w, https:\/\/www2.memri.org\/espanol\/wp-content\/uploads\/2016\/01\/25917-300x127.jpg 300w, https:\/\/www2.memri.org\/espanol\/wp-content\/uploads\/2016\/01\/25917-768x324.jpg 768w, https:\/\/www2.memri.org\/espanol\/wp-content\/uploads\/2016\/01\/25917-600x253.jpg 600w, https:\/\/www2.memri.org\/espanol\/wp-content\/uploads\/2016\/01\/25917-696x294.jpg 696w\" sizes=\"auto, (max-width: 850px) 100vw, 850px\" \/><\/p>\n<p><img loading=\"lazy\" decoding=\"async\" class=\"alignnone size-full wp-image-10025\" src=\"http:\/\/www2.memri.org\/espanol\/wp-content\/uploads\/2016\/01\/25916.jpg\" width=\"850\" height=\"315\" srcset=\"https:\/\/www2.memri.org\/espanol\/wp-content\/uploads\/2016\/01\/25916.jpg 850w, https:\/\/www2.memri.org\/espanol\/wp-content\/uploads\/2016\/01\/25916-300x111.jpg 300w, https:\/\/www2.memri.org\/espanol\/wp-content\/uploads\/2016\/01\/25916-768x285.jpg 768w, https:\/\/www2.memri.org\/espanol\/wp-content\/uploads\/2016\/01\/25916-600x222.jpg 600w, https:\/\/www2.memri.org\/espanol\/wp-content\/uploads\/2016\/01\/25916-696x258.jpg 696w\" sizes=\"auto, (max-width: 850px) 100vw, 850px\" \/><\/p>\n<p><em>*Steven Stalinsky es Director Ejecutivo de MEMRI<\/em><\/p>\n<hr class=\"c1\" size=\"1\" width=\"33%\" \/>\n<p><a href=\"#_ednref1\" name=\"_edn1\">[1]<\/a> Wright, Lawrence <em>La Torre que se Asoma: Al-Qaeda y el Camino al 11 de Septiembre<\/em>. Nueva York: Knopf, 2006. Internet: Archive.org\/stream\/TheLoomingTower\/TheLoomingTower_djvu.txt.<\/p>\n<p><a href=\"#_ednref2\" name=\"_edn2\">[2]<\/a> <em>Shumoukh Al-Islam<\/em>, 14 de noviembre, 2015<\/p>\n<p><a href=\"#_ednref3\" name=\"_edn3\">[3]<\/a> Fuente: Shamikh1.info 23 de junio, 2015.<\/p>\n<p><a href=\"#_ednref4\" name=\"_edn4\">[4]<\/a> Fuente: Isdarat.org\/?p=7114; Twitter.com\/fataih8.<\/p>\n<p><a href=\"#_ednref5\" name=\"_edn5\">[5]<\/a> Twitter.com\/VWKi05<\/p>\n<p><a href=\"#_ednref6\" name=\"_edn6\">[6]<\/a> Dump.to\/ma3azef<\/p>\n<\/div>\n","protected":false},"excerpt":{"rendered":"<p>Por: Steven Stalinsky* \u00abLa m\u00fasica&#8230; es la flauta del diablo\u00bb. &#8211; Osama bin Laden [1] Tras el ataque el 13 de noviembre al sal\u00f3n de conciertos Bataclan en Par\u00eds, el Estado Isl\u00e1mico (EIIS) emiti\u00f3 un comunicado responsabiliz\u00e1ndose por el ataque y se\u00f1alando que fue una respuesta a la guerra de Francia contra el Islam y [&hellip;]<\/p>\n","protected":false},"author":1,"featured_media":9990,"comment_status":"open","ping_status":"open","sticky":false,"template":"","format":"standard","meta":{"footnotes":""},"categories":[10,7],"tags":[],"class_list":["post-9820","post","type-post","status-publish","format-standard","has-post-thumbnail","hentry","category-estudios-sobre-terrorismo-y-yihad","category-reportes-especiales"],"_links":{"self":[{"href":"https:\/\/www2.memri.org\/espanol\/wp-json\/wp\/v2\/posts\/9820","targetHints":{"allow":["GET"]}}],"collection":[{"href":"https:\/\/www2.memri.org\/espanol\/wp-json\/wp\/v2\/posts"}],"about":[{"href":"https:\/\/www2.memri.org\/espanol\/wp-json\/wp\/v2\/types\/post"}],"author":[{"embeddable":true,"href":"https:\/\/www2.memri.org\/espanol\/wp-json\/wp\/v2\/users\/1"}],"replies":[{"embeddable":true,"href":"https:\/\/www2.memri.org\/espanol\/wp-json\/wp\/v2\/comments?post=9820"}],"version-history":[{"count":0,"href":"https:\/\/www2.memri.org\/espanol\/wp-json\/wp\/v2\/posts\/9820\/revisions"}],"wp:featuredmedia":[{"embeddable":true,"href":"https:\/\/www2.memri.org\/espanol\/wp-json\/wp\/v2\/media\/9990"}],"wp:attachment":[{"href":"https:\/\/www2.memri.org\/espanol\/wp-json\/wp\/v2\/media?parent=9820"}],"wp:term":[{"taxonomy":"category","embeddable":true,"href":"https:\/\/www2.memri.org\/espanol\/wp-json\/wp\/v2\/categories?post=9820"},{"taxonomy":"post_tag","embeddable":true,"href":"https:\/\/www2.memri.org\/espanol\/wp-json\/wp\/v2\/tags?post=9820"}],"curies":[{"name":"wp","href":"https:\/\/api.w.org\/{rel}","templated":true}]}}