{"id":971,"date":"2005-07-26T00:00:00","date_gmt":"2005-07-26T00:00:00","guid":{"rendered":"http:\/\/www2.memri.org\/espanol\/2005\/07\/26\/ex-ministro-de-educacion-kuwaiti-todo-el-terrorismo-de-al-qaida-se-origino-de-la-ideologia-de-la-hermandad-musulmana\/"},"modified":"2005-07-26T00:00:00","modified_gmt":"2005-07-26T00:00:00","slug":"ex-ministro-de-educacion-kuwaiti-todo-el-terrorismo-de-al-qaida-se-origino-de-la-ideologia-de-la-hermandad-musulmana","status":"publish","type":"post","link":"https:\/\/www2.memri.org\/espanol\/ex-ministro-de-educacion-kuwaiti-todo-el-terrorismo-de-al-qaida-se-origino-de-la-ideologia-de-la-hermandad-musulmana\/971","title":{"rendered":"Ex-Ministro de Educaci\u00f3n kuwait\u00ed: Todo el terrorismo de Al-Qaida se origin\u00f3 de la ideolog\u00eda de la Hermandad Musulmana"},"content":{"rendered":"<div class=\"bodytext c1\">\n<p><em>El <strong>Dr. Ahmad Al-Rab&#8217;i,<\/strong> ex-ministro de educaci\u00f3n kuwait\u00ed y redactor para el diario \u00e1rabe de Londres Al-Sharq Al-Awsat public\u00f3 un art\u00edculo titulado \u00abUn Poquito de Verg\u00fcenza\u00bb el 25 de julio, 2005.<\/em><\/p>\n<p><em>Lo siguiente son extractos del art\u00edculo: <a href=\"#_edn1\" name=\"_ednref1\">[1]<\/a><\/em><\/p>\n<p>\u00abSi fu\u00e9ramos a ir con la l\u00f3gica del movimiento de la Hermandad Musulm\u00e1n egipcia entonces no deber\u00edamos condenar el crimen de Sharm Al-Sheikh, ni tampoco [deber\u00edamos condenar] otros cr\u00edmenes terroristas!<\/p>\n<p>\u00abLa Hermandad Musulmana en Egipto tiene sus propias formas de justificar la violencia. En una declaraci\u00f3n del movimiento, en el cual &#8216;condena&#8217; el crimen de Sharm Al-Sheikh, dej\u00f3 entrever su justificaci\u00f3n por el crimen. La declaraci\u00f3n dijo: &#8216;las pol\u00edticas colonialistas que los pa\u00edses fuertes del mundo persiguen, as\u00ed como tambi\u00e9n la agresi\u00f3n contra los pueblos &#8211; son lo de que engendra la cultura de violencia&#8217;.<\/p>\n<p>\u00abEl problema de la Hermandad Musulmana es que no tiene verg\u00fcenza. El comienzo de todo el terrorismo religioso que estamos presenciando hoy d\u00eda estuvo en la ideolog\u00eda de la Hermandad Musulmana de <em>takfir<\/em> [acusando a otros musulmanes de apostas\u00eda]. El libro de Sayyid Qutb <a href=\"#_edn2\" name=\"_ednref2\">[2]<\/a> <em>los<\/em> <em>Hitos<\/em> fue la inspiraci\u00f3n y la gu\u00eda para todos los movimientos <em>takfir<\/em> que vinieron despu\u00e9s.<\/p>\n<p>\u00abLos fundadores de los grupos violentos fueron educados bajo la Hermandad Musulmana, y aqu\u00e9llos que trabajaron con bin Laden y Al-Qa&#8217;ida salieron bajo el manto de la Hermandad Musulmana.<\/p>\n<p>\u00abSi la pol\u00edtica de los pa\u00edses imperialistas es la que engendr\u00f3 la violencia, tal como la declaraci\u00f3n de la Hermandad dice, entonces que es lo que mantiene a unos cuantos ciudadanos en Vietnam &#8211; los cuales aviones americanos destruyeron totalmente con millones de toneladas de bombas &#8211; de volar edificios en San Francisco? Qu\u00e9 es lo que mantiene a unos cuantos ciudadanos en Jap\u00f3n &#8211; la cual Am\u00e9rica atac\u00f3 con bombas at\u00f3micas &#8211; de volar Boston?<\/p>\n<p>\u00abTambi\u00e9n, que tienen que ver los turistas extranjeros e inocentes ciudadanos egipcios con las pol\u00edticas de &#8216;los pa\u00edses imperialistas? Deber\u00edan ciudadanos pac\u00edficos e indefensos ser muertos en Sharm Al-Sheikh, Bagdad, Riad, y San&#8217;a como para tomar venganza en los pa\u00edses imperialistas?<\/p>\n<p>\u00abAdem\u00e1s, qui\u00e9n es este que est\u00e1 intentando comenzar un di\u00e1logo [con Am\u00e9rica]&hellip;si no la Hermandad Musulmana, la cual est\u00e1 intentando convencer a los &#8216;pa\u00edses imperialistas&#8217;, y a Am\u00e9rica por encima de todo, que es esta la que representa al Islam moderado y que esos pa\u00edses necesitan conducir un di\u00e1logo con ella?<\/p>\n<p>\u00abLa declaraci\u00f3n de la Hermandad Musulmana es un ejemplo de total desfachatez. Es una continuaci\u00f3n del idioma contradictorio y enga\u00f1oso de la Hermandad que ha estado siendo usado durante mucho tiempo en nombre del Islam\u00bb.<\/p>\n<\/div>\n<hr noshade=\"noshade\" \/><!-- footnotes --><\/p>\n<div class=\"bodynews c2\">\n<p><a href=\"#_ednref1\" name=\"_edn1\">[1]<\/a> <em>Al-Sharq Al-Awsat<\/em> (Londres), 25 de julio, 2005.<\/p>\n<p><a href=\"#_ednref2\" name=\"_edn2\">[2]<\/a> Sayyid Qutb (1906-1966) fue un ide\u00f3logo de la Hermandad Musulm\u00e1na quien fue ejecutado bajo cargos de conspiraci\u00f3n para asesinar al Presidente egipcio Gamal &#8216;Abd Al-Nasser. \u00c9l public\u00f3 su libro <em>Hitos<\/em> [<em>Ma&#8217;alim fi Al-Tariq<\/em>] en 1964 mientras estaba entre periodos de prisi\u00f3n.<\/p>\n<\/div>\n","protected":false},"excerpt":{"rendered":"<p>El Dr. Ahmad Al-Rab&#8217;i, ex-ministro de educaci\u00f3n kuwait\u00ed y redactor para el diario \u00e1rabe de Londres Al-Sharq Al-Awsat public\u00f3 un art\u00edculo titulado \u00abUn Poquito de Verg\u00fcenza\u00bb el 25 de julio, 2005. Lo siguiente son extractos del art\u00edculo: [1] \u00abSi fu\u00e9ramos a ir con la l\u00f3gica del movimiento de la Hermandad Musulm\u00e1n egipcia entonces no deber\u00edamos [&hellip;]<\/p>\n","protected":false},"author":1,"featured_media":0,"comment_status":"open","ping_status":"open","sticky":false,"template":"","format":"standard","meta":{"footnotes":""},"categories":[19,6,12],"tags":[],"class_list":["post-971","post","type-post","status-publish","format-standard","hentry","category-egipto","category-comunicados-especiales","category-reforma-en-el-mundo-arabe-y-musulman"],"_links":{"self":[{"href":"https:\/\/www2.memri.org\/espanol\/wp-json\/wp\/v2\/posts\/971","targetHints":{"allow":["GET"]}}],"collection":[{"href":"https:\/\/www2.memri.org\/espanol\/wp-json\/wp\/v2\/posts"}],"about":[{"href":"https:\/\/www2.memri.org\/espanol\/wp-json\/wp\/v2\/types\/post"}],"author":[{"embeddable":true,"href":"https:\/\/www2.memri.org\/espanol\/wp-json\/wp\/v2\/users\/1"}],"replies":[{"embeddable":true,"href":"https:\/\/www2.memri.org\/espanol\/wp-json\/wp\/v2\/comments?post=971"}],"version-history":[{"count":0,"href":"https:\/\/www2.memri.org\/espanol\/wp-json\/wp\/v2\/posts\/971\/revisions"}],"wp:attachment":[{"href":"https:\/\/www2.memri.org\/espanol\/wp-json\/wp\/v2\/media?parent=971"}],"wp:term":[{"taxonomy":"category","embeddable":true,"href":"https:\/\/www2.memri.org\/espanol\/wp-json\/wp\/v2\/categories?post=971"},{"taxonomy":"post_tag","embeddable":true,"href":"https:\/\/www2.memri.org\/espanol\/wp-json\/wp\/v2\/tags?post=971"}],"curies":[{"name":"wp","href":"https:\/\/api.w.org\/{rel}","templated":true}]}}