{"id":9499,"date":"2015-08-12T00:00:00","date_gmt":"2015-08-12T00:00:00","guid":{"rendered":"http:\/\/www2.memri.org\/espanol\/2015\/08\/12\/turquia-abre-por-fin-sus-bases-aereas-a-estados-unidos-y-se-une-a-la-lucha-contra-el-eiis-pero-en-realidad-es-para-combatir-a-los-kurdos\/"},"modified":"2016-01-13T23:06:01","modified_gmt":"2016-01-13T23:06:01","slug":"turquia-abre-por-fin-sus-bases-aereas-a-estados-unidos-y-se-une-a-la-lucha-contra-el-eiis-pero-en-realidad-es-para-combatir-a-los-kurdos","status":"publish","type":"post","link":"https:\/\/www2.memri.org\/espanol\/turquia-abre-por-fin-sus-bases-aereas-a-estados-unidos-y-se-une-a-la-lucha-contra-el-eiis-pero-en-realidad-es-para-combatir-a-los-kurdos\/9499","title":{"rendered":"Turqu\u00eda abre por fin sus bases a\u00e9reas a Estados Unidos y se une a la lucha contra el EIIS &#8211; pero en realidad es para combatir a los kurdos"},"content":{"rendered":"<div class=\"bodytext c2\">\n<p>Por: R. Krespin*<\/p>\n<p><strong>Introducci\u00f3n<\/strong><\/p>\n<p>Tras la toma de control de la frontera con Siria el 15 de junio, 2015 en Tel Abyad por las Unidades de Defensa del Pueblo Kurdo (PYG), con apoyo a\u00e9reo de los Estados Unidos, al Estado Isl\u00e1mico (EIIS), Turqu\u00eda ha reunido sus recursos militares a lo largo de su frontera con Siria. El 27 de junio, 2015 el Presidente turco Recep Tayyip Erdogan y su partido gobernante AKP declararon que Turqu\u00eda no permitir\u00e1 un corredor kurdo ni una entidad kurda en su frontera, a ning\u00fan costo. <a href=\"#_edn1\" name=\"_ednref1\">[1]<\/a><\/p>\n<p>Mientras que la c\u00fapula militar turca hab\u00eda expresado su preocupaci\u00f3n sobre el iniciar una guerra sin un pretexto adecuado, <a href=\"#_edn2\" name=\"_ednref2\">[2]<\/a> La oportunidad de hacerlo se present\u00f3 el 20 de julio, 2015 cuando un recluta turco del EIIS llev\u00f3 a cabo un atentado suicida en Suruc, Sanliurfa, asesinando a 32 j\u00f3venes voluntarios liberales en su mayor\u00eda estudiantes universitarios, que iban en camino a la vecina Kobane para ayudar a reconstruir el lugar. Al d\u00eda siguiente de la masacre el 20 de julio, al que el EIIS no se atribuyo responsabilidad, dos polic\u00edas turcos fueron asesinados a tiros en la misma zona, \u00aben represalia\u00bb por la masacre de Suruc, tal como sostiene la rama juvenil del proscrito Partido de los Trabajadores del Kurdist\u00e1n (PKK). <a href=\"#_edn3\" name=\"_ednref3\">[3]<\/a><\/p>\n<p>Estos acontecimientos parecen haber provisto al AKP con la causa adecuada para iniciar una guerra, aparentemente contra el EIIS y junto a los Estados Unidos y sus aliados de la coalici\u00f3n. Turqu\u00eda se hab\u00eda resistido al llamado de los Estados Unidos y de sus aliados de la coalici\u00f3n occidental a unirse activamente a la coalici\u00f3n anti-EIIS y abrir la base a\u00e9rea Incirlik al sur de Turqu\u00eda a las fuerzas estadounidenses y de la coalici\u00f3n a fin de lanzar ataques a\u00e9reos contra el EIIS.<\/p>\n<p>Las prioridades del gobierno del AKP han sido siempre combatir contra las fuerzas del Presidente sirio Bashar Al-Assad, derrocar su r\u00e9gimen para que pueda ser sustituido por un gobierno islamista de ideas afines y establecer una zona de exclusi\u00f3n a\u00e9rea segura a lo largo de la frontera de Turqu\u00eda con Siria. <a href=\"#_edn4\" name=\"_ednref4\">[4]<\/a> El EIIS no era un objetivo prioritario, ya que el gobierno del AKP no lo considera un enemigo. <a href=\"#_edn5\" name=\"_ednref5\">[5]<\/a> Sin embargo, el 22 de julio, 2015 tras las renovadas negociaciones entre Estados Unidos y Turqu\u00eda antes de la masacre de Suruc y el asesinato de los dos polic\u00edas, el Presidente Obama habl\u00f3 con el Presidente Erdogan (aunque la contraparte oficial de Obama y el jefe del poder ejecutivo de Turqu\u00eda no es el presidente turco sino el Primer Ministro del AKP Ahmet Davutoglu) y los dos sellaron el acuerdo de cooperaci\u00f3n en la lucha contra el EIIS alcanzado entre los dos pa\u00edses. Al d\u00eda siguiente, 23 de julio la parte turca declar\u00f3 que la base a\u00e9rea de Incirlik y posiblemente algunas otras bases a\u00e9reas, seg\u00fan fuese necesario, ser\u00edan abiertas para su uso por las fuerzas de la coalici\u00f3n y que la fuerza a\u00e9rea de Turqu\u00eda tambi\u00e9n participar\u00e1 en las operaciones contra el EIIS, seg\u00fan sea necesario. <a href=\"#_edn6\" name=\"_ednref6\">[6]<\/a><\/p>\n<p>El 24 de julio, Turqu\u00eda comenz\u00f3 sus ataques a\u00e9reos sobre \u00abtodos los terroristas, independientemente de qui\u00e9nes eran, e incluso si algunos del [PKK] se sabe que est\u00e1n combatiendo contra el otro [el EIIS]\u00bb tal como recalc\u00f3 Erdogan. Sin embargo, la guerra de Turqu\u00eda, aparentemente contra el EIIS, es en realidad una cubierta para la continua guerra en tres frentes de Turqu\u00eda contra los kurdos, que Erdogan y el gobierno del AKP libran por razones pol\u00edticas &#8211; para revertir el haber perdido en las elecciones generales turcas del 7 de junio, 2015 forzando a elecciones repetidas con el fin de recuperar su antiguo poder.<\/p>\n<p><strong>El primer frente de Turqu\u00eda contra los kurdos<\/strong><\/p>\n<p>La primera operaci\u00f3n anti-EIIS de Turqu\u00eda fue seguido al asesinato por el EIIS, en Kilis en la frontera entre Turqu\u00eda y Siria, de un soldado turco y por las heridas a otro. Este incidente se produjo cuando se les impidi\u00f3 a algunos combatientes del EIIS entrar en Turqu\u00eda, en contraste con el paso libre que hasta entonces les hab\u00eda sido concedido a los combatientes del EIIS, as\u00ed como el apoyo log\u00edstico y material que fluye desde Turqu\u00eda hacia Siria. El 24 de julio, cohetes turcos atacaron tres posiciones del EIIS, matando a un combatiente del EIIS.<\/p>\n<p>Hasta la fecha, esta tambi\u00e9n fue la \u00faltima operaci\u00f3n anti-EIIS de Turqu\u00eda. Un portavoz del EIIS dijo luego en una entrevista en la red, que el EIIS hab\u00eda sufrido p\u00e9rdidas en esa operaci\u00f3n, ya que las zonas afectadas eran antiguos campamentos que estuvieron totalmente desiertos durante mucho tiempo, donde no quedaban combatientes. <a href=\"#_edn7\" name=\"_ednref7\">[7]<\/a><\/p>\n<p>Sin embargo, desde esa operaci\u00f3n, los ataques a\u00e9reos turcos han sido masivos contra los campamentos y posiciones kurdas del PKK en las monta\u00f1as de la regi\u00f3n aut\u00f3noma kurda al norte de Irak, en partes de Siria y dentro de Turqu\u00eda. Cientos de militantes del PKK han muerto y muchos m\u00e1s fueron heridos en estos ataques diarios, que el gobierno del AKP jur\u00f3 continuar\u00edan hasta la destrucci\u00f3n total de las bases kurdas en el Monte Qandil. Turqu\u00eda ha negado las acusaciones de que durante estos ataques la aldea kurda de Zergele tambi\u00e9n fue atacada y que civiles, entre ellos mujeres y ni\u00f1os, fueron asesinados all\u00ed. <a href=\"#_edn8\" name=\"_ednref8\">[8]<\/a><\/p>\n<p>El PKK, por su parte, contin\u00faa atacando a la polic\u00eda turca y las instalaciones militares, convoyes y veh\u00edculos, a fin de bloquear las carreteras dentro de Turqu\u00eda y asesinar y herir a soldados y polic\u00edas. Sus ataques en represalia por las operaciones a\u00e9reas de los militares turcos se han extendido a las grandes ciudades; el 10 de agosto, 2015 seis agentes de seguridad murieron en varios ataques en Estambul. <a href=\"#_edn9\" name=\"_ednref9\">[9]<\/a> Los turcos est\u00e1n de duelo mientras observan los funerales diarios de las v\u00edctimas, con algunos condenando a la entidad \u00abterrorista\u00bb PKK mientras surgen sentimientos anti-kurdos y mientras otros culpan al gobierno por la violencia.<\/p>\n<p>Un reciente informe publicado por los medios de comunicaci\u00f3n pro-AKP de Turqu\u00eda revel\u00f3 planes para una \u00abmasiva operaci\u00f3n terrestre\u00bb del ej\u00e9rcito turco al norte de Irak y al norte de Siria, dirigida a \u00abeliminar al PKK\u00bb, seg\u00fan fuentes militares an\u00f3nimas. <a href=\"#_edn10\" name=\"_ednref10\">[10]<\/a><\/p>\n<p><em>Monte Qandil y bosques se incendian tras bombardeos turcos al norte de Irak. (Foto: Taraf, 28 de julio, 2015)<\/em><\/p>\n<p><em>Turqu\u00eda llora a sus soldados y polic\u00edas asesinados por el PKK (Foto: Hurriyet 5 de agosto, 2015)<\/em><\/p>\n<p>Esta violencia rompe el alto el fuego alcanzado hace tres a\u00f1os en las negociaciones entre el gobierno turco y el l\u00edder del PKK Abdullah \u00d6calan, encarcelado desde 1999 en la isla Imrali en Turqu\u00eda. Las negociaciones para un alto el fuego y un paquete de democratizaci\u00f3n para darle a los kurdos turcos m\u00e1s libertades fue negociado por funcionarios del Partido Dem\u00f3crata del Pueblo Kurdo Turco (HDP) quienes visitaron a \u00d6calan en prisi\u00f3n y llevaron sus mensajes al grupo, inst\u00e1ndolo a renunciar a la utilizaci\u00f3n de armas, a fin de lograr una soluci\u00f3n pac\u00edfica y democr\u00e1tica del problema kurdo a trav\u00e9s de medios pol\u00edticos.<\/p>\n<p>Este \u00abproceso de asentamiento\u00bb del problema kurdo, luego llamado el Proceso de Paz, alcanz\u00f3 renombre con el Acuerdo de Dolmabahce el 28 de febrero, 2015 hasta alcanzar un punto muerto en una etapa avanzada, durante la campa\u00f1a previa a las elecciones generales de Turqu\u00eda el 7 de junio. En marzo, 2015 y a lo largo de la campa\u00f1a electoral, Erdogan tom\u00f3 una postura anti-Kurda negando que hubiese alg\u00fan problema kurdo en Turqu\u00eda y tambi\u00e9n de que nunca hubo ninguna mesa de negociaciones &#8211; rechazando as\u00ed los t\u00e9rminos del Acuerdo de Dolmabahce, que hab\u00eda sido anunciado conjuntamente por dos ministros del AKP y altos funcionarios del HDP. El acuerdo fue un paso importante hacia la democratizaci\u00f3n y reformas a la edificaci\u00f3n de una sociedad m\u00e1s pluralista en Turqu\u00eda, que eventualmente llevar\u00eda al desarme del PKK poniendo fin al conflicto armado de tres d\u00e9cadas de duraci\u00f3n. Tambi\u00e9n en su campa\u00f1a Erdogan rechaz\u00f3 la idea de nombrar una delegaci\u00f3n independiente de observadores para supervisar las etapas restantes de las negociaciones de paz, seg\u00fan lo estipulado por el acuerdo.<\/p>\n<p>En abril, 2015 el gobierno ha mantenido a \u00d6calan aislado y a nadie se le ha permitido visitarlo. La semana siguiente, el PKK declar\u00f3 que esto significaba el final tanto del Proceso de Paz y los tres a\u00f1os del alto el fuego, cuando se realizaron los primeros disparos el 11 de abril <a href=\"#_edn11\" name=\"_ednref11\">[11]<\/a><\/p>\n<p><strong>El segundo frente de Turqu\u00eda contra los kurdos<\/strong><\/p>\n<p>El segundo aspecto de la guerra de Turqu\u00eda sobre los kurdos est\u00e1 siendo librado dentro del pa\u00eds; Incluye la caza de terroristas kurdos dentro de Turqu\u00eda. Mientras Turqu\u00eda conduce su campa\u00f1a militar contra el PKK, cientos de personas est\u00e1n siendo arrestadas por la polic\u00eda turca en operaciones diarias en decenas de ciudades y pueblos a trav\u00e9s de toda Turqu\u00eda, supuestamente por pertenecer al EIIS, el PKK y el Partido del Frente Popular Revolucionario Marxista de Liberaci\u00f3n (DHKP-C). Sin embargo, de las m\u00e1s de 1.300 personas detenidas en los primeros d\u00edas de esta operaci\u00f3n, m\u00e1s del 80% son kurdos, la mayor\u00eda de ellos miembros del HDP &#8211; un partido actualmente representado en el parlamento por 80 diputados <a href=\"#_edn12\" name=\"_ednref12\">[12]<\/a> De los 140 y m\u00e1s detenidos afiliados al EIIS, que fueron detenidos en direcciones ya conocidos por la polic\u00eda, la mayor\u00eda eran extranjeros que fueron luego programados para ser deportados; la mayor\u00eda de los ciudadanos turcos entre ellos fueron luego puestos en libertad. Mientras que la polic\u00eda trat\u00f3 cort\u00e9smente a los sospechosos del EIIS, a veces incluso no coloc\u00e1ndoles las esposas, los sospechosos kurdos fueron tratados con m\u00e1s severidad <a href=\"#_edn13\" name=\"_ednref13\">[13]<\/a> &#8211; algunos incluso fueron asesinados a tiros durante los arrestos. El 6 de agosto, 2015, los copresidentes del HDP Selahattin Demirtas y Figen Yuksekda presentaron una petici\u00f3n a la ONU solicitando una investigaci\u00f3n sobre estas muertes de civiles, pidiendo que fuesen consideradas ejecuciones ilegales, arbitrarias y extrajudiciales por parte del gobierno turco, refiri\u00e9ndose espec\u00edficamente a las muertes en la mayor\u00eda kurda de las provincias del sudeste turco de Agri, Diyarbakir, Kilis, Mardin, Mersin y Sirnak. <a href=\"#_edn14\" name=\"_ednref14\">[14]<\/a><\/p>\n<p>Adem\u00e1s, el gobierno turco ha cerrado todos los 96 portales medi\u00e1ticos pro-kurdos, mientras que los portales pro-ISIS permanecen en la red. TRT, la autoridad oficial de radiodifusi\u00f3n de Turqu\u00eda, est\u00e1 boicoteando a la HDP; mientras que a las declaraciones oficiales del gobierno del AKP que atacan al HDP se les da cobertura total, ninguna respuesta del HDP est\u00e1 siendo transmitida, ni siquiera sus llamadas persistentes a la paz. <a href=\"#_edn15\" name=\"_ednref15\">[15]<\/a><\/p>\n<p><em>Redadas y el maltrato de los kurdos por la polic\u00eda turca.<\/em><\/p>\n<p><img loading=\"lazy\" decoding=\"async\" class=\"alignnone size-full wp-image-10627\" src=\"http:\/\/www2.memri.org\/espanol\/wp-content\/uploads\/2016\/01\/24330.jpg\" width=\"650\" height=\"367\" srcset=\"https:\/\/www2.memri.org\/espanol\/wp-content\/uploads\/2016\/01\/24330.jpg 650w, https:\/\/www2.memri.org\/espanol\/wp-content\/uploads\/2016\/01\/24330-300x169.jpg 300w, https:\/\/www2.memri.org\/espanol\/wp-content\/uploads\/2016\/01\/24330-600x339.jpg 600w\" sizes=\"auto, (max-width: 650px) 100vw, 650px\" \/><\/p>\n<p><em>Arresto del l\u00edder del EIIS turco Halis Bayancuk, alias Abu Hanzala; la polic\u00eda camina respetuosamente detr\u00e1s de \u00e9l y su esposa. Fotos: Cumhuriyet 24 de julio, 2015.<\/em><\/p>\n<p>En el centro de la guerra interna contra los kurdos est\u00e1n los ataques diarios contra la difamaci\u00f3n del HDP y sus l\u00edderes, por Erdogan, el gobierno del AKP y la derecha nacionalista del Partido Movimiento de Turqu\u00eda (MHP). Aunque las llamadas diarias de los copresidentes y diputados del HDP a la paz y a las dos partes &#8211; el gobierno turco y los kurdos, representado por \u00d6calan y el PKK y facilitado por el HDP &#8211; a que vuelvan a la mesa de negociaciones y reanuden el proceso de paz y aunque el HDP ha condenado los asesinatos de soldados y polic\u00edas por el PKK y ha criticado al gobierno del AKP por fomentar el caos, el gobierno del AKP y sus medios de comunicaci\u00f3n islamistas contin\u00faan acusando al HDP de parcializarse y defender al PKK.<\/p>\n<p>Como parte del linchamiento pol\u00edtico del HDP, el MHP exigi\u00f3 que el partido fuese cerrado, seguido por el llamado de Erdogan el 28 de julio al poder judicial para despojar a los l\u00edderes del partido de su inmunidad parlamentaria a fin de que puedan ser juzgados por cargos de terrorismo y dicho de sus propias palabras, \u00abpaguen lo debido\u00bb. El llamado a hacerle caso a Erdogan, el jefe fiscal acusador del Tribunal Superior (Yargitay) prepar\u00f3 r\u00e1pidamente un resumen de los procedimientos contra los diputados del HDP, que ya han sido enviados al parlamento para que decida si su inmunidad ser\u00e1 revocada &#8211; y el AKP, junto al MHP, tendr\u00e1n una mayor\u00eda en el parlamento para que el revocar la inmunidad sea una conclusi\u00f3n inevitable. Por su parte, los 80 diputados del HDP han presentado al parlamento una moci\u00f3n expresando su deseo de ser despojados de su inmunidad, diciendo que no tienen nada que ocultar o que temer. Adicionalmente, el principal partido de oposici\u00f3n CHP, que tambi\u00e9n llama a un alto al fuego inmediato y a la reanudaci\u00f3n de las conversaciones de paz para detener el derramamiento de sangre y evitar as\u00ed la guerra civil, ha dicho que est\u00e1 detr\u00e1s de tres movimientos anteriores que este present\u00f3 solicitando la retirada de la inmunidad de todos los diputados de todos los partidos. <a href=\"#_edn16\" name=\"_ednref16\">[16]<\/a><\/p>\n<p><strong>Amenazas y castigos a los kurdos por votar por el HDP<\/strong><\/p>\n<p>La venganza personal de Erdogan contra el HDP es el resultado del \u00e9xito electoral del HDP en las elecciones generales del 7 de junio, 2015 que elimin\u00f3 la mayor\u00eda parlamentaria del AKP, restreg\u00f3 su opci\u00f3n para continuar su r\u00e9gimen de partido \u00fanico y enterr\u00f3 el sue\u00f1o de Erdogan de convertirse en un presidente ejecutivo con poder ilimitado.<\/p>\n<p>La guerra de Erdogan contra los kurdos es descrita por muchos analistas como \u00abun acto de venganza\u00bb. El Vice-Primer Ministro del AKP Yalcin Akdogan dijo en una conferencia de prensa el 29 de julio que la ira de Erdogan en el partido pro-kurdo y su finalizaci\u00f3n en el proceso de paz, se debi\u00f3 a que fue provocado: \u00abEl uso de la frase por el l\u00edder del HDP Selahaddin Demirtas &#8216;Nosotros no Haremos que Usted sea el Presidente [Todopoderoso]&#8217; durante toda su campa\u00f1a electoral fue una clara provocaci\u00f3n y esto provoc\u00f3 tensiones y da\u00f1o al proceso de paz. Ustedes [el HDP] no pueden expulsar al AKP [es decir, quitarle su mayor\u00eda] y luego esperar que [el AKP] trabaje con ustedes en el proceso [de paz]\u00bb. <a href=\"#_edn17\" name=\"_ednref17\">[17]<\/a><\/p>\n<p>Poco antes de las elecciones, en una entrevista televisada el 21 de mayo, 2015 con el canal de televisi\u00f3n pro-AKP A-Haber y el portal de noticias, Akdogan amenaz\u00f3 al electorado kurdo: \u00abDeber\u00edamos decirle esto especialmente a la gente que va a votar por el HDP: Si el partido [gobernante] AKP pierde poder como resultado de que el HDP cruce el umbral del [10%], entonces ya dejar\u00e1 de ser un proceso de paz\u00bb. Este luego pas\u00f3 a advertir que esto \u00abno ser\u00eda bueno para el pa\u00eds\u00bb. <a href=\"#_edn18\" name=\"_ednref18\">[18]<\/a><\/p>\n<p>El Ministro de Energ\u00eda y Minas del gobierno del AKP Taner Yildiz, le dijo a los periodistas luego de asistir a una reuni\u00f3n del Comit\u00e9 Nacional de Turqu\u00eda del Consejo Mundial de Energ\u00eda: \u00abSi existen o no unas elecciones anticipadas, creo que la mayor\u00eda de los votos del HDP desaparecer\u00e1n. Yo espero que cuando los votantes se queden sin electricidad durante tres d\u00edas, comenzar\u00e1n a evaluar mejor sus opciones\u00bb. En respuesta, muchos votantes del HDP utilizaron Twitter para expresar sus puntos de vista de que la declaraci\u00f3n de Yildiz parec\u00eda ser una amenaza en cortarle el poder durante tres d\u00edas para que ellos pudieran votar por el AKP en caso de unas elecciones anticipadas. <a href=\"#_edn19\" name=\"_ednref19\">[19]<\/a><\/p>\n<p><strong>Aldeanos expulsados de 37 \u00e1reas en las ocho provincias que fueron declaradas \u00abzonas temporales de seguridad especiales libres de militares-civiles\u00bb<\/strong><\/p>\n<p>Los medios de comunicaci\u00f3n anti-AKP de Turqu\u00eda han informado que el gobierno ha declarado \u00abzonas de seguridad especiales de car\u00e1cter temporal\u00bb, a las que civiles tienen prohibido entrar. A los aldeanos que viven en algunas de estas \u00e1reas se les ha ordenado abandonar sus hogares y campos por los funcionarios del gobierno y militares locales \u00abpor su propia seguridad y protecci\u00f3n\u00bb o de lo contrario se les dijo a estos \u00abno se las puede garantizar\u00bb. Los ciudadanos est\u00e1n temiendo una vuelta al conflicto de la d\u00e9cada de 1990, cuando fueron arrasadas unas 4.000 aldeas kurdas y decenas de miles de personas, la mayor\u00eda de ellos kurdos, fueron asesinados en los enfrentamientos entre el gobierno y el PKK. <a href=\"#_edn20\" name=\"_ednref20\">[20]<\/a><\/p>\n<p>El principal partido de oposici\u00f3n CHP envi\u00f3 una delegaci\u00f3n de sus parlamentarios a la provincia de Tunceli, una de esas \u00e1reas, para investigar el asunto. Despu\u00e9s de reunirse con el gobernador del gobierno provincial Osman Kaymak, un comandante militar, el alcalde de la ciudad principal, varios l\u00edderes de la sociedad civil y ciudadanos all\u00ed, Levent Gok subjefe del grupo parlamentario del CHP, dijo: \u00abLe pedimos al Gobernador Kaymak el por qu\u00e9 las autoridades recurrieron a una medida de este tipo, creando 14 zonas cerradas en Tunceli y recibieron una explicaci\u00f3n a las dimensiones del porqu\u00e9 las amenazas terroristas han aumentado. Basados en lo que vimos, entendimos que el estado ha perdido su autoridad y el control del [terrorismo] en Tunceli. Esta es una de nuestras provincias en donde la lucha contra el terrorismo ha fracasado y el gobierno [all\u00ed] est\u00e1 en bancarrota. Nosotros nos preguntamos: Turqu\u00eda tiene provincias y zonas en las que el EIIS ha echado ra\u00edces \u00bfPor qu\u00e9 es que para esta fecha esas \u00e1reas del EIIS no han sido declaradas \u00abzonas especiales de seguridad? Ning\u00fan funcionario del AKP responde a eso\u00bb.<\/p>\n<p>Gok confirm\u00f3 que los habitantes del pueblo, siendo estos apicultores y campesinos, se les hab\u00eda notificado que deben dejar sus hogares y abandonar sus campos y medios de vida y que no se les hab\u00eda ofrecido vivienda alguna o medios de vida alternativos. Este dijo: \u00abEncontramos que esto es inaceptable y lo confrontaremos\u00bb. Agreg\u00f3 que existe un problema kurdo en Turqu\u00eda y que el CHP era sincero en su deseo de resolver este problema de forma pac\u00edfica. <a href=\"#_edn21\" name=\"_ednref21\">[21]<\/a><\/p>\n<p><img loading=\"lazy\" decoding=\"async\" class=\"alignnone size-full wp-image-10628\" src=\"http:\/\/www2.memri.org\/espanol\/wp-content\/uploads\/2016\/01\/24331.jpg\" width=\"478\" height=\"287\" srcset=\"https:\/\/www2.memri.org\/espanol\/wp-content\/uploads\/2016\/01\/24331.jpg 478w, https:\/\/www2.memri.org\/espanol\/wp-content\/uploads\/2016\/01\/24331-300x180.jpg 300w\" sizes=\"auto, (max-width: 478px) 100vw, 478px\" \/><\/p>\n<p><em>Mapa de las zonas de seguridad especiales. Fuente: agencia oficial de noticias de Turqu\u00eda AA (Agencia Anatolia), 6 de agosto, 2015<\/em><\/p>\n<p>Por su parte, el HDP pidi\u00f3 una investigaci\u00f3n parlamentaria sobre las \u00abzonas especiales de seguridad\u00bb establecidas por los gobernadores de varias provincias del este y del sudeste, pobladas mayormente por kurdos. Su declaraci\u00f3n dijo que esta decisi\u00f3n era inconstitucional, ya que hab\u00eda sido hecha por un gobierno interino que ya no estaba en el poder. Tambi\u00e9n compar\u00f3 las pr\u00e1cticas del actual gobierno con las zonas prohibidas de la d\u00e9cada de 1990, cuando miles de aldeas kurdas fueron evacuadas y arrasadas por el gobierno y millones de kurdos fueron forzosamente desplazados. <a href=\"#_edn22\" name=\"_ednref22\">[22]<\/a><\/p>\n<p><strong>Tercer frente de Turqu\u00eda contra los kurdos<\/strong><\/p>\n<p>La tercera punta de la guerra de Turqu\u00eda contra los kurdos requiere de la cooperaci\u00f3n internacional. Turqu\u00eda ha exigido durante mucho tiempo el establecimiento de una \u00abzona de exclusi\u00f3n a\u00e9rea libre\u00bb a lo largo del lado sirio de la frontera entre Turqu\u00eda y Siria; los Estados Unidos y sus aliados de la coalici\u00f3n no han acordado esto. El nuevo acuerdo con los Estados Unidos prev\u00e9 una zona de seguridad de 100-km de largo, 50 km de profundidad de-facto entre Jarablus, al oeste del cant\u00f3n kurdo de Kobane y Azez, cerca de Alepo y el cant\u00f3n kurdo de Afrin en Siria, que los Estados Unidos y Turqu\u00eda acordaron llamar una \u00abzona libre del EIIS\u00bb. Sin embargo, lo que Turqu\u00eda realmente quiere y lo que parece haber convencido a que los Estados Unidos lo hagan, es bloquear el avance de las fuerzas YPG kurdas en su intento de unirse al cant\u00f3n de Afrin, formando as\u00ed la continuidad territorial kurda al norte de Siria.<\/p>\n<p>El 15 de junio, cuando Tel Abyad fue tomada por las fuerzas YPG del EIIS, uniendo as\u00ed los cantones kurdos de Jazeera y Kobane, Erdogan reaccion\u00f3 airadamente, declarando que Turqu\u00eda no permitir\u00eda un corredor kurdo a lo largo de su frontera sur. El 26 de junio, tambi\u00e9n acus\u00f3 falsamente a los kurdos de llevar a cabo cambios demogr\u00e1ficos realizando una limpieza \u00e9tnica de la zona de no kurdos &#8211; es decir, turcomanos y \u00e1rabes &#8211; y a\u00f1adi\u00f3 que Turqu\u00eda no permitir\u00e1 esto. <a href=\"#_edn23\" name=\"_ednref23\">[23]<\/a> De acuerdo a informes en los medios de comunicaci\u00f3n turcos, Erdogan ahora ha logrado incluir el acuerdo Turqu\u00eda-Estados Unidos &#8211; cuyos t\u00e9rminos son vagos y no se han dado a conocer en su totalidad, una provisi\u00f3n para la \u00abzona libre del EIIS\u00bb a ser poblada por los dos millones de refugiados sirios, la mayor\u00eda de ellos turcomanos y \u00e1rabes, que se encuentran actualmente en campamentos en Turqu\u00eda. <a href=\"#_edn24\" name=\"_ednref24\">[24]<\/a> Esto cambiara el car\u00e1cter demogr\u00e1fico de la zona y debilitara su identidad kurda.<\/p>\n<p><img loading=\"lazy\" decoding=\"async\" class=\"alignnone size-full wp-image-10629\" src=\"http:\/\/www2.memri.org\/espanol\/wp-content\/uploads\/2016\/01\/24332.jpg\" width=\"624\" height=\"520\" srcset=\"https:\/\/www2.memri.org\/espanol\/wp-content\/uploads\/2016\/01\/24332.jpg 624w, https:\/\/www2.memri.org\/espanol\/wp-content\/uploads\/2016\/01\/24332-300x250.jpg 300w, https:\/\/www2.memri.org\/espanol\/wp-content\/uploads\/2016\/01\/24332-600x500.jpg 600w, https:\/\/www2.memri.org\/espanol\/wp-content\/uploads\/2016\/01\/24332-504x420.jpg 504w\" sizes=\"auto, (max-width: 624px) 100vw, 624px\" \/><\/p>\n<p><em>Mapa que muestra las zonas kurdas y la zona de seguridad planificada que se extiende desde Kobane a los cantones Afrin. Fuente: Diken 12 de agosto, 2015; Diken se\u00f1al\u00f3 que fue tomado de la BBC-Turqu\u00eda.<\/em><\/p>\n<p><em>Para ver el despacho en su totalidad en ingl\u00e9s junto a las im\u00e1genes y videos copie por favor el siguiente enlace en su ordenador:<\/em> <a href=\"http:\/\/www.memri.org\/report\/en\/0\/0\/0\/0\/0\/0\/8703.htm\">http:\/\/www.memri.org\/report\/en\/0\/0\/0\/0\/0\/0\/8703.htm<\/a><\/p>\n<p><em>* R. Krespin es Director del Proyecto de Medios de Comunicaci\u00f3n Turcos en MEMRI.<\/em><\/p>\n<\/p>\n<hr class=\"c1\" size=\"1\" width=\"33%\" \/>\n<p><a href=\"#_ednref1\" name=\"_edn1\">[1]<\/a> MEMRI Investigaci\u00f3n y An\u00e1lisis No. 1175, El partido del gobierno turco AKP parece apoyar a sus vecinos yihadistas al sur &#8211; pero ordena al ej\u00e9rcito turco ir a la frontera siria para detener el avance kurdo sobre el EIIS y dice que Occidente est\u00e1 conspirando contra Turqu\u00eda y el Medio Oriente musulm\u00e1n 14 de julio, 2015.<\/p>\n<p><a href=\"#_ednref2\" name=\"_edn2\">[2]<\/a> MEMRI Investigaci\u00f3n y An\u00e1lisis No. 1175, El partido del gobierno turco AKP parece apoyar a sus vecinos yihadistas al sur &#8211; pero ordena al ej\u00e9rcito turco ir a la frontera siria para detener el avance kurdo sobre el EIIS y dice que Occidente est\u00e1 conspirando contra Turqu\u00eda y el Medio Oriente musulm\u00e1n 14 de julio, 2015.<\/p>\n<p><a href=\"#_ednref3\" name=\"_edn3\">[3]<\/a> <em>Soczu<\/em> (Turqu\u00eda) 22 de julio, 2015.<\/p>\n<p><a href=\"#_ednref4\" name=\"_edn4\">[4]<\/a> MEMRI Investigaci\u00f3n y An\u00e1lisis No. 1175, El partido del gobierno turco AKP parece apoyar a sus vecinos yihadistas al sur &#8211; pero ordena al ej\u00e9rcito turco ir a la frontera siria para detener el avance kurdo sobre el EIIS y dice que Occidente est\u00e1 conspirando contra Turqu\u00eda y el Medio Oriente musulm\u00e1n 14 de julio, 2015.<\/p>\n<p><a href=\"#_ednref5\" name=\"_edn5\">[5]<\/a> MEMRI Investigaci\u00f3n y An\u00e1lisis No. 1175, El partido del gobierno turco AKP parece apoyar a sus vecinos yihadistas al sur &#8211; pero ordena al ej\u00e9rcito turco ir a la frontera siria para detener el avance kurdo sobre el EIIS y dice que Occidente est\u00e1 conspirando contra Turqu\u00eda y el Medio Oriente musulm\u00e1n 14 de julio, 2015.<\/p>\n<p><a href=\"#_ednref6\" name=\"_edn6\">[6]<\/a> <em>Cumhuriyet<\/em> y otros medios de comunicaci\u00f3n turcos 23 de julio, 2015.<\/p>\n<p><a href=\"#_ednref7\" name=\"_edn7\">[7]<\/a> T24 27 de julio, 2015.<\/p>\n<p><a href=\"#_ednref8\" name=\"_edn8\">[8]<\/a> Una delegaci\u00f3n de parlamentarios del HDP visit\u00f3 la aldea kurda de Zergele al norte de Irak para investigar las denuncias de que civiles desarmados hab\u00edan sido asesinados en un ataque a\u00e9reo turco &#8211; acusaciones que el 2 de agosto, 2015 Turqu\u00eda hab\u00eda rechazado, diciendo que Zergele era una base y refugio del PKK. Seg\u00fan el informe de la delegaci\u00f3n, dado a conocer el 7 de agosto, el pueblo era un asentamiento civil, no hab\u00eda ning\u00fan representante del PKK presente o alrededor de la aldea y ocho civiles murieron en el bombardeo. <em>Hurriyet Daily News<\/em>, 7 de agosto, 2015.<\/p>\n<p><a href=\"#_ednref9\" name=\"_edn9\">[9]<\/a> <em>Cumhuriyet<\/em> (Turqu\u00eda) 10 de agosto, 2015.<\/p>\n<p><a href=\"#_ednref10\" name=\"_edn10\">[10]<\/a> <em>Sabah<\/em>, <em>Takvim<\/em> (Turqu\u00eda), 6 de agosto, 2015.<\/p>\n<p><a href=\"#_ednref11\" name=\"_edn11\">[11]<\/a> <em>Hurriyet<\/em> (Turqu\u00eda) 12 de abril, 2015.<\/p>\n<p><a href=\"#_ednref12\" name=\"_edn12\">[12]<\/a> <em>Cumhuriyet<\/em> (Turqu\u00eda) 29 de julio, 2015.<\/p>\n<p><a href=\"#_ednref13\" name=\"_edn13\">[13]<\/a> <em>Cumhuriyet<\/em> (Turqu\u00eda), 25 de julio, 2015.<\/p>\n<p><a href=\"#_ednref14\" name=\"_edn14\">[14]<\/a> <em>Zaman<\/em> (Turqu\u00eda), 6 de agosto, 2015.<\/p>\n<p><a href=\"#_ednref15\" name=\"_edn15\">[15]<\/a> <em>Cumhuriyet<\/em> (Turqu\u00eda) 2 de agosto, 2015.<\/p>\n<p><a href=\"#_ednref16\" name=\"_edn16\">[16]<\/a> <em>Hurriyet Daily News<\/em> (Turqu\u00eda) 29 de julio, 2015.<\/p>\n<p><a href=\"#_ednref17\" name=\"_edn17\">[17]<\/a> <em>Hurriyet,<\/em> T24 (Turqu\u00eda) 29 de julio, 2015.<\/p>\n<p><a href=\"#_ednref18\" name=\"_edn18\">[18]<\/a> Hurriyet Daily News (Turqu\u00eda) 21 de mayo, 2015.<\/p>\n<p><a href=\"#_ednref19\" name=\"_edn19\">[19]<\/a> Todays Zaman (Turqu\u00eda), 4 de agosto, 2015.<\/p>\n<p><a href=\"#_ednref20\" name=\"_edn20\">[20]<\/a> Zete (Turqu\u00eda), 4 de agosto, 2015.<\/p>\n<p><a href=\"#_ednref21\" name=\"_edn21\">[21]<\/a> <em>Hurriyet<\/em> 7 de agosto, 2015.<\/p>\n<p><a href=\"#_ednref22\" name=\"_edn22\">[22]<\/a> <em>Zaman<\/em> 7 de agosto, 2015.<\/p>\n<p><a href=\"#_ednref23\" name=\"_edn23\">[23]<\/a> MEMRI Investigaci\u00f3n y An\u00e1lisis No. 1175, El partido del gobierno turco AKP parece apoyar a sus vecinos yihadistas al sur &#8211; pero ordena al ej\u00e9rcito turco ir a la frontera siria para detener el avance kurdo sobre el EIIS y dice que Occidente est\u00e1 conspirando contra Turqu\u00eda y el Medio Oriente musulm\u00e1n 14 de julio, 2015.<\/p>\n<p><a href=\"#_ednref24\" name=\"_edn24\">[24]<\/a> <em>Sabah<\/em> (Turqu\u00eda), 28 de julio, 2015.<\/p>\n<\/div>\n","protected":false},"excerpt":{"rendered":"<p>Por: R. Krespin* Introducci\u00f3n Tras la toma de control de la frontera con Siria el 15 de junio, 2015 en Tel Abyad por las Unidades de Defensa del Pueblo Kurdo (PYG), con apoyo a\u00e9reo de los Estados Unidos, al Estado Isl\u00e1mico (EIIS), Turqu\u00eda ha reunido sus recursos militares a lo largo de su frontera con [&hellip;]<\/p>\n","protected":false},"author":1,"featured_media":10627,"comment_status":"open","ping_status":"open","sticky":false,"template":"","format":"standard","meta":{"footnotes":""},"categories":[5,28,29],"tags":[],"class_list":["post-9499","post","type-post","status-publish","format-standard","has-post-thumbnail","hentry","category-analisis-e-investigacion","category-turquia","category-africa-del-norte"],"_links":{"self":[{"href":"https:\/\/www2.memri.org\/espanol\/wp-json\/wp\/v2\/posts\/9499","targetHints":{"allow":["GET"]}}],"collection":[{"href":"https:\/\/www2.memri.org\/espanol\/wp-json\/wp\/v2\/posts"}],"about":[{"href":"https:\/\/www2.memri.org\/espanol\/wp-json\/wp\/v2\/types\/post"}],"author":[{"embeddable":true,"href":"https:\/\/www2.memri.org\/espanol\/wp-json\/wp\/v2\/users\/1"}],"replies":[{"embeddable":true,"href":"https:\/\/www2.memri.org\/espanol\/wp-json\/wp\/v2\/comments?post=9499"}],"version-history":[{"count":0,"href":"https:\/\/www2.memri.org\/espanol\/wp-json\/wp\/v2\/posts\/9499\/revisions"}],"wp:featuredmedia":[{"embeddable":true,"href":"https:\/\/www2.memri.org\/espanol\/wp-json\/wp\/v2\/media\/10627"}],"wp:attachment":[{"href":"https:\/\/www2.memri.org\/espanol\/wp-json\/wp\/v2\/media?parent=9499"}],"wp:term":[{"taxonomy":"category","embeddable":true,"href":"https:\/\/www2.memri.org\/espanol\/wp-json\/wp\/v2\/categories?post=9499"},{"taxonomy":"post_tag","embeddable":true,"href":"https:\/\/www2.memri.org\/espanol\/wp-json\/wp\/v2\/tags?post=9499"}],"curies":[{"name":"wp","href":"https:\/\/api.w.org\/{rel}","templated":true}]}}