{"id":871,"date":"2005-02-04T00:00:00","date_gmt":"2005-02-04T00:00:00","guid":{"rendered":"http:\/\/www2.memri.org\/espanol\/2005\/02\/04\/columnista-de-diario-islamico-turco-estados-unidos-el-pais-maldecido-por-dios-asesinar-esta-impreso-geneticamente-en-la-cultura-americana\/"},"modified":"2005-02-04T00:00:00","modified_gmt":"2005-02-04T00:00:00","slug":"columnista-de-diario-islamico-turco-estados-unidos-el-pais-maldecido-por-dios-asesinar-esta-impreso-geneticamente-en-la-cultura-americana","status":"publish","type":"post","link":"https:\/\/www2.memri.org\/espanol\/columnista-de-diario-islamico-turco-estados-unidos-el-pais-maldecido-por-dios-asesinar-esta-impreso-geneticamente-en-la-cultura-americana\/871","title":{"rendered":"Columnista de diario isl\u00e1mico turco: &#8216;Estados Unidos &#8211; el pa\u00eds maldecido por dios&#8217;; &#8216;asesinar est\u00e1 impreso gen\u00e9ticamente en la cultura americana&#8217;"},"content":{"rendered":"<div class=\"bodytext c1\"><!-- Document Body --><\/p>\n<p><em>En un art\u00edculo titulado \u00abC\u00f3mplices de asesinato\u00bb del diario isl\u00e1mico turco <strong>Yeni Safak,<\/strong> <a href=\"#_edn1\" name=\"_ednref1\">1<\/a> conocido por sus conexiones extraoficiales con el gobierno turco, el columnista <strong>Dr. Husnu Mahali,<\/strong> de origen sirio, describe con detalles las presuntas actividades criminales de Am\u00e9rica, que se derivar\u00edan de una inclinaci\u00f3n cong\u00e9nita al asesinato. Lo siguiente es el art\u00edculo (elipsis del original):<\/em> <a href=\"#_edn2\" name=\"_ednref2\">2<\/a><\/p>\n<h5>\u00abAsesinar est\u00e1 gen\u00e9ticamente impreso en la cultura americana\u00bb<\/h5>\n<p>\u00abDurante la invasi\u00f3n [americana de Irak], cuando dije que el pueblo iraqu\u00ed resistir\u00eda, algunos dijeron, &#8216;est\u00e1s equivocado &#8211; ves, nadie resisti\u00f3&hellip;&#8217; Cuando la resistencia s\u00ed que comenz\u00f3 dijeron, &#8216;s\u00f3lo son un pu\u00f1ado aislado de asesinos&#8217;&hellip;<\/p>\n<p>\u00abEs obvio que en ambos casos, algunos quieren echar la culpa a los iraqu\u00edes, no a Am\u00e9rica&hellip;<\/p>\n<p>\u00abMe pregunto: \u00bfSi Am\u00e9rica hubiera invadido Turqu\u00eda&hellip; qu\u00e9 har\u00edan los turcos?. \u00bfPreferir\u00edan someterse a Bush y a su panda y rendirse?. \u00bfPodr\u00edan aceptar eso los patriotas orgullosos?.<\/p>\n<p>\u00abSi hay alguien que responde &#8216;s\u00ed&#8217; a todo esto, no tengo nada que decirle a &#8216;ellos&#8217;&hellip; Y si a\u00fan queda alguien que vea los sucesos de Irak a trav\u00e9s del prisma americano, no tengo nada que objetar tampoco&hellip;<\/p>\n<p>\u00abDesde el 11 de Septiembre llevo diciendo&hellip;: \u00abAm\u00e9rica invadi\u00f3 Irak con &#8216;pu\u00f1ados aislados de asesinos&#8217;&hellip; Am\u00e9rica lleg\u00f3 a Irak con el \u00fanico [prop\u00f3sito] de satisfacer sus instintos asesinos.<\/p>\n<p>\u00abAsesinar est\u00e1 gen\u00e9ticamente impreso en la cultura americana<strong>.<\/strong><\/p>\n<p>\u00abEl segundo mandato de la administraci\u00f3n Bush demostrar\u00e1 esto m\u00e1s clara y concretamente. Basta con mirar a Faluya: El ej\u00e9rcito americano est\u00e1 asesinando a miles destruyendo la ciudad, con el pretexto de eliminar la resistencia de Faluya.<\/p>\n<p>\u00abLos americanos afirman que mataron a 1200 insurgentes&hellip; \u00a120 de ellos extranjeros!. Asumamos que esto es verdad&hellip;<\/p>\n<p>\u00abSi esto fuera verdad, deber\u00edamos alegrarnos&hellip; Significar\u00eda que la gente de otros pa\u00edses cree en la justa lucha del pueblo iraqu\u00ed y van all\u00ed a luchar junto a ellos&hellip; Significar\u00eda que no son turistas, ni est\u00e1n interesados en hacer &#8216;dinero con sangre&#8217;&hellip;<\/p>\n<p>No olvidemos que unos 40 pa\u00edses han enviado tropas a Irak en apoyo de la ocupaci\u00f3n americana&hellip; \u00bfPor qu\u00e9 convertirse en c\u00f3mplice de los cr\u00edmenes de Am\u00e9rica es &#8216;bueno&#8217;, pero apoyar y participar en la resistencia del pueblo iraqu\u00ed es &#8216;malo?&#8217;. \u00bfO algunos ven a\u00fan a los luchadores de la resistencia como &#8216;pu\u00f1ados aislados de asesinos&#8217; o [como] fundamentalistas islamistas radicales&hellip;?\u00bb<\/p>\n<p><strong>&#8216;Los americanos mienten, como siempre&#8217;<\/strong><\/p>\n<p>\u00abLos americanos mienten, como siempre&hellip; Los [canales] de televisi\u00f3n de todo el mundo mostraron ayer c\u00f3mo los soldados americanos entraban en las mezquitas y ejecutaban a civiles heridos desarmados. Dicen que el ej\u00e9rcito americano investigar\u00e1&hellip; como investigaron las torturas en la prisi\u00f3n de Ab\u00fa Ghraib&hellip; Sin embargo, el mundo ya se ha olvidado de esas repugnantes im\u00e1genes [de Ab\u00fa Ghraib]&hellip;<\/p>\n<p>\u00abPronto tambi\u00e9n se olvidar\u00e1n de la destrucci\u00f3n de las mezquitas y del asesinato de civiles heridos desarmados, que buscaron refugio en esas mezquitas&hellip;<\/p>\n<p>\u00abPor el amor de Dios, \u00bfqu\u00e9 es lo que nos est\u00e1 pasando?&hellip;<\/p>\n<p>\u00abVemos im\u00e1genes de Faluya como si vi\u00e9ramos pel\u00edculas americanas &#8211; sin reacci\u00f3n ni emoci\u00f3n, con rabia indefinida&hellip;<\/p>\n<p>\u00abPor el amor de Dios, \u00bfcu\u00e1ndo veremos la realidad?&hellip; \u00bfCu\u00e1ndo entenderemos que esto es una nueva Cruzada?&hellip; \u00bfCu\u00e1ndo comprenderemos que la agresi\u00f3n americana apunta &#8211; y continuar\u00e1 apuntando &#8211; a todos los pa\u00edses y pueblos musulmanes?&hellip; \u00bfCu\u00e1ndo detendremos esta admiraci\u00f3n a Am\u00e9rica?&hellip; \u00bfCu\u00e1ndo dejaremos [es decir, los camiones turcos] de transportar combustible a los aviones americanos que matan al pueblo iraqu\u00ed?&hellip; \u00bfCu\u00e1ndo nos avergonzaremos de &#8216;dar la bienvenida&#8217; a los soldados asesinos de Am\u00e9rica cuando llegan a las costas de Adana [ciudad al sur de Turqu\u00eda cercana a las bases del ej\u00e9rcito americano]?&hellip;<\/p>\n<p>\u00abSi nuestra humanidad no nos hace responsables de todo esto, con seguridad lo har\u00e1 la historia alg\u00fan d\u00eda&hellip;\u00bb<\/p>\n<p><strong>\u00abEstados Unidos &#8211; el pa\u00eds maldito por dios\u00bb<\/strong><\/p>\n<p>\u00abVolvamos a Faluya&hellip; Pocas palabras aciertan a describir los cr\u00edmenes que se cometen ah\u00ed&hellip; Un amigo con el que habl\u00e9 ayer me dijo que los americanos utilizan a los civiles iraqu\u00edes como escudos humanos para protegerse de los insurgentes. No se puede esperar menos de los infieles, traidores y asesinos americanos&hellip; A pesar de su superioridad armament\u00edstica, tanto en el aire como en tierra, los soldados americanos est\u00e1n asustados por los combatientes de la resistencia.<\/p>\n<p>\u00abTras bombardear las mezquitas de Faluya, los soldados americanos las profanan orinando y ensuciando sus paredes.<\/p>\n<p>\u00abTras llevar a cabo redadas en casas, los soldados americanos desnudan a las mujeres y ni\u00f1as y las deshonran.<\/p>\n<p>\u00abNo tem\u00e1is&hellip; pronto estas im\u00e1genes tambi\u00e9n aparecer\u00e1n en p\u00e1ginas web americanas&hellip; como las im\u00e1genes de torturas en la prisi\u00f3n de Ab\u00fa Ghraib&hellip;<\/p>\n<p>\u00abLos soldados americanos son ayudados tambi\u00e9n por algunos kurdos y algunos militantes iran\u00edes&hellip; Pronto esto tambi\u00e9n ser\u00e1 revelado&hellip; los americanos impiden que los convoyes de urgencias del Creciente Rojo iraqu\u00ed accedan a la ciudad [de Faluya]&hellip;<\/p>\n<p>\u00abPor el amor del Cielo, \u00a1ya basta!&hellip; [Debemos] ver la realidad&hellip;<\/p>\n<p>\u00abLos americanos no tienen intenci\u00f3n [alguna] de traer la libertad, la democracia o los derechos humanos a Irak o a cualquier otro lugar&hellip;<\/p>\n<p>\u00abLos americanos machacan los valores humanos de todos los pueblos de la regi\u00f3n. Como Sharon, los americanos quieren denigrarnos y humillarnos, y manchar nuestro honor. Los americanos, junto con Sharon, quieren arrastrarnos al desaliento y a la desesperaci\u00f3n para esclavizarnos.<\/p>\n<p>\u00abLos americanos le dieron un nombre tras el 11 de Septiembre&hellip;<\/p>\n<p>\u00abLa Nueva Cruzada&hellip; y es por eso por lo que 59 millones de americanos votaron a Bush&hellip;<\/p>\n<p>\u00abEn palabras de nuestro noveno presidente, [Suleyman] Demirel: &#8216;Los americanos act\u00faan en Irak por el principio de &#8216;mejor que mueras t\u00fa que yo&#8217;&hellip; Estos son los Estados Unidos que algunos de entre nosotros a\u00fan aman y admiran&hellip;<\/p>\n<p>\u00abEn palabras del [actor y figura televisiva kurda] Levent Kirca: &#8216;Estados Unidos &#8211; el pa\u00eds maldito por dios&#8217;&hellip;\u00bb <a href=\"#_edn3\" name=\"_ednref3\">3<\/a><\/p>\n<\/div>\n<hr noshade=\"noshade\" \/>\n<div class=\"bodynews c2\"><!-- footnotes --><\/p>\n<p><a href=\"#_ednref1\" name=\"_edn1\">1<\/a> El due\u00f1o del rotativo y el primer ministro de Turqu\u00eda se han convertido recientemente en parientes a trav\u00e9s del matrimonio de sus hijos.<\/p>\n<p><a href=\"#_ednref2\" name=\"_edn2\">2<\/a> <em>Yen\u00ed Safak<\/em> (Turqu\u00eda), 17 de noviembre del 2004.<\/p>\n<p><a href=\"#_ednref3\" name=\"_edn3\">3<\/a> Un juego de palabras. El escritor da el acr\u00f3nimo \u00abU.S.A\u00bb en turco, \u00abA.B.D\u00bb &#8211; qu\u00e9 tambi\u00e9n es el acr\u00f3nimo de la frase turca que significa \u00abpa\u00eds maldito por dios\u00bb.<\/p>\n<\/div>\n","protected":false},"excerpt":{"rendered":"<p>En un art\u00edculo titulado \u00abC\u00f3mplices de asesinato\u00bb del diario isl\u00e1mico turco Yeni Safak, 1 conocido por sus conexiones extraoficiales con el gobierno turco, el columnista Dr. Husnu Mahali, de origen sirio, describe con detalles las presuntas actividades criminales de Am\u00e9rica, que se derivar\u00edan de una inclinaci\u00f3n cong\u00e9nita al asesinato. Lo siguiente es el art\u00edculo (elipsis [&hellip;]<\/p>\n","protected":false},"author":1,"featured_media":0,"comment_status":"open","ping_status":"open","sticky":false,"template":"","format":"standard","meta":{"footnotes":""},"categories":[6,11,28,29],"tags":[],"class_list":["post-871","post","type-post","status-publish","format-standard","hentry","category-comunicados-especiales","category-e-u-a-y-el-medio-oriente","category-turquia","category-africa-del-norte"],"_links":{"self":[{"href":"https:\/\/www2.memri.org\/espanol\/wp-json\/wp\/v2\/posts\/871","targetHints":{"allow":["GET"]}}],"collection":[{"href":"https:\/\/www2.memri.org\/espanol\/wp-json\/wp\/v2\/posts"}],"about":[{"href":"https:\/\/www2.memri.org\/espanol\/wp-json\/wp\/v2\/types\/post"}],"author":[{"embeddable":true,"href":"https:\/\/www2.memri.org\/espanol\/wp-json\/wp\/v2\/users\/1"}],"replies":[{"embeddable":true,"href":"https:\/\/www2.memri.org\/espanol\/wp-json\/wp\/v2\/comments?post=871"}],"version-history":[{"count":0,"href":"https:\/\/www2.memri.org\/espanol\/wp-json\/wp\/v2\/posts\/871\/revisions"}],"wp:attachment":[{"href":"https:\/\/www2.memri.org\/espanol\/wp-json\/wp\/v2\/media?parent=871"}],"wp:term":[{"taxonomy":"category","embeddable":true,"href":"https:\/\/www2.memri.org\/espanol\/wp-json\/wp\/v2\/categories?post=871"},{"taxonomy":"post_tag","embeddable":true,"href":"https:\/\/www2.memri.org\/espanol\/wp-json\/wp\/v2\/tags?post=871"}],"curies":[{"name":"wp","href":"https:\/\/api.w.org\/{rel}","templated":true}]}}