{"id":8529,"date":"2015-02-08T00:00:00","date_gmt":"2015-02-08T00:00:00","guid":{"rendered":"http:\/\/www2.memri.org\/espanol\/2015\/02\/08\/reacciones-en-los-medios-de-comunicacion-arabes-ante-los-ataques-terroristas-en-paris-parte-v-escritores-arabes-dicen-que-el-mundo-esta-conmocionado-por-los-ataques-de-paris-pero-son-indiferentes-a\/"},"modified":"2016-01-13T23:36:47","modified_gmt":"2016-01-13T23:36:47","slug":"reacciones-en-los-medios-de-comunicacion-arabes-ante-los-ataques-terroristas-en-paris-parte-v-escritores-arabes-dicen-que-el-mundo-esta-conmocionado-por-los-ataques-de-paris-pero-son-indiferentes-a","status":"publish","type":"post","link":"https:\/\/www2.memri.org\/espanol\/reacciones-en-los-medios-de-comunicacion-arabes-ante-los-ataques-terroristas-en-paris-parte-v-escritores-arabes-dicen-que-el-mundo-esta-conmocionado-por-los-ataques-de-paris-pero-son-indiferentes-a\/8529","title":{"rendered":"Reacciones en los medios de comunicaci\u00f3n \u00e1rabes ante los ataques terroristas en Par\u00eds &#8211; Parte V: Escritores \u00e1rabes dicen que el mundo est\u00e1 conmocionado por los ataques de Par\u00eds pero son indiferentes a los ataques en el mundo \u00e1rabe"},"content":{"rendered":"<div class=\"bodytext c2\">\n<p><em>La solidaridad internacional con Francia a ra\u00edz de los recientes ataques terroristas en Par\u00eds, que culminaron en una marcha masiva el 11 de enero, 2015 con la participaci\u00f3n de innumerables l\u00edderes occidentales y \u00e1rabes, provoc\u00f3 indignaci\u00f3n entre muchos escritores \u00e1rabes, especialmente sirios, quienes lo vieron como una expresi\u00f3n adicional de hipocres\u00eda occidental y doble discurso. Los escritores protestaron contra el desprecio por Occidente a las vidas de africanos y del Medio Oriente, y su hipocres\u00eda tal como se expresa en su dura condena por el asesinato de 17 europeos en Par\u00eds, pero su fracaso en se\u00f1alar el asesinato de cientos de miles de \u00e1rabes y africanos musulmanes por organizaciones terroristas y reg\u00edmenes &#8211; reg\u00edmenes que, dicen los escritores, Occidente apoya. Los escritores tambi\u00e9n criticaron a los l\u00edderes \u00e1rabes que acudieron a Par\u00eds para mostrar su solidaridad con las v\u00edctimas de occidente, pero no hacen lo mismo por las v\u00edctimas del terrorismo en sus propios pa\u00edses.<\/em><\/p>\n<p><em>Lo siguiente es una revisi\u00f3n de estas afirmaciones:<\/em><\/p>\n<p><strong>Escritores \u00c1rabes: El mundo considera m\u00e1s valiosa la sangre occidental que la sangre africana y el Medio Oriente<\/strong><\/p>\n<p>Muhammad &#8216;Abd Al-Hadi&#8217; Allam editor del diario oficial egipcio <em>Al-Ahram<\/em>afirm\u00f3 que el mundo estaba indignado por un pu\u00f1ado de muertos en Par\u00eds, pero permanece indiferente a los cientos de miles de muertos en el Medio Oriente y el derramamiento de sangre \u00e1rabe. Este escribi\u00f3:<\/p>\n<p>\u00ab&#8230; L\u00edderes de 50 pa\u00edses se reunieron en Par\u00eds, y millones de personas en Francia y en todo el mundo salieron a las calles para condenar dos ataques llevados a cabo por tres hombres, que dejaron 14 muertos. Esto llega en un momento en que la siempre alerta conciencia de Occidente permaneci\u00f3 impasible ante los cientos de personas que pasan por debajo de la guillotina de la muerte en el Medio Oriente, el Cercano Oriente y Nigeria, donde hace unos d\u00edas Boko Haram asesin\u00f3 a 2.000 personas en una masacre horrible que no logr\u00f3 despertar el misma indignaci\u00f3n mundial como los acontecimientos de Par\u00eds&#8230; el derramamiento de sangre egipcio en nuestras calles no constituye una justificaci\u00f3n para que ellos reexaminen sus posturas. El derramamiento de sangre en Siria, Libia e Irak &#8211; el resultado de la financiaci\u00f3n de Occidente y el armamento de extremistas sedientos de sangre en la regi\u00f3n &#8211; no impresionaron lo suficiente en Occidente para que sus l\u00edderes caminen de la mano a fin de detener el derramamiento de sangre&#8230;\u00bb <a href=\"#_edn1\" name=\"_ednref1\">[1]<\/a><\/p>\n<p><img loading=\"lazy\" decoding=\"async\" class=\"alignnone size-full wp-image-11506\" src=\"http:\/\/www2.memri.org\/espanol\/wp-content\/uploads\/2016\/01\/22176.jpg\" width=\"448\" height=\"277\" srcset=\"https:\/\/www2.memri.org\/espanol\/wp-content\/uploads\/2016\/01\/22176.jpg 448w, https:\/\/www2.memri.org\/espanol\/wp-content\/uploads\/2016\/01\/22176-300x185.jpg 300w, https:\/\/www2.memri.org\/espanol\/wp-content\/uploads\/2016\/01\/22176-356x220.jpg 356w\" sizes=\"auto, (max-width: 448px) 100vw, 448px\" \/><\/p>\n<p><em>Derecha: \u00abEl mundo enfurecido condena el crimen contra Charlie Hebdo\u00bb. Izquierda: \u00abPero no dice nada ante el exterminio masivo en Irak, Siria y Palestina\u00bb. (Al-Ghad, Jordania 19 de enero, 2015)<\/em><\/p>\n<p>Declaraciones similares fueron hechas por el periodista argelino Tawfiq Rabahi en el diario qatar\u00ed <em>Al-Quds Al-Arabi<\/em>en Londres. Este escribi\u00f3 que entre el anuncio de la marcha en Par\u00eds y el evento en s\u00ed, \u00abdecenas de inocentes [en el Medio Oriente y \u00c1frica] eran v\u00edctimas del terrorismo que no es menos horrible que el terrorismo que asol\u00f3 Par\u00eds&#8230; Unas 20 personas murieron en un atentado suicida al este de Nigeria&#8230; llevado a cabo por una ni\u00f1a de 10 a\u00f1os de edad; decenas de libaneses murieron en un atentado suicida en un caf\u00e9 de Tr\u00edpoli, al norte del pa\u00eds y muchos han muerto en Siria e Irak que la humanidad ya no los puede contar. Otros, entre ellos ni\u00f1os, murieron en los campos de refugiados por la ola de fr\u00edo&#8230;<\/p>\n<p>\u00abA pesar de que estos eventos eran dignos del inter\u00e9s de los medios de comunicaci\u00f3n&#8230; el mundo no supo nada de sus v\u00edctimas, que fueron de nuevo apartados de un lado debido a los acontecimientos en Par\u00eds. No hubo art\u00edculos repletos de lagrimas, declaraciones o condenas, sin marchas masivas asistidas por miles y millones &#8211; s\u00f3lo noticias breves que recibieron modesta atenci\u00f3n&#8230; simplemente porque no eran occidentales. Nadie les elogi\u00f3 o se detuvo para llorarlos, pero en Par\u00eds, el tiempo se detuvo cuando decenas de l\u00edderes y jefes de estado llegaron para mostrar [su] flagrante hipocres\u00eda&#8230;\u00bb <a href=\"#_edn2\" name=\"_ednref2\">[2]<\/a><\/p>\n<p><img loading=\"lazy\" decoding=\"async\" class=\"alignnone size-full wp-image-11507\" src=\"http:\/\/www2.memri.org\/espanol\/wp-content\/uploads\/2016\/01\/22177.jpg\" width=\"448\" height=\"304\" srcset=\"https:\/\/www2.memri.org\/espanol\/wp-content\/uploads\/2016\/01\/22177.jpg 448w, https:\/\/www2.memri.org\/espanol\/wp-content\/uploads\/2016\/01\/22177-300x204.jpg 300w\" sizes=\"auto, (max-width: 448px) 100vw, 448px\" \/><\/p>\n<p><em>\u00abLos l\u00edderes que participan en la marcha de solidaridad con Charlie Hebdo\u00bb se colocan encima los cr\u00e1neos de las v\u00edctimas en Gaza, Irak, Siria, Mali y Argelia (Secretsnews.com 19 de enero, 2015)<\/em><\/p>\n<p><strong>Cr\u00edticas a la indiferencia del mundo \u00e1rabe con el terrorismo en su propio territorio<\/strong><\/p>\n<p>Varios escritores tambi\u00e9n criticaron a los l\u00edderes \u00e1rabes que se apresuraron a expresar su solidaridad con los ciudadanos franceses, pero no hacen lo mismo con los ciudadanos \u00e1rabes y musulmanes que mueren todos los d\u00edas. Tambi\u00e9n criticaron a la sociedad \u00e1rabe, que ha crecido acostumbrada e indiferente a las muertes \u00e1rabes.<\/p>\n<p>El analista pol\u00edtico jordano Dr. Anis Al-Khasawneh arremeti\u00f3 contra los l\u00edderes \u00e1rabes que asistieron a la manifestaci\u00f3n de Par\u00eds pero no hacen nada para los musulmanes que son asesinados en todo el Medio Oriente y en \u00c1frica: \u00abLo m\u00e1s repugnante en la marcha antiterrorismo en Par\u00eds fue la hipocres\u00eda abierta de los l\u00edderes de los pa\u00edses occidentales y de los l\u00edderes \u00e1rabes y sus posturas, que no son solo vergonzosas sino que tambi\u00e9n implican colaboraci\u00f3n con el terrorismo en contra de los musulmanes en \u00c1frica Central, Birmania, Gaza y Egipto y contra otros pueblos atormentados&#8230;<\/p>\n<p>\u00abM\u00e1s chocante es la posici\u00f3n de los l\u00edderes \u00e1rabes que lloraban por las v\u00edctimas del atentado de Par\u00eds, a pesar de que han sucedido cosas terribles, y de hecho suceden, en sus pa\u00edses, sin que muestren su solidaridad con sus propios pueblos. Nosotros esperamos que los l\u00edderes \u00e1rabes que asistieron a la marcha de Par\u00eds lleven sus protestas y manifestaciones en apoyo al pueblo de Gaza y sus muertos y heridos&#8230; expresamos solidaridad con las v\u00edctimas del terrorismo en Par\u00eds y sentimos simpat\u00eda por ellos &#8211; pero primero tenemos que expresar solidaridad con nosotros mismos y nuestras propias v\u00edctimas, o por lo menos, dejar de aliarnos con l\u00edderes que derraman sangre musulmana y \u00e1rabe en Egipto, la entidad sionista, y las naciones africanas que asesinan a musulmanes porque son musulmanes&#8230;\u00bb <a href=\"#_edn3\" name=\"_ednref3\">[3]<\/a><\/p>\n<p><img loading=\"lazy\" decoding=\"async\" class=\"alignnone size-full wp-image-11508\" src=\"http:\/\/www2.memri.org\/espanol\/wp-content\/uploads\/2016\/01\/22178.jpg\" width=\"448\" height=\"242\" srcset=\"https:\/\/www2.memri.org\/espanol\/wp-content\/uploads\/2016\/01\/22178.jpg 448w, https:\/\/www2.memri.org\/espanol\/wp-content\/uploads\/2016\/01\/22178-300x162.jpg 300w\" sizes=\"auto, (max-width: 448px) 100vw, 448px\" \/><\/p>\n<p><em>El mundo dice: \u00abYo soy Charlie\u00bb; los refugiados en Palestina dice: \u00ab#y yo he sido Charlie durante 67 a\u00f1os!!\u00bb (Al-Arabi Al-Jadid, Londres 12 de enero, 2015)<\/em><\/p>\n<p>El columnista de <em>Al-Ahram<\/em>Hassan Abu Taleb afirm\u00f3 que, si bien la muerte de ciudadanos en Par\u00eds provoc\u00f3 un impresionante espect\u00e1culo internacional de solidaridad con el pueblo franc\u00e9s, la muerte de ciudadanos en los pa\u00edses \u00e1rabes se ha convertido en algo de rutina, y es recibido con indiferencia por los propios \u00e1rabes. Este escribi\u00f3: \u00abEscojan d\u00f3nde comenzar &#8211; en Par\u00eds, donde la masacre de <em>Charlie Hebdo<\/em>y los posteriores [eventos] se llevaron a cabo, en el que murieron 17 ciudadanos franceses; fuera de la academia de polic\u00eda en San\u00e1, donde 120 personas fueron asesinadas o heridas; en el L\u00edbano, particularmente el [vecindario] Jabal Mohsen en Tr\u00edpoli, donde 12 personas murieron en un doble atentado suicida, o en el Sina\u00ed, Irak o Siria. Los lugares son diferentes&#8230; [pero] la esencia es la misma &#8211; terrorismo, extremismo, violencia, asesinatos y v\u00edctimas &#8211; pero las respuestas var\u00edan seg\u00fan el lugar y la ciudadan\u00eda. En Par\u00eds hubo una marcha masiva en la que participaron representantes de los pa\u00edses europeos y los Estados Unidos, que un fuerte despliegue de solidaridad con el pueblo franc\u00e9s contra el terrorismo que le ha afligido. Pero en Yemen, L\u00edbano, o Libia, la gente muere como si fuera un fen\u00f3meno natural. Hemos crecido tan acostumbrados a los ataques terroristas que la respuesta, tanto a nivel popular y oficial, se ha vuelto fr\u00eda e indiferente&#8230; Esta indiferencia significa que no estamos tratando a nuestros hijos y a nuestros ciudadanos adecuadamente. No nos estamos valorando a nosotros mismos.<\/p>\n<p><img loading=\"lazy\" decoding=\"async\" class=\"alignnone size-full wp-image-11509\" src=\"http:\/\/www2.memri.org\/espanol\/wp-content\/uploads\/2016\/01\/22179.jpg\" width=\"448\" height=\"313\" srcset=\"https:\/\/www2.memri.org\/espanol\/wp-content\/uploads\/2016\/01\/22179.jpg 448w, https:\/\/www2.memri.org\/espanol\/wp-content\/uploads\/2016\/01\/22179-300x210.jpg 300w, https:\/\/www2.memri.org\/espanol\/wp-content\/uploads\/2016\/01\/22179-100x70.jpg 100w\" sizes=\"auto, (max-width: 448px) 100vw, 448px\" \/><\/p>\n<p><em>L\u00edderes \u00e1rabes se apresuran para llegar a Par\u00eds y ofrecer sus condolencias por los muertos de \u00abCharlie Hebdo\u00bb, ignorando a los \u00abm\u00e1rtires de Palestina, Siria e Irak\u00bb (Aljazeera.net 15 de enero, 2015)<\/em><\/p>\n<p><strong>Escritores sirios: El mundo ha ignorado el terrorismo del r\u00e9gimen sirio durante cuatro a\u00f1os<\/strong><\/p>\n<p>Siria fue citada por muchos autores como una ilustraci\u00f3n de la diferencia entre las reacciones internacionales al terrorismo en Par\u00eds y en los pa\u00edses \u00e1rabes. Estos dijeron que a pesar de que m\u00e1s de 200.000 personas han muerto all\u00ed desde que la guerra civil estall\u00f3 hace unos cuatro a\u00f1os, no ha habido hasta ahora ninguna reacci\u00f3n internacional decisiva y furiosa como esa luego de los atentados de Par\u00eds.<\/p>\n<p>Dima Wannous, escritora siria &#8216;Alawi quien huy\u00f3 al L\u00edbano debido a la guerra, habl\u00f3 en contra de la indiferencia internacional por las v\u00edctimas del conflicto en Siria, a\u00fan m\u00e1s evidentes por la indignaci\u00f3n y la solidaridad internacional tras el ataque a <em>Charlie Hebdo<\/em>. Wannous se\u00f1al\u00f3 que no se identificara con \u00abYo soy Charlie\u00bb, mientras el mundo no la reconozca como v\u00edctima del terrorismo del r\u00e9gimen sirio y no le permita vivir sin la constante amenaza de muerte.<\/p>\n<p>Ella escribi\u00f3: \u00ab&#8216;Yo no soy Charlie&#8217;. Soy siria viviendo en Beirut junto a otros sirios, la mayor\u00eda de ellos desplazados y que huyen de la muerte y la destrucci\u00f3n [en Siria]. Hace unos d\u00edas, algunos de ellos murieron en los mismos cielos que los norteamericanos, franceses, rusos, iran\u00edes, palestinos, iraqu\u00edes y somal\u00edes. Algunos ten\u00edan la sangre congelada en sus venas, mientras sus peque\u00f1os pulmones ya no pod\u00edan respirar el aire g\u00e9lido de una despedazada tienda de campa\u00f1a azotada por el viento en la nieve y barridos por las inundaciones, en la misma tierra que apoya a los muchos l\u00edderes que protestaron en Par\u00eds hace unos cuantos d\u00edas&#8230;<\/p>\n<p>\u00abDurante cuatro a\u00f1os, [estos] l\u00edderes estuvieron en silencio, contentos que verme mientras soy torturada, mientras mi garganta es degollada, mientras mis u\u00f1as son arrancadas, mientras mi piel se adhiere a los huesos de hambre, y mientras mi rostro se vuelve verde al asfixiarme en ataques qu\u00edmicos. Seguros en sus palacios, ellos observan mi sufrimiento en televisi\u00f3n y leen sobre estos en los diarios. Observaron, permanecieron en silencio, y no hizo nada adem\u00e1s expresan su preocupaci\u00f3n y tristeza. Tal vez mi hambre les alarm\u00f3. Tal vez derramaron una l\u00e1grima o dos. Pero no vinieron juntos ni una sola vez al igual que lo hicieron juntos esta vez por el terrorismo hace unos d\u00edas en Par\u00eds.<\/p>\n<p><img loading=\"lazy\" decoding=\"async\" class=\"alignnone size-full wp-image-11510\" src=\"http:\/\/www2.memri.org\/espanol\/wp-content\/uploads\/2016\/01\/22180.jpg\" width=\"448\" height=\"302\" srcset=\"https:\/\/www2.memri.org\/espanol\/wp-content\/uploads\/2016\/01\/22180.jpg 448w, https:\/\/www2.memri.org\/espanol\/wp-content\/uploads\/2016\/01\/22180-300x202.jpg 300w\" sizes=\"auto, (max-width: 448px) 100vw, 448px\" \/><\/p>\n<p><em>Dima Wannous (imagen: Orient-news.net 15 de enero, 2015)<\/em><\/p>\n<p>\u00abYo no soy Charlie\u00bb. Pero estoy en contra del terrorismo en todos lugares. Soy una ciudadana siria que cambi\u00f3 su foto de perfil en Facebook por una de Charlie y, varios d\u00edas despu\u00e9s, a una del activista saudita Raif Badawi, condenado a 1.000 latigazos y a 10 a\u00f1os de prisi\u00f3n por cargos de \u00abperjudicar y da\u00f1ar al Islam\u00bb. Antes de eso, he cambie mi foto por una de Pap\u00e1 Noel arrestado en Amman [Jordania] por &#8216;proselitista&#8217;, y [antes] a una de los activistas iran\u00edes condenados a muerte arbitrariamente&#8230; S\u00ed, soy una ciudadana siria que encuentra tiempo para seguir las noticias sobre la violencia y las violaciones de los derechos humanos alrededor del mundo. Pero no muchos encuentran el tiempo para mostrar su solidaridad conmigo&#8230;<\/p>\n<p>\u00abQue exonera al r\u00e9gimen sirio de ser acusado de terrorismo? \u00bfQu\u00e9 hace que el asesinato de 12 personas [en Par\u00eds] sea peor que la muerte y ejecuci\u00f3n de m\u00e1s de 200.000 sirios en los \u00faltimos cuatro a\u00f1os? \u00bfQu\u00e9 impacto tuvieron las fotos de 50,000 cad\u00e1veres torturados en las prisiones del r\u00e9gimen sirio publicadas por CNN y <em>El Guardian<\/em>? \u00bfSe considera tal tortura como terrorismo, o es la identidad del torturado que determina si se trata de terrorismo o simplemente una violaci\u00f3n ligeramente preocupante de los derechos humanos? Si el r\u00e9gimen sirio hubiese utilizado incluso algunos de estos m\u00e9todos de tortura contra periodistas extranjeros, habr\u00eda Occidente reaccionado de la misma manera?<\/p>\n<p>\u00ab&#8216;Yo soy Charlie&#8217; s\u00f3lo si realmente me dejan serlo &#8211; cuando me reconocen como v\u00edctima del terrorismo de un r\u00e9gimen criminal que me arroja bombas, destruye mi hogar, me tortura, y amputa mis miembros&#8230; &#8216;Yo soy Charlie&#8217; s\u00f3lo si me conceden el derecho que poseo a vivir dignamente y expresarme libremente sin ser blanco de los terroristas, sin ser bombardeada por un avi\u00f3n, o que me hagan morir de hambre&#8230;\u00bb <a href=\"#_edn4\" name=\"_ednref4\">[4]<\/a><\/p>\n<p>De manera similar, Yahya Al-Halabi columnista del portal de la Hermandad Musulmana siria, escribi\u00f3: \u00ab&#8230; Periodistas franceses y dos polic\u00edas murieron, y nosotros los lloramos como lloramos a los que murieron el 11 de Septiembre. Lo sentimos por todos, s\u00ed, toda persona, [asesinada] en cualquier pa\u00eds. Pero lo siente el mundo que estamos siendo asesinados? \u00bfLloran por nuestros muertos?!&#8230;<\/p>\n<p>\u00abAntes que los periodistas franceses fuesen asesinados, las organizaciones de periodistas declararon que en el 2014, m\u00e1s de 60 periodistas han sido asesinados en solo en Siria!! \u00bfAlguien protest\u00f3?! Antes que los franceses fueran asesinados, m\u00e1s de la mitad del pueblo sirio hab\u00edan sido martirizado, herido, desaparecido, o convertidos en refugiados!! y todo el mundo estuvo ciego, sordo y mudo.<\/p>\n<p>\u00abAntes que los franceses fueran asesinados, el mundo podr\u00eda haber evitado sus muertes eliminando la fuente de la maldad y el terrorismo&#8230;\u00bb <a href=\"#_edn5\" name=\"_ednref5\">[5]<\/a><\/p>\n<p><img loading=\"lazy\" decoding=\"async\" class=\"alignnone size-full wp-image-11511\" src=\"http:\/\/www2.memri.org\/espanol\/wp-content\/uploads\/2016\/01\/22181.jpg\" width=\"448\" height=\"317\" srcset=\"https:\/\/www2.memri.org\/espanol\/wp-content\/uploads\/2016\/01\/22181.jpg 448w, https:\/\/www2.memri.org\/espanol\/wp-content\/uploads\/2016\/01\/22181-300x212.jpg 300w, https:\/\/www2.memri.org\/espanol\/wp-content\/uploads\/2016\/01\/22181-100x70.jpg 100w\" sizes=\"auto, (max-width: 448px) 100vw, 448px\" \/><\/p>\n<p><em>Derecha: El mundo en \u00abun momento de silencio\u00bb por los acontecimientos de Par\u00eds. Izquierda: El mundo sigue estando en \u00absilencio durante cuatro a\u00f1os por el ba\u00f1o de sangre\u00bb en Siria (Al-Watan, Arabia Saudita 11 de enero, 2015)<\/em><\/p>\n<p>El Dr. Faisal Al-Qassem, anfitri\u00f3n de Direcci\u00f3n Opuesta en el canal de televisi\u00f3n Al-Jazeera TV de Qatar, quien es de origen sirio, tambi\u00e9n critic\u00f3 la discrepancia en las reacciones de la comunidad internacional por los atentados de Par\u00eds frente a sus reacciones ante el terrorismo del r\u00e9gimen sirio contra su propio pueblo. En su cuenta Twitter (@kasimf), hizo un llamado a los \u00e1rabes para que aprendan de Francia el c\u00f3mo responder a la muerte de ciudadanos, Twitter 11 de enero, 2015: \u00abUn mill\u00f3n protestaron en Par\u00eds por 12 [v\u00edctimas], mientras que un mill\u00f3n de sirios son v\u00edctimas del terrorismo de Assad en Siria. Y al mundo le es indiferente. Un mundo humillante\u00bb.<\/p>\n<p><img loading=\"lazy\" decoding=\"async\" class=\"alignnone size-full wp-image-11512\" src=\"http:\/\/www2.memri.org\/espanol\/wp-content\/uploads\/2016\/01\/22182.jpg\" width=\"448\" height=\"119\" srcset=\"https:\/\/www2.memri.org\/espanol\/wp-content\/uploads\/2016\/01\/22182.jpg 448w, https:\/\/www2.memri.org\/espanol\/wp-content\/uploads\/2016\/01\/22182-300x80.jpg 300w\" sizes=\"auto, (max-width: 448px) 100vw, 448px\" \/><\/p>\n<p>El 9 de enero, este tuite\u00f3: \u00abEl Consejo de Seguridad [de la ONU] llev\u00f3 a cabo un minuto de silencio por los 12 franceses, al tiempo que ha permanecido en silencio durante cuatro a\u00f1os sobre el holocausto sirio que ya ha cobrado cientos de miles de vidas\u00bb.<\/p>\n<p><img loading=\"lazy\" decoding=\"async\" class=\"alignnone size-full wp-image-11513\" src=\"http:\/\/www2.memri.org\/espanol\/wp-content\/uploads\/2016\/01\/22183.jpg\" width=\"448\" height=\"135\" srcset=\"https:\/\/www2.memri.org\/espanol\/wp-content\/uploads\/2016\/01\/22183.jpg 448w, https:\/\/www2.memri.org\/espanol\/wp-content\/uploads\/2016\/01\/22183-300x90.jpg 300w\" sizes=\"auto, (max-width: 448px) 100vw, 448px\" \/><\/p>\n<p>Pedir a los \u00e1rabes aprender de la respuesta de Occidente a los ataques en su territorio, este tuite\u00f3 el 11 de enero: \u00abNo condenen a los pa\u00edses que hacen honor a sus pueblos, as\u00ed como Francia volvi\u00f3 de cabezas al mundo entero por 12 [v\u00edctimas] Aprendamos de ellos sobre c\u00f3mo respetar a la gente, en lugar de d\u00e1rselos de comer a los peces\u00bb.<\/p>\n<p><img loading=\"lazy\" decoding=\"async\" class=\"alignnone size-full wp-image-11514\" src=\"http:\/\/www2.memri.org\/espanol\/wp-content\/uploads\/2016\/01\/22184.jpg\" width=\"448\" height=\"140\" srcset=\"https:\/\/www2.memri.org\/espanol\/wp-content\/uploads\/2016\/01\/22184.jpg 448w, https:\/\/www2.memri.org\/espanol\/wp-content\/uploads\/2016\/01\/22184-300x94.jpg 300w\" sizes=\"auto, (max-width: 448px) 100vw, 448px\" \/><\/p>\n<p><strong>Diario saudita: El mundo deber\u00eda prestarle apoyo militar a la oposici\u00f3n siria<\/strong><\/p>\n<p>El diario saudita <em>Al-Madina<\/em>implic\u00f3 que el terrorismo en Par\u00eds era igual al de Siria, y pidi\u00f3 a Occidente no s\u00f3lo expresar simpat\u00eda por el pueblo sirio, que est\u00e1 siendo asesinado por su propio r\u00e9gimen, sino en su lugar armar a la oposici\u00f3n moderada lo suficientemente bien como para que pudiera derrocar al r\u00e9gimen:<\/p>\n<p>\u00ab&#8230; Estamos absolutamente en contra de la muerte de 12 personas en Francia. Nadie con una pizca de decencia humana puede aceptar el derramamiento de sangre inocente. Tambi\u00e9n nos oponemos al hecho de que se ha derramado sangre siria desde hace casi cuatro a\u00f1os, aun as\u00ed las superpotencias no han enviado ayuda, sino simplemente han seguido los acontecimientos y han proporcionado armamento ineficaz a la oposici\u00f3n que se enfrenta a la fuerza a\u00e9rea del [Presidente sirio Bashar Al-] Assad y a barriles explosivos&#8230;<\/p>\n<p>\u00abSi el asesinato de 12 franceses entristece a los musulmanes y evoca su simpat\u00eda, entonces debe haber muchos en Occidente que muestran solidaridad con la tragedia del compa\u00f1ero pueblo sirio ante el asesinato de m\u00e1s de 200.000 de ellos por el r\u00e9gimen criminal de Assad, los terroristas del EIIS y otros.<\/p>\n<p>\u00abPero la simpat\u00eda por s\u00ed sola no es suficiente. Los pa\u00edses del mundo deben proporcionar ayuda militar verdadera y sustancial a las moderadas fuerzas de la oposici\u00f3n, para que pueden ganar la guerra y defender a su pueblo del criminal r\u00e9gimen, y tambi\u00e9n defender a todos los pueblos del mundo del terrorismo ignorante que no conoce fronteras y se extiende como una enfermedad mortal\u00bb. <a href=\"#_edn6\" name=\"_ednref6\">[6]<\/a><\/p>\n<\/p>\n<hr class=\"c1\" size=\"1\" width=\"33%\" \/>\n<p><a href=\"#_ednref1\" name=\"_edn1\">[1]<\/a> <em>Al-Ahram<\/em> (Egipto) 16 de enero, 2015.<\/p>\n<p><a href=\"#_ednref2\" name=\"_edn2\">[2]<\/a> <em>Al-Quds Al-Arabi<\/em> (Londres) 12 de enero, 2015.<\/p>\n<p><a href=\"#_ednref3\" name=\"_edn3\">[3]<\/a> Albosala.com 12 de enero, 2015.<\/p>\n<p><a href=\"#_ednref4\" name=\"_edn4\">[4]<\/a> Orient-news.net, 15 de enero, 2015.<\/p>\n<p><a href=\"#_ednref5\" name=\"_edn5\">[5]<\/a> Ikhwansyria.com 12 de enero, 2015.<\/p>\n<p><a href=\"#_ednref6\" name=\"_edn6\">[6]<\/a> <em>Al-Madina<\/em> (Arabia Saudita) 10 de enero, 2015.<\/p>\n<\/div>\n","protected":false},"excerpt":{"rendered":"<p>La solidaridad internacional con Francia a ra\u00edz de los recientes ataques terroristas en Par\u00eds, que culminaron en una marcha masiva el 11 de enero, 2015 con la participaci\u00f3n de innumerables l\u00edderes occidentales y \u00e1rabes, provoc\u00f3 indignaci\u00f3n entre muchos escritores \u00e1rabes, especialmente sirios, quienes lo vieron como una expresi\u00f3n adicional de hipocres\u00eda occidental y doble discurso. [&hellip;]<\/p>\n","protected":false},"author":1,"featured_media":11506,"comment_status":"open","ping_status":"open","sticky":false,"template":"","format":"standard","meta":{"footnotes":""},"categories":[6,25],"tags":[],"class_list":["post-8529","post","type-post","status-publish","format-standard","has-post-thumbnail","hentry","category-comunicados-especiales","category-arabia-saudita"],"_links":{"self":[{"href":"https:\/\/www2.memri.org\/espanol\/wp-json\/wp\/v2\/posts\/8529","targetHints":{"allow":["GET"]}}],"collection":[{"href":"https:\/\/www2.memri.org\/espanol\/wp-json\/wp\/v2\/posts"}],"about":[{"href":"https:\/\/www2.memri.org\/espanol\/wp-json\/wp\/v2\/types\/post"}],"author":[{"embeddable":true,"href":"https:\/\/www2.memri.org\/espanol\/wp-json\/wp\/v2\/users\/1"}],"replies":[{"embeddable":true,"href":"https:\/\/www2.memri.org\/espanol\/wp-json\/wp\/v2\/comments?post=8529"}],"version-history":[{"count":0,"href":"https:\/\/www2.memri.org\/espanol\/wp-json\/wp\/v2\/posts\/8529\/revisions"}],"wp:featuredmedia":[{"embeddable":true,"href":"https:\/\/www2.memri.org\/espanol\/wp-json\/wp\/v2\/media\/11506"}],"wp:attachment":[{"href":"https:\/\/www2.memri.org\/espanol\/wp-json\/wp\/v2\/media?parent=8529"}],"wp:term":[{"taxonomy":"category","embeddable":true,"href":"https:\/\/www2.memri.org\/espanol\/wp-json\/wp\/v2\/categories?post=8529"},{"taxonomy":"post_tag","embeddable":true,"href":"https:\/\/www2.memri.org\/espanol\/wp-json\/wp\/v2\/tags?post=8529"}],"curies":[{"name":"wp","href":"https:\/\/api.w.org\/{rel}","templated":true}]}}