{"id":8517,"date":"2015-02-14T00:00:00","date_gmt":"2015-02-14T00:00:00","guid":{"rendered":"http:\/\/www2.memri.org\/espanol\/2015\/02\/14\/proyecto-supervision-a-la-amenaza-terrorista-y-jihad-psatj-resumen-del-fin-de-semana-12\/"},"modified":"2016-01-13T23:36:23","modified_gmt":"2016-01-13T23:36:23","slug":"proyecto-supervision-a-la-amenaza-terrorista-y-jihad-psatj-resumen-del-fin-de-semana-12","status":"publish","type":"post","link":"https:\/\/www2.memri.org\/espanol\/proyecto-supervision-a-la-amenaza-terrorista-y-jihad-psatj-resumen-del-fin-de-semana-12\/8517","title":{"rendered":"Proyecto Supervisi\u00f3n a la Amenaza Terrorista y Jihad (PSATJ) Resumen del fin de semana"},"content":{"rendered":"<div class=\"bodytext c1\">\n<p><em>Lo siguiente son algunos de los informes de esta semana del Proyecto Supervisi\u00f3n a la Amenaza del Terrorismo y Jihad en MEMRI (PSATJ), que traduce y analiza el contenido de fuentes supervisadas durante las 24 horas del d\u00eda, entre ellos los portales y blogs jihadistas m\u00e1s importantes. (Para ver estos informes en su totalidad, usted debe ser miembro del PSATJ; para informaci\u00f3n sobre como subscribirse, env\u00ede un correo electr\u00f3nico a <a href=\"mailto:jttmsubs@memri.org\">jttmsubs@memri.org<\/a> con la &#8216;palabra \u00abMembrec\u00eda\u00bb en la l\u00ednea del tema.)<\/em><\/p>\n<p><em><strong>Nota a los medios de comunicaci\u00f3n y el gobierno: Para recibir una copia completa de estos informes, env\u00ede un correo electr\u00f3nico con el t\u00edtulo del informe en la l\u00ednea del tema a <a href=\"mailto:media@memri.org\">media@memri.org<\/a>. Por favor incluya su nombre, cargo, y la organizaci\u00f3n a la cual pertenece en su correo electr\u00f3nico.<\/strong><\/em><\/p>\n<p><a href=\"http:\/\/www.memrijttm.org\/sheikh-abu-muhammad-al-maqdisis-efforts-to-arrange-prisoner-exchange-deal-to-free-jordanian-pilot.html\"><strong>EXCLUSIVO: Esfuerzos del Jeque Abu Muhammad Al-Maqdisi para arreglar trato de intercambio de prisioneros para liberar al piloto jordano<\/strong><\/a><\/p>\n<p><img loading=\"lazy\" decoding=\"async\" class=\"alignnone size-full wp-image-11473\" src=\"http:\/\/www2.memri.org\/espanol\/wp-content\/uploads\/2016\/01\/22226.jpg\" width=\"426\" height=\"302\" srcset=\"https:\/\/www2.memri.org\/espanol\/wp-content\/uploads\/2016\/01\/22226.jpg 426w, https:\/\/www2.memri.org\/espanol\/wp-content\/uploads\/2016\/01\/22226-300x213.jpg 300w, https:\/\/www2.memri.org\/espanol\/wp-content\/uploads\/2016\/01\/22226-100x70.jpg 100w\" sizes=\"auto, (max-width: 426px) 100vw, 426px\" \/><\/p>\n<p>Tras la ejecuci\u00f3n de piloto jordano Mu&#8217;adh Al-Kasasbeh por el Estado Isl\u00e1mico (EIIS) las autoridades jordanas hicieron importantes esfuerzos por influir en la opini\u00f3n p\u00fablica jordana en contra del EIIS. Como parte de estos esfuerzos, Jordania liber\u00f3 al encarcelado Abu Muhammad Al-Maqdisi, uno de los l\u00edderes m\u00e1s prominentes de la corriente salafista-jihadista, quien se opone al EISIS y recientemente critic\u00f3 agudamente a la misma. Al-Maqdisi p\u00fablicamente expreso reservas acerca del establecimiento de un califato por el EIIS, sobre su ideolog\u00eda, sobre su guerra contra los rebeldes rivales en Siria, y sobre los m\u00e9todos brutales que utilizan en la ejecuci\u00f3n de las sus enemigos, rivales y rehenes.<\/p>\n<p>En una entrevista que dio a un canal de televisi\u00f3n estatal al ser liberado, Al-Maqdisi atac\u00f3 duramente al Estado isl\u00e1mico y a sus l\u00edderes por inmolar al piloto hasta morir, un m\u00e9todo que dijo estaba prohibido por el Islam, y afirm\u00f3 que hab\u00eda desperdiciado una oportunidad para liberar a Sajida Al-Rishawi de la prisi\u00f3n jordana.<\/p>\n<p>Cabe se\u00f1alar que la liberaci\u00f3n del piloto nunca estuvo sobre el tapete, al menos por parte del EIIS. A cambio de Al-Rishawi, la organizaci\u00f3n ofreci\u00f3 liberar al reh\u00e9n japon\u00e9s y salvar la vida de Al-Kasasbeh (pero no liberarlo). Adem\u00e1s, seg\u00fan informes de activistas de la oposici\u00f3n siria en la ciudad de Al-Raqqa, quienes se oponen al EIIS, Al-Kasasbeh fue en realidad ejecutado hace m\u00e1s de un mes, lo cual, de ser cierto, significa que el ofrecimiento del EIIS respecto a \u00e9l nunca fue sincero.<\/p>\n<p><a href=\"http:\/\/www.memrijttm.org\/in-video-boko-haram-displays-wreckage-of-nigerian-airplane-it-claims-it-downed-executes-its-pilot.html\"><strong>En video, Boko Haram muestra restos de avi\u00f3n nigeriano que afirma derrib\u00f3 y ejecuta a su piloto<\/strong><\/a><\/p>\n<p><img loading=\"lazy\" decoding=\"async\" class=\"alignnone size-full wp-image-11474\" src=\"http:\/\/www2.memri.org\/espanol\/wp-content\/uploads\/2016\/01\/22227.jpg\" width=\"320\" height=\"240\" srcset=\"https:\/\/www2.memri.org\/espanol\/wp-content\/uploads\/2016\/01\/22227.jpg 320w, https:\/\/www2.memri.org\/espanol\/wp-content\/uploads\/2016\/01\/22227-300x225.jpg 300w, https:\/\/www2.memri.org\/espanol\/wp-content\/uploads\/2016\/01\/22227-80x60.jpg 80w, https:\/\/www2.memri.org\/espanol\/wp-content\/uploads\/2016\/01\/22227-265x198.jpg 265w\" sizes=\"auto, (max-width: 320px) 100vw, 320px\" \/><\/p>\n<p>El 9 de febrero, 2015, un video de 11:14 minutos de duraci\u00f3n en representaci\u00f3n de la divisi\u00f3n de medios del grupo jihad nigeriano Jama&#8217;at Ahl Al-Sunna lil-Da&#8217;wa Wal Jihad (Conocido como Boko Haram) fue dado a conocer en Twitter.<\/p>\n<p>El video muestra los restos de un avi\u00f3n de combate nigeriano Boko Haram reivindica haber derribado. Tambi\u00e9n cuenta con un breve mensaje de que el piloto del avi\u00f3n, quien es ejecutado con un hacha.<\/p>\n<p><a href=\"http:\/\/www.memrijttm.org\/al-murabitoun-jihad-group-issues-detailed-report-on-2013-ain-amenas-gas-plant-attack-says-attack-was-revenge-on-algeria-for-assisting-french-military-campaign-in-mali.html\"><strong>EXCLUSIVO: Grupo jihad &#8216;Al-Murabitoun&#8217; emite informe detallado sobre el ataque en el 2013 a planta de gas Amenas; y dice: El ataque fue una venganza en la ayuda prestada a la campa\u00f1a militar francesa de Argelia en Mal\u00ed<\/strong><\/a><\/p>\n<p><img loading=\"lazy\" decoding=\"async\" class=\"alignnone size-full wp-image-11475\" src=\"http:\/\/www2.memri.org\/espanol\/wp-content\/uploads\/2016\/01\/22228.jpg\" width=\"700\" height=\"442\" srcset=\"https:\/\/www2.memri.org\/espanol\/wp-content\/uploads\/2016\/01\/22228.jpg 700w, https:\/\/www2.memri.org\/espanol\/wp-content\/uploads\/2016\/01\/22228-300x189.jpg 300w, https:\/\/www2.memri.org\/espanol\/wp-content\/uploads\/2016\/01\/22228-600x379.jpg 600w, https:\/\/www2.memri.org\/espanol\/wp-content\/uploads\/2016\/01\/22228-696x439.jpg 696w, https:\/\/www2.memri.org\/espanol\/wp-content\/uploads\/2016\/01\/22228-665x420.jpg 665w\" sizes=\"auto, (max-width: 700px) 100vw, 700px\" \/><\/p>\n<p>El 7 de febrero, 2015, el foro jihadista Al-Fida public\u00f3 un informe del grupo jihadista Al-Murabitoun, que opera al sur de Argelia y el norte de Mal\u00ed. El informe de 40 p\u00e1ginas, fechado Ramad\u00e1n 1435 (julio, 2014), se titula \u00abLa Guerra Contra los Agentes de Francia\u00bb, y est\u00e1 dedicado al ataque el 16 de enero, 2013 a la planta de gas natural Tiguentourine cercana a &#8216;Ain Amenas en el Sahara argelino, en el qu\u00e9 cientos de personas &#8211; muchas de ellas ciudadanos extranjeros &#8211; fueron capturados y decenas asesinados, y muchos de los atacantes murieron tambi\u00e9n. El informe examina los preparativos para la operaci\u00f3n y la operaci\u00f3n en s\u00ed misma, con el objetivo de dar a conocer sus \u00e9xitos, pero tambi\u00e9n aprender de algunos de los errores cometidos.<\/p>\n<p><a href=\"http:\/\/www.memrijttm.org\/article-in-issue-vii-of-islamic-state-isis-english-language-magazine-dabiq-refutes-claims-that-islam-is-a-peaceful-religion-says-it-is-based-on-the-sword.html\"><strong>Art\u00edculo en la edici\u00f3n VII de la revista en ingl\u00e9s del Estado Isl\u00e1mico (EIIS) &#8216;<em>Dabiq<\/em>&#8216; refuta las afirmaciones de que el Islam es una religi\u00f3n pac\u00edfica, y dice que esta se apoya en la espada<\/strong><\/a><\/p>\n<p><img loading=\"lazy\" decoding=\"async\" class=\"alignnone size-full wp-image-11476\" src=\"http:\/\/www2.memri.org\/espanol\/wp-content\/uploads\/2016\/01\/22231.jpg\" width=\"532\" height=\"480\" srcset=\"https:\/\/www2.memri.org\/espanol\/wp-content\/uploads\/2016\/01\/22231.jpg 532w, https:\/\/www2.memri.org\/espanol\/wp-content\/uploads\/2016\/01\/22231-300x271.jpg 300w, https:\/\/www2.memri.org\/espanol\/wp-content\/uploads\/2016\/01\/22231-466x420.jpg 466w\" sizes=\"auto, (max-width: 532px) 100vw, 532px\" \/><\/p>\n<p>En un art\u00edculo que aparece en la s\u00e9ptima edici\u00f3n de la revista en ingl\u00e9s del Estado Isl\u00e1mico (EIIS) <em>Dabiq<\/em>, titulado \u00abEl Islam es la religi\u00f3n de la Espada y no es Pacifica\u00bb, el EIIS sale en contra los musulmanes, es decir, aquellos en contacto con Occidente, que claman que el Islam es una religi\u00f3n de paz. El EIIS dice que tales \u00abapolog\u00e9ticas\u00bb musulmanes lo hacen con el fin de obtener el apoyo y simpat\u00eda de Occidente y, seg\u00fan algunos para propagar la falsa afirmaci\u00f3n de que el Islam llama a la paz permanente con los no creyentes. El EIIS refuta aquellos reclamos cuestionando las ra\u00edces ling\u00fc\u00edsticas de la palabra Islam, que dice no se derivan de la palabra Salam (paz), sino en cambio, de <em>Istislam<\/em>(sumisi\u00f3n, es decir, a Al\u00e1). El art\u00edculo presenta tambi\u00e9n numerosos versos del Cor\u00e1n y hadiths prof\u00e9ticos que resaltan la relaci\u00f3n del Islam con la espada en la lucha contra sus enemigos. En ese sentido, el EIIS se\u00f1ala que continuar\u00e1 desvainando la espada contra los enemigos del Islam hasta que &#8216;Isa (Jes\u00fas) mat\u00e9 al <em>Dajjal<\/em>(el Anticristo), despu\u00e9s de lo cual, a\u00f1ade, \u00abel Islam y su justicia\u00bb prevalecer\u00e1n sobre la tierra entera. Sin embargo, el art\u00edculo se\u00f1ala que hasta que ese d\u00eda llegue, los \u00abpartidos [del] <em>kafirin<\/em>[los incr\u00e9dulos] continuar\u00e1n siendo golpeados por la desenvainada espada del Islam&#8230;\u00bb<\/p>\n<p><strong><a href=\"http:\/\/www.memrijttm.org\/issue-vii-of-isiss-english-language-magazine-dabiq-celebrates-attacks-in-france-features-interview-with-leader-of-belgian-isis-cell.html\">Edici\u00f3n VII de la revista en ingl\u00e9s del EIIS &#8216;Dabiq&#8217; celebra ataques en Francia, y destaca entrevista con el l\u00edder de la c\u00e9lula belga del EIIS<\/a><\/strong><\/p>\n<p><em><strong>El siguiente informe es cortes\u00eda del Proyecto Supervisi\u00f3n a la Amenaza Terrorista y Jihad en MEMRI (PSATJ). Para informaci\u00f3n sobre como suscribirse al PSATJ, <a href=\"http:\/\/memri.convio.net\/site\/R?i=IE6_fyn47GfJJgnAJY_VKA\">haga clic aqu\u00ed.<\/a><\/strong><\/em> <a href=\"http:\/\/memri.convio.net\/site\/R?i=IE6_fyn47GfJJgnAJY_VKA\"><\/a><\/p>\n<p>El 12 de febrero, 2015 el Estado Isl\u00e1mico (EIIS) pub<\/p>\n<p><img loading=\"lazy\" decoding=\"async\" class=\"alignnone size-full wp-image-11477\" src=\"http:\/\/www2.memri.org\/espanol\/wp-content\/uploads\/2016\/01\/22232.jpg\" width=\"531\" height=\"758\" srcset=\"https:\/\/www2.memri.org\/espanol\/wp-content\/uploads\/2016\/01\/22232.jpg 531w, https:\/\/www2.memri.org\/espanol\/wp-content\/uploads\/2016\/01\/22232-210x300.jpg 210w, https:\/\/www2.memri.org\/espanol\/wp-content\/uploads\/2016\/01\/22232-294x420.jpg 294w\" sizes=\"auto, (max-width: 531px) 100vw, 531px\" \/>lic\u00f3 la s\u00e9ptima edici\u00f3n de la revista en ingl\u00e9s Dabiq. La edici\u00f3n de 83 p\u00e1ginas celebra los recientes ataques en Par\u00eds, justifica la inmolaci\u00f3n del piloto jordano, y pide a los musulmanes en Occidente que se unan al EIIS, entre otros temas tratados. Tambi\u00e9n incluye entrevistas con Hayat Boumeddiene, la esposa del atacante del supermercado kosher de Par\u00eds Amedy Coulibaly, y con el combatiente belga del EIIS y luchador Abdelhamid Abaaoud, el l\u00edder de la c\u00e9lula Verviers que plane\u00f3 importantes ataques en B\u00e9lgica.<\/p>\n<p><a href=\"http:\/\/www.memrijttm.org\/issue-vii-of-islamic-state-isis-english-language-magazine-by-declaring-war-on-the-islamic-state-isis-japans-abe-makes-japanese-citizens-interests-its-target.html\"><strong>VII edici\u00f3n de la revista en ingl\u00e9s del Estado Isl\u00e1mico (EIIS): Al declararle la guerra al Estado Isl\u00e1mico (EIIS), Abe de Jap\u00f3n hace que ciudadanos japoneses se interesen en sus objetivos<\/strong><\/a><\/p>\n<p><img loading=\"lazy\" decoding=\"async\" class=\"alignnone size-full wp-image-11478\" src=\"http:\/\/www2.memri.org\/espanol\/wp-content\/uploads\/2016\/01\/22246.jpg\" width=\"561\" height=\"747\" srcset=\"https:\/\/www2.memri.org\/espanol\/wp-content\/uploads\/2016\/01\/22246.jpg 561w, https:\/\/www2.memri.org\/espanol\/wp-content\/uploads\/2016\/01\/22246-225x300.jpg 225w, https:\/\/www2.memri.org\/espanol\/wp-content\/uploads\/2016\/01\/22246-315x420.jpg 315w\" sizes=\"auto, (max-width: 561px) 100vw, 561px\" \/><\/p>\n<p>El pr\u00f3logo de la Edici\u00f3n VII de la revista en ingl\u00e9s del Estado Isl\u00e1mico (EIIS) Dabiq se centra en la ejecuci\u00f3n de los prisioneros japoneses Haruna Yakuwa y Kenji Goto Jogo, que suscit\u00f3 peticiones de venganza del Primer Ministro japon\u00e9s Shinzo Abe, quien prometi\u00f3 m\u00e1s bajo \u00abhacer pagar a los terroristas por lo hecho\u00bb. \u00abEste afirma que el gobierno japon\u00e9s fue el responsable de la muerte de sus nacionales tomar partido en una pelea de la cual debi\u00f3 haber quedado fuera.<\/p>\n<p>El EIIS le responde a Abe, al igual que Osama bin Laden y Abu Musab Al-Zarqawi respondieron de situaciones similares, que si Jap\u00f3n escogiera unirse a una cruzada encabezada por Estados Unidos pagar\u00eda el precio por ello. El art\u00edculo muestra tambi\u00e9n una toma de conciencia por la discusi\u00f3n en Jap\u00f3n entre los que quieren que Jap\u00f3n conserve su papel pacifista adoptado despu\u00e9s de la Segunda Guerra Mundial y la pol\u00edtica del ex primer ministro Junichiro Koizumi, y ahora del Primer Ministro Abe, quien busc\u00f3 un papel militar mucho m\u00e1s activo para el pa\u00eds en lugar de limitarlo a la adecuada autodefensa de Jap\u00f3n.<\/p>\n<p><a href=\"http:\/\/www.memrijttm.org\/in-new-issue-of-dabiq-belgian-isis-fighter-abdelhamid-abaaoud-leader-of-the-verviers-cell-tells-how-managed-to-infiltrate-belgium-escape-the-raid-and-leave-again.html\"><strong><em>Dabiq<\/em> VII destaca entrevista con el combatiente fugitivo belga del EIIS Abdelhamid Abaaoud<\/strong><\/a><\/p>\n<p><img loading=\"lazy\" decoding=\"async\" class=\"alignnone size-full wp-image-11479\" src=\"http:\/\/www2.memri.org\/espanol\/wp-content\/uploads\/2016\/01\/22233.jpg\" width=\"396\" height=\"553\" srcset=\"https:\/\/www2.memri.org\/espanol\/wp-content\/uploads\/2016\/01\/22233.jpg 396w, https:\/\/www2.memri.org\/espanol\/wp-content\/uploads\/2016\/01\/22233-215x300.jpg 215w, https:\/\/www2.memri.org\/espanol\/wp-content\/uploads\/2016\/01\/22233-301x420.jpg 301w\" sizes=\"auto, (max-width: 396px) 100vw, 396px\" \/><\/p>\n<p>La s\u00e9ptima edici\u00f3n de la revista en ingl\u00e9s del EIIS <em>Dabiq<\/em>, dada a conocer el 12 de febrero, 2015 incluye una entrevista con el combatiente belga el EIIS &#8216;Abd Al-Hamid Abaaoud tambi\u00e9n conocido como Abu Omar Al-Baljiki, el l\u00edder de la c\u00e9lula terrorista que fue blanco de la incursi\u00f3n el 15 de enero 2015 a la autoridad belga de Verviers. En la entrevista, este cuenta c\u00f3mo ha viajado desde Siria a B\u00e9lgica con la intenci\u00f3n de llevar a cabo terrorismo all\u00ed, y c\u00f3mo me evit\u00f3 ser capturado en el ataque y logr\u00f3 volver a Siria a pesar de ser requerido por los aparatos de seguridad e inteligencia. Tambi\u00e9n discute sus co-conspiradores, miembros belgas del EIIS Khalid Ben Larbi (alias Abu Zubair Al-Baljiki) y Sufian Amghar (alias Abu Khalid Al-Baljiki), quienes viajaron con \u00e9l a B\u00e9lgica y murieron en el enfrentamiento a tiros con las fuerzas de seguridad.<\/p>\n<p><a href=\"http:\/\/www.memrijttm.org\/isis-video-shows-adults-children-in-iraq-watching-public-screenings-of-pilots-execution-film.html\"><strong>Video del EIIS muestra a adultos y ni\u00f1os en Irak viendo una presentaci\u00f3n p\u00fablica de la de la ejecuci\u00f3n del piloto<\/strong><\/a><\/p>\n<p><img loading=\"lazy\" decoding=\"async\" class=\"alignnone size-full wp-image-11480\" src=\"http:\/\/www2.memri.org\/espanol\/wp-content\/uploads\/2016\/01\/22234.jpg\" width=\"700\" height=\"336\" srcset=\"https:\/\/www2.memri.org\/espanol\/wp-content\/uploads\/2016\/01\/22234.jpg 700w, https:\/\/www2.memri.org\/espanol\/wp-content\/uploads\/2016\/01\/22234-300x144.jpg 300w, https:\/\/www2.memri.org\/espanol\/wp-content\/uploads\/2016\/01\/22234-600x288.jpg 600w, https:\/\/www2.memri.org\/espanol\/wp-content\/uploads\/2016\/01\/22234-696x334.jpg 696w\" sizes=\"auto, (max-width: 700px) 100vw, 700px\" \/><\/p>\n<p>El 7 de febrero, 2015 la oficina de informaci\u00f3n del Estado Isl\u00e1mico en la provincia iraqu\u00ed de N\u00ednive dio a conocer un video de cinco minutos titulado \u00abRegocijo Musulm\u00e1n por el Castigo al Piloto Jordano\u00bb. El clip, publicado en la cuenta Twitter del operario medi\u00e1tico del EIIS Abu Muhammad Al-Fateh, muestra a ni\u00f1os y adultos observando el video de la inmolaci\u00f3n del piloto jordano Mu&#8217;adh Al-Kasasbeh en pantallas gigantes en lugares p\u00fablicos. Tambi\u00e9n muestra a miembros del EIIS distribuyendo DVDs al p\u00fablico, al parecer de la misma pel\u00edcula. Tambi\u00e9n se incluye en el video entrevistas en la calle con adultos y ni\u00f1os que expresan su opini\u00f3n por la sentencia del piloto. Todos ellos dicen que el castigo estuvo justificado porque el piloto vino a bombardear a musulmanes inocentes, y algunos incluso afirman que su castigo fue muy a la ligera. Algunos de los entrevistados hacen hincapi\u00e9 en que los jordanos merecen ser sacrificados y muertos por la participaci\u00f3n de su pa\u00eds en la coalici\u00f3n anti-EIIS.<\/p>\n<p><a href=\"http:\/\/www.memrijttm.org\/pro-islamic-state-twitter-account-publishes-picture-of-german-fighter-reportedly-killed-in-iraq.html\"><strong>Cuenta Twitter pro Estado Isl\u00e1mico publica foto de combatiente alem\u00e1n reportado muerto en Irak<\/strong><\/a><\/p>\n<p><img loading=\"lazy\" decoding=\"async\" class=\"alignnone size-full wp-image-11481\" src=\"http:\/\/www2.memri.org\/espanol\/wp-content\/uploads\/2016\/01\/22235.jpg\" width=\"483\" height=\"480\" srcset=\"https:\/\/www2.memri.org\/espanol\/wp-content\/uploads\/2016\/01\/22235.jpg 483w, https:\/\/www2.memri.org\/espanol\/wp-content\/uploads\/2016\/01\/22235-150x150.jpg 150w, https:\/\/www2.memri.org\/espanol\/wp-content\/uploads\/2016\/01\/22235-300x298.jpg 300w, https:\/\/www2.memri.org\/espanol\/wp-content\/uploads\/2016\/01\/22235-423x420.jpg 423w\" sizes=\"auto, (max-width: 483px) 100vw, 483px\" \/><\/p>\n<p>El 13 de febrero, 2015, la cuenta Twitter pro-Estado Isl\u00e1mica (EIIS) Anis Al-Muwahideen public\u00f3 una foto de un combatiente alem\u00e1n enmascarado de nombre Abu Ya&#8217;qub Al-Almani junto con el subt\u00edtulo \u00abPueda Al\u00e1 Aceptarlo\u00bb, indicando que Al-Almani estaba muerto. El tuit fue acompa\u00f1ado por los hashtags #The_Islamic_State, #Salah_Al_Din_Province (en Irak), y #Support_For_Jihad.<\/p>\n<p><a href=\"http:\/\/www.memrijttm.org\/islamic-state-stones-homosexual-man-near-aleppo.html\"><strong>El Estado Isl\u00e1mico lapida a homosexual cerca de Alepo<\/strong><\/a><\/p>\n<p><img loading=\"lazy\" decoding=\"async\" class=\"alignnone size-full wp-image-11482\" src=\"http:\/\/www2.memri.org\/espanol\/wp-content\/uploads\/2016\/01\/22236.jpg\" width=\"644\" height=\"410\" srcset=\"https:\/\/www2.memri.org\/espanol\/wp-content\/uploads\/2016\/01\/22236.jpg 644w, https:\/\/www2.memri.org\/espanol\/wp-content\/uploads\/2016\/01\/22236-300x191.jpg 300w, https:\/\/www2.memri.org\/espanol\/wp-content\/uploads\/2016\/01\/22236-600x382.jpg 600w\" sizes=\"auto, (max-width: 644px) 100vw, 644px\" \/><\/p>\n<p>El 10 de febrero, 2015, la provincia de Alepo del Estado Isl\u00e1mico (EIIS) public\u00f3 im\u00e1genes que muestran la lapidaci\u00f3n de un hombre condenado por homosexualidad en la ciudad de Manbij al noreste de Alepo. Las im\u00e1genes no muestran al convicto o su lapidaci\u00f3n, s\u00f3lo una gran reuni\u00f3n de hombres en un lugar desconocido. Un veh\u00edculo de la polic\u00eda religiosa del EIIS se ve en la escena tambi\u00e9n. Decenas de espectadores, incluyendo ni\u00f1os, se ven de pie en una colina cercana a la espera de la ejecuci\u00f3n. La lapidaci\u00f3n es llevada a cabo por m\u00e1s de una decena de hombres enmascarados del EIIS, quienes se ven cargando grandes rocas en sus manos. Un conjunto de rocas adicionales puede verse junto a ellos.<\/p>\n<p><a href=\"http:\/\/www.memrijttm.org\/female-isis-members-tweet-photos-of-self-defense-training-camp-for-women.html\"><strong>Miembros femeninas del EIIS tuitean fotos de &#8216;Campo de Entrenamiento de Autodefensa&#8217; para mujeres<\/strong><\/a><\/p>\n<p><img loading=\"lazy\" decoding=\"async\" class=\"alignnone size-full wp-image-11483\" src=\"http:\/\/www2.memri.org\/espanol\/wp-content\/uploads\/2016\/01\/22237.jpg\" width=\"696\" height=\"445\" srcset=\"https:\/\/www2.memri.org\/espanol\/wp-content\/uploads\/2016\/01\/22237.jpg 696w, https:\/\/www2.memri.org\/espanol\/wp-content\/uploads\/2016\/01\/22237-300x192.jpg 300w, https:\/\/www2.memri.org\/espanol\/wp-content\/uploads\/2016\/01\/22237-600x384.jpg 600w, https:\/\/www2.memri.org\/espanol\/wp-content\/uploads\/2016\/01\/22237-657x420.jpg 657w\" sizes=\"auto, (max-width: 696px) 100vw, 696px\" \/><\/p>\n<p>El 1 de febrero, 2015, Zahra y Salma Halane, dos gemelas adolescentes brit\u00e1nicas dejaron Inglaterra para unirse al EIIS, compartieron en sus cuentas Twitter fotos de campamentos donde miembros mujeres del EIIS se someten a \u00abentrenamiento en defensa personal\u00bb. En las fotos parecen estar entrenando con armas de fuego.<\/p>\n<p>Una de las gemelas, que usa el alias Omm Khaled, tuite\u00f3 en su cuenta: \u00abEl entrenar en (defensa personal) para hermanas ya est\u00e1 disponible en el Estado Isl\u00e1mico\u00bb.<\/p>\n<p><a href=\"http:\/\/www.memrijttm.org\/french-islamic-state-isis-fighter-carries-out-suicide-attack-in-iraq.html\"><strong>Combatiente franc\u00e9s del Estado Isl\u00e1mico (EISIS) realiza ataque suicida en Irak<\/strong><\/a><\/p>\n<p><img loading=\"lazy\" decoding=\"async\" class=\"alignnone size-full wp-image-11484\" src=\"http:\/\/www2.memri.org\/espanol\/wp-content\/uploads\/2016\/01\/22238.jpg\" width=\"595\" height=\"352\" srcset=\"https:\/\/www2.memri.org\/espanol\/wp-content\/uploads\/2016\/01\/22238.jpg 595w, https:\/\/www2.memri.org\/espanol\/wp-content\/uploads\/2016\/01\/22238-300x177.jpg 300w\" sizes=\"auto, (max-width: 595px) 100vw, 595px\" \/><\/p>\n<p>El 11 de febrero, 2015 la cuenta Twitter pro-Estado Isl\u00e1mico (EIIS) de Abu &#8216;Ali Janoubi public\u00f3 fotos del combatiente franc\u00e9s del EIIS Abu Talha Al-Faransi, quien perpetro un atentado suicida contra el cuartel de las milicias chiitas cerca de la base a\u00e9rea a Speicher cerca de Tikrit, Irak.<\/p>\n<p><em>Para ver el despacho en su totalidad en ingl\u00e9s junto a las fotograf\u00edas y videos por favor copie el siguiente enlace en su ordenador:<\/em><\/p>\n<p><a href=\"http:\/\/www.memri.org\/report\/en\/0\/0\/0\/0\/0\/0\/8437.htm\">http:\/\/www.memri.org\/report\/en\/0\/0\/0\/0\/0\/0\/8437.htm<\/a><\/p>\n<\/div>\n","protected":false},"excerpt":{"rendered":"<p>Lo siguiente son algunos de los informes de esta semana del Proyecto Supervisi\u00f3n a la Amenaza del Terrorismo y Jihad en MEMRI (PSATJ), que traduce y analiza el contenido de fuentes supervisadas durante las 24 horas del d\u00eda, entre ellos los portales y blogs jihadistas m\u00e1s importantes. (Para ver estos informes en su totalidad, usted [&hellip;]<\/p>\n","protected":false},"author":1,"featured_media":11473,"comment_status":"open","ping_status":"open","sticky":false,"template":"","format":"standard","meta":{"footnotes":""},"categories":[10,8],"tags":[],"class_list":["post-8517","post","type-post","status-publish","format-standard","has-post-thumbnail","hentry","category-estudios-sobre-terrorismo-y-yihad","category-alertas-especiales"],"_links":{"self":[{"href":"https:\/\/www2.memri.org\/espanol\/wp-json\/wp\/v2\/posts\/8517","targetHints":{"allow":["GET"]}}],"collection":[{"href":"https:\/\/www2.memri.org\/espanol\/wp-json\/wp\/v2\/posts"}],"about":[{"href":"https:\/\/www2.memri.org\/espanol\/wp-json\/wp\/v2\/types\/post"}],"author":[{"embeddable":true,"href":"https:\/\/www2.memri.org\/espanol\/wp-json\/wp\/v2\/users\/1"}],"replies":[{"embeddable":true,"href":"https:\/\/www2.memri.org\/espanol\/wp-json\/wp\/v2\/comments?post=8517"}],"version-history":[{"count":0,"href":"https:\/\/www2.memri.org\/espanol\/wp-json\/wp\/v2\/posts\/8517\/revisions"}],"wp:featuredmedia":[{"embeddable":true,"href":"https:\/\/www2.memri.org\/espanol\/wp-json\/wp\/v2\/media\/11473"}],"wp:attachment":[{"href":"https:\/\/www2.memri.org\/espanol\/wp-json\/wp\/v2\/media?parent=8517"}],"wp:term":[{"taxonomy":"category","embeddable":true,"href":"https:\/\/www2.memri.org\/espanol\/wp-json\/wp\/v2\/categories?post=8517"},{"taxonomy":"post_tag","embeddable":true,"href":"https:\/\/www2.memri.org\/espanol\/wp-json\/wp\/v2\/tags?post=8517"}],"curies":[{"name":"wp","href":"https:\/\/api.w.org\/{rel}","templated":true}]}}