{"id":8477,"date":"2015-01-29T00:00:00","date_gmt":"2015-01-29T00:00:00","guid":{"rendered":"http:\/\/www2.memri.org\/espanol\/2015\/01\/29\/agencia-de-noticias-afiliada-al-cgri-la-mentira-del-holocausto-esta-siendo-gradualmente-expuesta-aquellos-que-afirman-sucedio-se-avergonzaran\/"},"modified":"2016-01-13T23:38:02","modified_gmt":"2016-01-13T23:38:02","slug":"agencia-de-noticias-afiliada-al-cgri-la-mentira-del-holocausto-esta-siendo-gradualmente-expuesta-aquellos-que-afirman-sucedio-se-avergonzaran","status":"publish","type":"post","link":"https:\/\/www2.memri.org\/espanol\/agencia-de-noticias-afiliada-al-cgri-la-mentira-del-holocausto-esta-siendo-gradualmente-expuesta-aquellos-que-afirman-sucedio-se-avergonzaran\/8477","title":{"rendered":"Agencia de noticias afiliada al CGRI: La mentira del Holocausto est\u00e1 siendo gradualmente expuesta; aquellos que afirman sucedi\u00f3 se avergonzaran"},"content":{"rendered":"<div class=\"bodytext bodytext c2\">\n<p><em>El r\u00e9gimen iran\u00ed niega sistem\u00e1ticamente el Holocausto, y utiliza la negaci\u00f3n del Holocausto para afirmar que la existencia de Israel es ileg\u00edtima. Esta opini\u00f3n es compartida por los funcionarios del r\u00e9gimen, encabezados por el L\u00edder Supremo de Ir\u00e1n Ali Jamenei, y por sus voceros medi\u00e1ticos. <a href=\"#_edn1\" name=\"_ednref1\">[1]<\/a><\/em><\/p>\n<p><em>El 28 de enero, 2015 el d\u00eda despu\u00e9s al D\u00eda Internacional del Holocausto, que este a\u00f1o fue tambi\u00e9n el 70 aniversario de la liberaci\u00f3n de Auschwitz-Birkenau, la agencia de noticias Fars, afiliada al Cuerpo de la Guardia Revolucionaria Isl\u00e1mica de Ir\u00e1n (CGRI), public\u00f3 un art\u00edculo titulado \u00abEl Holocausto &#8211; Un Ejemplo del Como Occidente Reescribe la Historia Basada en el Inter\u00e9s de la Superpotencia\u00bb. El art\u00edculo afirmaba que la \u00abmentira del Holocausto\u00bb estaba siendo lentamente expuesta a nivel global con la ayuda de las r\u00e1pidas comunicaciones de hoy d\u00eda, que permiten a los negadores difundir sus puntos de vista. Esta adem\u00e1s se\u00f1al\u00f3 que aquellos que insisten en que el Holocausto ocurri\u00f3 realmente basan sus argumentos en documentos falsificados y sin fundamento que no logran demostrar ning\u00fan exterminio en masa de jud\u00edos o cualquier decisi\u00f3n tomada por los nazis de llevar a cabo tal acci\u00f3n. Otra afirmaci\u00f3n presentada en el art\u00edculo es que el n\u00famero de crematorios apenas bastaban para incinerar los cuerpos de los que murieron a causa de enfermedades, por no hablar de los cuerpos de millones de jud\u00edos. Los fundadores del sionismo dijeron, vimos el antisemitismo de Hitler como una oportunidad para inventar el mito del Holocausto con el fin de promover el establecimiento de un estado para los jud\u00edos. Por otra parte, los jueces en los juicios de Nuremberg se basaron en documentos que no hab\u00edan sido verificados.<\/em><\/p>\n<p><em>Lo siguiente son los puntos principales del art\u00edculo:<\/em><\/p>\n<p><strong>Historiadores occidentales reconocer\u00e1n que la narrativa del Holocausto fue falsa y se avergonzar\u00e1n<\/strong><\/p>\n<p>\u00abHoy, el Holocausto es un ejemplo vivo que nos recuerda que la historia la escriben los vencedores, y trae a la mente varios mitos respecto a lo que ya no tiene ninguna excusa en retrasar, el admitir su falsedad&#8230;<\/p>\n<p>\u00abEl tema del Holocausto es uno de esos temas en que Occidente provee a la opini\u00f3n p\u00fablica con la narrativa que considere oportuno presentar y, por desgracia, los pueblos de Occidente han reconocido en gran medida esta narrativa [es decir, que el Holocausto tuvo lugar]&#8230; En un futuro cercano o lejano, los historiadores e investigadores occidentales reconocer\u00e1n que la historia escrita de esta manera no es realista, e [incluso] se avergonzaran [de que reconocieran el Holocausto]. Incluso ahora, muchos pensadores occidentales tales como Roger Garaudy, David Irving, Fredrick T\u00f6ben y otros, est\u00e1n colocando serias dudas cient\u00edficas sobre esta narrativa.<\/p>\n<p>\u00abEl antisemitismo es la principal fuerza impulsora que fue capaz de arrastrar a los jud\u00edos de Rusia, Austria, Alemania y otros pa\u00edses en los que viv\u00edan hacia Palestina. [Portavoces de] la consigna de acabar con el dolor y el sufrimiento del pueblo jud\u00edo &#8211; [una consigna] formulada por los fundadores del culto al sionismo, entre ellos Teodoro Herzl &#8211; encontr\u00f3 en el antisemitismo de Hitler una oportunidad apropiada, y la utiliz\u00f3 para inventar el mito del Holocausto.<\/p>\n<p>\u00abEl inflar el alcance de los cr\u00edmenes de Hitler contra los jud\u00edos dio lugar a la presentaci\u00f3n de cifras contradictorias y de datos seg\u00fan algunos, de que hubo nueve millones de muertos. Este inflar de las cifras fue en algunos casos, tan [grande] que fue rechazado incluso por los historiadores sionistas, porque [no] pod\u00edan aceptar tales mentiras flagrantes. El punto importante aqu\u00ed es la falta de libertad de investigaci\u00f3n y expresi\u00f3n [en el campo] de estudios del Holocausto en los pa\u00edses occidentales. Hay historiadores que fueron multados y encarcelados por cuestionar el Holocausto, la existencia de las supuestas c\u00e1maras de gas y el n\u00famero [de gente] supuestamente asesinada, y por afirmar que todos los documentos presentados por algunos historiadores occidentales eran falsificaciones\u00bb.<\/p>\n<p><strong>\u00abPrueba de que el Holocausto nunca sucedi\u00f3<\/strong><\/p>\n<p>\u00ab1. Ning\u00fan documento existente o informe del partido [nazi], por los l\u00edderes de la Alemania nazi, o por [sus] jefes y oficiales se refiere a una orden para el exterminio en masa de los jud\u00edos.<\/p>\n<p>\u00ab2. La masacre de las dos terceras partes de los jud\u00edos europeos, es decir, m\u00e1s de seis millones de jud\u00edos, habr\u00eda requerido de equipos industriales a gran escala &#8211; pero el n\u00famero de crematorios construidos para incinerar los cuerpos habr\u00eda bastado apenas para incinerar los cuerpos de los que murieron a causa de enfermedades virales. Nadie vio nunca ninguno de los miles de camiones que se afirmaba fueron utilizados en la quema de los cuerpos. Ning\u00fan cami\u00f3n fue alguna vez presentado ante la corte.<\/p>\n<p>\u00ab3. No existe ning\u00fan informe de ninguna agencia de inteligencia occidental u otra agencia antes del final de la Segunda Guerra Mundial sobre la masacre generalizada de jud\u00edos. Todas estas afirmaciones se hicieron s\u00f3lo despu\u00e9s de la guerra, y del lado de los victoriosos.<\/p>\n<p>\u00ab4. Los juicios de Nuremberg aceptaron todo documento o reclamo, y su reglamento, incluso se\u00f1ala que &#8216;el tribunal no se ve sujeto a ningunas reglas t\u00e9cnicas y acepta cualquier documento&#8217;. Por lo tanto, la falsificaci\u00f3n de estos documentos nunca fue examinada&#8230;<\/p>\n<p><strong>\u00abContradicciones y exageraciones respecto a la cifra de muertos<\/strong><\/p>\n<p>\u00abEn cuanto a solo el campo de exterminio de Auschwitz, las cifras [de los muertos] han oscilado entre 356.000 a ocho millones, con m\u00e1s de 22 fuentes diferentes, cada uno presentando sus propios n\u00fameros. Tambi\u00e9n, en relaci\u00f3n al campo de concentraci\u00f3n Dachau, se present\u00f3 el n\u00famero de nueve millones&#8230; Es hora de examinar si es posible incluso que nueve millones de personas pueden reunirse en un campo y ser quemados.<\/p>\n<p><strong>Dudas respecto al mito del Holocausto se esparcir\u00e1n<\/strong><\/p>\n<p>\u00abEn el 2005, la Asamblea General de las Naciones Unidas decidi\u00f3 prohibir la negaci\u00f3n del Holocausto. Hoy, 16 pa\u00edses consideran cuestionar el Holocausto como un acto criminal: Austria, B\u00e9lgica, Canad\u00e1, Rep\u00fablica Checa, Francia, Alemania, Hungr\u00eda, Liechtenstein, Letonia, Luxemburgo, Holanda, Polonia, Portugal, Rumania, Eslovaquia y Suiza.<\/p>\n<p>\u00abDe acuerdo a la legislaci\u00f3n de la comunidad europea, la negaci\u00f3n del Holocausto es un delito, y por lo tanto otros pa\u00edses que no penalizan la negaci\u00f3n del Holocausto pero todav\u00eda son miembros de la UE se ven obligados a castigar a aquellos que niegan este mito. Adem\u00e1s de estos pa\u00edses, el r\u00e9gimen sionista tambi\u00e9n considera cuestionar el Holocausto como un crimen&#8230;<\/p>\n<p>\u00abEn un mundo inundado de informes, el censurar la verdad no tiene ahora sentido. Pronto el debate sobre cuestionar el mito del Holocausto se esparcir\u00e1, gracias a Internet y a la r\u00e1pida difusi\u00f3n de la informaci\u00f3n\u00bb.<\/p>\n<\/p>\n<hr class=\"c1\" size=\"1\" width=\"33%\" \/>\n<p><a href=\"#_ednref1\" name=\"_edn1\">[1]<\/a> V\u00e9ase MEMRI Despacho Especial No. 5621, L\u00edder Supremo iran\u00ed Jamenei niega el Holocausto &#8211; MEMRI refuta la afirmaci\u00f3n del Ministro del Exterior iran\u00ed Zarif a la cadena ABC de que las declaraciones de Jamenei acerca del &#8216;mito&#8217; del Holocausto fueron \u00abuna mala traducci\u00f3n&#8217;; Jamenei tambi\u00e9n elogi\u00f3 al franc\u00e9s negador del Holocausto Roger Garaudy, 26 de enero, 2014.<\/p>\n<\/div>\n","protected":false},"excerpt":{"rendered":"<p>El r\u00e9gimen iran\u00ed niega sistem\u00e1ticamente el Holocausto, y utiliza la negaci\u00f3n del Holocausto para afirmar que la existencia de Israel es ileg\u00edtima. Esta opini\u00f3n es compartida por los funcionarios del r\u00e9gimen, encabezados por el L\u00edder Supremo de Ir\u00e1n Ali Jamenei, y por sus voceros medi\u00e1ticos. [1] El 28 de enero, 2015 el d\u00eda despu\u00e9s al [&hellip;]<\/p>\n","protected":false},"author":1,"featured_media":0,"comment_status":"open","ping_status":"open","sticky":false,"template":"","format":"standard","meta":{"footnotes":""},"categories":[10,6,16],"tags":[],"class_list":["post-8477","post","type-post","status-publish","format-standard","hentry","category-estudios-sobre-terrorismo-y-yihad","category-comunicados-especiales","category-proyecto-documental-sobre-antisemitismo"],"_links":{"self":[{"href":"https:\/\/www2.memri.org\/espanol\/wp-json\/wp\/v2\/posts\/8477","targetHints":{"allow":["GET"]}}],"collection":[{"href":"https:\/\/www2.memri.org\/espanol\/wp-json\/wp\/v2\/posts"}],"about":[{"href":"https:\/\/www2.memri.org\/espanol\/wp-json\/wp\/v2\/types\/post"}],"author":[{"embeddable":true,"href":"https:\/\/www2.memri.org\/espanol\/wp-json\/wp\/v2\/users\/1"}],"replies":[{"embeddable":true,"href":"https:\/\/www2.memri.org\/espanol\/wp-json\/wp\/v2\/comments?post=8477"}],"version-history":[{"count":0,"href":"https:\/\/www2.memri.org\/espanol\/wp-json\/wp\/v2\/posts\/8477\/revisions"}],"wp:attachment":[{"href":"https:\/\/www2.memri.org\/espanol\/wp-json\/wp\/v2\/media?parent=8477"}],"wp:term":[{"taxonomy":"category","embeddable":true,"href":"https:\/\/www2.memri.org\/espanol\/wp-json\/wp\/v2\/categories?post=8477"},{"taxonomy":"post_tag","embeddable":true,"href":"https:\/\/www2.memri.org\/espanol\/wp-json\/wp\/v2\/tags?post=8477"}],"curies":[{"name":"wp","href":"https:\/\/api.w.org\/{rel}","templated":true}]}}