{"id":8472,"date":"2015-01-26T00:00:00","date_gmt":"2015-01-26T00:00:00","guid":{"rendered":"http:\/\/www2.memri.org\/espanol\/2015\/01\/26\/enfrentamiento-en-canal-de-television-al-jazeera-por-charlie-hebdo-la-libertad-de-expresion-en-europa-autor-egipcio-el-holocausto-judio-es-un-hecho-indiscutible-e-irrefutable-que-todo-el-mundo-ha\/"},"modified":"2016-01-13T23:38:24","modified_gmt":"2016-01-13T23:38:24","slug":"enfrentamiento-en-canal-de-television-al-jazeera-por-charlie-hebdo-la-libertad-de-expresion-en-europa-autor-egipcio-el-holocausto-judio-es-un-hecho-indiscutible-e-irrefutable-que-todo-el-mundo-ha","status":"publish","type":"post","link":"https:\/\/www2.memri.org\/espanol\/enfrentamiento-en-canal-de-television-al-jazeera-por-charlie-hebdo-la-libertad-de-expresion-en-europa-autor-egipcio-el-holocausto-judio-es-un-hecho-indiscutible-e-irrefutable-que-todo-el-mundo-ha\/8472","title":{"rendered":"Enfrentamiento en canal de televisi\u00f3n Al-Jazeera por Charlie Hebdo, La libertad de expresi\u00f3n en Europa-autor egipcio: &#8216;El Holocausto jud\u00edo es un hecho indiscutible e irrefutable&#8217; que &#8216;todo el mundo ha reconocido&#8217; &#8211; &#8216;porque no pueden hacerlo los musulmanes? \u00bfPor qu\u00e9 alberga el Islam tal odio religioso terrible hacia los jud\u00edos?&#8217; Acad\u00e9mico tunecino cita al franc\u00e9s negador del Holocausto Roger Garaudy y declara: Alemania y Occidente siguen pagando el precio de este Holocausto Imaginario&#8217;"},"content":{"rendered":"<div class=\"bodytext c1\">\n<p><em>El autor egipcio estadounidense Magdi Khalil y el acad\u00e9mico tunecino Shakir Al-Sharafi se enfrentaron recientemente en un candente debate en televisi\u00f3n sobre la libertad de expresi\u00f3n, a ra\u00edz de los ataques de enero, 2015 en Par\u00eds. \u00abEl Holocausto jud\u00edo es un hecho indiscutible e irrefutable\u00bb, dijo Khalil. \u00ab\u00bfPor qu\u00e9 son s\u00f3lo los musulmanes quienes niegan el Holocausto?\u00bb Al-Sharafi, por su parte, cit\u00f3 al franc\u00e9s negador del Holocausto Roger Garaudy, y dijo que Alemania y Europa siguen \u00abpagando el precio por este Holocausto imaginario, y a\u00f1adi\u00f3 que el ataque a Charlie Hebdo hab\u00eda sido una conspiraci\u00f3n, filmado de antemano de. El debate fue transmitido en el programa de Al-Jazeera TV \u00abLa Direcci\u00f3n Opuesta\u00bb el 20 de enero, 2015.<\/em><\/p>\n<p><em>Para ver este v\u00eddeo en MEMRI TV copie por favor el siguiente enlace en su ordenador:<\/em> <a href=\"http:\/\/www.memritv.org\/clip\/en\/4744.htm\">http:\/\/www.memritv.org\/clip\/en\/4744.htm<\/a><\/p>\n<p><iframe height=\"356\" src=\"http:\/\/www.memritv.org\/embedded_player\/index.php?clip_id=4744\" frameborder=\"0\" width=\"404\"><\/iframe><\/p>\n<p><strong><img loading=\"lazy\" decoding=\"async\" class=\"alignnone size-full wp-image-11616\" src=\"http:\/\/www2.memri.org\/espanol\/wp-content\/uploads\/2016\/01\/21873.jpg\" width=\"500\" height=\"186\" srcset=\"https:\/\/www2.memri.org\/espanol\/wp-content\/uploads\/2016\/01\/21873.jpg 500w, https:\/\/www2.memri.org\/espanol\/wp-content\/uploads\/2016\/01\/21873-300x112.jpg 300w\" sizes=\"auto, (max-width: 500px) 100vw, 500px\" \/><\/strong><\/p>\n<p><strong>Moderador<\/strong>: \u00ab\u00bfPuedes usted afirmar que el n\u00famero de jud\u00edos asesinados por Hitler en el Holocausto fue incluso uno menos [de seis millones]? Digamos 5.900.900, o lo que sea, murieron. Puede usted decir esto sin tener que ir a prisi\u00f3n o ser llevado a juicio?\u00bb<\/p>\n<p><strong><img loading=\"lazy\" decoding=\"async\" class=\"alignnone size-full wp-image-11617\" src=\"http:\/\/www2.memri.org\/espanol\/wp-content\/uploads\/2016\/01\/21880.jpg\" width=\"660\" height=\"161\" srcset=\"https:\/\/www2.memri.org\/espanol\/wp-content\/uploads\/2016\/01\/21880.jpg 660w, https:\/\/www2.memri.org\/espanol\/wp-content\/uploads\/2016\/01\/21880-300x73.jpg 300w, https:\/\/www2.memri.org\/espanol\/wp-content\/uploads\/2016\/01\/21880-600x146.jpg 600w\" sizes=\"auto, (max-width: 660px) 100vw, 660px\" \/><\/strong><\/p>\n<p><strong>Magdi Khalil<\/strong>: \u00abLos tribunales europeos y estadounidenses han acordado que el debate hist\u00f3rico entre los historiadores no deber\u00eda extenderse a hechos hist\u00f3ricos indiscutibles tales como el Holocausto, la esclavitud en los Estados Unidos y el apartheid en Sud\u00e1frica. Nadie puede decir que no hubo esclavitud en los Estados Unidos. Esto no s\u00f3lo ser\u00eda inmortal, sino que este ir\u00eda a la c\u00e1rcel. Los negros lo llevar\u00edan a juicio, porque estar\u00eda incitando en contra de personas reales, que est\u00e1n vivos hoy. La protecci\u00f3n debe ser otorgada a los seres humanos. [Combatir] el antisemitismo constituye el defender a los jud\u00edos. El holocausto jud\u00edo es un hecho indiscutible e irrefutable. El mundo entero ha reconocido esto, entonces \u00bfpor qu\u00e9 no lo pueden hacer los musulmanes? \u00bfPor qu\u00e9 alberga el Islam tal odio religioso tremendo hacia los jud\u00edos? \u00bfPor qu\u00e9 son s\u00f3lo los musulmanes que niegan el Holocausto?<\/p>\n<p>[&#8230;]<\/p>\n<p>\u00abIncluso si los musulmanes asesinaran a toda la poblaci\u00f3n de seis billones y viviesen solos, estos comenzar\u00edan matarse unos a otros, porque creen en el concepto de la &#8216;Secta Salvada&#8217; &#8211; de que existen 70 sectas y s\u00f3lo una ser\u00e1 salvada. Estos deben aniquilarse mutuamente. La agenda de los islamistas es la aniquilaci\u00f3n, sangre, el odio, la destrucci\u00f3n del mundo, y la destrucci\u00f3n de la civilizaci\u00f3n occidental. El pilar m\u00e1s importante de la civilizaci\u00f3n occidental es la libertad de expresi\u00f3n&#8230;\u00bb<\/p>\n<p><strong>Moderador<\/strong>: \u00abMuy bien. S\u00f3lo un minuto. Deje que su colega responda&#8230;\u00bb<\/p>\n<p><img loading=\"lazy\" decoding=\"async\" class=\"alignnone size-full wp-image-11618\" src=\"http:\/\/www2.memri.org\/espanol\/wp-content\/uploads\/2016\/01\/21881.jpg\" width=\"660\" height=\"160\" srcset=\"https:\/\/www2.memri.org\/espanol\/wp-content\/uploads\/2016\/01\/21881.jpg 660w, https:\/\/www2.memri.org\/espanol\/wp-content\/uploads\/2016\/01\/21881-300x73.jpg 300w, https:\/\/www2.memri.org\/espanol\/wp-content\/uploads\/2016\/01\/21881-600x145.jpg 600w\" sizes=\"auto, (max-width: 660px) 100vw, 660px\" \/><\/p>\n<p><strong>Shakir Al-Sharafi<\/strong>: \u00abEste cometi\u00f3 un error hist\u00f3rico respecto al Holocausto. Roger Garaudy escribi\u00f3 un libro en el que no neg\u00f3 el Holocausto, pero si neg\u00f3 las cifras imaginarias. Cabe se\u00f1alar que Roger Garaudy demostr\u00f3 que algunos jud\u00edos hab\u00edan ayudado al partido nazi durante el Holocausto, a fin de crear cierta historia &#8211; una imagen dram\u00e1tica que les permita ganarse la lealtad y la solidaridad de Occidente. Alemania y Occidente todav\u00eda est\u00e1n pagando el precio de este imaginario Holocausto. De esta manera, fundaron una base militar avanzada para Occidente.<\/p>\n<p>\u00abPerm\u00edtanme volver a la operaci\u00f3n de <em>Charlie Hebdo<\/em>. Esta operaci\u00f3n fue filmada de antemano, en el centro de comando de alguna agencia de inteligencia: No hubo cad\u00e1veres, y no hab\u00eda sangre y la operaci\u00f3n se llev\u00f3 a cabo a plena luz del d\u00eda. El verdadero objetivo de esta operaci\u00f3n fueron las mezquitas, siendo su gracia la que se ha esparcido por toda Europa.<\/p>\n<p>[&#8230;]<\/p>\n<p>\u00ab\u00bfDesde cu\u00e1ndo ha habido alguna vez libertad de expresi\u00f3n en Occidente? Los Estados Unidos consagraron su existencia con la aniquilaci\u00f3n de los indios americanos. Occidente consagr\u00f3 su existencia s\u00f3lo despu\u00e9s de que aprendiera tolerancia de los musulmanes en Andaluc\u00eda. Occidente consagr\u00f3 su existencia s\u00f3lo despu\u00e9s de aprender sobre la libertad de expresi\u00f3n de los musulmanes.<\/p>\n<p>[&#8230;]<\/p>\n<p>\u00ab[Occidente] fue fundado en sangre, a trav\u00e9s de las Cruzadas y la colonizaci\u00f3n y el saqueo de otros pueblos. Vean a Argelia, el pa\u00eds de un mill\u00f3n de m\u00e1rtires. La misma Francia que habla sobre libertad de expresi\u00f3n asesin\u00f3 a un mill\u00f3n de musulmanes. En T\u00fanez tambi\u00e9n&#8230; Dividieron al mundo \u00e1rabe y musulm\u00e1n. De cual Occidente habla mi colega?\u00bb<\/p>\n<p>[&#8230;]<\/p>\n<p><strong>Moderador<\/strong>: \u00abEl Papa dijo que el afrontar a las religiones no constituye libertad de expresi\u00f3n. Dijo que si alguien maldice a su madre, le propinar\u00eda un pu\u00f1etazo\u00bb.<\/p>\n<p>[&#8230;]<\/p>\n<p><strong>Magdi Khalil<\/strong>: \u00abEl Papa representa a la Iglesia, pero no la civilizaci\u00f3n occidental. La civilizaci\u00f3n occidental fue fundada sobre la destrucci\u00f3n de todo lo que es sagrado. Nietzsche dijo que &#8216;Dios est\u00e1 muerto&#8217;. Dios vive en los corazones de Sus creyentes, pero en el \u00e1mbito p\u00fablico, Dios est\u00e1 muerto. En la civilizaci\u00f3n occidental, la libertad de expresi\u00f3n no tiene sentido si no protege los puntos de vista opuestos, impactantes y desviados. Este hombre [el Papa] es un gran hombre, pero con todo el respeto, proviene de un historial latinoamericano, y no est\u00e1 familiarizado con la centralidad del concepto de la libertad de expresi\u00f3n en la civilizaci\u00f3n europea y occidental. Este no entiende esto porque ha venido de una dictadura.<\/p>\n<p>[&#8230;]<\/p>\n<p><img loading=\"lazy\" decoding=\"async\" class=\"alignnone size-full wp-image-11619\" src=\"http:\/\/www2.memri.org\/espanol\/wp-content\/uploads\/2016\/01\/21876.jpg\" width=\"500\" height=\"377\" srcset=\"https:\/\/www2.memri.org\/espanol\/wp-content\/uploads\/2016\/01\/21876.jpg 500w, https:\/\/www2.memri.org\/espanol\/wp-content\/uploads\/2016\/01\/21876-300x226.jpg 300w, https:\/\/www2.memri.org\/espanol\/wp-content\/uploads\/2016\/01\/21876-80x60.jpg 80w\" sizes=\"auto, (max-width: 500px) 100vw, 500px\" \/><\/p>\n<p>\u00ab\u00bfQu\u00e9 es lo que quiere de los jud\u00edos despu\u00e9s que seis millones de ellos fueron asesinados? El n\u00famero total de jud\u00edos es de 13 millones. \u00bfPor qu\u00e9 el Islam y los musulmanes albergan tal odio hacia los jud\u00edos?\u00bb<\/p>\n<p><strong>Moderador<\/strong>: \u00abNo estamos hablando sobre el juda\u00edsmo sino sobre la prostituci\u00f3n de los medios de comunicaci\u00f3n occidentales, que no permite una sola palabra de cr\u00edtica contra Israel, No estamos hablando sobre juda\u00edsmo. El juda\u00edsmo es una religi\u00f3n sagrada, as\u00ed le guste o no\u00bb.<\/p>\n<p><strong><img loading=\"lazy\" decoding=\"async\" class=\"alignnone size-full wp-image-11620\" src=\"http:\/\/www2.memri.org\/espanol\/wp-content\/uploads\/2016\/01\/21882.jpg\" width=\"660\" height=\"159\" srcset=\"https:\/\/www2.memri.org\/espanol\/wp-content\/uploads\/2016\/01\/21882.jpg 660w, https:\/\/www2.memri.org\/espanol\/wp-content\/uploads\/2016\/01\/21882-300x72.jpg 300w, https:\/\/www2.memri.org\/espanol\/wp-content\/uploads\/2016\/01\/21882-600x145.jpg 600w\" sizes=\"auto, (max-width: 660px) 100vw, 660px\" \/><\/strong><\/p>\n<p><strong>Magdi Khalil<\/strong>: \u00abEstas son palabras vac\u00edas, nada m\u00e1s que palabras vac\u00edas. A diario, las mezquitas de todo el mundo \u00e1rabe&#8230; Si se acuerda de un solo serm\u00f3n de los viernes en cualquier pa\u00eds isl\u00e1mico, se encontrar\u00e1 con maldiciones contra los jud\u00edos y cristianos.<\/p>\n<p>[&#8230;]<\/p>\n<p><img loading=\"lazy\" decoding=\"async\" class=\"alignnone size-full wp-image-11621\" src=\"http:\/\/www2.memri.org\/espanol\/wp-content\/uploads\/2016\/01\/21878.jpg\" width=\"500\" height=\"188\" srcset=\"https:\/\/www2.memri.org\/espanol\/wp-content\/uploads\/2016\/01\/21878.jpg 500w, https:\/\/www2.memri.org\/espanol\/wp-content\/uploads\/2016\/01\/21878-300x113.jpg 300w\" sizes=\"auto, (max-width: 500px) 100vw, 500px\" \/><\/p>\n<p>\u00abLa propaganda nazi llev\u00f3 a la matanza de seis millones de jud\u00edos, siendo esta la mayor masacre en toda la historia de la humanidad. La gente fue colocada en c\u00e1maras de gas en el siglo 20. Es por eso que el mundo criminaliz\u00f3 este odio racial contra los jud\u00edos.<\/p>\n<p>[&#8230;]<\/p>\n<p>\u00abUsted exige un tratamiento especial para el Islam y los musulmanes en una sociedad laica, aunque todas las religiones se enfrentan a ataques vehementes\u00bb.<\/p>\n<\/div>\n","protected":false},"excerpt":{"rendered":"<p>El autor egipcio estadounidense Magdi Khalil y el acad\u00e9mico tunecino Shakir Al-Sharafi se enfrentaron recientemente en un candente debate en televisi\u00f3n sobre la libertad de expresi\u00f3n, a ra\u00edz de los ataques de enero, 2015 en Par\u00eds. \u00abEl Holocausto jud\u00edo es un hecho indiscutible e irrefutable\u00bb, dijo Khalil. \u00ab\u00bfPor qu\u00e9 son s\u00f3lo los musulmanes quienes niegan [&hellip;]<\/p>\n","protected":false},"author":1,"featured_media":11616,"comment_status":"open","ping_status":"open","sticky":false,"template":"","format":"standard","meta":{"footnotes":""},"categories":[6],"tags":[],"class_list":["post-8472","post","type-post","status-publish","format-standard","has-post-thumbnail","hentry","category-comunicados-especiales"],"_links":{"self":[{"href":"https:\/\/www2.memri.org\/espanol\/wp-json\/wp\/v2\/posts\/8472","targetHints":{"allow":["GET"]}}],"collection":[{"href":"https:\/\/www2.memri.org\/espanol\/wp-json\/wp\/v2\/posts"}],"about":[{"href":"https:\/\/www2.memri.org\/espanol\/wp-json\/wp\/v2\/types\/post"}],"author":[{"embeddable":true,"href":"https:\/\/www2.memri.org\/espanol\/wp-json\/wp\/v2\/users\/1"}],"replies":[{"embeddable":true,"href":"https:\/\/www2.memri.org\/espanol\/wp-json\/wp\/v2\/comments?post=8472"}],"version-history":[{"count":0,"href":"https:\/\/www2.memri.org\/espanol\/wp-json\/wp\/v2\/posts\/8472\/revisions"}],"wp:featuredmedia":[{"embeddable":true,"href":"https:\/\/www2.memri.org\/espanol\/wp-json\/wp\/v2\/media\/11616"}],"wp:attachment":[{"href":"https:\/\/www2.memri.org\/espanol\/wp-json\/wp\/v2\/media?parent=8472"}],"wp:term":[{"taxonomy":"category","embeddable":true,"href":"https:\/\/www2.memri.org\/espanol\/wp-json\/wp\/v2\/categories?post=8472"},{"taxonomy":"post_tag","embeddable":true,"href":"https:\/\/www2.memri.org\/espanol\/wp-json\/wp\/v2\/tags?post=8472"}],"curies":[{"name":"wp","href":"https:\/\/api.w.org\/{rel}","templated":true}]}}