{"id":8428,"date":"2015-01-25T00:00:00","date_gmt":"2015-01-25T00:00:00","guid":{"rendered":"http:\/\/www2.memri.org\/espanol\/2015\/01\/25\/reacciones-de-los-medios-de-comunicacion-arabes-a-los-ataques-terroristas-en-paris-parte-iv-teorias-de-conspiracion-los-ataques-de-paris-son-el-trabajo-de-francia-la-derecha-francesa-los-judios\/"},"modified":"2016-01-13T23:38:32","modified_gmt":"2016-01-13T23:38:32","slug":"reacciones-de-los-medios-de-comunicacion-arabes-a-los-ataques-terroristas-en-paris-parte-iv-teorias-de-conspiracion-los-ataques-de-paris-son-el-trabajo-de-francia-la-derecha-francesa-los-judios","status":"publish","type":"post","link":"https:\/\/www2.memri.org\/espanol\/reacciones-de-los-medios-de-comunicacion-arabes-a-los-ataques-terroristas-en-paris-parte-iv-teorias-de-conspiracion-los-ataques-de-paris-son-el-trabajo-de-francia-la-derecha-francesa-los-judios\/8428","title":{"rendered":"Reacciones de los medios de comunicaci\u00f3n \u00e1rabes a los ataques terroristas en Par\u00eds &#8211; Parte IV: Teor\u00edas de conspiraci\u00f3n &#8211; Los ataques de Par\u00eds son el trabajo de Francia, la derecha francesa, los jud\u00edos e Israel"},"content":{"rendered":"<div class=\"bodytext c2\">\n<p><em>Al igual que con los ataques del 11de Septiembre, las teor\u00edas de conspiraci\u00f3n en relaci\u00f3n con los ataques terroristas de enero, 2015 en Par\u00eds, a las oficinas del semanario sat\u00edrico Charlie Hebdo y a un supermercado jud\u00edo, se extendieron por todo el mundo \u00e1rabe e Ir\u00e1n; estas afirman diversamente que los ataques fueron obra de Francia, la derecha francesa, los jud\u00edos y\/o Israel.<\/em><\/p>\n<p><em>Entre las teor\u00edas de conspiraci\u00f3n &#8211; publicadas junto a numerosos art\u00edculos condenando los ataques &#8211; estaban aquellas que corroboraban Francia estaba detr\u00e1s de los ataques, con el objetivo de justificar una invasi\u00f3n militar a Libia, al igual que los Estados Unidos hab\u00eda llevado a cabo el 11 de Septiembre para proveer un pretexto con el cual invadir Afganist\u00e1n e Irak. Algunos propagadores de esta teor\u00eda de conspiraci\u00f3n instaron a los musulmanes a no pedir disculpas por los ataques porque estos en ning\u00fan caso eran responsables de ellos.<\/em><\/p>\n<p><em>Otros declararon que la derecha francesa los hab\u00eda llevado a cabo, tratando de avergonzar al gobierno franc\u00e9s y aumentar su propio poder en el parlamento. Art\u00edculos culpando a los jud\u00edos y a Israel incluyeron temas antisemitas, argumentado que los ataques ten\u00edan la intenci\u00f3n de socavar las relaciones \u00e1rabes\/musulmanes-Europa, controlar el actual giro pro-\u00e1rabe en Europa, y sobre todo impedir que las instituciones oficiales europeas apoyen un estado palestino.<\/em><\/p>\n<p><em>Estas teor\u00edas de conspiraci\u00f3n fueron duramente criticadas por algunos escritores \u00e1rabes, que argumentaron desatend\u00edan la realidad y ped\u00edan a los \u00e1rabes y musulmanes reconocer que algunos musulmanes de hecho hab\u00edan cometido y segu\u00edan cometiendo operaciones terroristas y que estas ten\u00edan sus ra\u00edces en factores econ\u00f3micos, sociales y culturales que eran necesarios abordar.<\/em><\/p>\n<p><em>Este informe revisa las teor\u00edas de conspiraci\u00f3n y las respuestas a estas.<\/em><\/p>\n<p><strong>Los ataques fueron un complot franc\u00e9s para justificar una pr\u00f3xima invasi\u00f3n francesa a Libia; Los musulmanes no deber\u00edamos condenar los ataques<\/strong><\/p>\n<p>Varios art\u00edculos y publicados en los medios sociales llamaron a los ataques una conspiraci\u00f3n francesa destinada a justificar una pr\u00f3xima invasi\u00f3n a Libia, del mismo modo, por lo que dijeron, los Estados Unidos llevaron a cabo el 11 de Septiembre a fin de crear un pretexto para invadir Afganist\u00e1n e Irak.<\/p>\n<p><strong>Escritores \u00e1rabes: Los ataques de Par\u00eds son una repetici\u00f3n del 11 de Septiembre, destinados a justificar una pr\u00f3xima invasi\u00f3n de Francia a los pa\u00edses isl\u00e1micos<\/strong><\/p>\n<p>La prensa en Argelia, la tierra natal de la familia de Sa\u00efd y Ch\u00e9rif Kouachi, los autores del atentado a <em>Charlie Hebdo<\/em>, publicaron una serie de art\u00edculos que afirman que la propia Francia hab\u00eda llevado a cabo los atentados de Par\u00eds. Jallal Naili, columnista del portal de noticias argelina algeriaworld.net escribi\u00f3: \u00abUn examen preliminar a los ataques de Par\u00eds al diario <em>Charlie Hebdo<\/em>&#8230; muestra que esta vez las superpotencias quieren manejar el juego desde Francia, despu\u00e9s que fueron manejadas desde los Estados Unidos seguido al 11 de Septiembre&#8230; que desat\u00f3 la islamofobia y foment\u00f3 una aprehensi\u00f3n p\u00fablica sin precedentes en Norteam\u00e9rica&#8230;<\/p>\n<p>\u00abEl mismo escenario est\u00e1 siendo aplicado hoy, pero con un nuevo disfraz, dadas las diferencias de tiempo, lugar y herramientas [utilizadas]. [Para ello] una nueva organizaci\u00f3n, conocida como el EIIS fue creada&#8230; El ataque de Par\u00eds no es m\u00e1s que una pel\u00edcula [cuya trama es] muy parecida a la de las explosiones del 11 de Septiembre&#8230; con el mismo objetivo: la intervenci\u00f3n y ocupaci\u00f3n de pa\u00edses &#8211; esta vez \u00c1frica del Norte &#8211; con el pretexto de la lucha contra el EIIS&#8230; El ataque a <em>Charlie Hebdo<\/em>tiene el mismo objetivo que el 11 de Septiembre, por medio del cual los Estados Unidos justificaron su invasi\u00f3n a Afganist\u00e1n e Irak y tocaron los tambores de la guerra en contra del terrorismo\u00bb. <a href=\"#_edn1\" name=\"_ednref1\">[1]<\/a><\/p>\n<p>En el diario argelino <em>Al-Maw&#8217;id<\/em>, el periodista Hakim M. plante\u00f3 preguntas sobre el ataque a <em>Charlie Hebdo<\/em>y sobre la responsabilidad del EIIS, <a href=\"#_edn2\" name=\"_ednref2\">[2]<\/a> se\u00f1alando que Francia, que seg\u00fan \u00e9l tiene estrechos v\u00ednculos con elementos del EIIS, hab\u00eda planeado el ataque. El rescate que Francia ha pagado a las organizaciones terroristas en Libia por la liberaci\u00f3n de sus nacionales dijo, demostr\u00f3 estos lazos. Tambi\u00e9n advirti\u00f3 que los da\u00f1os a las mezquitas en Francia y el da\u00f1o a la comunidad musulmana all\u00ed tras los ataques tendr\u00edan repercusiones negativas para la seguridad nacional francesa. <a href=\"#_edn3\" name=\"_ednref3\">[3]<\/a><\/p>\n<p>Ahmed Ezz Al-Arab, vicepresidente del partido nacionalista egipcio Wafd, afirm\u00f3 que al igual que los Estados Unidos hab\u00edan llevado a cabo los ataques del 11 de Septiembre a fin de justificar la ocupaci\u00f3n de Afganist\u00e1n e Irak para que pudiese hacerse cargo de las reservas de petr\u00f3leo y gas all\u00ed, por lo que Israel y Francia estaban detr\u00e1s del ataque a <em>Charlie Hebdo<\/em>&#8211; el Mossad para promover la inmigraci\u00f3n jud\u00eda a Israel y Francia para justificar su plan de invadir Libia y robarle sus reservas de petr\u00f3leo. Este escribi\u00f3: \u00abEl inter\u00e9s directo de Francia en este crimen es para justificar la aplicaci\u00f3n de sus planes imperialistas en \u00c1frica y, ante todo, saquear el petr\u00f3leo del este de Libia y actualizar su acuerdo con los Estados Unidos a fin de dividir Libia. Del mismo modo, [el crimen es dirigido en] justificar la re-ocupaci\u00f3n de varios pa\u00edses francoparlantes de \u00c1frica, tales como Mal\u00ed y sus vecinos, utilizando la guerra contra el terrorismo como pretexto&#8230;\u00bb <a href=\"#_edn4\" name=\"_ednref4\">[4]<\/a><\/p>\n<p><strong>Periodistas en las redes sociales: Los musulmanes no necesitan disculparse por los ataques ya que no fueron responsables<\/strong><\/p>\n<p>&#8216;Abdallah Al-Athbah editor del diario qatar\u00ed <em>Al-Arab<\/em>, difundi\u00f3 por igual la teor\u00eda de conspiraci\u00f3n y pidi\u00f3 a los musulmanes no disculparse por el ataque. <a href=\"#_edn5\" name=\"_ednref5\">[5]<\/a> Este escribi\u00f3 en su cuenta Twitter (A_ALAthbah): \u00abParece ser que Francia quiere invadir Libia bajo el pretexto de &#8216;combatir el terrorismo&#8217;. Esto, despu\u00e9s de ocupar Mal\u00ed bajo el mismo pretexto. Esta operaci\u00f3n [es decir, el ataque] es una excusa apropiada para asesinar a musulmanes\u00bb.<\/p>\n<p><img loading=\"lazy\" decoding=\"async\" class=\"alignnone size-full wp-image-11624\" src=\"http:\/\/www2.memri.org\/espanol\/wp-content\/uploads\/2016\/01\/21855.jpg\" width=\"565\" height=\"139\" srcset=\"https:\/\/www2.memri.org\/espanol\/wp-content\/uploads\/2016\/01\/21855.jpg 565w, https:\/\/www2.memri.org\/espanol\/wp-content\/uploads\/2016\/01\/21855-300x74.jpg 300w\" sizes=\"auto, (max-width: 565px) 100vw, 565px\" \/><\/p>\n<p>Al-Athbah tambi\u00e9n re-tuiteo un tweet del usuario &#8216;Abdallah Al-Mutairi, quien escribi\u00f3: \u00abFrancia busc\u00f3 justificaci\u00f3n para establecer una base militar a fin de apoyar al [General Khalifa] Haftar y sus milicias contra los revolucionarios libios. [Ellos] dijeron: Llevemos a cabo una operaci\u00f3n [terrorista] para apoyar nuestra postura sobre la guerra contra el \u00abterrorismo\u00bb.<\/p>\n<p><img loading=\"lazy\" decoding=\"async\" class=\"alignnone size-full wp-image-11625\" src=\"http:\/\/www2.memri.org\/espanol\/wp-content\/uploads\/2016\/01\/21856.jpg\" width=\"532\" height=\"152\" srcset=\"https:\/\/www2.memri.org\/espanol\/wp-content\/uploads\/2016\/01\/21856.jpg 532w, https:\/\/www2.memri.org\/espanol\/wp-content\/uploads\/2016\/01\/21856-300x86.jpg 300w\" sizes=\"auto, (max-width: 532px) 100vw, 532px\" \/><\/p>\n<p>En otros tweets, Al-Athbah llam\u00f3 en los musulmanes a \u00abenvalentonarse\u00bb y no disculparse por acciones de las que no fueron responsables &#8211; al igual que los cristianos y los jud\u00edos no piden disculpas por las acciones de sus pa\u00edses.<\/p>\n<p>&#8216;Amer Al-Kubaisi, comentarista de noticias del canal de televisi\u00f3n qatar\u00ed Al-Jazeera, tambi\u00e9n afirm\u00f3 que el ataque fue el resultado de una conspiraci\u00f3n y era totalmente ajeno a los musulmanes. Este tuite\u00f3: \u00ab\u00bfQu\u00e9 tienen que ver los musulmanes con el incidente de la revista francesa [?]!!! \u00bfC\u00f3mo saben que son musulmanes!! Estas son todas historias [propagadas] por los aparatos de inteligencia internacionales. No condenen [los ataques]!!\u00bb<\/p>\n<p><img loading=\"lazy\" decoding=\"async\" class=\"alignnone size-full wp-image-11626\" src=\"http:\/\/www2.memri.org\/espanol\/wp-content\/uploads\/2016\/01\/21857.jpg\" width=\"500\" height=\"113\" srcset=\"https:\/\/www2.memri.org\/espanol\/wp-content\/uploads\/2016\/01\/21857.jpg 500w, https:\/\/www2.memri.org\/espanol\/wp-content\/uploads\/2016\/01\/21857-300x68.jpg 300w\" sizes=\"auto, (max-width: 500px) 100vw, 500px\" \/><\/p>\n<p>Al-Kubaisi tambi\u00e9n lament\u00f3 que el ataque perjudicar\u00eda el estatus de los musulmanes en Francia: \u00abLos musulmanes en Francia tienen poder social y asociaciones y sus mezquitas est\u00e1n repletas. Este ataque da\u00f1\u00f3 todo eso. Millones de musulmanes no tienen nada que ver con eso &#8211; pero son ellos a los que culparan por ello\u00bb.<br \/><img loading=\"lazy\" decoding=\"async\" class=\"alignnone size-full wp-image-11627\" src=\"http:\/\/www2.memri.org\/espanol\/wp-content\/uploads\/2016\/01\/21858.jpg\" width=\"467\" height=\"207\" srcset=\"https:\/\/www2.memri.org\/espanol\/wp-content\/uploads\/2016\/01\/21858.jpg 467w, https:\/\/www2.memri.org\/espanol\/wp-content\/uploads\/2016\/01\/21858-300x133.jpg 300w\" sizes=\"auto, (max-width: 467px) 100vw, 467px\" \/><\/p>\n<p>Yousuf Al-Quait tuiteo bajo el hashtag \u00e1rabe #CharlieHebdo que fue lanzado inmediatamente despu\u00e9s del ataque: \u00abYo sab\u00eda que Europa no se quedar\u00eda de brazos cruzados frente a un r\u00e1pido crecimiento del Islam en su territorio, y que fabricar\u00eda otro 11 de Septiembre a fin de crear un pretexto para poner fin a la propagaci\u00f3n del Islam\u00bb.<br \/><img loading=\"lazy\" decoding=\"async\" class=\"alignnone size-full wp-image-11628\" src=\"http:\/\/www2.memri.org\/espanol\/wp-content\/uploads\/2016\/01\/21859.jpg\" width=\"491\" height=\"112\" srcset=\"https:\/\/www2.memri.org\/espanol\/wp-content\/uploads\/2016\/01\/21859.jpg 491w, https:\/\/www2.memri.org\/espanol\/wp-content\/uploads\/2016\/01\/21859-300x68.jpg 300w\" sizes=\"auto, (max-width: 491px) 100vw, 491px\" \/><\/p>\n<p><strong>Columnistas: Los jud\u00edos y la derecha radical francesa son responsables del ataque a <em>Charlie Hebdo<\/em><\/strong><\/p>\n<p>Algunos columnistas acusaron a los jud\u00edos y a la derecha radical francesa de llevar a cabo los ataques. El escritor jordano-palestino Al-Asad&#8217;Azouni, conocido por sus art\u00edculos antisemitas, <a href=\"#_edn6\" name=\"_ednref6\">[6]<\/a> escribi\u00f3 en un art\u00edculo titulado \u00abLa tragedia del [semanario] sat\u00edrico <em>Charlie Hebdo<\/em>&#8211; busquen a los jud\u00edos y a la extrema derecha francesa\u00bb, en el portal jordano Toda Jordania, acusaciones de que los jud\u00edos y la extrema derecha de Francia estaban detr\u00e1s del ataque, y tambi\u00e9n detr\u00e1s de las caricaturas que insultan al Profeta Mahoma. Este se\u00f1al\u00f3 que el motivo de los jud\u00edos en los ataques fue su deseo de lastimar al Islam y detener la ola de apoyo entre los c\u00edrculos oficiales europeos al establecimiento de un estado palestino. Este afirm\u00f3 adem\u00e1s, que los jud\u00edos estaban tambi\u00e9n detr\u00e1s de 11 de Septiembre, y por lo tanto hab\u00edan arrastrado a los Estados Unidos a las guerras de Irak y Afganist\u00e1n, y a la guerra contra el terrorismo, a fin de aliviar la presi\u00f3n sobre Israel respecto a la cuesti\u00f3n palestina. En cuanto a la derecha radical, Al-&#8216;Azouni afirm\u00f3 que esta trat\u00f3 de utilizar los ataques para avergonzar al gobierno franc\u00e9s y fortalecer su propia postura pol\u00edtica en el parlamento.<\/p>\n<p><img loading=\"lazy\" decoding=\"async\" class=\"alignnone size-full wp-image-11629\" src=\"http:\/\/www2.memri.org\/espanol\/wp-content\/uploads\/2016\/01\/21860.jpg\" width=\"151\" height=\"200\" \/><br \/><em>Asad Al-&#8216;Azouni<\/em><\/p>\n<p>Al-&#8216;Azouni escribi\u00f3: \u00ab&#8230; Los autores de este ataque terrorista son los jud\u00edos y el ala derecha de Francia&#8230; Los jud\u00edos han tenido como objetivo a toda Europa, y est\u00e1n comenzando con Francia. Estoy seguro de que este a\u00f1o Occidente ver\u00e1 oleadas masivas de terrorismo que, sin ninguna investigaci\u00f3n, ser\u00e1n atribuidos a los musulmanes\u00bb. Al-&#8216;Azouni afirm\u00f3 que los ataques estaban destinados a fomentar un clima anti-isl\u00e1mico, ante \u00abla clara parcialidad del p\u00fablico occidental, las instituciones y los medios de comunicaci\u00f3n hacia la cuesti\u00f3n palestina tras la reciente agresi\u00f3n israel\u00ed criminal contra Gaza\u00bb y el \u00abapoyo de los parlamentos occidentales para reconocer un estado palestino\u00bb.<\/p>\n<p>Este dijo adem\u00e1s: &#8216;La derecha en Francia es c\u00f3mplice de los jud\u00edos&#8217; en este tipo de cr\u00edmenes, ya que busca ganancias sin tener en cuenta los medios o los resultados. Como es bien sabido, el ala derecha de Francia desea m\u00e1s esca\u00f1os parlamentarios, y tambi\u00e9n busca poner en aprietos al gobierno. De la misma manera, sus intereses est\u00e1n alineados con los intereses de los jud\u00edos, al igual que en los [dem\u00e1s] pa\u00edses occidentales, y en los propios Estados Unidos. No se escapa que los jud\u00edos y el ala derecha en los Estados Unidos llevaron a cabo los ataques a las Torres Gemelas el 11 de septiembre, 2001 a fin de proteger la presi\u00f3n estadounidense sobre Israel en formular una soluci\u00f3n razonable al problema palestino. Estos arrastraron a [los Estados Unidos] hacia tres guerras: Afganist\u00e1n, Irak, y luego, la Guerra contra el Terrorismo&#8230;<\/p>\n<p>\u00ab[El ataque de Par\u00eds] tiene un doble objetivo. En primer lugar, [pretende] desviar el nuevo punto de inflexi\u00f3n occidental sobre la cuesti\u00f3n palestina y mantener a occidente apoyando s\u00f3lo a Israel. [Su] segundo, y m\u00e1s peligroso [objetivo es] perseguir al Islam en Occidente en lo general, ya que [esta religi\u00f3n] todav\u00eda atrae gente en Occidente, a pesar de las repercusiones del 11 de Septiembre&#8230;\u00bb <a href=\"#_edn7\" name=\"_ednref7\">[7]<\/a><br \/><img loading=\"lazy\" decoding=\"async\" class=\"alignnone size-full wp-image-11630\" src=\"http:\/\/www2.memri.org\/espanol\/wp-content\/uploads\/2016\/01\/21861.jpg\" width=\"346\" height=\"195\" srcset=\"https:\/\/www2.memri.org\/espanol\/wp-content\/uploads\/2016\/01\/21861.jpg 346w, https:\/\/www2.memri.org\/espanol\/wp-content\/uploads\/2016\/01\/21861-300x169.jpg 300w\" sizes=\"auto, (max-width: 346px) 100vw, 346px\" \/><\/p>\n<p><em>Caricatura en diario de Om\u00e1n: Israel controla tanto a las organizaciones terroristas y los medios de comunicaci\u00f3n occidentales, enfrent\u00e1ndolos unos a otros (Fuente: Al-Watan, Om\u00e1n 13 de enero, 2015)<\/em><\/p>\n<p>Daria Khaled, columnista de Sud\u00e1n en el diario qatar\u00ed <em>Al-Arabi Al-Jadid<\/em>en Londres tambi\u00e9n afirm\u00f3 que los atentados de Par\u00eds fueron un complot jud\u00edo y sionista dirigido a da\u00f1ar y perjudicar al <em>umma<\/em>isl\u00e1mico, ya que, seg\u00fan ella, Teodoro Herzl y los Sabios de Si\u00f3n lo hab\u00edan planeado en 1897: \u00abCuando todo Par\u00eds estuvo desconsolado por los ataques llevados a cabo por los hermanos Kouachi contra el diario <em>Charlie Hebdo<\/em>&#8230; no estuvo al tanto de una decepci\u00f3n siendo formulada fuera de las fronteras de Francia. Dada que toda la evidencia sobre los puntos en tierra al hecho de que se trata de un enga\u00f1o jud\u00edo, puedo decir que a los autores del ataque les fueron ofrecidos tentaciones pr\u00f3digas para llevarlas a cabo&#8230; Se trata de un enga\u00f1o total, y si como resultado, los parisinos adoptaron el lema &#8216;Todos somos Charlie&#8217;, tal como est\u00e1 sucediendo ahora, los jud\u00edos lo ven como un \u00e9xito y un triunfo que les alegra&#8230; \u00ab<\/p>\n<p>Ella dijo que los ataques lograr\u00edan su prop\u00f3sito cuando los pa\u00edses europeos marginen a los musulmanes dentro de sus fronteras, y establezcan una gran coalici\u00f3n internacional liderada por Estados Unidos a fin de \u00abeliminar a los musulmanes con el pretexto de purgar al mundo de terroristas&#8230;\u00bb Ella entonces pidi\u00f3 a los musulmanes que no se dejen enga\u00f1ar por las consignas dirigidas a da\u00f1ar al <em>umma<\/em>isl\u00e1mico, y presten atenci\u00f3n a los \u00abestratagemas de los sionistas y sus numerosos lacayos en la regi\u00f3n \u00e1rabe, porque el plan de los jud\u00edos fue establecido hace mucho tiempo, cuando su mayor Satan\u00e1s Herzl, se reuni\u00f3 en 1897 en Basilea, Suiza, con 300 de los m\u00e1s crueles Sabios de Si\u00f3n\u00bb. <a href=\"#_edn8\" name=\"_ednref8\">[8]<\/a><\/p>\n<p><strong>Hamas: Los jud\u00edos son responsables por los ataques; Todo jud\u00edo franc\u00e9s que emigre a Israel ser\u00e1 blanco de la resistencia<\/strong><\/p>\n<p>Hamas tambi\u00e9n afirm\u00f3 que los jud\u00edos e Israel fueron responsables de los atentados en Par\u00eds. Faiz Abu Shamala, columnista de portales de Hamas, culp\u00f3 a lo que este llam\u00f3 el odio de los jud\u00edos \u00abal Islam desde los d\u00edas del Profeta Mahoma, y &#8203;&#8203;el deseo de Israel de distraer la atenci\u00f3n de sus propios cr\u00edmenes. Este escribi\u00f3: \u00ab&#8230; Todos los medios de comunicaci\u00f3n estatales hebreos no pudieron blanquear a los terroristas israel\u00edes en la opini\u00f3n p\u00fablica &#8211; hasta el ataque contra el diario franc\u00e9s y, luego, el escenario de la matanza de los atacantes en la tienda jud\u00eda y la muerte de cuatro jud\u00edos. Estos eventos fueron un salvavidas para los jud\u00edos, [absolvi\u00e9ndolos de responsabilidad] por el crimen, [y] la secuencia de los acontecimientos indica que fue todo para el espect\u00e1culo&#8230;<\/p>\n<p>\u00ab\u00bfEstuvo la mente jud\u00eda perversa tras los acontecimientos en Francia? \u00bfPlant\u00f3 la inteligencia israel\u00ed el espect\u00e1culo de las explosiones? [Pregunto esto] especialmente ante el hecho de que el director del Mossad, y todo el equipo del Shin Bet se encuentran actualmente en Par\u00eds. Esta presencia plantea preguntas dif\u00edciles; la respuesta a estos es la miserable gran protesta organizada por el jud\u00edo Hollande, el presidente franc\u00e9s&#8230;\u00bb<\/p>\n<p><img loading=\"lazy\" decoding=\"async\" class=\"alignnone size-full wp-image-11631\" src=\"http:\/\/www2.memri.org\/espanol\/wp-content\/uploads\/2016\/01\/21862.jpg\" width=\"183\" height=\"150\" \/><br \/><em>Faiz Abu Shamala (imagen: Alarab.net)<\/em><\/p>\n<p>Abu Shamala a\u00f1adi\u00f3: \u00abLa historia demuestra que el perjudicar al Islam no es nada nuevo para los jud\u00edos, y que insultar al Profeta Mahoma no es producto de esta era. El odio de los jud\u00edos [hacia el Islam] fue revelado cuando exigieron compensaci\u00f3n por el da\u00f1o causado a los jud\u00edos de la [tribu] Banu Qurayzay y los jud\u00edos de la Pen\u00ednsula Ar\u00e1biga durante los d\u00edas del Profeta [Mahoma]. <a href=\"#_edn9\" name=\"_ednref9\">[9]<\/a> Se puso de manifiesto una vez m\u00e1s cuando la modelo germano-jud\u00eda Claudia Schiffer hizo una aparici\u00f3n p\u00fablica hace 30 a\u00f1os vestida con un traje de noche bordado con versos del Cor\u00e1n&#8230;\u00bb <a href=\"#_edn10\" name=\"_ednref10\">[10]<\/a><\/p>\n<p>El Departamento de Asuntos de Refugiados de Hamas emiti\u00f3 un comunicado culpando a Israel por los ataques de Par\u00eds, en particular el ataque al supermercado kosher, alegando que ten\u00eda como destino alentar a los jud\u00edos franceses a emigrar a Israel. El departamento amenaz\u00f3 de que cualquier inmigrante jud\u00edo franc\u00e9s que llegue a Israel se convertir\u00eda en un objetivo de la resistencia, declarando: \u00abLa propaganda sionista se aprovecha de todo evento para animar a los jud\u00edos del mundo a inmigrar a Israel. Por otra parte, las pandillas jud\u00edas participaron durante varios per\u00edodos en ataques destinados a fomentar a los jud\u00edos a que inmigren&#8230; Por lo tanto, las manos del estado de ocupaci\u00f3n liderado por [el Primer Ministro israel\u00ed] Netanyahu no est\u00e1n lejos de los acontecimientos en Francia, especialmente la situaci\u00f3n de rehenes en el restaurante jud\u00edo [sic]&#8230;\u00bb<\/p>\n<p><img loading=\"lazy\" decoding=\"async\" class=\"alignnone size-full wp-image-11632\" src=\"http:\/\/www2.memri.org\/espanol\/wp-content\/uploads\/2016\/01\/21866.jpg\" width=\"353\" height=\"196\" srcset=\"https:\/\/www2.memri.org\/espanol\/wp-content\/uploads\/2016\/01\/21866.jpg 353w, https:\/\/www2.memri.org\/espanol\/wp-content\/uploads\/2016\/01\/21866-300x167.jpg 300w\" sizes=\"auto, (max-width: 353px) 100vw, 353px\" \/><br \/><em>Logo del Departamento de Asuntos de Refugiados de Hamas<\/em><\/p>\n<p>El comunicado tambi\u00e9n advirti\u00f3 que \u00abcualquier inmigrante jud\u00edo que se comprometa a emigrar a la Palestina ocupada se convertir\u00e1 en blanco de la resistencia palestina&#8230;\u00bb <a href=\"#_edn11\" name=\"_ednref11\">[11]<\/a><\/p>\n<p><strong>Funcionario del r\u00e9gimen iran\u00ed: Israel y Francia est\u00e1n detr\u00e1s de los ataques de Par\u00eds<\/strong><\/p>\n<p>Ir\u00e1n tambi\u00e9n se\u00f1al\u00f3 con el dedo a Francia e Israel. El Comandante del Basij Mohammad Reza Naqdi dijo que el ataque a <em>Charlie Hebdo<\/em>fue una conspiraci\u00f3n occidental francesa destinada a detener la propagaci\u00f3n del Islam en Europa: \u00abLa arrogancia [es decir, Occidente], y especialmente Francia, se alarmaron por la simpat\u00eda hacia el Islam en Europa, y todas estas historias [de que los atacantes eran musulmanes]&#8230; son, de hecho, su respuesta a esta ola de simpat\u00eda. Estos complots occidentales pretenden demostrar que el Islam es brutal y [que los musulmanes] debe ser asesinados. Francia tambi\u00e9n est\u00e1 tomando estos pasos para legitimar sus cr\u00edmenes&#8230;\u00bb <a href=\"#_edn12\" name=\"_ednref12\">[12]<\/a><\/p>\n<p>En un discurso en Qom, el funcionario del r\u00e9gimen y jefe adjunto de la Asamblea de Expertos Ayatol\u00e1 Hashemi Shahroudi, culp\u00f3 a Israel, diciendo: \u00abEl r\u00e9gimen sionista es el principal director tras los eventos de Par\u00eds. Cl\u00e9rigos en el mundo isl\u00e1mico deben tener cuidado con el <em>fitna<\/em> ideado por los enemigos. El Islam es una religi\u00f3n de misericordia y compasi\u00f3n, y tales medidas extremas no tienen cabida en el Islam. <a href=\"#_edn13\" name=\"_ednref13\">[13]<\/a><\/p>\n<p><img loading=\"lazy\" decoding=\"async\" class=\"alignnone size-full wp-image-11633\" src=\"http:\/\/www2.memri.org\/espanol\/wp-content\/uploads\/2016\/01\/21863.jpg\" width=\"492\" height=\"189\" srcset=\"https:\/\/www2.memri.org\/espanol\/wp-content\/uploads\/2016\/01\/21863.jpg 492w, https:\/\/www2.memri.org\/espanol\/wp-content\/uploads\/2016\/01\/21863-300x115.jpg 300w\" sizes=\"auto, (max-width: 492px) 100vw, 492px\" \/><br \/><em>Caricaturas en portal cercano al Cuerpo de la Guardia Revolucionaria Isl\u00e1mica de Ir\u00e1n: Israel y el EIIS est\u00e1n detr\u00e1s de los ataques de Par\u00eds (Fuente: Tasnim, Ir\u00e1n 17 de enero, 2015)<\/em><\/p>\n<p><strong>Columnista saud\u00ed: Los ataques fueron planeados por elementos y reg\u00edmenes hostiles a los musulmanes<\/strong><\/p>\n<p>Jasser Al-Jasser, columnista del diario saudita <em>Al-Jazira<\/em>, tambi\u00e9n puso en duda la identidad de los autores de los atentados de Par\u00eds, pregunt\u00e1ndose por qu\u00e9 Francia fue atacada, en lugar de otros pa\u00edses europeos como Dinamarca y Holanda, que tambi\u00e9n publican caricaturas y una pel\u00edcula insultando al Profeta Mahoma y al Islam. Este agreg\u00f3 que los musulmanes y los \u00e1rabes no ten\u00edan ning\u00fan inter\u00e9s en perjudicar a Francia, teniendo en cuenta su pol\u00edtica comprensiva respecto a los palestinos, que \u00abenfureci\u00f3 a los israel\u00edes y a sus aliados\u00bb. Ante todo esto, pregunt\u00f3: \u00ab[Ten\u00edan como destino los ataques] avergonzar a los musulmanes, que dedos acusatorios les apunten, y les coloquen bajo vigilancia. Estas acciones no pod\u00edan haber sido planeadas por musulmanes, que quieren lo mejor para el Islam y los musulmanes. [Fueron] planeadas por elementos y reg\u00edmenes hostiles a los musulmanes, que trabajan para hacer que se involucren en este tipo de asuntos&#8230;\u00bb <a href=\"#_edn14\" name=\"_ednref14\">[14]<\/a><\/p>\n<p><strong>Los columnistas \u00e1rabes se oponen a las teor\u00edas de conspiraci\u00f3n: Adoptarlas no mejorara nuestra situaci\u00f3n<\/strong><\/p>\n<p>En respuesta a las afirmaciones de una conspiraci\u00f3n occidental, jud\u00eda, israel\u00ed y\/o francesa responsable por los atentados en Par\u00eds, varios art\u00edculos fueron publicados afirmando que tales teor\u00edas s\u00f3lo empeoran las cosas para los \u00e1rabes y los musulmanes y evitan la b\u00fasqueda de una soluci\u00f3n al problema.<\/p>\n<p>Mashari Al-Zaidi, columnista del diario saudita <em>Al-Sharq Al-Awsat<\/em>en Londres, rechaz\u00f3 las teor\u00edas de conspiraci\u00f3n, llamando a quienes las promueven \u00abguardianes de ilusiones\u00bb y \u00abcustodios de ilusiones\u00bb. Este escribi\u00f3: \u00abTal como se esperaba con la cultura \u00e1rabe e isl\u00e1mica predominante, los guardianes de la ilusi\u00f3n han comenzado a blandir sus espadas y picos para defender al becerro sagrado &#8211; el becerro de la ilusi\u00f3n. Estos son los \u00faltimos inventos de los custodios: El crimen en Francia, donde personas inocentes fueron blanco de asesinos que pertenecen al Islam no es m\u00e1s que una trama y un enga\u00f1o. Por qu\u00e9 la polic\u00eda francesa mat\u00f3 a los dos j\u00f3venes argelinos en lugar de arrestarlos? Resp\u00f3ndanme &#8211; por qu\u00e9?&#8230;<\/p>\n<p><img loading=\"lazy\" decoding=\"async\" class=\"alignnone size-full wp-image-11634\" src=\"http:\/\/www2.memri.org\/espanol\/wp-content\/uploads\/2016\/01\/21864.jpg\" width=\"136\" height=\"196\" \/><br \/><em>Mashari Al-Zaidi<\/em><\/p>\n<p>\u00abEl objetivo [de los traficantes de las teor\u00edas de conspiraci\u00f3n] es para reivindicarse a s\u00ed mismos, aislarse [a s\u00ed mismos de] la cr\u00edtica, esparcir el escepticismo, [y afirmar] que nuestra cultura, nuestro comportamiento y nuestras acciones son irreprensibles. [Estos afirman que] aquellos entre nosotros que llevaron a cabo estos cr\u00edmenes fueron insertados por diversos aparatos de inteligencia, o estaban motivados por una ira justificable, llevando a cabo la operaci\u00f3n para vengar el da\u00f1o a los musulmanes.<\/p>\n<p>\u00abEsta respuesta, que se mueve del reclamar responsabilidades a negarlo, es contradictorio, y ni siquiera muestra la m\u00e1s m\u00ednima verg\u00fcenza por esta inconsistencia&#8230;\u00bb <a href=\"#_edn15\" name=\"_ednref15\">[15]<\/a><\/p>\n<p>&#8216;Amru Al-Shubaki, columnista del diario egipcio <em>Al-Masri Al-Yawm<\/em>, afirm\u00f3 que la creencia en una conspiraci\u00f3n debilita a \u00e1rabes y musulmanes, y les pidi\u00f3 admitir que existen terroristas entre ellos y que trabajen para resolver el problema. Este escribi\u00f3: \u00abLa verdad es que la creencia profundamente arraigada en las teor\u00edas de conspiraci\u00f3n no va a mejorar nuestra situaci\u00f3n en lo absoluto&#8230; Existen aquellos entre los musulmanes que han adoptado la filosof\u00eda takfiri, y existe una minor\u00eda que ha realizado y contin\u00faa llevando a cabo el terrorismo en nombre del Islam. Esto es en lo que deber\u00edamos concentrarnos, no en la cuesti\u00f3n de si diversos aparatos de inteligencia se infiltraron en estos grupos o no&#8230; Si nos ocup\u00e1ramos de las razones del porque estos dos j\u00f3venes estuvieron involucrados en este ataque terrorista, y con los problemas culturales, pol\u00edticos y econ\u00f3micos y reconociendo de que existen desviaciones en nuestro pensamiento religioso, nuestra situaci\u00f3n habr\u00eda sido infinitamente mejor. Esto, en lugar de hablar primitivamente acerca de c\u00f3mo el Mossad llev\u00f3 a cabo el 11 de Septiembre en los Estados Unidos o el 8 de enero en Par\u00eds, y en lugar de hablar de que la polic\u00eda tram\u00f3 conspiraciones, ignorando el hecho de que la fuerza policial profesional [francesa] determin\u00f3 la identidad de los sospechosos en cuesti\u00f3n de horas y detuvo a nueve de ellos, en lugar de cientos o miles de personas, tal como sucede a menudo en nuestros pa\u00edses&#8230;<\/p>\n<p>\u00abRequerimos un cambio fundamental en nuestro proceso de pensamiento respecto a un complot hecho en &#8216;cuartos oscuros&#8217; que vemos como un plan de las superpotencias para servir a sus intereses&#8230;\u00bb <a href=\"#_edn16\" name=\"_ednref16\">[16]<\/a><\/p>\n<p><img loading=\"lazy\" decoding=\"async\" class=\"alignnone size-full wp-image-11635\" src=\"http:\/\/www2.memri.org\/espanol\/wp-content\/uploads\/2016\/01\/21865.jpg\" width=\"194\" height=\"191\" \/><br \/><em>&#8216;Amru Al-Shubaki (Imagen: Al-Masri Al-Yawm)<\/em><\/p>\n<\/p>\n<hr class=\"c1\" size=\"1\" width=\"33%\" \/>\n<p><a href=\"#_ednref1\" name=\"_edn1\">[1]<\/a> Algeriaworld.net 11 de enero, 2015.<\/p>\n<p><a href=\"#_ednref2\" name=\"_edn2\">[2]<\/a> En realidad, fue la filial de Al-Qaeda en Yemen, en lugar del EIIS, que se atribuy\u00f3 la responsabilidad por el ataque a <em>Charlie Hebdo<\/em>.<\/p>\n<p><a href=\"#_ednref3\" name=\"_edn3\">[3]<\/a> <em>Al-Maw&#8217;id<\/em> (Argelia), 9 de enero, 2015.<\/p>\n<p><a href=\"#_ednref4\" name=\"_edn4\">[4]<\/a> <em>Al-Wafd<\/em> (Egipto) 16 de enero, 2015.<\/p>\n<p><a href=\"#_ednref5\" name=\"_edn5\">[5]<\/a> V\u00e9ase MEMRI Despacho Especial No.5923 <a href=\"http:\/\/www.memri.org\/report\/en\/0\/0\/0\/0\/0\/0\/8367.htm\">Editor del diario qatar\u00ed &#8216;Al-Arab&#8217;: Los musulmanes no necesitan disculparse por el ataque a <em>&#8216;Charlie Hebdo&#8217;<\/em><\/a>, 8 de enero, 2015.<\/p>\n<p><a href=\"#_ednref6\" name=\"_edn6\">[6]<\/a> V\u00e9ase, entre otros informes, MEMRI Despacho Especial No. 4704, <a href=\"http:\/\/www.memri.org\/report\/en\/0\/0\/0\/0\/0\/0\/6341.htm\">Escritor jordano: Los jud\u00edos utilizan sangre cristiana para hacer Matzas<\/a>, 7 de mayo, 2012; MEMRI Despacho Especial No. 5727, <a href=\"http:\/\/www.memri.org\/report\/en\/0\/0\/0\/0\/247\/0\/7962.htm\">periodista jordano: Israel env\u00eda verracos y ratones al Jord\u00e1n a fin de arruinar la agricultura<\/a>, 2 de mayo, 2014; Despacho Especial No. 5278, <a href=\"http:\/\/www.memri.org\/report\/en\/0\/0\/0\/0\/0\/0\/7137.htm\">\u00abPeriodista jordano: Los jud\u00edos y la derecha estadounidense est\u00e1n detr\u00e1s del atentado en Boston, al igual que lo estuvieron el<\/a> 11 de Septiembre\u00bb, 18 de abril, 2013.<\/p>\n<p><a href=\"#_ednref7\" name=\"_edn7\">[7]<\/a> Allofjo.net 8 de enero, 2015.<\/p>\n<p><a href=\"#_ednref8\" name=\"_edn8\">[8]<\/a> <em>Al-Arabi Al-Jadid<\/em>, (Londres) 12 de enero, 2015.<\/p>\n<p><a href=\"#_ednref9\" name=\"_edn9\">[9]<\/a> Seg\u00fan la tradici\u00f3n isl\u00e1mica, en el 628 CE, Mahoma expuls\u00f3 a las tribus jud\u00edas de Banu Qaynuqa y Banu Nadir de la ciudad de Medina. La tribu de los Banu Qurayza fue totalmente exterminada &#8211; los hombres ejecutados y las mujeres, ni\u00f1os y bienes divididos entre los musulmanes. Mahoma tambi\u00e9n someti\u00f3 a los jud\u00edos de Khaybar (incluyendo a los jud\u00edos de Banu Nadir que se hab\u00edan trasladado all\u00ed), pero permiti\u00f3 que se queden y sigan trabajando la tierra siempre que les dieran a los musulmanes de Medina la mitad de sus cosechas. Durante los d\u00edas del segundo Califa, &#8216;Umar ibn Al-Jattab, los jud\u00edos fueron expulsados &#8203;&#8203;de Khaybar y sus tierras fueron divididas entre los musulmanes.<\/p>\n<p><a href=\"#_ednref10\" name=\"_edn10\">[10]<\/a> Paltimes.net 13 de enero, 2015.<\/p>\n<p><a href=\"#_ednref11\" name=\"_edn11\">[11]<\/a> Drah.ps, 12 de enero, 2015<\/p>\n<p><a href=\"#_ednref12\" name=\"_edn12\">[12]<\/a> Mehr (Ir\u00e1n) 14 de enero, 2015.<\/p>\n<p><a href=\"#_ednref13\" name=\"_edn13\">[13]<\/a> Iribnews.ir 17 de enero, 2015.<\/p>\n<p><a href=\"#_ednref14\" name=\"_edn14\">[14]<\/a> <em>Al-Jazira<\/em> (Arabia Saudita) 14 de enero, 2015.<\/p>\n<p><a href=\"#_ednref15\" name=\"_edn15\">[15]<\/a> <em>Al-Sharq Al-Awsat<\/em> (Londres) 11 de enero, 2015.<\/p>\n<p><a href=\"#_ednref16\" name=\"_edn16\">[16]<\/a> <em>Al-Masri Al-Yawm<\/em> (Egipto) 14 de enero, 2015.<\/p>\n<\/div>\n","protected":false},"excerpt":{"rendered":"<p>Al igual que con los ataques del 11de Septiembre, las teor\u00edas de conspiraci\u00f3n en relaci\u00f3n con los ataques terroristas de enero, 2015 en Par\u00eds, a las oficinas del semanario sat\u00edrico Charlie Hebdo y a un supermercado jud\u00edo, se extendieron por todo el mundo \u00e1rabe e Ir\u00e1n; estas afirman diversamente que los ataques fueron obra de [&hellip;]<\/p>\n","protected":false},"author":1,"featured_media":11624,"comment_status":"open","ping_status":"open","sticky":false,"template":"","format":"standard","meta":{"footnotes":""},"categories":[6],"tags":[],"class_list":["post-8428","post","type-post","status-publish","format-standard","has-post-thumbnail","hentry","category-comunicados-especiales"],"_links":{"self":[{"href":"https:\/\/www2.memri.org\/espanol\/wp-json\/wp\/v2\/posts\/8428","targetHints":{"allow":["GET"]}}],"collection":[{"href":"https:\/\/www2.memri.org\/espanol\/wp-json\/wp\/v2\/posts"}],"about":[{"href":"https:\/\/www2.memri.org\/espanol\/wp-json\/wp\/v2\/types\/post"}],"author":[{"embeddable":true,"href":"https:\/\/www2.memri.org\/espanol\/wp-json\/wp\/v2\/users\/1"}],"replies":[{"embeddable":true,"href":"https:\/\/www2.memri.org\/espanol\/wp-json\/wp\/v2\/comments?post=8428"}],"version-history":[{"count":0,"href":"https:\/\/www2.memri.org\/espanol\/wp-json\/wp\/v2\/posts\/8428\/revisions"}],"wp:featuredmedia":[{"embeddable":true,"href":"https:\/\/www2.memri.org\/espanol\/wp-json\/wp\/v2\/media\/11624"}],"wp:attachment":[{"href":"https:\/\/www2.memri.org\/espanol\/wp-json\/wp\/v2\/media?parent=8428"}],"wp:term":[{"taxonomy":"category","embeddable":true,"href":"https:\/\/www2.memri.org\/espanol\/wp-json\/wp\/v2\/categories?post=8428"},{"taxonomy":"post_tag","embeddable":true,"href":"https:\/\/www2.memri.org\/espanol\/wp-json\/wp\/v2\/tags?post=8428"}],"curies":[{"name":"wp","href":"https:\/\/api.w.org\/{rel}","templated":true}]}}