{"id":842,"date":"2004-12-20T00:00:00","date_gmt":"2004-12-20T00:00:00","guid":{"rendered":"http:\/\/www2.memri.org\/espanol\/2004\/12\/20\/revisionista-frances-a-proposito-de-la-prohibicion-de-al-manar-la-gran-mentira-del-presunto-holocausto-es-el-escudo-de-la-tirania-judia-destruidla\/"},"modified":"2004-12-20T00:00:00","modified_gmt":"2004-12-20T00:00:00","slug":"revisionista-frances-a-proposito-de-la-prohibicion-de-al-manar-la-gran-mentira-del-presunto-holocausto-es-el-escudo-de-la-tirania-judia-destruidla","status":"publish","type":"post","link":"https:\/\/www2.memri.org\/espanol\/revisionista-frances-a-proposito-de-la-prohibicion-de-al-manar-la-gran-mentira-del-presunto-holocausto-es-el-escudo-de-la-tirania-judia-destruidla\/842","title":{"rendered":"Revisionista franc\u00e9s a prop\u00f3sito de la prohibici\u00f3n de Al-Manar: \u2018La gran mentira del presunto Holocausto&#8230; es el escudo de la tiran\u00eda jud\u00eda&#8230; \u00a1Destruidla!&#8217;"},"content":{"rendered":"<div class=\"bodytext c1\">\n<p><em>El s\u00e1bado 18 de diciembre del 2004, el revisionista franc\u00e9s prof. Robert Faurisson, ex conferenciante de la Universidad de Lyon, concedi\u00f3 una entrevista a la Mehr News Agency de Ir\u00e1n a prop\u00f3sito de la decisi\u00f3n de Francia de prohibir Al-Manar TV. Lo siguiente es la entrevista:<\/em><\/p>\n<p><strong><em>Mehr News Agency:<\/em><\/strong>\u00abEl tribunal supremo administrativo de Francia, el Consejo de Estado, fall\u00f3 con decisi\u00f3n [a favor] de prohibir [la cadena de televisi\u00f3n] Al Manar la semana pasada, alegando que el canal hab\u00eda violado repetidamente las leyes anti-odio [racial] del pa\u00eds, e ignorado su propia solicitud [del tribunal] de evitar hacer declaraciones antisemitas. \u00bfCu\u00e1l es su opini\u00f3n del veredicto?\u00bb.<\/p>\n<p><strong><em>Faurisson:<\/em><\/strong> \u00abDesafortunadamente, es absolutamente normal. En Francia, las organizaciones jud\u00edas obtienen lo que piden. Y especialmente el Conseil Repr\u00e9sentatif des Institutions Juives de France (CRIF), dirigido por el ex banquero Roger Cukierman, que fue meramente instrumental en la campa\u00f1a contra <em>Al Manar<\/em>\u00ab.<\/p>\n<p><strong><em>MNA:<\/em><\/strong> \u00ab\u00bfCree que el lobby sionista de Estados Unidos influy\u00f3 en el veredicto de Francia de prohibir <em>Al Manar<\/em>?\u00bb.<\/p>\n<p><strong><em>Faurisson:<\/em><\/strong> \u00abEn Francia, el poder jud\u00edo es incluso m\u00e1s fuerte que en Estados Unidos. En Francia es nuestro lobby n\u00famero uno. Nadie se atreve a decir [algo] en contra de esta gente por su supuesto &#8216;Holocausto'\u00bb.<\/p>\n<p><strong><em>MNA:<\/em><\/strong> \u00abFrancia afirma ser pionera en la libertad de expresi\u00f3n, as\u00ed que \u00bfc\u00f3mo eval\u00faa esta afirmaci\u00f3n?. \u00bfNo va el reciente veredicto en contra de la libertad de expresi\u00f3n y la dignidad humana?\u00bb.<\/p>\n<p><strong><em>Faurisson:<\/em><\/strong> \u00ab\u00a1Por favor, no sea ingenuo!. En 1789, Francia dijo: &#8216;Libert\u00e9, \u00e9galit\u00e9, fraternit\u00e9&#8217;. Tres a\u00f1os despu\u00e9s, Francia inici\u00f3 las masacres en masa de ciudadanos franceses en nombre de la &#8216;Libert\u00e9, \u00e9galit\u00e9, fraternit\u00e9&#8217;. Decir una cosa y hacer la contraria es una vieja tradici\u00f3n. En el C\u00f3digo Penal, tenemos un apartado que dice que la libertad de opini\u00f3n, de prensa, de investigaci\u00f3n, es un principio, y despu\u00e9s tenemos p\u00e1ginas y p\u00e1ginas explicando que esa libertad es tan importante que es necesario protegerla mediante docenas de observaciones, excepciones, prohibiciones, etc.\u00bb.<\/p>\n<p><strong><em>MNA:<\/em><\/strong> \u00abEn realidad, Francia no respeta los derechos de sus ciudadanos, dado que ha prohibido el <em>hijab<\/em> (pa\u00f1uelo isl\u00e1mico) en la escuela p\u00fablica. \u00bfC\u00f3mo eval\u00faa eso?\u00bb.<\/p>\n<p><strong><em>Faurisson:<\/em><\/strong> \u00abPorque los jud\u00edos, en cierto modo, est\u00e1n acostumbrados a tratar a los franceses como tratan a los palestinos. La diferencia es que los palestinos se niegan a obedecer a los jud\u00edos, mientras que los franceses obedecen a los jud\u00edos, de nuevo por la Gran Mentira del presunto &#8216;Holocausto&#8217;, en la que desafortunadamente parecen creer.<\/p>\n<p>\u00abEl presunto &#8216;Holocausto&#8217; de los jud\u00edos es la espada y el escudo de la tiran\u00eda jud\u00eda sobre todo el mundo. \u00a1Destruidla!\u00bb.<\/p>\n<\/div>\n","protected":false},"excerpt":{"rendered":"<p>El s\u00e1bado 18 de diciembre del 2004, el revisionista franc\u00e9s prof. Robert Faurisson, ex conferenciante de la Universidad de Lyon, concedi\u00f3 una entrevista a la Mehr News Agency de Ir\u00e1n a prop\u00f3sito de la decisi\u00f3n de Francia de prohibir Al-Manar TV. Lo siguiente es la entrevista: Mehr News Agency:\u00abEl tribunal supremo administrativo de Francia, el [&hellip;]<\/p>\n","protected":false},"author":1,"featured_media":0,"comment_status":"open","ping_status":"open","sticky":false,"template":"","format":"standard","meta":{"footnotes":""},"categories":[6,20,16],"tags":[],"class_list":["post-842","post","type-post","status-publish","format-standard","hentry","category-comunicados-especiales","category-iran","category-proyecto-documental-sobre-antisemitismo"],"_links":{"self":[{"href":"https:\/\/www2.memri.org\/espanol\/wp-json\/wp\/v2\/posts\/842","targetHints":{"allow":["GET"]}}],"collection":[{"href":"https:\/\/www2.memri.org\/espanol\/wp-json\/wp\/v2\/posts"}],"about":[{"href":"https:\/\/www2.memri.org\/espanol\/wp-json\/wp\/v2\/types\/post"}],"author":[{"embeddable":true,"href":"https:\/\/www2.memri.org\/espanol\/wp-json\/wp\/v2\/users\/1"}],"replies":[{"embeddable":true,"href":"https:\/\/www2.memri.org\/espanol\/wp-json\/wp\/v2\/comments?post=842"}],"version-history":[{"count":0,"href":"https:\/\/www2.memri.org\/espanol\/wp-json\/wp\/v2\/posts\/842\/revisions"}],"wp:attachment":[{"href":"https:\/\/www2.memri.org\/espanol\/wp-json\/wp\/v2\/media?parent=842"}],"wp:term":[{"taxonomy":"category","embeddable":true,"href":"https:\/\/www2.memri.org\/espanol\/wp-json\/wp\/v2\/categories?post=842"},{"taxonomy":"post_tag","embeddable":true,"href":"https:\/\/www2.memri.org\/espanol\/wp-json\/wp\/v2\/tags?post=842"}],"curies":[{"name":"wp","href":"https:\/\/api.w.org\/{rel}","templated":true}]}}