{"id":7770,"date":"2014-06-16T00:00:00","date_gmt":"2014-06-16T00:00:00","guid":{"rendered":"http:\/\/www2.memri.org\/espanol\/2014\/06\/16\/editor-de-al-hayat-ghassan-charbel-mientras-el-resto-del-mundo-ve-la-copa-del-mundo-nosotros-observamos-el-colapso-de-irak\/"},"modified":"2016-01-14T00:38:11","modified_gmt":"2016-01-14T00:38:11","slug":"editor-de-al-hayat-ghassan-charbel-mientras-el-resto-del-mundo-ve-la-copa-del-mundo-nosotros-observamos-el-colapso-de-irak","status":"publish","type":"post","link":"https:\/\/www2.memri.org\/espanol\/editor-de-al-hayat-ghassan-charbel-mientras-el-resto-del-mundo-ve-la-copa-del-mundo-nosotros-observamos-el-colapso-de-irak\/7770","title":{"rendered":"Editor de &#8216;Al-Hayat&#8217; Ghassan Charbel: Mientras el resto del mundo ve la Copa del Mundo, nosotros observamos el colapso de Irak"},"content":{"rendered":"<div class=\"bodytext c2\">\n<p><em>El 13 de junio del 2014, Ghassan Charbel, editor del diario londinense Al-Hayat, public\u00f3 un art\u00edculo titulado \u00abMientras Irak se desmorona\u00bb, en el que afirmaba que, mientras el mundo \u00abnormal\u00bb est\u00e1 ocupado con la Copa del Mundo 2014 en Brasil, los \u00e1rabes, en la \u00abparte maldita del mundo\u00bb, est\u00e1n viendo al Estado Isl\u00e1mico de Irak y Siria (EIIS) hacerse cargo de Irak y destruirlo. Este afirma que el colapso de Irak se debe a muchos factores, tanto internos como externos, incluyendo la guerra en curso en Siria, y da a entender que Rusia tiene parte de la culpa por su continuo apoyo al r\u00e9gimen de Assad. Por lo tanto, rechaza la declaraci\u00f3n del Ministro de Asuntos Exteriores de Rusia Sergu\u00e9i Lavrov, quien culp\u00f3 a los Estados Unidos como \u00fanico responsable de la crisis iraqu\u00ed.<\/em><\/p>\n<p><em>Citando a un pol\u00edtico iraqu\u00ed no identificado, Charbel sostiene que es un cambio pol\u00edtico interno, en lugar de una intervenci\u00f3n externa peligrosa, que salvar\u00e1 a Irak del colapso.<\/em><\/p>\n<p><em>Lo siguiente son extractos del art\u00edculo:<a href=\"file:\/\/\/C:\/Users\/Designer\/AppData\/Local\/Temp\/eM%20Client%20temporary%20files\/4tegvtxf.xko\/SD%205771%20-%2006.16%20-%20(1)%20Al-Hayat%20-%20El%20mundo%20ve%20la%20Copa%20del%20Mundo,%20nosotros%20observamos%20el%20colapso%20de%20Irak.docx\" name=\"_ednref1\"><strong>[1]<\/strong><\/a><\/em><\/p>\n<p><em><img loading=\"lazy\" decoding=\"async\" class=\"alignnone size-full wp-image-13113\" src=\"http:\/\/www2.memri.org\/espanol\/wp-content\/uploads\/2016\/01\/19502.jpg\" width=\"332\" height=\"219\" srcset=\"https:\/\/www2.memri.org\/espanol\/wp-content\/uploads\/2016\/01\/19502.jpg 332w, https:\/\/www2.memri.org\/espanol\/wp-content\/uploads\/2016\/01\/19502-300x198.jpg 300w\" sizes=\"auto, (max-width: 332px) 100vw, 332px\" \/><br \/>Ghassan Charbel<\/em><\/p>\n<p>\u00abEs como si estuvi\u00e9ramos en una parte maldita del mundo. Los ojos del mundo est\u00e1n en Brasil, y tres cuartas partes de sus habitantes est\u00e1n ocupados con la Copa del Mundo. Est\u00e1n en unas vacaciones de f\u00fatbol, comprando camisetas y colgando banderas en los balcones. Est\u00e1n pegados a sus pantallas de televisi\u00f3n y preguntan por Neymar de Brasil, Lionel Messi de Argentina, y Cristiano Ronaldo de Portugal. Redes de [goles] tiemblan mientras se anota un gol, y las im\u00e1genes son transmitidas alrededor del mundo. Los comentaristas est\u00e1n ocupados analizando tiros libres y penales, y lo peor que puede pasar es que una tarjeta amarilla se convierta en una tarjeta roja [cuando un jugador es expulsado del juego].<\/p>\n<p>\u00ab[Pero] nosotros somos el pueblo de la parte maldita del mundo. A medida que el [resto] de los ojos del mundo ve a Brasil, nosotros nos seguimos hundiendo en el abismo, el seguimiento de las intenciones asesinas del EIIS y [su l\u00edder] Abu Bakr Al-Baghdadi, el ver la red del guardameta del [Primer Ministro iraqu\u00ed] Nouri Al-Maliki temblar [mientras el EIIS anota en su contra] y su equipo se derrumba. El mundo est\u00e1 ocupado con las guerras suaves que terminan con un trofeo, y seguimos nuestro descenso de un infierno a otro. Nuestros mapas se desmoronan bajo el tal\u00f3n de nuestro fanatismo ciego, y nuestros medios de comunicaci\u00f3n se revuelcan en odio y sangre. [El mundo] est\u00e1 inmerso en honor a los ganadores, mientras que nosotros estamos inmersos en funerales y olas de refugiados.<\/p>\n<p>\u00abDejemos la Copa del Mundo a su gente &#8211; a los pueblos normales que viven en los pa\u00edses normales. Tenemos asuntos m\u00e1s importantes &#8211; un partido letal en suelo iraqu\u00ed, cuyos resultados se extender\u00e1n m\u00e1s all\u00e1 de sus fronteras. \u00bfLo qu\u00e9 ha sucedido en los \u00faltimos d\u00edas no es nada simple. Se trata de un completo colapso de las fuerzas armadas de Irak. Puedo ir tan lejos como para decir un colapso total de Irak. \u00bfQui\u00e9n puede creer que el EIIS ha tomado de repente m\u00e1s de mil armas de fuego, misiles, herramientas y grandes cantidades de municiones, y que el que da \u00f3rdenes en Mosul es un ex oficial del ej\u00e9rcito de Saddam, [o] que el nuevo maestro de la ciudad sabe que hay 500 millones de d\u00f3lares en su sucursal del banco central? Esto est\u00e1 m\u00e1s all\u00e1 de la imaginaci\u00f3n o de alguna creencia.<\/p>\n<p>\u00abLlam\u00e9 a mis amigos en Irak. Por primera vez pod\u00eda sentir su temor por la capital, la coexistencia restante y la unidad de Irak. Cuando describen los desarrollos, la expresi\u00f3n &#8216;colapso total&#8217; segu\u00eda apareciendo. Las palabras de un determinado pol\u00edtico [iraqu\u00ed] me dieron que pensar: Irak no ser\u00e1 rescatada desde el exterior, y los ataques estadounidenses sobre el EIIS, si se producen, no resolver\u00e1 el problema. Ir\u00e1n [tambi\u00e9n] sabe muy bien los peligros de la intervenci\u00f3n militar directa por parte de sus fuerzas, y lo mismo ocurre con Turqu\u00eda. Este pol\u00edtico dijo que el tiempo se acaba r\u00e1pidamente, y que detener el deterioro debe incluir primero la renuncia de Al-Maliki, a fin de permitir que un gobierno de unidad garantice la defensa de Bagdad y evite una gran masacre en los alrededores de esta. Un gobierno que iniciar\u00eda de inmediato la reorganizaci\u00f3n de sus fuerzas armadas y cooperar\u00e1 con las fuerzas en el Kurdist\u00e1n y los residentes de las zonas cuyas vidas est\u00e1n amenazadas por el EIIS y sus aliados&#8230;<\/p>\n<p>\u00abEl pol\u00edtico hizo hincapi\u00e9 en que el retraso de una respuesta al colapso [de Irak] significar\u00eda la guerra civil y la escalada de los conflictos entre las diversas partes [de la poblaci\u00f3n] sobre el territorio y los recursos de Irak. Esto necesariamente ser\u00e1 acompa\u00f1ado por masacres, expulsiones, y la finalizaci\u00f3n de la partici\u00f3n de [Irak] en l\u00edneas sectarias&#8230;<\/p>\n<p>\u00ab[El ministro de Relaciones Exteriores ruso] Sergey Lavrov tiene derecho a burlarse de los resultados tr\u00e1gicos de la invasi\u00f3n estadounidense a Irak. Este no exager\u00f3 cuando dijo que &#8216;la unidad de Irak est\u00e1 en peligro&#8217;. Sin embargo, es dif\u00edcil decir que s\u00f3lo la pol\u00edtica estadounidense tiene sangre iraqu\u00ed en sus manos. La sangre iraqu\u00ed est\u00e1 [tambi\u00e9n] en las manos de muchos otros dentro y fuera de Irak. Lavrov se equivoca al hablar como si este fuera el jefe de la Comisi\u00f3n Internacional de la Cruz Roja. La demora en poner fin a la guerra de Siria es una causa principal del colapso en Irak. Qui\u00e9n sabe, ma\u00f1ana alguien puede mencionar que las manos de Lavrov no est\u00e1n limpias por la sangre [derramada] en la regi\u00f3n.<\/p>\n<p>\u00abEl mundo est\u00e1 ocupado acogiendo la Copa del Mundo, mientras que nosotros [los \u00e1rabes] estamos ocupados despidiendo a la Irak que conocimos y una vez pensamos era inmune al colapso y a la partici\u00f3n&#8230;\u00bb<\/p>\n<\/p>\n<hr class=\"c1\" size=\"1\" width=\"33%\" \/>\n<p><a href=\"file:\/\/\/C:\/Users\/Designer\/AppData\/Local\/Temp\/eM%20Client%20temporary%20files\/4tegvtxf.xko\/SD%205771%20-%2006.16%20-%20(1)%20Al-Hayat%20-%20El%20mundo%20ve%20la%20Copa%20del%20Mundo,%20nosotros%20observamos%20el%20colapso%20de%20Irak.docx\" name=\"_edn1\">[1]<\/a> <em>Al-Hayat<\/em> (Londres), 13 de junio, 2014.<\/p>\n<\/div>\n","protected":false},"excerpt":{"rendered":"<p>El 13 de junio del 2014, Ghassan Charbel, editor del diario londinense Al-Hayat, public\u00f3 un art\u00edculo titulado \u00abMientras Irak se desmorona\u00bb, en el que afirmaba que, mientras el mundo \u00abnormal\u00bb est\u00e1 ocupado con la Copa del Mundo 2014 en Brasil, los \u00e1rabes, en la \u00abparte maldita del mundo\u00bb, est\u00e1n viendo al Estado Isl\u00e1mico de Irak [&hellip;]<\/p>\n","protected":false},"author":1,"featured_media":13113,"comment_status":"open","ping_status":"open","sticky":false,"template":"","format":"standard","meta":{"footnotes":""},"categories":[6,21],"tags":[],"class_list":["post-7770","post","type-post","status-publish","format-standard","has-post-thumbnail","hentry","category-comunicados-especiales","category-irak"],"_links":{"self":[{"href":"https:\/\/www2.memri.org\/espanol\/wp-json\/wp\/v2\/posts\/7770","targetHints":{"allow":["GET"]}}],"collection":[{"href":"https:\/\/www2.memri.org\/espanol\/wp-json\/wp\/v2\/posts"}],"about":[{"href":"https:\/\/www2.memri.org\/espanol\/wp-json\/wp\/v2\/types\/post"}],"author":[{"embeddable":true,"href":"https:\/\/www2.memri.org\/espanol\/wp-json\/wp\/v2\/users\/1"}],"replies":[{"embeddable":true,"href":"https:\/\/www2.memri.org\/espanol\/wp-json\/wp\/v2\/comments?post=7770"}],"version-history":[{"count":0,"href":"https:\/\/www2.memri.org\/espanol\/wp-json\/wp\/v2\/posts\/7770\/revisions"}],"wp:featuredmedia":[{"embeddable":true,"href":"https:\/\/www2.memri.org\/espanol\/wp-json\/wp\/v2\/media\/13113"}],"wp:attachment":[{"href":"https:\/\/www2.memri.org\/espanol\/wp-json\/wp\/v2\/media?parent=7770"}],"wp:term":[{"taxonomy":"category","embeddable":true,"href":"https:\/\/www2.memri.org\/espanol\/wp-json\/wp\/v2\/categories?post=7770"},{"taxonomy":"post_tag","embeddable":true,"href":"https:\/\/www2.memri.org\/espanol\/wp-json\/wp\/v2\/tags?post=7770"}],"curies":[{"name":"wp","href":"https:\/\/api.w.org\/{rel}","templated":true}]}}