{"id":7766,"date":"2014-06-16T00:00:00","date_gmt":"2014-06-16T00:00:00","guid":{"rendered":"http:\/\/www2.memri.org\/espanol\/2014\/06\/16\/ejecuciones-estilo-nazi-de-chiitas-por-el-eiis-en-irak-advertencia-contenido-muy-grafico\/"},"modified":"2016-01-14T00:38:06","modified_gmt":"2016-01-14T00:38:06","slug":"ejecuciones-estilo-nazi-de-chiitas-por-el-eiis-en-irak-advertencia-contenido-muy-grafico","status":"publish","type":"post","link":"https:\/\/www2.memri.org\/espanol\/ejecuciones-estilo-nazi-de-chiitas-por-el-eiis-en-irak-advertencia-contenido-muy-grafico\/7766","title":{"rendered":"Ejecuciones estilo nazi de chiitas por el EIIS en Irak (Advertencia: CONTENIDO MUY GR\u00c1FICO)"},"content":{"rendered":"<div class=\"bodytext c2\">\n<p>La organizaci\u00f3n jihadista Estado Isl\u00e1mico de Irak y Siria (EIIS), que tom\u00f3 recientemente las regiones al norte de Irak y ahora empuja hacia Bagdad, est\u00e1 circulando fotos de sus combatientes que realizan ejecuciones en masa, supuestamente de soldados iraqu\u00edes. Las fotos fueron publicadas en la cuenta de Twitter del EIIS en la provincia de Salah Al-Din<a href=\"file:\/\/\/C:\/Users\/Designer\/AppData\/Local\/Temp\/eM%20Client%20temporary%20files\/gah4w3gw.md2\/SD%205770%20-%2006.16%20-%20(1)%20Ejecuciones%20estilo%20nazi%20de%20chiitas%20por%20el%20EIIS%20en%20Irak.docx\" name=\"_ednref1\">[1]<\/a> (que fue suspendida como resultado), y pronto se volvi\u00f3 viral en los medios de comunicaci\u00f3n sociales pro-EIIS. De acuerdo a tweets de los seguidores del EIIS, la organizaci\u00f3n hasta el momento ha ejecutado a m\u00e1s de 1.700 soldados iraqu\u00edes.<\/p>\n<p>Las im\u00e1genes, algunas de las cuales son extremadamente gr\u00e1ficas, muestran a decenas de hombres, la mayor\u00eda de ellos vestidos de civil, siendo cargados en camiones a punta de pistola, transportados a una locaci\u00f3n desconocida, y luego forzados a acostarse en fosas comunes de poca profundidad luego tiroteados. El EIIS se refiere a ellos como \u00ablos reba\u00f1os del ej\u00e9rcito Savafid [es decir, chiitas]\u00bb (es decir, el ej\u00e9rcito iraqu\u00ed) tratando de escapar de sus bases.<\/p>\n<p>A continuaci\u00f3n se presenta una muestra de las fotos:<\/p>\n<p><img loading=\"lazy\" decoding=\"async\" class=\"alignnone size-full wp-image-13087\" src=\"http:\/\/www2.memri.org\/espanol\/wp-content\/uploads\/2016\/01\/19497.jpg\" width=\"448\" height=\"256\" srcset=\"https:\/\/www2.memri.org\/espanol\/wp-content\/uploads\/2016\/01\/19497.jpg 448w, https:\/\/www2.memri.org\/espanol\/wp-content\/uploads\/2016\/01\/19497-300x171.jpg 300w\" sizes=\"auto, (max-width: 448px) 100vw, 448px\" \/><\/p>\n<p><img loading=\"lazy\" decoding=\"async\" class=\"alignnone size-full wp-image-13091\" src=\"http:\/\/www2.memri.org\/espanol\/wp-content\/uploads\/2016\/01\/19498.jpg\" width=\"448\" height=\"264\" srcset=\"https:\/\/www2.memri.org\/espanol\/wp-content\/uploads\/2016\/01\/19498.jpg 448w, https:\/\/www2.memri.org\/espanol\/wp-content\/uploads\/2016\/01\/19498-300x177.jpg 300w\" sizes=\"auto, (max-width: 448px) 100vw, 448px\" \/><\/p>\n<p><img loading=\"lazy\" decoding=\"async\" class=\"alignnone size-full wp-image-13095\" src=\"http:\/\/www2.memri.org\/espanol\/wp-content\/uploads\/2016\/01\/19499.jpg\" width=\"448\" height=\"256\" srcset=\"https:\/\/www2.memri.org\/espanol\/wp-content\/uploads\/2016\/01\/19499.jpg 448w, https:\/\/www2.memri.org\/espanol\/wp-content\/uploads\/2016\/01\/19499-300x171.jpg 300w\" sizes=\"auto, (max-width: 448px) 100vw, 448px\" \/><\/p>\n<\/p>\n<hr class=\"c1\" size=\"1\" width=\"33%\" \/>\n<p><a href=\"file:\/\/\/C:\/Users\/Designer\/AppData\/Local\/Temp\/eM%20Client%20temporary%20files\/gah4w3gw.md2\/SD%205770%20-%2006.16%20-%20(1)%20Ejecuciones%20estilo%20nazi%20de%20chiitas%20por%20el%20EIIS%20en%20Irak.docx\" name=\"_edn1\">[1]<\/a> Twitter.com\/w salahadden, 14 de junio, 2014<\/p>\n<\/div>\n","protected":false},"excerpt":{"rendered":"<p>La organizaci\u00f3n jihadista Estado Isl\u00e1mico de Irak y Siria (EIIS), que tom\u00f3 recientemente las regiones al norte de Irak y ahora empuja hacia Bagdad, est\u00e1 circulando fotos de sus combatientes que realizan ejecuciones en masa, supuestamente de soldados iraqu\u00edes. Las fotos fueron publicadas en la cuenta de Twitter del EIIS en la provincia de Salah [&hellip;]<\/p>\n","protected":false},"author":1,"featured_media":13087,"comment_status":"open","ping_status":"open","sticky":false,"template":"","format":"standard","meta":{"footnotes":""},"categories":[6,21],"tags":[],"class_list":["post-7766","post","type-post","status-publish","format-standard","has-post-thumbnail","hentry","category-comunicados-especiales","category-irak"],"_links":{"self":[{"href":"https:\/\/www2.memri.org\/espanol\/wp-json\/wp\/v2\/posts\/7766","targetHints":{"allow":["GET"]}}],"collection":[{"href":"https:\/\/www2.memri.org\/espanol\/wp-json\/wp\/v2\/posts"}],"about":[{"href":"https:\/\/www2.memri.org\/espanol\/wp-json\/wp\/v2\/types\/post"}],"author":[{"embeddable":true,"href":"https:\/\/www2.memri.org\/espanol\/wp-json\/wp\/v2\/users\/1"}],"replies":[{"embeddable":true,"href":"https:\/\/www2.memri.org\/espanol\/wp-json\/wp\/v2\/comments?post=7766"}],"version-history":[{"count":0,"href":"https:\/\/www2.memri.org\/espanol\/wp-json\/wp\/v2\/posts\/7766\/revisions"}],"wp:featuredmedia":[{"embeddable":true,"href":"https:\/\/www2.memri.org\/espanol\/wp-json\/wp\/v2\/media\/13087"}],"wp:attachment":[{"href":"https:\/\/www2.memri.org\/espanol\/wp-json\/wp\/v2\/media?parent=7766"}],"wp:term":[{"taxonomy":"category","embeddable":true,"href":"https:\/\/www2.memri.org\/espanol\/wp-json\/wp\/v2\/categories?post=7766"},{"taxonomy":"post_tag","embeddable":true,"href":"https:\/\/www2.memri.org\/espanol\/wp-json\/wp\/v2\/tags?post=7766"}],"curies":[{"name":"wp","href":"https:\/\/api.w.org\/{rel}","templated":true}]}}