{"id":7746,"date":"2014-06-11T00:00:00","date_gmt":"2014-06-11T00:00:00","guid":{"rendered":"http:\/\/www2.memri.org\/espanol\/2014\/06\/11\/el-politico-iraqui-ayad-jamal-al-din-al-maliki-deberia-ser-juzgado-por-alta-traicion-tras-captura-de-mosul-por-el-eiis\/"},"modified":"2014-06-11T00:00:00","modified_gmt":"2014-06-11T00:00:00","slug":"el-politico-iraqui-ayad-jamal-al-din-al-maliki-deberia-ser-juzgado-por-alta-traicion-tras-captura-de-mosul-por-el-eiis","status":"publish","type":"post","link":"https:\/\/www2.memri.org\/espanol\/el-politico-iraqui-ayad-jamal-al-din-al-maliki-deberia-ser-juzgado-por-alta-traicion-tras-captura-de-mosul-por-el-eiis\/7746","title":{"rendered":"El pol\u00edtico iraqu\u00ed Ayad Jamal Al-Din Al-Maliki deber\u00eda ser juzgado por alta traici\u00f3n tras captura de Mosul por el EIIS"},"content":{"rendered":"<div class=\"bodytext c2\">\n<p><em>En una reciente entrevista en televisi\u00f3n tras la ca\u00edda de Mosul en manos del EIIS, el pol\u00edtico iraqu\u00ed Ayad Jamal Al-Din dijo que el Primer Ministro Al-Maliki deber\u00eda ser llevado a juicio por alta traici\u00f3n. Este critic\u00f3 la pol\u00edtica de Estados Unidos, diciendo: \u00abLa guerra en Siria y la guerra en Irak son una y la misma&#8230; una guerra en contra del EIIS&#8230; Usted no puede combatir al EIIS en Irak y sin embargo apoyarlo en Siria\u00bb. Ayad Jamal Al-Din, cl\u00e9rigo chiita y ex parlamentario, que propugna la separaci\u00f3n entre religi\u00f3n y estado, habl\u00f3 desde Washington D.C. a la red Al-Arabiya.<\/em><\/p>\n<p><em>Lo siguiente son extractos de la entrevista, transmitida el 10 de junio, 2014.<\/em><\/p>\n<p class=\"c1\"><iframe height=\"485\" src=\"http:\/\/www.memritv.org\/player\/largePlayer.php?&amp;width=585&amp;height=485&amp;autoplay=0&amp;clipid=4301\" frameborder=\"0\" width=\"585\" allowtransparency=\"\" scrolling=\"no\"><\/iframe><\/p>\n<p><em>Haga clic aqu\u00ed para ver este video en MEMRI TV:<br \/><\/em> <a href=\"http:\/\/www.memritv.org\/clip\/en\/4301.htm\">http:\/\/www.memritv.org\/clip\/en\/4301.htm<\/a><\/p>\n<p><strong>\u00abNouri Al-Maliki, el Primer Ministro y Comandante General de las Fuerzas Armadas&#8230; deber\u00eda ser llevado a juicio por alta traici\u00f3n\u00bb<\/strong><\/p>\n<p><strong>Ayad Jamal Al-Din<\/strong>: \u00abQued\u00e9 muy sorprendido por la declaraci\u00f3n estadounidense, que se comprometi\u00f3 a apoyar a Irak en consonancia con el acuerdo estrat\u00e9gico. El mismo d\u00eda, los Estados Unidos declararon que esta se debilitar\u00eda&#8230; La guerra en Siria y la guerra en Irak son una y las mismas &#8211; tanto en Siria y en Irak, es una guerra en contra del EIIS. Los Estados Unidos se esfuerzan por debilitar al r\u00e9gimen sirio, y esto beneficia al EIIS, pero en Bagdad, este apoya al r\u00e9gimen en contra del EIIS. Esto es sospechoso y desconcertante, si le soy sincero.<\/p>\n<p>\u00abEn cuanto al colapso del ej\u00e9rcito iraqu\u00ed en Mosul &#8211; el ej\u00e9rcito es un reflejo de su comandante. Es Nouri Al-Maliki, el primer ministro y comandante general de las fuerzas armadas, los que deben ser llevados a juicio por alta traici\u00f3n. El personal militar no es responsable por el colapso en Mosul y en otras partes. Es el comandante general qui\u00e9n debe ser responsable y ser juzgado.<\/p>\n<p>\u00abEl problema con el EIIS es antiguo. No naci\u00f3 hoy. Es inapropiado justificar al EIIS. En las \u00faltimas dos horas, he escuchado a varios comentadores aqu\u00ed en Al-Arabiya TV, diciendo que los sunitas iraqu\u00edes son perseguidos y privados de sus derechos, y que es por eso que el EIIS ha conseguido hacerse de un pie en el pa\u00eds.<\/p>\n<p>\u00abEl EIIS se compone de los mismos terroristas que combaten en Libia, en Somalia, en Siria, en Afganist\u00e1n, en Nigeria, y en otros lugares. Los nombres de las organizaciones pueden variar, pero su terrorismo es uno y el mismo.<\/p>\n<p>\u00abLos comentaristas deber\u00edan evitar justificar este terrorismo. El terrorismo es terrorismo, y su confrontaci\u00f3n debe ser la misma en todas partes. Es el propio PM Nouri Al-Maliki qui\u00e9n debe ser considerado responsable. Creo que si hubiese un parlamento compuesto de seres humanos decentes en Irak, Al-Maliki ser\u00eda destituido y enfrentar\u00eda un juicio por alta traici\u00f3n por llevar a este colapso militar &#8211; ya sea porque fracas\u00f3 o debido a su colaboraci\u00f3n con los terroristas\u00bb. [&#8230;]<\/p>\n<p>\u00abAl-Maliki no se ver\u00e1 afectado si Mosul, Kirkuk, o todo el norte de Irak cae. Mientras Bagdad est\u00e9 intacto, todos pueden irse al infierno\u00bb. [&#8230;]<\/p>\n<p><strong>\u00abNo se puede combatir al EIIS en Irak, aun as\u00ed apoyarlo en Siria. Existe una guerra y un enemigo\u00bb<\/strong><\/p>\n<p><strong>Entrevistador<\/strong>: \u00ab\u00bfC\u00f3mo ve usted el apoyo [estadounidense] a la operaci\u00f3n militar y oferta de Washington para ayudar a resolver esta crisis?\u00bb<\/p>\n<p><strong>Ayad Jamal Al-Din<\/strong>: \u00abLe doy la bienvenida. Esperamos este apoyo, pero debe extenderse a todas las \u00e1reas en la que pueda estar el EIIS. La presi\u00f3n sobre el r\u00e9gimen sirio, que combate al EIIS, debe levantarse. Ellos no deben tratar para fortalecer al d\u00e9bil Ej\u00e9rcito de Liberaci\u00f3n de Siria [ELS]. No existen unas FLS. Existe el EIIS en Siria e Irak. Uno no puede combatir contra el EIIS en Irak, y sin embargo, apoyarlo en Siria. Existe una guerra y un enemigo.<\/p>\n<p>\u00abLos Estados Unidos deber\u00edan renunciar a su hipocres\u00eda. La gente no es imb\u00e9cil. \u00bfC\u00f3mo puede ser que un vocero del Departamento de Estado habla sobre Irak, y luego un portavoz de la Casa Blanca dice: &#8216;Debemos presionar al r\u00e9gimen [sirio] para que se rinda&#8217;? Rendirse a qui\u00e9n? Al EIIS. \u00bfD\u00f3nde est\u00e1 el ELS? No hay tal cosa. La guerra es una y la misma. El apoyo debe extenderse a Irak y a Siria. Estados Unidos deber\u00eda presionar a los pa\u00edses que patrocinan al EIIS.<\/p>\n<p>\u00abHace una hora, cuando entr\u00e9 en este estudio, Al-Jazeera TV segu\u00eda llamando EIIS a &#8216;los rebeldes tribales&#8217;. Esto es un enga\u00f1o, una mentira. Estos no son rebeldes tribales. Los rebeldes tribales han huido a Kurdist\u00e1n. Los sunitas fueron vencidos por el EIIS. Estos son criminales, asesinos y terroristas\u00bb. [&#8230;]<\/p>\n<p><strong>Entrevistador<\/strong>: \u00ab\u00bfHasta qu\u00e9 punto el EIIS se encontrar\u00e1 con un ambiente de apoyo?\u00bb<\/p>\n<p><strong>Ayad Jamal Al-Din<\/strong>: \u00ab\u00bfCual ambiente de apoyo?! Ustedes mismos informaron que 150.000 \u00e1rabes sunitas huyeron de Mosul al Kurdist\u00e1n. No son chiitas. Los habitantes de Mosul no son chiitas. D\u00f3nde est\u00e1 ese ambiente de apoyo en Al-Raqqa?!. En Deir Al-Zour? En Ramadi? En Fallujah? Los sunitas no son culpables de los pecados del EIIS y de Al-Qaeda. Decir lo contrario es difamaci\u00f3n contra los sunitas &#8211; al igual que los chiitas no son culpables de los pecados de las milicias que pretenden defenderlos\u00bb.<\/p>\n<\/div>\n","protected":false},"excerpt":{"rendered":"<p>En una reciente entrevista en televisi\u00f3n tras la ca\u00edda de Mosul en manos del EIIS, el pol\u00edtico iraqu\u00ed Ayad Jamal Al-Din dijo que el Primer Ministro Al-Maliki deber\u00eda ser llevado a juicio por alta traici\u00f3n. Este critic\u00f3 la pol\u00edtica de Estados Unidos, diciendo: \u00abLa guerra en Siria y la guerra en Irak son una y [&hellip;]<\/p>\n","protected":false},"author":1,"featured_media":0,"comment_status":"open","ping_status":"open","sticky":false,"template":"","format":"standard","meta":{"footnotes":""},"categories":[6,21],"tags":[],"class_list":["post-7746","post","type-post","status-publish","format-standard","hentry","category-comunicados-especiales","category-irak"],"_links":{"self":[{"href":"https:\/\/www2.memri.org\/espanol\/wp-json\/wp\/v2\/posts\/7746","targetHints":{"allow":["GET"]}}],"collection":[{"href":"https:\/\/www2.memri.org\/espanol\/wp-json\/wp\/v2\/posts"}],"about":[{"href":"https:\/\/www2.memri.org\/espanol\/wp-json\/wp\/v2\/types\/post"}],"author":[{"embeddable":true,"href":"https:\/\/www2.memri.org\/espanol\/wp-json\/wp\/v2\/users\/1"}],"replies":[{"embeddable":true,"href":"https:\/\/www2.memri.org\/espanol\/wp-json\/wp\/v2\/comments?post=7746"}],"version-history":[{"count":0,"href":"https:\/\/www2.memri.org\/espanol\/wp-json\/wp\/v2\/posts\/7746\/revisions"}],"wp:attachment":[{"href":"https:\/\/www2.memri.org\/espanol\/wp-json\/wp\/v2\/media?parent=7746"}],"wp:term":[{"taxonomy":"category","embeddable":true,"href":"https:\/\/www2.memri.org\/espanol\/wp-json\/wp\/v2\/categories?post=7746"},{"taxonomy":"post_tag","embeddable":true,"href":"https:\/\/www2.memri.org\/espanol\/wp-json\/wp\/v2\/tags?post=7746"}],"curies":[{"name":"wp","href":"https:\/\/api.w.org\/{rel}","templated":true}]}}