{"id":7734,"date":"2014-06-16T00:00:00","date_gmt":"2014-06-16T00:00:00","guid":{"rendered":"http:\/\/www2.memri.org\/espanol\/2014\/06\/16\/fotografias-documentan-victorias-del-eiis-en-irak-caravanas-de-la-victoria-y-calida-bienvenida-de-residentes-junto-a-masacres-de-soldados-chiitas\/"},"modified":"2016-01-14T00:38:18","modified_gmt":"2016-01-14T00:38:18","slug":"fotografias-documentan-victorias-del-eiis-en-irak-caravanas-de-la-victoria-y-calida-bienvenida-de-residentes-junto-a-masacres-de-soldados-chiitas","status":"publish","type":"post","link":"https:\/\/www2.memri.org\/espanol\/fotografias-documentan-victorias-del-eiis-en-irak-caravanas-de-la-victoria-y-calida-bienvenida-de-residentes-junto-a-masacres-de-soldados-chiitas\/7734","title":{"rendered":"Fotograf\u00edas documentan victorias del EIIS en Irak: Caravanas de la victoria y c\u00e1lida bienvenida de residentes junto a masacres de soldados chiitas"},"content":{"rendered":"<div class=\"bodytext c2\">\n<p>En los \u00faltimos d\u00edas, v\u00eddeos y fotograf\u00edas han sido distribuidos en la red documentando la entrada del Estado Isl\u00e1mico de Irak y Siria (EIIS) en Mosul y otras ciudades de Irak, y las celebraciones por los lugare\u00f1os d\u00e1ndole la bienvenida a su llegada. Las im\u00e1genes muestran los extensos convoyes del EIIS, frecuentemente cargados con armas robadas como bot\u00edn, desfilando por las calles, mientras los lugare\u00f1os felices miran, agitando banderas y vitoreando. Algunos tambi\u00e9n muestran celebraciones en honor a los prisioneros que han sido liberados por el EIIS de las c\u00e1rceles locales. Sin embargo, otras fotos muestran a sirios en las zonas controladas por el EIIS celebrando sus victorias en Irak. Al parecer, estas celebraciones tambi\u00e9n han tenido lugar al sur de Irak, no controlado por el EIIS.<\/p>\n<p>Al mismo tiempo, tambi\u00e9n han estado circulando im\u00e1genes de soldados chiitas esposados siendo llevado a su ejecuci\u00f3n y enterrados en fosas comunes.<\/p>\n<p>Los videos y fotos est\u00e1n siendo circulados en las cuentas Twitter de las varias \u00abprovincias\u00bb de la organizaci\u00f3n, y sobre las cuentas de sus partidarios, as\u00ed como tambi\u00e9n otros en las redes sociales y foros jihadistas. Estos sirven para aumentar la popularidad del EIIS y elevar la moral de sus seguidores, y para motivar a los combatientes a marchar y tomar otras grandes ciudades iraqu\u00edes, incluyendo Bagdad.<\/p>\n<p>Las fotos a menudo gr\u00e1ficas de soldados chiitas llevados a su muerte sirven para transmitir un mensaje de amenaza a los enemigos de la organizaci\u00f3n y complacer a sus seguidores, que afirman que los soldados est\u00e1n siendo castigados con raz\u00f3n, por el tratamiento brutal por parte del r\u00e9gimen iraqu\u00ed hacia los sunitas.<\/p>\n<p>A continuaci\u00f3n se presenta una muestra de las fotos:<\/p>\n<p>Caravana de la Victoria del EIIS en ciudades iraqu\u00edes capturadas recientemente<\/p>\n<p>Un video en YouTube publicado en 11 de junio, 2014 muestra un desfile de la victoria del EIIS &#8211; incluyendo dos obuses tomados como bot\u00edn &#8211; entrando en Mosul por la noche, ante los aplausos de los locales que agitan banderas negras y gritan lemas como \u00abEl Estado Isl\u00e1mico durar\u00e1 para siempre y se expandir\u00e1\u00bb.<a href=\"file:\/\/\/C:\/Users\/Designer\/AppData\/Local\/Temp\/eM%20Client%20temporary%20files\/v2kwgsap.j5z\/SD%205772%20-%2006.16%20-%20(1)%20Fotografias%20documentan%20victorias%20del%20EIIS%20en%20Irak.docx\" name=\"_ednref1\">[1]<\/a><\/p>\n<p><img loading=\"lazy\" decoding=\"async\" class=\"alignnone size-full wp-image-13082\" src=\"http:\/\/www2.memri.org\/espanol\/wp-content\/uploads\/2016\/01\/19503.jpg\" width=\"448\" height=\"268\" srcset=\"https:\/\/www2.memri.org\/espanol\/wp-content\/uploads\/2016\/01\/19503.jpg 448w, https:\/\/www2.memri.org\/espanol\/wp-content\/uploads\/2016\/01\/19503-300x179.jpg 300w\" sizes=\"auto, (max-width: 448px) 100vw, 448px\" \/><br \/>Otro video, de una caravana de la victoria el 12 de junio en Mosul, muestra un ob\u00fas tomado como bot\u00edn, con la bandera Tawhid negra identificada con el EIIS y otros grupos jihadistas globales.<a href=\"file:\/\/\/C:\/Users\/Designer\/AppData\/Local\/Temp\/eM%20Client%20temporary%20files\/v2kwgsap.j5z\/SD%205772%20-%2006.16%20-%20(1)%20Fotografias%20documentan%20victorias%20del%20EIIS%20en%20Irak.docx\" name=\"_ednref2\">[2]<\/a><\/p>\n<p><img loading=\"lazy\" decoding=\"async\" class=\"alignnone size-full wp-image-13086\" src=\"http:\/\/www2.memri.org\/espanol\/wp-content\/uploads\/2016\/01\/19504.jpg\" width=\"448\" height=\"250\" srcset=\"https:\/\/www2.memri.org\/espanol\/wp-content\/uploads\/2016\/01\/19504.jpg 448w, https:\/\/www2.memri.org\/espanol\/wp-content\/uploads\/2016\/01\/19504-300x167.jpg 300w\" sizes=\"auto, (max-width: 448px) 100vw, 448px\" \/><br \/>Lo siguiente es un video que muestra una caravana de la victoria en la ciudad de Al-Sa&#8217;adiya. En la imagen de la derecha, dos de los combatientes se pueden ver abraz\u00e1ndose unos a otros, mientras el tercero se inclina para besar el suelo.<a href=\"file:\/\/\/C:\/Users\/Designer\/AppData\/Local\/Temp\/eM%20Client%20temporary%20files\/v2kwgsap.j5z\/SD%205772%20-%2006.16%20-%20(1)%20Fotografias%20documentan%20victorias%20del%20EIIS%20en%20Irak.docx\" name=\"_ednref3\">[3]<\/a><\/p>\n<p><img loading=\"lazy\" decoding=\"async\" class=\"alignnone size-full wp-image-13090\" src=\"http:\/\/www2.memri.org\/espanol\/wp-content\/uploads\/2016\/01\/19505.jpg\" width=\"900\" height=\"274\" srcset=\"https:\/\/www2.memri.org\/espanol\/wp-content\/uploads\/2016\/01\/19505.jpg 900w, https:\/\/www2.memri.org\/espanol\/wp-content\/uploads\/2016\/01\/19505-300x91.jpg 300w, https:\/\/www2.memri.org\/espanol\/wp-content\/uploads\/2016\/01\/19505-768x234.jpg 768w, https:\/\/www2.memri.org\/espanol\/wp-content\/uploads\/2016\/01\/19505-600x183.jpg 600w, https:\/\/www2.memri.org\/espanol\/wp-content\/uploads\/2016\/01\/19505-696x212.jpg 696w\" sizes=\"auto, (max-width: 900px) 100vw, 900px\" \/><br \/>Fotos publicadas en la cuenta Twitter del EIIS en la provincia de N\u00ednive, que desde entonces ha sido cerrada, muestran una caravana de la victoria entrando en la provincia mientras los locales saludan en se\u00f1al de bienvenida.<a href=\"file:\/\/\/C:\/Users\/Designer\/AppData\/Local\/Temp\/eM%20Client%20temporary%20files\/v2kwgsap.j5z\/SD%205772%20-%2006.16%20-%20(1)%20Fotografias%20documentan%20victorias%20del%20EIIS%20en%20Irak.docx\" name=\"_ednref4\">[4]<\/a><\/p>\n<p><img loading=\"lazy\" decoding=\"async\" class=\"alignnone size-full wp-image-13097\" src=\"http:\/\/www2.memri.org\/espanol\/wp-content\/uploads\/2016\/01\/19506.jpg\" width=\"900\" height=\"294\" srcset=\"https:\/\/www2.memri.org\/espanol\/wp-content\/uploads\/2016\/01\/19506.jpg 900w, https:\/\/www2.memri.org\/espanol\/wp-content\/uploads\/2016\/01\/19506-300x98.jpg 300w, https:\/\/www2.memri.org\/espanol\/wp-content\/uploads\/2016\/01\/19506-768x251.jpg 768w, https:\/\/www2.memri.org\/espanol\/wp-content\/uploads\/2016\/01\/19506-600x196.jpg 600w, https:\/\/www2.memri.org\/espanol\/wp-content\/uploads\/2016\/01\/19506-696x227.jpg 696w\" sizes=\"auto, (max-width: 900px) 100vw, 900px\" \/><br \/>Las im\u00e1genes de abajo son de un video de una caravana de la victoria en Baiji (arriba a la derecha y arriba a la izquierda), en la provincia iraqu\u00ed de Salah Al-Din,<a href=\"file:\/\/\/C:\/Users\/Designer\/AppData\/Local\/Temp\/eM%20Client%20temporary%20files\/v2kwgsap.j5z\/SD%205772%20-%2006.16%20-%20(1)%20Fotografias%20documentan%20victorias%20del%20EIIS%20en%20Irak.docx\" name=\"_ednref5\">[5]<\/a> y de un v\u00eddeo de un desfile en Tikrit (abajo).<a href=\"file:\/\/\/C:\/Users\/Designer\/AppData\/Local\/Temp\/eM%20Client%20temporary%20files\/v2kwgsap.j5z\/SD%205772%20-%2006.16%20-%20(1)%20Fotografias%20documentan%20victorias%20del%20EIIS%20en%20Irak.docx\" name=\"_ednref6\">[6]<\/a><\/p>\n<p><img loading=\"lazy\" decoding=\"async\" class=\"alignnone size-full wp-image-13101\" src=\"http:\/\/www2.memri.org\/espanol\/wp-content\/uploads\/2016\/01\/19508.jpg\" width=\"900\" height=\"264\" srcset=\"https:\/\/www2.memri.org\/espanol\/wp-content\/uploads\/2016\/01\/19508.jpg 900w, https:\/\/www2.memri.org\/espanol\/wp-content\/uploads\/2016\/01\/19508-300x88.jpg 300w, https:\/\/www2.memri.org\/espanol\/wp-content\/uploads\/2016\/01\/19508-768x225.jpg 768w, https:\/\/www2.memri.org\/espanol\/wp-content\/uploads\/2016\/01\/19508-600x176.jpg 600w, https:\/\/www2.memri.org\/espanol\/wp-content\/uploads\/2016\/01\/19508-696x204.jpg 696w\" sizes=\"auto, (max-width: 900px) 100vw, 900px\" \/><\/p>\n<p><img loading=\"lazy\" decoding=\"async\" class=\"alignnone size-full wp-image-13105\" src=\"http:\/\/www2.memri.org\/espanol\/wp-content\/uploads\/2016\/01\/19510.jpg\" width=\"448\" height=\"251\" srcset=\"https:\/\/www2.memri.org\/espanol\/wp-content\/uploads\/2016\/01\/19510.jpg 448w, https:\/\/www2.memri.org\/espanol\/wp-content\/uploads\/2016\/01\/19510-300x168.jpg 300w\" sizes=\"auto, (max-width: 448px) 100vw, 448px\" \/><\/p>\n<p><strong>Celebraciones para los presos liberados por el EIIS<\/strong><\/p>\n<p>Las fotos abajo documentan la liberaci\u00f3n de los presos de una c\u00e1rcel de la provincia de N\u00ednive, y las celebraciones posteriores.<a href=\"file:\/\/\/C:\/Users\/Designer\/AppData\/Local\/Temp\/eM%20Client%20temporary%20files\/v2kwgsap.j5z\/SD%205772%20-%2006.16%20-%20(1)%20Fotografias%20documentan%20victorias%20del%20EIIS%20en%20Irak.docx\" name=\"_ednref7\">[7]<\/a><\/p>\n<p><img loading=\"lazy\" decoding=\"async\" class=\"alignnone size-full wp-image-13107\" src=\"http:\/\/www2.memri.org\/espanol\/wp-content\/uploads\/2016\/01\/19512.jpg\" width=\"900\" height=\"288\" srcset=\"https:\/\/www2.memri.org\/espanol\/wp-content\/uploads\/2016\/01\/19512.jpg 900w, https:\/\/www2.memri.org\/espanol\/wp-content\/uploads\/2016\/01\/19512-300x96.jpg 300w, https:\/\/www2.memri.org\/espanol\/wp-content\/uploads\/2016\/01\/19512-768x246.jpg 768w, https:\/\/www2.memri.org\/espanol\/wp-content\/uploads\/2016\/01\/19512-600x192.jpg 600w, https:\/\/www2.memri.org\/espanol\/wp-content\/uploads\/2016\/01\/19512-696x223.jpg 696w\" sizes=\"auto, (max-width: 900px) 100vw, 900px\" \/><\/p>\n<p><img loading=\"lazy\" decoding=\"async\" class=\"alignnone size-full wp-image-13110\" src=\"http:\/\/www2.memri.org\/espanol\/wp-content\/uploads\/2016\/01\/19515.jpg\" width=\"900\" height=\"283\" srcset=\"https:\/\/www2.memri.org\/espanol\/wp-content\/uploads\/2016\/01\/19515.jpg 900w, https:\/\/www2.memri.org\/espanol\/wp-content\/uploads\/2016\/01\/19515-300x94.jpg 300w, https:\/\/www2.memri.org\/espanol\/wp-content\/uploads\/2016\/01\/19515-768x241.jpg 768w, https:\/\/www2.memri.org\/espanol\/wp-content\/uploads\/2016\/01\/19515-600x189.jpg 600w, https:\/\/www2.memri.org\/espanol\/wp-content\/uploads\/2016\/01\/19515-696x219.jpg 696w\" sizes=\"auto, (max-width: 900px) 100vw, 900px\" \/><\/p>\n<p><strong>Iraqu\u00edes y sirios celebran victorias del EIIS<\/strong><\/p>\n<p>Las fotos abajo muestran supuestamente a los locales en el sur de Irak, no controlado por el EIIS, celebrando sus victorias, sacrificando una oveja y repartiendo dulces:<a href=\"file:\/\/\/C:\/Users\/Designer\/AppData\/Local\/Temp\/eM%20Client%20temporary%20files\/v2kwgsap.j5z\/SD%205772%20-%2006.16%20-%20(1)%20Fotografias%20documentan%20victorias%20del%20EIIS%20en%20Irak.docx\" name=\"_ednref8\">[8]<\/a><\/p>\n<p><img loading=\"lazy\" decoding=\"async\" class=\"alignnone size-full wp-image-13114\" src=\"http:\/\/www2.memri.org\/espanol\/wp-content\/uploads\/2016\/01\/19514.jpg\" width=\"900\" height=\"289\" srcset=\"https:\/\/www2.memri.org\/espanol\/wp-content\/uploads\/2016\/01\/19514.jpg 900w, https:\/\/www2.memri.org\/espanol\/wp-content\/uploads\/2016\/01\/19514-300x96.jpg 300w, https:\/\/www2.memri.org\/espanol\/wp-content\/uploads\/2016\/01\/19514-768x247.jpg 768w, https:\/\/www2.memri.org\/espanol\/wp-content\/uploads\/2016\/01\/19514-600x193.jpg 600w, https:\/\/www2.memri.org\/espanol\/wp-content\/uploads\/2016\/01\/19514-696x223.jpg 696w\" sizes=\"auto, (max-width: 900px) 100vw, 900px\" \/><\/p>\n<p>Las siguientes im\u00e1genes documentan las celebraciones en las zonas controladas por el EIIS en Siria. Una gran celebraci\u00f3n en la ciudad de Manbij, en el distrito de Aleppo, incluy\u00f3 caravanas, el ondear banderas, la repartici\u00f3n de dulces e incluso bailes en la calle<a href=\"file:\/\/\/C:\/Users\/Designer\/AppData\/Local\/Temp\/eM%20Client%20temporary%20files\/v2kwgsap.j5z\/SD%205772%20-%2006.16%20-%20(1)%20Fotografias%20documentan%20victorias%20del%20EIIS%20en%20Irak.docx\" name=\"_ednref9\">[9]<\/a><\/p>\n<p><img loading=\"lazy\" decoding=\"async\" class=\"alignnone size-full wp-image-13120\" src=\"http:\/\/www2.memri.org\/espanol\/wp-content\/uploads\/2016\/01\/19517.jpg\" width=\"900\" height=\"260\" srcset=\"https:\/\/www2.memri.org\/espanol\/wp-content\/uploads\/2016\/01\/19517.jpg 900w, https:\/\/www2.memri.org\/espanol\/wp-content\/uploads\/2016\/01\/19517-300x87.jpg 300w, https:\/\/www2.memri.org\/espanol\/wp-content\/uploads\/2016\/01\/19517-768x222.jpg 768w, https:\/\/www2.memri.org\/espanol\/wp-content\/uploads\/2016\/01\/19517-600x173.jpg 600w, https:\/\/www2.memri.org\/espanol\/wp-content\/uploads\/2016\/01\/19517-696x201.jpg 696w\" sizes=\"auto, (max-width: 900px) 100vw, 900px\" \/><\/p>\n<p><!--[]--><img loading=\"lazy\" decoding=\"async\" class=\"alignnone size-full wp-image-13124\" src=\"http:\/\/www2.memri.org\/espanol\/wp-content\/uploads\/2016\/01\/19518.jpg\" width=\"448\" height=\"248\" srcset=\"https:\/\/www2.memri.org\/espanol\/wp-content\/uploads\/2016\/01\/19518.jpg 448w, https:\/\/www2.memri.org\/espanol\/wp-content\/uploads\/2016\/01\/19518-300x166.jpg 300w\" sizes=\"auto, (max-width: 448px) 100vw, 448px\" \/><\/p>\n<p>Tambi\u00e9n hubo celebraciones en las ciudades de Al-Bab (izquierda)<a href=\"file:\/\/\/C:\/Users\/Designer\/AppData\/Local\/Temp\/eM%20Client%20temporary%20files\/v2kwgsap.j5z\/SD%205772%20-%2006.16%20-%20(1)%20Fotografias%20documentan%20victorias%20del%20EIIS%20en%20Irak.docx\" name=\"_ednref10\">[10]<\/a> y Al-Qaqqa (derecha)<a href=\"file:\/\/\/C:\/Users\/Designer\/AppData\/Local\/Temp\/eM%20Client%20temporary%20files\/v2kwgsap.j5z\/SD%205772%20-%2006.16%20-%20(1)%20Fotografias%20documentan%20victorias%20del%20EIIS%20en%20Irak.docx\" name=\"_ednref11\">[11]<\/a>:<\/p>\n<p><img loading=\"lazy\" decoding=\"async\" class=\"alignnone size-full wp-image-13127\" src=\"http:\/\/www2.memri.org\/espanol\/wp-content\/uploads\/2016\/01\/19519.jpg\" width=\"900\" height=\"288\" srcset=\"https:\/\/www2.memri.org\/espanol\/wp-content\/uploads\/2016\/01\/19519.jpg 900w, https:\/\/www2.memri.org\/espanol\/wp-content\/uploads\/2016\/01\/19519-300x96.jpg 300w, https:\/\/www2.memri.org\/espanol\/wp-content\/uploads\/2016\/01\/19519-768x246.jpg 768w, https:\/\/www2.memri.org\/espanol\/wp-content\/uploads\/2016\/01\/19519-600x192.jpg 600w, https:\/\/www2.memri.org\/espanol\/wp-content\/uploads\/2016\/01\/19519-696x223.jpg 696w\" sizes=\"auto, (max-width: 900px) 100vw, 900px\" \/><\/p>\n<p><strong>Fotograf\u00edas que muestran el asesinato en masa de soldados chiitas<\/strong><\/p>\n<p>Las fotos abajo, publicadas en la cuenta Twitter del EIIS en la provincia de Salah Al-Din en Irak<a href=\"file:\/\/\/C:\/Users\/Designer\/AppData\/Local\/Temp\/eM%20Client%20temporary%20files\/v2kwgsap.j5z\/SD%205772%20-%2006.16%20-%20(1)%20Fotografias%20documentan%20victorias%20del%20EIIS%20en%20Irak.docx\" name=\"_ednref12\">[12]<\/a>, documentan la masacre de hombres vestidos de civil, afirmando ser soldados iraqu\u00edes. Los hombres son llevaron a punta de pistola, cargados en camiones, y luego obligaron a acostarse en tumbas poco profundas y luego tiroteados.<\/p>\n<p><img loading=\"lazy\" decoding=\"async\" class=\"alignnone size-full wp-image-13133\" src=\"http:\/\/www2.memri.org\/espanol\/wp-content\/uploads\/2016\/01\/19520.jpg\" width=\"448\" height=\"254\" srcset=\"https:\/\/www2.memri.org\/espanol\/wp-content\/uploads\/2016\/01\/19520.jpg 448w, https:\/\/www2.memri.org\/espanol\/wp-content\/uploads\/2016\/01\/19520-300x170.jpg 300w\" sizes=\"auto, (max-width: 448px) 100vw, 448px\" \/><br \/>\u00abCaminando hacia sus muertes\u00bb.<\/p>\n<p><img loading=\"lazy\" decoding=\"async\" class=\"alignnone size-full wp-image-13136\" src=\"http:\/\/www2.memri.org\/espanol\/wp-content\/uploads\/2016\/01\/19521.jpg\" width=\"448\" height=\"257\" srcset=\"https:\/\/www2.memri.org\/espanol\/wp-content\/uploads\/2016\/01\/19521.jpg 448w, https:\/\/www2.memri.org\/espanol\/wp-content\/uploads\/2016\/01\/19521-300x172.jpg 300w\" sizes=\"auto, (max-width: 448px) 100vw, 448px\" \/><br \/>\u00abY si castigan [un enemigo, Oh creyentes], castiguen con un equivalente a aquello con lo que fueron da\u00f1ados [Cor\u00e1n 16:126]\u00bb<\/p>\n<p><img loading=\"lazy\" decoding=\"async\" class=\"alignnone size-full wp-image-13140\" src=\"http:\/\/www2.memri.org\/espanol\/wp-content\/uploads\/2016\/01\/19522.jpg\" width=\"448\" height=\"257\" srcset=\"https:\/\/www2.memri.org\/espanol\/wp-content\/uploads\/2016\/01\/19522.jpg 448w, https:\/\/www2.memri.org\/espanol\/wp-content\/uploads\/2016\/01\/19522-300x172.jpg 300w\" sizes=\"auto, (max-width: 448px) 100vw, 448px\" \/><br \/>\u00abCientos de soldados del ej\u00e9rcito chiita siendo conducidos a sus muertes\u00bb<\/p>\n<p><img loading=\"lazy\" decoding=\"async\" class=\"alignnone size-full wp-image-13145\" src=\"http:\/\/www2.memri.org\/espanol\/wp-content\/uploads\/2016\/01\/19523.jpg\" width=\"448\" height=\"254\" srcset=\"https:\/\/www2.memri.org\/espanol\/wp-content\/uploads\/2016\/01\/19523.jpg 448w, https:\/\/www2.memri.org\/espanol\/wp-content\/uploads\/2016\/01\/19523-300x170.jpg 300w\" sizes=\"auto, (max-width: 448px) 100vw, 448px\" \/><br \/>\u00abEste es el destino de los chiitas a quienes [Nouri] Al-Maliki conf\u00edo combatir a los musulmanes sunitas\u00bb.<\/p>\n<\/p>\n<hr class=\"c1\" size=\"1\" width=\"33%\" \/>\n<p><a href=\"file:\/\/\/C:\/Users\/Designer\/AppData\/Local\/Temp\/eM%20Client%20temporary%20files\/v2kwgsap.j5z\/SD%205772%20-%2006.16%20-%20(1)%20Fotografias%20documentan%20victorias%20del%20EIIS%20en%20Irak.docx\" name=\"_edn1\">[1]<\/a> Youtube.com\/watchV=4K5S5D_hXnA#t=82<\/p>\n<p><a href=\"file:\/\/\/C:\/Users\/Designer\/AppData\/Local\/Temp\/eM%20Client%20temporary%20files\/v2kwgsap.j5z\/SD%205772%20-%2006.16%20-%20(1)%20Fotografias%20documentan%20victorias%20del%20EIIS%20en%20Irak.docx\" name=\"_edn2\">[2]<\/a> Youtube.com\/watch?V=Aldr6sWH3Ck<\/p>\n<p><a href=\"file:\/\/\/C:\/Users\/Designer\/AppData\/Local\/Temp\/eM%20Client%20temporary%20files\/v2kwgsap.j5z\/SD%205772%20-%2006.16%20-%20(1)%20Fotografias%20documentan%20victorias%20del%20EIIS%20en%20Irak.docx\" name=\"_edn3\">[3]<\/a> Youtube.com\/watch?V=FV9HZmCTZSM<\/p>\n<p><a href=\"file:\/\/\/C:\/Users\/Designer\/AppData\/Local\/Temp\/eM%20Client%20temporary%20files\/v2kwgsap.j5z\/SD%205772%20-%2006.16%20-%20(1)%20Fotografias%20documentan%20victorias%20del%20EIIS%20en%20Irak.docx\" name=\"_edn4\">[4]<\/a> Twitter.com\/dawlanoor\/status\/478102360385150976<\/p>\n<p><a href=\"file:\/\/\/C:\/Users\/Designer\/AppData\/Local\/Temp\/eM%20Client%20temporary%20files\/v2kwgsap.j5z\/SD%205772%20-%2006.16%20-%20(1)%20Fotografias%20documentan%20victorias%20del%20EIIS%20en%20Irak.docx\" name=\"_edn5\">[5]<\/a> Youtube.com\/watch?V=mCr7cyzc0C8yfeature=youtube_gdata_player<\/p>\n<p><a href=\"file:\/\/\/C:\/Users\/Designer\/AppData\/Local\/Temp\/eM%20Client%20temporary%20files\/v2kwgsap.j5z\/SD%205772%20-%2006.16%20-%20(1)%20Fotografias%20documentan%20victorias%20del%20EIIS%20en%20Irak.docx\" name=\"_edn6\">[6]<\/a> Twitter.com\/hakar_al\/status\/478006168665608193<\/p>\n<p><a href=\"file:\/\/\/C:\/Users\/Designer\/AppData\/Local\/Temp\/eM%20Client%20temporary%20files\/v2kwgsap.j5z\/SD%205772%20-%2006.16%20-%20(1)%20Fotografias%20documentan%20victorias%20del%20EIIS%20en%20Irak.docx\" name=\"_edn7\">[7]<\/a> Fidaa1.net\/vb\/showthread.php?T=99975<\/p>\n<p><a href=\"file:\/\/\/C:\/Users\/Designer\/AppData\/Local\/Temp\/eM%20Client%20temporary%20files\/v2kwgsap.j5z\/SD%205772%20-%2006.16%20-%20(1)%20Fotografias%20documentan%20victorias%20del%20EIIS%20en%20Irak.docx\" name=\"_edn8\">[8]<\/a> Twitter.com\/jnob_isis<\/p>\n<p><a href=\"file:\/\/\/C:\/Users\/Designer\/AppData\/Local\/Temp\/eM%20Client%20temporary%20files\/v2kwgsap.j5z\/SD%205772%20-%2006.16%20-%20(1)%20Fotografias%20documentan%20victorias%20del%20EIIS%20en%20Irak.docx\" name=\"_edn9\">[9]<\/a> Fidaal.net\/vb\/showthread.php?T=99886<\/p>\n<p><a href=\"file:\/\/\/C:\/Users\/Designer\/AppData\/Local\/Temp\/eM%20Client%20temporary%20files\/v2kwgsap.j5z\/SD%205772%20-%2006.16%20-%20(1)%20Fotografias%20documentan%20victorias%20del%20EIIS%20en%20Irak.docx\" name=\"_edn10\">[10]<\/a> Justpaste.it\/BabCeleb<\/p>\n<p><a href=\"file:\/\/\/C:\/Users\/Designer\/AppData\/Local\/Temp\/eM%20Client%20temporary%20files\/v2kwgsap.j5z\/SD%205772%20-%2006.16%20-%20(1)%20Fotografias%20documentan%20victorias%20del%20EIIS%20en%20Irak.docx\" name=\"_edn11\">[11]<\/a> Justpaste.it\/ft4w<\/p>\n<p><a href=\"file:\/\/\/C:\/Users\/Designer\/AppData\/Local\/Temp\/eM%20Client%20temporary%20files\/v2kwgsap.j5z\/SD%205772%20-%2006.16%20-%20(1)%20Fotografias%20documentan%20victorias%20del%20EIIS%20en%20Irak.docx\" name=\"_edn12\">[12]<\/a> Twitter.com\/hakar_al\/status\/478006168665608193<\/p>\n<\/div>\n","protected":false},"excerpt":{"rendered":"<p>En los \u00faltimos d\u00edas, v\u00eddeos y fotograf\u00edas han sido distribuidos en la red documentando la entrada del Estado Isl\u00e1mico de Irak y Siria (EIIS) en Mosul y otras ciudades de Irak, y las celebraciones por los lugare\u00f1os d\u00e1ndole la bienvenida a su llegada. Las im\u00e1genes muestran los extensos convoyes del EIIS, frecuentemente cargados con armas [&hellip;]<\/p>\n","protected":false},"author":1,"featured_media":13082,"comment_status":"open","ping_status":"open","sticky":false,"template":"","format":"standard","meta":{"footnotes":""},"categories":[6,21],"tags":[],"class_list":["post-7734","post","type-post","status-publish","format-standard","has-post-thumbnail","hentry","category-comunicados-especiales","category-irak"],"_links":{"self":[{"href":"https:\/\/www2.memri.org\/espanol\/wp-json\/wp\/v2\/posts\/7734","targetHints":{"allow":["GET"]}}],"collection":[{"href":"https:\/\/www2.memri.org\/espanol\/wp-json\/wp\/v2\/posts"}],"about":[{"href":"https:\/\/www2.memri.org\/espanol\/wp-json\/wp\/v2\/types\/post"}],"author":[{"embeddable":true,"href":"https:\/\/www2.memri.org\/espanol\/wp-json\/wp\/v2\/users\/1"}],"replies":[{"embeddable":true,"href":"https:\/\/www2.memri.org\/espanol\/wp-json\/wp\/v2\/comments?post=7734"}],"version-history":[{"count":0,"href":"https:\/\/www2.memri.org\/espanol\/wp-json\/wp\/v2\/posts\/7734\/revisions"}],"wp:featuredmedia":[{"embeddable":true,"href":"https:\/\/www2.memri.org\/espanol\/wp-json\/wp\/v2\/media\/13082"}],"wp:attachment":[{"href":"https:\/\/www2.memri.org\/espanol\/wp-json\/wp\/v2\/media?parent=7734"}],"wp:term":[{"taxonomy":"category","embeddable":true,"href":"https:\/\/www2.memri.org\/espanol\/wp-json\/wp\/v2\/categories?post=7734"},{"taxonomy":"post_tag","embeddable":true,"href":"https:\/\/www2.memri.org\/espanol\/wp-json\/wp\/v2\/tags?post=7734"}],"curies":[{"name":"wp","href":"https:\/\/api.w.org\/{rel}","templated":true}]}}