{"id":7344,"date":"2014-03-02T00:00:00","date_gmt":"2014-03-02T00:00:00","guid":{"rendered":"http:\/\/www2.memri.org\/espanol\/2014\/03\/02\/pandilleros-de-los-angeles-combaten-en-siria-junto-a-fuerzas-pro-assad-y-pro-hezbola\/"},"modified":"2016-01-14T00:54:00","modified_gmt":"2016-01-14T00:54:00","slug":"pandilleros-de-los-angeles-combaten-en-siria-junto-a-fuerzas-pro-assad-y-pro-hezbola","status":"publish","type":"post","link":"https:\/\/www2.memri.org\/espanol\/pandilleros-de-los-angeles-combaten-en-siria-junto-a-fuerzas-pro-assad-y-pro-hezbola\/7344","title":{"rendered":"Pandilleros de Los \u00c1ngeles combaten en Siria junto a fuerzas pro-Assad y pro-Hezbol\u00e1"},"content":{"rendered":"<div class=\"bodytext c3\">\n<p><strong><em>El siguiente informe es cortes\u00eda del Proyecto Supervisi\u00f3n a la Amenaza Terrorista y Jihad en MEMRI (PSATJ). Para informaci\u00f3n sobre como suscribirse al PSATJ, <a href=\"http:\/\/memri.convio.net\/site\/R?i=jGmL-gtqoACBHC06G7bCtA\">haga clic aqu\u00ed.<\/a><\/em><\/strong><\/p>\n<p><em>Videos e im\u00e1genes surgidos recientemente muestran a miembros de pandillas de Los \u00c1ngeles combatiendo en Siria junto a fuerzas pro-Hezbol\u00e1 y pro-Assad. Dos miembros de la banda, \u00abCreeper\u00bb, de la pandilla G&#8217;s Up-13 y \u00abWino\u00bb, de la pandilla de la parte oeste Poder de Armenia, se filmaron a s\u00ed mismos disparando armas AK-47 y jact\u00e1ndose de estar en el \u00abfrente\u00bb. Wino, alias \u00abWino Ayee Peeyakan\u00bb, cuyo verdadero nombre es Nerses Kilajyan, subi\u00f3 las im\u00e1genes y videos a su perfil en Facebook.<a href=\"file:\/\/\/C:\/Users\/Designer\/AppData\/Local\/Temp\/eM%20Client%20temporary%20files\/5pfcgwpk.1v0\/SD%205665%20-%2003.02%20-%20(1)%20Pandilleros%20de%20Los%20Angeles%20combaten%20en%20Siria.docx\" name=\"_ednref1\"><strong>[1]<\/strong><\/a><\/em><\/p>\n<p><em>Las im\u00e1genes en la p\u00e1gina Facebook de Wino incluyen m\u00faltiples fotos de este blandiendo armas, en una se le ve de pie junto a un operativo de Hezbol\u00e1, y en otro \u00e9l mismo lleva puesto un atuendo estilo Hezbol\u00e1. Creeper es fotografiado y filmado junto a Wino en varias fotos y videos publicados en la p\u00e1gina.<\/em><\/p>\n<p><em>A juzgar por las fotos, Wino parece haber estado combatiendo en Siria desde diciembre del 2012. Los comentarios de amigos de Wino en Facebook sugieren que los dos fueron deportados de los Estados Unidos por su participaci\u00f3n en actividades delictivas.<\/em><\/p>\n<p><em>Para ver un video de los miembros de las pandillas en MEMRI TV, copie por favor el siguiente enlace en su ordenador:<\/em><br \/><a href=\"http:\/\/www.memritv.org\/clip\/en\/4170.htm\">http:\/\/www.memritv.org\/clip\/en\/4170.htm<\/a><\/p>\n<p class=\"c1\"><iframe height=\"485\" src=\"http:\/\/www.memritv.org\/player\/largePlayer.php?&amp;width=585&amp;height=485&amp;autoplay=0&amp;clipid=4170\" frameborder=\"0\" width=\"585\" allowtransparency=\"\" scrolling=\"no\"><\/iframe><\/p>\n<p><img loading=\"lazy\" decoding=\"async\" class=\"alignnone size-full wp-image-13390\" src=\"http:\/\/www2.memri.org\/espanol\/wp-content\/uploads\/2016\/01\/18435.jpg\" width=\"343\" height=\"491\" srcset=\"https:\/\/www2.memri.org\/espanol\/wp-content\/uploads\/2016\/01\/18435.jpg 343w, https:\/\/www2.memri.org\/espanol\/wp-content\/uploads\/2016\/01\/18435-210x300.jpg 210w, https:\/\/www2.memri.org\/espanol\/wp-content\/uploads\/2016\/01\/18435-293x420.jpg 293w\" sizes=\"auto, (max-width: 343px) 100vw, 343px\" \/><\/p>\n<p><img loading=\"lazy\" decoding=\"async\" class=\"alignnone size-full wp-image-13393\" src=\"http:\/\/www2.memri.org\/espanol\/wp-content\/uploads\/2016\/01\/18436.jpg\" width=\"381\" height=\"477\" srcset=\"https:\/\/www2.memri.org\/espanol\/wp-content\/uploads\/2016\/01\/18436.jpg 381w, https:\/\/www2.memri.org\/espanol\/wp-content\/uploads\/2016\/01\/18436-240x300.jpg 240w, https:\/\/www2.memri.org\/espanol\/wp-content\/uploads\/2016\/01\/18436-335x420.jpg 335w\" sizes=\"auto, (max-width: 381px) 100vw, 381px\" \/><\/p>\n<p><img loading=\"lazy\" decoding=\"async\" class=\"alignnone size-full wp-image-13395\" src=\"http:\/\/www2.memri.org\/espanol\/wp-content\/uploads\/2016\/01\/18437.jpg\" width=\"378\" height=\"283\" srcset=\"https:\/\/www2.memri.org\/espanol\/wp-content\/uploads\/2016\/01\/18437.jpg 378w, https:\/\/www2.memri.org\/espanol\/wp-content\/uploads\/2016\/01\/18437-300x225.jpg 300w, https:\/\/www2.memri.org\/espanol\/wp-content\/uploads\/2016\/01\/18437-80x60.jpg 80w, https:\/\/www2.memri.org\/espanol\/wp-content\/uploads\/2016\/01\/18437-265x198.jpg 265w\" sizes=\"auto, (max-width: 378px) 100vw, 378px\" \/><\/p>\n<p><img loading=\"lazy\" decoding=\"async\" class=\"alignnone size-full wp-image-13396\" src=\"http:\/\/www2.memri.org\/espanol\/wp-content\/uploads\/2016\/01\/18438.jpg\" width=\"320\" height=\"432\" srcset=\"https:\/\/www2.memri.org\/espanol\/wp-content\/uploads\/2016\/01\/18438.jpg 320w, https:\/\/www2.memri.org\/espanol\/wp-content\/uploads\/2016\/01\/18438-222x300.jpg 222w, https:\/\/www2.memri.org\/espanol\/wp-content\/uploads\/2016\/01\/18438-311x420.jpg 311w\" sizes=\"auto, (max-width: 320px) 100vw, 320px\" \/><\/p>\n<\/p>\n<hr class=\"c2\" size=\"1\" width=\"33%\" \/>\n<p><a href=\"file:\/\/\/C:\/Users\/Designer\/AppData\/Local\/Temp\/eM%20Client%20temporary%20files\/5pfcgwpk.1v0\/SD%205665%20-%2003.02%20-%20(1)%20Pandilleros%20de%20Los%20Angeles%20combaten%20en%20Siria.docx\" name=\"_edn1\">[1]<\/a> Facebook.com\/nerses.kilajyan, consultado el 2 de marzo, 2014.<\/p>\n<\/div>\n","protected":false},"excerpt":{"rendered":"<p>El siguiente informe es cortes\u00eda del Proyecto Supervisi\u00f3n a la Amenaza Terrorista y Jihad en MEMRI (PSATJ). Para informaci\u00f3n sobre como suscribirse al PSATJ, haga clic aqu\u00ed. Videos e im\u00e1genes surgidos recientemente muestran a miembros de pandillas de Los \u00c1ngeles combatiendo en Siria junto a fuerzas pro-Hezbol\u00e1 y pro-Assad. Dos miembros de la banda, \u00abCreeper\u00bb, [&hellip;]<\/p>\n","protected":false},"author":1,"featured_media":13390,"comment_status":"open","ping_status":"open","sticky":false,"template":"","format":"standard","meta":{"footnotes":""},"categories":[10,6,26],"tags":[],"class_list":["post-7344","post","type-post","status-publish","format-standard","has-post-thumbnail","hentry","category-estudios-sobre-terrorismo-y-yihad","category-comunicados-especiales","category-siria"],"_links":{"self":[{"href":"https:\/\/www2.memri.org\/espanol\/wp-json\/wp\/v2\/posts\/7344","targetHints":{"allow":["GET"]}}],"collection":[{"href":"https:\/\/www2.memri.org\/espanol\/wp-json\/wp\/v2\/posts"}],"about":[{"href":"https:\/\/www2.memri.org\/espanol\/wp-json\/wp\/v2\/types\/post"}],"author":[{"embeddable":true,"href":"https:\/\/www2.memri.org\/espanol\/wp-json\/wp\/v2\/users\/1"}],"replies":[{"embeddable":true,"href":"https:\/\/www2.memri.org\/espanol\/wp-json\/wp\/v2\/comments?post=7344"}],"version-history":[{"count":0,"href":"https:\/\/www2.memri.org\/espanol\/wp-json\/wp\/v2\/posts\/7344\/revisions"}],"wp:featuredmedia":[{"embeddable":true,"href":"https:\/\/www2.memri.org\/espanol\/wp-json\/wp\/v2\/media\/13390"}],"wp:attachment":[{"href":"https:\/\/www2.memri.org\/espanol\/wp-json\/wp\/v2\/media?parent=7344"}],"wp:term":[{"taxonomy":"category","embeddable":true,"href":"https:\/\/www2.memri.org\/espanol\/wp-json\/wp\/v2\/categories?post=7344"},{"taxonomy":"post_tag","embeddable":true,"href":"https:\/\/www2.memri.org\/espanol\/wp-json\/wp\/v2\/tags?post=7344"}],"curies":[{"name":"wp","href":"https:\/\/api.w.org\/{rel}","templated":true}]}}