{"id":7113,"date":"2013-12-27T00:00:00","date_gmt":"2013-12-27T00:00:00","guid":{"rendered":"http:\/\/www2.memri.org\/espanol\/2013\/12\/27\/ninos-soldados-que-combaten-en-las-filas-rebeldes-en-siria\/"},"modified":"2013-12-27T00:00:00","modified_gmt":"2013-12-27T00:00:00","slug":"ninos-soldados-que-combaten-en-las-filas-rebeldes-en-siria","status":"publish","type":"post","link":"https:\/\/www2.memri.org\/espanol\/ninos-soldados-que-combaten-en-las-filas-rebeldes-en-siria\/7113","title":{"rendered":"Ni\u00f1os Soldados que combaten en las filas rebeldes en Siria"},"content":{"rendered":"<div class=\"bodytext c2\">\n<p><em>A continuaci\u00f3n se presentan extractos de varios videos de ni\u00f1os que combaten junto a los rebeldes sirios, publicados en Internet en el 2012 y 2013, Deir Al-Zour, 27 de marzo, 2013.<\/em><\/p>\n<p><em><a href=\"http:\/\/www.memritv.org\/clip\/en\/0\/0\/0\/0\/0\/0\/4079.htm\">Haga clic aqu\u00ed para ver este video en MEMRI TV<\/a><\/em><\/p>\n<p class=\"c1\"><iframe height=\"485\" src=\"http:\/\/www.memritv.org\/player\/largePlayer.php?&amp;width=585&amp;height=485&amp;autoplay=0&amp;clipid=4079\" frameborder=\"0\" width=\"585\" allowtransparency=\"\" scrolling=\"no\"><\/iframe><\/p>\n<p><strong>Narrador<\/strong>: \u00abDetr\u00e1s de una barricada de tiro en la ciudad de Deir Al- Zour, nos reunimos con uno de los h\u00e9roes m\u00e1s j\u00f3venes del Ej\u00e9rcito Libre de Siria en esta ciudad de envergadura\u00bb.<\/p>\n<p><em>Salaam alaikum.<\/em><\/p>\n<p><strong>Rashdi Muhammad<\/strong>: \u00abAlaikum asalaam\u00bb.<\/p>\n<p><strong>Narrador<\/strong>: \u00ab\u00bfCu\u00e1l es tu nombre?\u00bb<\/p>\n<p><strong>Rashdi Muhammad<\/strong>: \u00abRashdi Muhammad\u00bb.<\/p>\n<p><strong>Narrador<\/strong>: \u00ab\u00bfCu\u00e1ntos a\u00f1os tienes?\u00bb<\/p>\n<p><strong>Rashdi Muhammad<\/strong>: \u00abTrece\u00bb<\/p>\n<p><strong>Narrador<\/strong>: \u00ab\u00bfQu\u00e9 haces aqu\u00ed?\u00bb<\/p>\n<p><strong>Rashdi Muhammad<\/strong>: \u00abEstoy con los h\u00e9roes de las ELS\u00bb.<\/p>\n<p><strong>Narrador<\/strong>: \u00ab\u00bfQu\u00e9 te hizo unirte al Ej\u00e9rcito de Liberaci\u00f3n de Siria?\u00bb<\/p>\n<p><strong>Rashdi Muhammad<\/strong>: \u00abMe un\u00ed a fin de defender nuestra tierra y el honor de nuestras mujeres\u00bb.<\/p>\n<p><strong>Narrador<\/strong>: \u00ab\u00bfQu\u00e9 te hizo entrar en la ciudad, cuando todos los j\u00f3venes se mantienen alejados?\u00bb<\/p>\n<p><strong>Rashdi Muhammad<\/strong>: \u00abYo no estaba dispuesto a aceptar la desgracia y la humillaci\u00f3n\u00bb.<\/p>\n<p><strong>Narrador<\/strong>: \u00ab\u00bfCu\u00e1l es tu mensaje a los j\u00f3venes de las villas, y a los hombres de la ciudad que permanecen fuera?\u00bb<\/p>\n<p><strong>Rashdi Muhammad<\/strong>: \u00abLa culpa es suya, no les da verg\u00fcenza\u00bb. [&#8230;]<\/p>\n<p><em>Deir Al- Zour, 24 de noviembre, 2012<\/em><\/p>\n<p><strong>Narrador<\/strong>: \u00abEstamos en Deir Al-Zour. Es el 24 de noviembre, 2012\u00bb.<\/p>\n<p><strong>Hombre<\/strong>: \u00abAl\u00e1 Akbar\u00bb.<\/p>\n<p><strong>Combatientes<\/strong>: \u00abAl\u00e1 Akbar\u00bb.<\/p>\n<p><strong>Narrador<\/strong>: \u00abEste es el m\u00e1s joven que combate en Siria, Oh Bashar Al- Assad, \u00bfComo te llamas?\u00bb<\/p>\n<p><strong>Dani Walid<\/strong>: \u00abDani\u00bb.<\/p>\n<p><strong>Narrador<\/strong>: \u00abDani qu\u00e9?\u00bb<\/p>\n<p><strong>Dani Walid<\/strong>: \u00abDani Walid\u00bb.<\/p>\n<p><strong>Narrador<\/strong>: \u00ab\u00bfQu\u00e9 haces aqu\u00ed con los hombres?\u00bb<\/p>\n<p><strong>Dani Walid<\/strong>: \u00abMe aloj\u00e9 aqu\u00ed, como ellos\u00bb.<\/p>\n<p><strong>Narrador<\/strong>: \u00ab\u00bfQue edad tienes, mi compa\u00f1ero de combate?\u00bb<\/p>\n<p><strong>Dani Walid<\/strong>: \u00abCatorce\u00bb.<\/p>\n<p><strong>Narrador<\/strong>: \u00ab\u00bfDe qu\u00e9 barrio eres?\u00bb<\/p>\n<p><strong>Dani Walid<\/strong>: \u00abDe Sheikh Yaseen\u00bb.<\/p>\n<p><strong>Narrador<\/strong>: \u00ab\u00bfQu\u00e9 haces aqu\u00ed?\u00bb<\/p>\n<p><strong>Dani Walid<\/strong>: \u00abEstoy buscando a Ghassan\u00bb.<\/p>\n<p><strong>Narrador<\/strong>: \u00abEst\u00e1s buscando a Ghassan Abboud?\u00bb<\/p>\n<p><strong>Dani Walid<\/strong>: \u00abS\u00ed\u00bb.<\/p>\n<p><strong>Narrador<\/strong>: La gente dice que el ej\u00e9rcito entr\u00f3 en todas las escuelas. \u00bfEs eso cierto?\u00bb<\/p>\n<p><strong>Dani Walid<\/strong>: \u00abNo\u00bb.<\/p>\n<p><strong>Narrador<\/strong>: \u00abOh, Bashar Al-Assad, este es nuestro combatiente m\u00e1s joven. Incluso los ni\u00f1os han comenzado a combatirte. Por Al\u00e1, te zapatearemos hasta que caigas derrocado\u00bb.<\/p>\n<p><strong>Dani Walid<\/strong>: \u00bb Digan: &#8216;Al\u00e1 Akbar'\u00bb<\/p>\n<p><strong>Combatientes<\/strong>: \u00abAl\u00e1 Akbar\u00bb. [&#8230;]<\/p>\n<p><em>Combates en el Castillo Krak de Chevaliers, cerca de Homs, 17 de diciembre, 2012<\/em><\/p>\n<p><em>Video muestra a ni\u00f1o llorando y angustiado<\/em><\/p>\n<p><strong>Muchacho<\/strong>: \u00abAl\u00e1. Al\u00e1. Ahmad [fue asesinado]. Ahmad? Ahmad?\u00bb<\/p>\n<p><strong>Narrador<\/strong>: \u00abC\u00e1lmate\u00bb.<\/p>\n<p><strong>Muchacho<\/strong>: \u00abAl\u00e1. Ahmad\u00bb.<\/p>\n<p><strong>Narrador<\/strong>: \u00abNo importa. Vamos\u00bb. [&#8230;]<\/p>\n<p><em>Deir Al-Zour, 22 de diciembre, 2012<\/em><\/p>\n<p><strong>Narrador<\/strong>: \u00abTenemos con nosotros a un hermano&#8230;\u00bb<\/p>\n<p><strong>Abu Jassem<\/strong>: \u00abAbu Jassem\u00bb.<\/p>\n<p><strong>Narrador<\/strong>: \u00bb Abu Jassem es el h\u00e9roe m\u00e1s joven del Ej\u00e9rcito de Liberaci\u00f3n de Siria. Este es uno de los sectores. Abu Jassem comanda un puesto de tiro, sembrando el caos en las filas del r\u00e9gimen. Abu Jassem es bien conocido entre las diferentes brigadas. \u00c9l y otros de su edad est\u00e1n defendiendo a su pa\u00eds\u00bb. [&#8230;]<\/p>\n<p><strong>Abu Jassem<\/strong>: \u00abLos hermanos que se fueron deber\u00edan retornar. Estamos defendiendo nuestra tierra y nuestro pa\u00eds. Con la ayuda de Al\u00e1, [el r\u00e9gimen] no pasar\u00e1 por aqu\u00ed. Estaremos firmes hasta la victoria o la muerte\u00bb. [&#8230;]<\/p>\n<p><strong>Narrador<\/strong>: \u00ab14 de enero, 2013. Este es el combatiente m\u00e1s joven, o <em>mujahid<\/em>, en la Brigada Ahrar Al-Forat. \u00c9l est\u00e1 cerca del aeropuerto militar Ksheish\u00bb.<\/p>\n<p><em>Video muestra a jovencito disparando un rifle<\/em><\/p>\n<p>[&#8230;]<\/p>\n<p><em>Deir Al-Zour, 12 de mayo, 2013<\/em><\/p>\n<p><strong>Narrador<\/strong>: \u00abOmran, \u00bfqu\u00e9 le hizo portar armas?\u00bb<\/p>\n<p><strong>Omran Khamis Faysal<\/strong>: \u00abPor Al\u00e1, esto es Jihad por la causa de Al\u00e1. Por el martirio\u00bb.<\/p>\n<p><strong>Narrador<\/strong>: \u00abOmran me sigue diciendo que est\u00e1 buscando el martirio\u00bb.<\/p>\n<p><strong>Narrador<\/strong>: \u00ab\u00bfPero qu\u00e9 hizo que se propusiera y busque el martirio\u00bb<\/p>\n<p><strong>Omran Khamis Faysal<\/strong>: \u00abNo hay nada en este mundo, Jeque. No hay nada eterno aqu\u00ed. Todo es corrupci\u00f3n.<\/p>\n<p><strong>Narrador<\/strong>: \u00ab\u00bfPero c\u00f3mo sabe usted que est\u00e1 en el camino correcto? \u00bfC\u00f3mo sabe que tiene la raz\u00f3n, y no Bashar?\u00bb<\/p>\n<p><strong>Omran Khamis Faysal<\/strong>: \u00abDebido a toda la opresi\u00f3n. La gente no estaba viviendo en libertad. Esa era la realidad \u00bfQu\u00e9 m\u00e1s se necesita?\u00bb<\/p>\n<p><strong>Narrador<\/strong>: \u00ab&#8216;Nadie en su sano juicio necesita prueba de la luz del d\u00eda&#8217;. Si alguien le preguntara que demostrara que es de ma\u00f1ana, lo \u00fanico que usted pudiera decir es que se trata claramente de la ma\u00f1ana y no tiene ninguna prueba m\u00e1s\u00bb.<\/p>\n<p><strong>Omran Khamis Faysal<\/strong>: \u00abCorrecto, no tengo pruebas\u00bb.<\/p>\n<p><strong>Narrador<\/strong>: \u00abUsted se dispuso a emprender el Jihad y buscar el martirio, y usted cree en eso&#8230;\u00bb<\/p>\n<p><strong>Omran Khamis Faysal<\/strong>: \u00abAbsolutamente. Al\u00e1 que lega, ser\u00e9 martirizado\u00bb.<\/p>\n<p><strong>Narrador<\/strong>: \u00ab\u00bfTiene alg\u00fan mensaje para los soldados de Bashar, que est\u00e1n a pocos metros de distancia?\u00bb<\/p>\n<p><strong>Omran Khamis Faysal<\/strong>: \u00abEsta gente no tienen creencias, ni honor, ni celo. Son como animales, tal vez peor. Son infieles, infieles, infieles\u00bb. [&#8230;]<\/p>\n<p><strong>Omran Khamis Faysal<\/strong>: \u00abEn el nombre de Al\u00e1 el Compasivo y Misericordioso. Yo, Omran Khamis Faysal de la Brigada M\u00e1rtir Faysal Al-Aqidi, por la presente hago emisi\u00f3n de un comunicado en nombre m\u00edo y de la brigada. Reto a Hassan Nasrallah a que venga a la tierra de Siria. \u00c9l es demasiado cobarde y gallina para venir aqu\u00ed, ya que ni siquiera se atreve a hacer sus discursos en p\u00fablico.<\/p>\n<p>\u00abD\u00e9jeme decirle, llegaremos a \u00e9l, en su ciudad natal de Hreik [en Beirut]. Pisaremos sobre su barba, con la que pretende ser un hombre de religi\u00f3n. Levantaremos el estandarte de &#8216;No hay dios sino Al\u00e1, y Mahoma es Su Mensajero&#8217;. Esta es la estandarte que ondearemos sobre el mundo entero\u00bb. [&#8230;]<\/p>\n<p><em>Aleppo, 10 de agosto, 2013<\/em><\/p>\n<p><strong>Ni\u00f1o de ocho a\u00f1os<\/strong>: \u00abDigan: &#8216;Al\u00e1 Akbar'\u00bb.<\/p>\n<p><strong>Hombres<\/strong>: \u00abAl\u00e1 Akbar\u00bb.<\/p>\n<p><strong>Ni\u00f1o de ocho a\u00f1os<\/strong>: \u00abDigan: &#8216;Al\u00e1 Akbar'\u00bb.<\/p>\n<p><strong>Hombres<\/strong>: \u00abAl\u00e1 Akbar\u00bb.<\/p>\n<p><strong>Ni\u00f1o de ocho a\u00f1os<\/strong>: \u00abAl\u00e1 Akbar\u00bb.<\/p>\n<p><em>Im\u00e1genes del joven corriendo, sosteniendo su rifle, y luego sentado y encendiendo un cigarrillo<\/em><\/p>\n<p><strong>Hombre sentado a su lado<\/strong>: \u00abTe est\u00e1 preguntando por tu nombre\u00bb.<\/p>\n<p><strong>Ni\u00f1o de ocho a\u00f1os<\/strong>: \u00abAhmad\u00bb.<\/p>\n<p><strong>Hombre<\/strong>: \u00ab\u00bfCu\u00e1ntos a\u00f1os tienes?\u00bb<\/p>\n<p><strong>Ahmad<\/strong>: \u00abOcho\u00bb.<\/p>\n<p><strong>Hombre<\/strong>: \u00ab\u00bfD\u00f3nde est\u00e1n tus padres?\u00bb<\/p>\n<p><strong>Ahmad<\/strong>: \u00abMi padre y madre fueron asesinados. Mi madre fue asesinada, y la bes\u00e9\u00bb.<\/p>\n<p><strong>Hombre<\/strong>: \u00abTenemos muchos ni\u00f1os como \u00e9l en Alepo\u00bb.<\/p>\n<p><em>Video de Ahmad lanzando una granada, y agach\u00e1ndose luego hasta que explota<\/em><\/p>\n<p><strong>Ahmad<\/strong>: \u00bb Digan: &#8216;Al\u00e1 Akbar'\u00bb.<\/p>\n<p><strong>Hombres<\/strong>: \u00abAl\u00e1 Akbar\u00bb.<\/p>\n<p><strong>Ahmad<\/strong>: \u00bb Digan: &#8216;Al\u00e1 Akbar'\u00bb.<\/p>\n<p><strong>Hombres<\/strong>: \u00abAl\u00e1 Akbar\u00bb. [&#8230;]<\/p>\n<\/div>\n","protected":false},"excerpt":{"rendered":"<p>A continuaci\u00f3n se presentan extractos de varios videos de ni\u00f1os que combaten junto a los rebeldes sirios, publicados en Internet en el 2012 y 2013, Deir Al-Zour, 27 de marzo, 2013. Haga clic aqu\u00ed para ver este video en MEMRI TV Narrador: \u00abDetr\u00e1s de una barricada de tiro en la ciudad de Deir Al- Zour, [&hellip;]<\/p>\n","protected":false},"author":1,"featured_media":0,"comment_status":"open","ping_status":"open","sticky":false,"template":"","format":"standard","meta":{"footnotes":""},"categories":[6,26],"tags":[],"class_list":["post-7113","post","type-post","status-publish","format-standard","hentry","category-comunicados-especiales","category-siria"],"_links":{"self":[{"href":"https:\/\/www2.memri.org\/espanol\/wp-json\/wp\/v2\/posts\/7113","targetHints":{"allow":["GET"]}}],"collection":[{"href":"https:\/\/www2.memri.org\/espanol\/wp-json\/wp\/v2\/posts"}],"about":[{"href":"https:\/\/www2.memri.org\/espanol\/wp-json\/wp\/v2\/types\/post"}],"author":[{"embeddable":true,"href":"https:\/\/www2.memri.org\/espanol\/wp-json\/wp\/v2\/users\/1"}],"replies":[{"embeddable":true,"href":"https:\/\/www2.memri.org\/espanol\/wp-json\/wp\/v2\/comments?post=7113"}],"version-history":[{"count":0,"href":"https:\/\/www2.memri.org\/espanol\/wp-json\/wp\/v2\/posts\/7113\/revisions"}],"wp:attachment":[{"href":"https:\/\/www2.memri.org\/espanol\/wp-json\/wp\/v2\/media?parent=7113"}],"wp:term":[{"taxonomy":"category","embeddable":true,"href":"https:\/\/www2.memri.org\/espanol\/wp-json\/wp\/v2\/categories?post=7113"},{"taxonomy":"post_tag","embeddable":true,"href":"https:\/\/www2.memri.org\/espanol\/wp-json\/wp\/v2\/tags?post=7113"}],"curies":[{"name":"wp","href":"https:\/\/api.w.org\/{rel}","templated":true}]}}