{"id":7093,"date":"2013-12-10T00:00:00","date_gmt":"2013-12-10T00:00:00","guid":{"rendered":"http:\/\/www2.memri.org\/espanol\/2013\/12\/10\/tras-acuerdo-nuclear-con-iran-ex-politico-egipcio-acusa-a-occidente-de-venderle-la-region-a-los-movimientos-extremistas-religiosos\/"},"modified":"2016-01-14T00:57:23","modified_gmt":"2016-01-14T00:57:23","slug":"tras-acuerdo-nuclear-con-iran-ex-politico-egipcio-acusa-a-occidente-de-venderle-la-region-a-los-movimientos-extremistas-religiosos","status":"publish","type":"post","link":"https:\/\/www2.memri.org\/espanol\/tras-acuerdo-nuclear-con-iran-ex-politico-egipcio-acusa-a-occidente-de-venderle-la-region-a-los-movimientos-extremistas-religiosos\/7093","title":{"rendered":"Tras acuerdo nuclear con Ir\u00e1n, ex pol\u00edtico egipcio acusa a Occidente de venderle la regi\u00f3n a los movimientos extremistas religiosos"},"content":{"rendered":"<div class=\"bodytext c2\">\n<p><em>Mustafa Al-Fiqi, pol\u00edtico egipcio que ocup\u00f3 diversos altos cargos bajo el mandato de Mubarak, incluyendo viceministro y presidente del comit\u00e9 de relaciones exteriores del parlamento extranjero, dedic\u00f3 recientemente su columna regular en el diario egipcio Al-Yawm Al-Sabi&#8217; a atacar agudamente a los Estados Unidos por el acuerdo en materia nuclear con Ir\u00e1n. Al-Fiqi acus\u00f3 a los Estados Unidos de traicionar a sus aliados \u00e1rabes y rendirse a la pol\u00edtica inflexible iran\u00ed a pesar de su estatus como la superpotencia m\u00e1s fuerte del mundo. Este afirm\u00f3 que la lecci\u00f3n que los \u00e1rabes deber\u00edan sacar de este acuerdo es que Occidente, liderado por Estados Unidos, s\u00f3lo entiende el lenguaje de la fuerza.<\/em><\/p>\n<p><em>A continuaci\u00f3n se presentan extractos de la columna:<a href=\"file:\/\/\/C:\/Users\/Designer\/AppData\/Local\/Temp\/eM%20Client%20temporary%20files\/bi2bk0o5.sbk\/SD%205559%20-%2012.10%20-%20(1)%20Ex%20politico%20egipcio%20acusa%20a%20Occidente%20de%20venderle%20la%20region%20a%20extremistas%20religiosos.doc#_edn1\" name=\"_ednref1\">[1]<\/a><\/em><\/p>\n<p><em><img loading=\"lazy\" decoding=\"async\" class=\"alignnone size-full wp-image-13601\" src=\"http:\/\/www2.memri.org\/espanol\/wp-content\/uploads\/2016\/01\/17284.jpg\" width=\"286\" height=\"203\" srcset=\"https:\/\/www2.memri.org\/espanol\/wp-content\/uploads\/2016\/01\/17284.jpg 286w, https:\/\/www2.memri.org\/espanol\/wp-content\/uploads\/2016\/01\/17284-100x70.jpg 100w\" sizes=\"auto, (max-width: 286px) 100vw, 286px\" \/><br \/>Mustafa Al-Fiqi (fuente: www1.youm7.com)<\/em><\/p>\n<p>\u00abIr\u00e1n ha conseguido obtener un logro provisional para su pol\u00edtica en materia nuclear, y nosotros tenemos que aprender una lecci\u00f3n [de esto], la cual es que Occidente s\u00f3lo entiende el lenguaje de la fuerza, y firma un armisticio con un pa\u00eds de bronce m\u00e1s f\u00e1cilmente de lo que acepta la pol\u00edtica de un pa\u00eds que ha sido su aliado durante a\u00f1os.<\/p>\n<p>\u00abEs Occidente la que ha vendido la regi\u00f3n a movimientos extremistas religiosos, es Occidente el que desea que el mundo \u00e1rabe y musulm\u00e1n se revuelquen en un conflicto interno que mantendr\u00e1 a [los \u00e1rabes y musulmanes] distanciados de este, es Occidente el que, en resultado final, negoci\u00f3 con Ir\u00e1n y firm\u00f3 un acuerdo hist\u00f3rico con este a pesar de las medidas diplom\u00e1ticas [de este pa\u00eds] provocativas a los Estados Unidos, ya sea [la pol\u00edtica de Ir\u00e1n] en Siria o en el Golfo, o el [comportamiento] de Hezbol\u00e1.<\/p>\n<p>\u00abDe hecho, Washington respeta s\u00f3lo el lenguaje de la fuerza y el sentido [del pa\u00eds al que se le opone] que est\u00e9 a la par con [los Estados Unidos]. Los Estados Unidos entienden que la palabra &#8216;no&#8217; [que escuch\u00f3 de Ir\u00e1n] se entiende como una advertencia&#8230; El acuerdo en materia nuclear iran\u00ed revel\u00f3 la eficacia &#8216;arriesgada&#8217; de la diplomacia [de Ir\u00e1n]. Es por eso que Washington y sus aliados ignoraron las objeciones de Israel y prefirieron seguir su propio camino: porque entendieron que a veces existe un &#8216;importante&#8217; [inter\u00e9s] y un &#8216;[inter\u00e9s] a\u00fan m\u00e1s importante&#8217;.<\/p>\n<p>\u00abAdem\u00e1s, los Estados Unidos vendieron a los cristianos de Oriente como parte de los acuerdos dudosos con las fuerzas religiosas y terroristas, y lo hicieron por el bien de Israel, y luego vendieron gradualmente a Israel por un acuerdo estrat\u00e9gico con Ir\u00e1n. Creo que este acuerdo es no el final de la camino, y me aventuro a decir que Israel est\u00e1 contemplando realizar alguna acci\u00f3n militar insensata contra Teher\u00e1n si el programa de enriquecimiento nuclear sigue en progreso\u00bb.<\/p>\n<\/p>\n<hr class=\"c1\" size=\"1\" width=\"33%\" \/>\n<p><a href=\"file:\/\/\/C:\/Users\/Designer\/AppData\/Local\/Temp\/eM%20Client%20temporary%20files\/bi2bk0o5.sbk\/SD%205559%20-%2012.10%20-%20(1)%20Ex%20politico%20egipcio%20acusa%20a%20Occidente%20de%20venderle%20la%20region%20a%20extremistas%20religiosos.doc#_ednref1\" name=\"_edn1\">[1]<\/a> <em>Al-Yawm Al-Sabi&#8217;<\/em> (Egipto), 26 de noviembre, 2013.<\/p>\n<\/div>\n","protected":false},"excerpt":{"rendered":"<p>Mustafa Al-Fiqi, pol\u00edtico egipcio que ocup\u00f3 diversos altos cargos bajo el mandato de Mubarak, incluyendo viceministro y presidente del comit\u00e9 de relaciones exteriores del parlamento extranjero, dedic\u00f3 recientemente su columna regular en el diario egipcio Al-Yawm Al-Sabi&#8217; a atacar agudamente a los Estados Unidos por el acuerdo en materia nuclear con Ir\u00e1n. Al-Fiqi acus\u00f3 a [&hellip;]<\/p>\n","protected":false},"author":1,"featured_media":13601,"comment_status":"open","ping_status":"open","sticky":false,"template":"","format":"standard","meta":{"footnotes":""},"categories":[6,20],"tags":[],"class_list":["post-7093","post","type-post","status-publish","format-standard","has-post-thumbnail","hentry","category-comunicados-especiales","category-iran"],"_links":{"self":[{"href":"https:\/\/www2.memri.org\/espanol\/wp-json\/wp\/v2\/posts\/7093","targetHints":{"allow":["GET"]}}],"collection":[{"href":"https:\/\/www2.memri.org\/espanol\/wp-json\/wp\/v2\/posts"}],"about":[{"href":"https:\/\/www2.memri.org\/espanol\/wp-json\/wp\/v2\/types\/post"}],"author":[{"embeddable":true,"href":"https:\/\/www2.memri.org\/espanol\/wp-json\/wp\/v2\/users\/1"}],"replies":[{"embeddable":true,"href":"https:\/\/www2.memri.org\/espanol\/wp-json\/wp\/v2\/comments?post=7093"}],"version-history":[{"count":0,"href":"https:\/\/www2.memri.org\/espanol\/wp-json\/wp\/v2\/posts\/7093\/revisions"}],"wp:featuredmedia":[{"embeddable":true,"href":"https:\/\/www2.memri.org\/espanol\/wp-json\/wp\/v2\/media\/13601"}],"wp:attachment":[{"href":"https:\/\/www2.memri.org\/espanol\/wp-json\/wp\/v2\/media?parent=7093"}],"wp:term":[{"taxonomy":"category","embeddable":true,"href":"https:\/\/www2.memri.org\/espanol\/wp-json\/wp\/v2\/categories?post=7093"},{"taxonomy":"post_tag","embeddable":true,"href":"https:\/\/www2.memri.org\/espanol\/wp-json\/wp\/v2\/tags?post=7093"}],"curies":[{"name":"wp","href":"https:\/\/api.w.org\/{rel}","templated":true}]}}