{"id":7086,"date":"2013-12-08T00:00:00","date_gmt":"2013-12-08T00:00:00","guid":{"rendered":"http:\/\/www2.memri.org\/espanol\/2013\/12\/08\/primer-ministro-paquistani-nawaz-sharif-cachemira-es-un-punto-de-inflamacion-y-puede-desencadenar-una-cuarta-guerra-entre-las-dos-potencias-nucleares-primer-ministro-hindu-manmohan-singh-no-hay\/"},"modified":"2016-01-14T00:57:29","modified_gmt":"2016-01-14T00:57:29","slug":"primer-ministro-paquistani-nawaz-sharif-cachemira-es-un-punto-de-inflamacion-y-puede-desencadenar-una-cuarta-guerra-entre-las-dos-potencias-nucleares-primer-ministro-hindu-manmohan-singh-no-hay","status":"publish","type":"post","link":"https:\/\/www2.memri.org\/espanol\/primer-ministro-paquistani-nawaz-sharif-cachemira-es-un-punto-de-inflamacion-y-puede-desencadenar-una-cuarta-guerra-entre-las-dos-potencias-nucleares-primer-ministro-hindu-manmohan-singh-no-hay\/7086","title":{"rendered":"Primer Ministro paquistan\u00ed Nawaz Sharif: &#8216;Cachemira es un punto de inflamaci\u00f3n y puede desencadenar una cuarta guerra entre las dos potencias nucleares&#8217;; Primer Ministro hind\u00fa Manmohan Singh: &#8216; No hay margen para que Pakist\u00e1n gane ninguna tal guerra mientras viva&#8217;"},"content":{"rendered":"<div class=\"bodytext c3\">\n<p><em><img loading=\"lazy\" decoding=\"async\" class=\"alignnone size-full wp-image-13608\" src=\"http:\/\/www2.memri.org\/espanol\/wp-content\/uploads\/2016\/01\/17193.jpg\" width=\"640\" height=\"437\" srcset=\"https:\/\/www2.memri.org\/espanol\/wp-content\/uploads\/2016\/01\/17193.jpg 640w, https:\/\/www2.memri.org\/espanol\/wp-content\/uploads\/2016\/01\/17193-300x205.jpg 300w, https:\/\/www2.memri.org\/espanol\/wp-content\/uploads\/2016\/01\/17193-600x410.jpg 600w, https:\/\/www2.memri.org\/espanol\/wp-content\/uploads\/2016\/01\/17193-218x150.jpg 218w, https:\/\/www2.memri.org\/espanol\/wp-content\/uploads\/2016\/01\/17193-615x420.jpg 615w\" sizes=\"auto, (max-width: 640px) 100vw, 640px\" \/><br \/>PM paquistan\u00ed Nawaz Sharif (izquierda) se re\u00fane con su hom\u00f3logo hind\u00fa en Nueva York, 29 de septiembre, 2013<\/em><\/p>\n<p><em>Del 3 al 4 diciembre del 2013, se desat\u00f3 una guerra de palabras entre el Primer Ministro paquistan\u00ed Nawaz Sharif y su hom\u00f3logo hind\u00fa Manmohan Singh por el tema de Cachemira. El 3 de diciembre, en una reuni\u00f3n en Muzaffarabad, la capital de la Cachemira paquistan\u00ed, Sharif habr\u00eda dicho que la cuesti\u00f3n de Cachemira podr\u00eda conducir a una cuarta guerra con India.<\/em><\/p>\n<p><em>Con esta declaraci\u00f3n, Sharif pr\u00e1cticamente revirti\u00f3 todos los gestos de buena voluntad entre las dos potencias nucleares en los \u00faltimos a\u00f1os. Un d\u00eda m\u00e1s tarde, cuando los medios de comunicaci\u00f3n informaron su declaraci\u00f3n, el Primer Ministro hind\u00fa Manmohan Singh reaccion\u00f3 fuertemente con declaraciones a la prensa, diciendo que Pakist\u00e1n nunca podr\u00eda ganar una guerra as\u00ed mientras viva. La declaraci\u00f3n de Singh fue corta y limitada.<\/em><\/p>\n<p><em>La oficina del Primer Ministro Sharif hizo un intento en controlar los da\u00f1os al negar que hab\u00eda hecho tal declaraci\u00f3n y acusando a los medios de informaci\u00f3n de falsear la noticia. Sin embargo, el comunicado emitido por su oficina hace m\u00e1s da\u00f1o que bien, ya que afirm\u00f3 que el sue\u00f1o de Sharif es ver una Cachemira libre de la \u00abocupaci\u00f3n india\u00bb.<a href=\"file:\/\/\/C:\/Users\/Designer\/AppData\/Local\/Temp\/eM%20Client%20temporary%20files\/eo5bfihb.hm2\/SD%205556%20-%2012.08%20-%20(1)%20Rencilla%20entre%20el%20PM%20paquistani%20y%20el%20PM%20hindu%20por%20Cachemira.doc#_edn1\" name=\"_ednref1\">[1]<\/a><\/em><\/p>\n<p><em>La cuesti\u00f3n se agrava cuando el asesor de pol\u00edtica exterior de Sharif Sartaj Aziz, quien posee la condici\u00f3n de ministro de relaciones exteriores ya que la cartera del ministerio de exteriores est\u00e1 en manos de Sharif, se uni\u00f3 al asunto el 4 de diciembre y, seg\u00fan un informe de los medios pakistan\u00edes, \u00abdeclar\u00f3 el presencia de tropas hind\u00faes en el glaciar Siachen [de Cachemira] como una amenaza al medio ambiente y ha pedido a India resolver este problema de forma prioritaria retirando sus fuerzas\u00bb.<a href=\"file:\/\/\/C:\/Users\/Designer\/AppData\/Local\/Temp\/eM%20Client%20temporary%20files\/eo5bfihb.hm2\/SD%205556%20-%2012.08%20-%20(1)%20Rencilla%20entre%20el%20PM%20paquistani%20y%20el%20PM%20hindu%20por%20Cachemira.doc#_edn2\" name=\"_ednref2\">[2]<\/a><\/em><\/p>\n<p><em>A continuaci\u00f3n se presentan extractos de un informe sobre el asunto en el diario paquistan\u00ed Dawn<a href=\"file:\/\/\/C:\/Users\/Designer\/AppData\/Local\/Temp\/eM%20Client%20temporary%20files\/eo5bfihb.hm2\/SD%205556%20-%2012.08%20-%20(1)%20Rencilla%20entre%20el%20PM%20paquistani%20y%20el%20PM%20hindu%20por%20Cachemira.doc#_edn3\" name=\"_ednref3\">[3]<\/a> y de un informe de los medios de India sobre la respuesta del Primer Ministro Singh a las declaraciones del Primer Ministro Sharif:<a href=\"file:\/\/\/C:\/Users\/Designer\/AppData\/Local\/Temp\/eM%20Client%20temporary%20files\/eo5bfihb.hm2\/SD%205556%20-%2012.08%20-%20(1)%20Rencilla%20entre%20el%20PM%20paquistani%20y%20el%20PM%20hindu%20por%20Cachemira.doc#_edn4\" name=\"_ednref4\">[4]<\/a><\/em><\/p>\n<p><strong>Informe de <em>Dawn<\/em> &#8211; Sharif: \u00abKashmir tambi\u00e9n permaneci\u00f3 bajo la lupa durante mi reuni\u00f3n el [23 de octubre 2013] con el Presidente Barack Obama [en Washington]\u00bb<\/strong><\/p>\n<p>\u00abEl Primer Ministro Nawaz Sharif expres\u00f3 su voluntad aqu\u00ed [en Muzaffarabad el 3 de diciembre, 2013]&#8230;para una pronta soluci\u00f3n al tema Cachemira, de conformidad con las resoluciones de la ONU y las aspiraciones de los habitantes de Cachemira, advirtiendo que de no resolverse el litigio de manera oportuna podr\u00eda conducir a una guerra\u00bb. &#8216;Cachemira es punto de inflamaci\u00f3n y puede desencadenar una cuarta guerra entre las dos potencias nucleares en cualquier momento&#8217;, dijo en su breve discurso ante la sesi\u00f3n presupuestaria del Consejo Azad Jammu y Cachemira (AJC).<\/p>\n<p>\u00abEl consejo, resultado de la Ley de la Constituci\u00f3n Provisional de Azad Jammu y Cachemira de 1974, tiene su secretariado en Islamabad. Por primera vez su per\u00edodo de sesiones se celebr\u00f3 en Muzaffarabad, donde se aprob\u00f3 su presupuesto de 14.98 billones de rupias para el a\u00f1o fiscal en curso. El Presidente del AJC Sardar Yaqoob Khan, el Primer Ministro Chaudhry Abdul Majeed, el Ministro Federal de Asuntos de Cachemira y Gilgit-Baltist\u00e1n Birjees Tahir, el Ministro de Estado para el Comercio Khurram Dastgir Khan&#8230; los [legisladores paquistan\u00edes] Tariq Fazal y Marvi Memon y cinco de los seis elegidos miembros del Consejo del AJK asistieron a la reuni\u00f3n.<\/p>\n<p>\u00abEl primer ministro Sharif dijo que hab\u00eda puesto de relieve con vigor el tema [de Cachemira] a nivel global, y \u00faltimamente hab\u00eda presentado el caso justo al pueblo de Cachemira en todos los foros internacionales, incluyendo la Asamblea General de la ONU. &#8216;Kashmir tambi\u00e9n permaneci\u00f3 bajo el foco durante mi reuni\u00f3n con el Presidente Barack Obama [el 23 de octubre del 2013, en Washington DC],&#8217; este dijo. Dijo que Pakist\u00e1n no quer\u00eda caer en una carrera armamentista y pondr\u00eda en pr\u00e1ctica el cese del fuego a lo largo de la L\u00ednea de Control (LDC).<\/p>\n<p>\u00abAfirmando que el desarrollo y la prosperidad de Azad Jammu y Cachemira era su prioridad, tambi\u00e9n anunci\u00f3 una serie de planes ambiciosos para cumplir con su compromiso. &#8216;Tengo un apego sincero con Cachemira&#8230; Es lo m\u00e1s importante para m\u00ed al igual que otras partes del pa\u00eds, y por eso considero que su desarrollo y prosperidad es mi deber nacional'\u00bb.<\/p>\n<p>\u00abEl primer ministro tambi\u00e9n se reuni\u00f3 con una delegaci\u00f3n de ocho miembros de la Conferencia Todos los Partidos Hurriyat (TLPH), liderado por Syed Yousuf Nasim. Este rindi\u00f3 homenaje a los habitantes de Cachemira por sus sacrificios y lucha en lograr el derecho a la libre determinaci\u00f3n y dijo: \u00bb Le ruego transmita mi mensaje a todo habitante de Cachemira de que el gobierno y el pueblo de Pakist\u00e1n est\u00e1n con ellos en su justa causa'\u00bb<\/p>\n<p><strong>NDTV: Una declaraci\u00f3n de la oficina de Sharif dijo que este \u00absue\u00f1a ver una Cachemira libre de ocupaci\u00f3n hind\u00fa deseando que este sue\u00f1o puede convertirse en realidad durante su vida'\u00bb<\/strong><\/p>\n<p>\u00abLuego que se inform\u00f3 que el Primer Ministro paquistan\u00ed Nawaz Sharif habr\u00eda dicho que Cachemira podr\u00eda desencadenar una cuarta guerra con su pa\u00eds, el Dr. Manmohan Singh reaccion\u00f3 bruscamente, declarando: &#8216;No hay ninguna posibilidad de que Pakist\u00e1n gane ninguna guerra mientras yo viva\u00bb.<\/p>\n<p>&ldquo;La controversia fue abierta por <em>The Dawn<\/em>, un diario paquistan\u00ed, que inform\u00f3 hoy de que durante una visita a la Cachemira ocupada por Pakist\u00e1n, dijo el Sr. Sharif, &#8216;Cachemira es punto de inflamaci\u00f3n y puede desencadenar una cuarta guerra entre las dos potencias nucleares en cualquier momento&#8217;. La oficina del Sr. Sharif neg\u00f3 el comentario horas despu\u00e9s, que describiendo el art\u00edculo de prensa como &#8216;incorrecto y basado en intenciones de mala fe&#8217;.<\/p>\n<p>\u00abSin embargo, en un comunicado que de cierto servir\u00e1 como irritante para India, la oficina del Sr. Sharif dijo que tiene &#8216;el sue\u00f1o de ver una Cachemira libre de ocupaci\u00f3n hind\u00fa y desea que este sue\u00f1o pueda convertirse en realidad durante su vida&#8217;. Su declaraci\u00f3n se produce mientras ambos pa\u00edses han estado tratando de reconstruir las relaciones.<\/p>\n<p>\u00abEn los \u00faltimos meses, las violaciones del cese al fuego a lo largo de la frontera de facto o la L\u00ednea de Control en Cachemira han sido las peores en casi una d\u00e9cada. En septiembre, el Sr. Sharif se reuni\u00f3 con el Dr. Manmohan Singh, en la Asamblea General de la ONU en Nueva York y ambos l\u00edderes dijeron que se asegurar\u00edan de que sus comandantes militares trabajaran en la restauraci\u00f3n del alto al fuego\u00bb.<\/p>\n<\/p>\n<hr class=\"c2\" size=\"1\" width=\"33%\" \/>\n<p><a href=\"file:\/\/\/C:\/Users\/Designer\/AppData\/Local\/Temp\/eM%20Client%20temporary%20files\/eo5bfihb.hm2\/SD%205556%20-%2012.08%20-%20(1)%20Rencilla%20entre%20el%20PM%20paquistani%20y%20el%20PM%20hindu%20por%20Cachemira.doc#_ednref1\" name=\"_edn1\">[1]<\/a> NDTV.com (India), 4 de diciembre, 2013. El ingl\u00e9s original de todos los informes utilizado en este despacho ha sido ligeramente editado para mayor claridad y estandarizaci\u00f3n.<\/p>\n<p><a href=\"file:\/\/\/C:\/Users\/Designer\/AppData\/Local\/Temp\/eM%20Client%20temporary%20files\/eo5bfihb.hm2\/SD%205556%20-%2012.08%20-%20(1)%20Rencilla%20entre%20el%20PM%20paquistani%20y%20el%20PM%20hindu%20por%20Cachemira.doc#_ednref2\" name=\"_edn2\">[2]<\/a> Thenews.com.pk (Pakist\u00e1n), 4 de diciembre, 2013.<\/p>\n<p><a href=\"file:\/\/\/C:\/Users\/Designer\/AppData\/Local\/Temp\/eM%20Client%20temporary%20files\/eo5bfihb.hm2\/SD%205556%20-%2012.08%20-%20(1)%20Rencilla%20entre%20el%20PM%20paquistani%20y%20el%20PM%20hindu%20por%20Cachemira.doc#_ednref3\" name=\"_edn3\">[3]<\/a> Dawn.com (Pakist\u00e1n), 3 de diciembre, 2013.<\/p>\n<p><a href=\"file:\/\/\/C:\/Users\/Designer\/AppData\/Local\/Temp\/eM%20Client%20temporary%20files\/eo5bfihb.hm2\/SD%205556%20-%2012.08%20-%20(1)%20Rencilla%20entre%20el%20PM%20paquistani%20y%20el%20PM%20hindu%20por%20Cachemira.doc#_ednref4\" name=\"_edn4\">[4]<\/a> NDTV.com (India), 4 de diciembre, 2013.<\/p>\n<\/div>\n","protected":false},"excerpt":{"rendered":"<p>PM paquistan\u00ed Nawaz Sharif (izquierda) se re\u00fane con su hom\u00f3logo hind\u00fa en Nueva York, 29 de septiembre, 2013 Del 3 al 4 diciembre del 2013, se desat\u00f3 una guerra de palabras entre el Primer Ministro paquistan\u00ed Nawaz Sharif y su hom\u00f3logo hind\u00fa Manmohan Singh por el tema de Cachemira. El 3 de diciembre, en una [&hellip;]<\/p>\n","protected":false},"author":1,"featured_media":13608,"comment_status":"open","ping_status":"open","sticky":false,"template":"","format":"standard","meta":{"footnotes":""},"categories":[6,20],"tags":[],"class_list":["post-7086","post","type-post","status-publish","format-standard","has-post-thumbnail","hentry","category-comunicados-especiales","category-iran"],"_links":{"self":[{"href":"https:\/\/www2.memri.org\/espanol\/wp-json\/wp\/v2\/posts\/7086","targetHints":{"allow":["GET"]}}],"collection":[{"href":"https:\/\/www2.memri.org\/espanol\/wp-json\/wp\/v2\/posts"}],"about":[{"href":"https:\/\/www2.memri.org\/espanol\/wp-json\/wp\/v2\/types\/post"}],"author":[{"embeddable":true,"href":"https:\/\/www2.memri.org\/espanol\/wp-json\/wp\/v2\/users\/1"}],"replies":[{"embeddable":true,"href":"https:\/\/www2.memri.org\/espanol\/wp-json\/wp\/v2\/comments?post=7086"}],"version-history":[{"count":0,"href":"https:\/\/www2.memri.org\/espanol\/wp-json\/wp\/v2\/posts\/7086\/revisions"}],"wp:featuredmedia":[{"embeddable":true,"href":"https:\/\/www2.memri.org\/espanol\/wp-json\/wp\/v2\/media\/13608"}],"wp:attachment":[{"href":"https:\/\/www2.memri.org\/espanol\/wp-json\/wp\/v2\/media?parent=7086"}],"wp:term":[{"taxonomy":"category","embeddable":true,"href":"https:\/\/www2.memri.org\/espanol\/wp-json\/wp\/v2\/categories?post=7086"},{"taxonomy":"post_tag","embeddable":true,"href":"https:\/\/www2.memri.org\/espanol\/wp-json\/wp\/v2\/tags?post=7086"}],"curies":[{"name":"wp","href":"https:\/\/api.w.org\/{rel}","templated":true}]}}