{"id":7076,"date":"2013-12-05T00:00:00","date_gmt":"2013-12-05T00:00:00","guid":{"rendered":"http:\/\/www2.memri.org\/espanol\/2013\/12\/05\/al-qaeda-en-escuela-siria-los-infieles-deben-ser-sacrificados-obama-y-los-lideres-del-mundo-son-infieles-los-mujahideen-se-estan-concentrando-en-siria-de-los-estados-unidos-belgica-china-rusia\/"},"modified":"2013-12-05T00:00:00","modified_gmt":"2013-12-05T00:00:00","slug":"al-qaeda-en-escuela-siria-los-infieles-deben-ser-sacrificados-obama-y-los-lideres-del-mundo-son-infieles-los-mujahideen-se-estan-concentrando-en-siria-de-los-estados-unidos-belgica-china-rusia","status":"publish","type":"post","link":"https:\/\/www2.memri.org\/espanol\/al-qaeda-en-escuela-siria-los-infieles-deben-ser-sacrificados-obama-y-los-lideres-del-mundo-son-infieles-los-mujahideen-se-estan-concentrando-en-siria-de-los-estados-unidos-belgica-china-rusia\/7076","title":{"rendered":"Al-Qaeda en escuela siria: Los infieles deben ser sacrificados; Obama y los l\u00edderes del mundo son infieles; los mujahideen se est\u00e1n concentrando en Siria de los Estados Unidos, B\u00e9lgica, China, Rusia"},"content":{"rendered":"<div class=\"bodytext c1\">\n<p><em>A continuaci\u00f3n se presentan extractos de un video con un operario del ISIS en una escuela en Siria, el cual fue publicado en Internet el 26 de noviembre, 2013:<\/em><\/p>\n<p><em>Haga clic aqu\u00ed para ver este video en MEMRI TV:<br \/><\/em> <a href=\"http:\/\/www.memritv.org\/clip\/en\/4057.htm\">http:\/\/www.memritv.org\/clip\/en\/4057.htm<\/a><\/p>\n<p><strong>Operario de Al-Qaeda<\/strong>: \u00bb Los <em>mujahideen<\/em> est\u00e1n llegando ac\u00e1, a Siria. Vienen desde Egipto, de Chechenia, de Marruecos, de los Estados Unidos, de B\u00e9lgica, de China, de Rusia, de Camer\u00fan&#8230; \u00bfQui\u00e9n los une?\u00bb<\/p>\n<p><strong>Escolares<\/strong>: \u00abAl\u00e1\u00bb.<\/p>\n<p><strong>Operario de Al-Qaeda<\/strong>: \u00ab\u00bfPor qu\u00e9 se re\u00fanen aqu\u00ed?\u00bb<\/p>\n<p><strong>Escolares<\/strong>: \u00abPor el bien del Islam\u00bb.<\/p>\n<p><strong>Operario de Al-Qaeda<\/strong>: \u00abEl Islam une a todos bajo una sola palabra, sin distinciones entre el color de piel, nacionalidad, ni nada. Toda la tierra le pertenece a Al\u00e1. El Islam eleva a los musulmanes y humilla a los infieles. Los \u00abCruzados\u00bb &#8211; quienes son los cristianos &#8211; \u00bfson ellos musulmanes o infieles\u00bb?<\/p>\n<p><strong>Escolares<\/strong>: \u00abSon infieles\u00bb.<\/p>\n<p><strong>Operario de Al-Qaeda<\/strong>: \u00abAl\u00e1 dijo: &#8216;Aquellos que dicen que Jes\u00fas, hijo de Mar\u00eda es Dios han dejado de creer&#8217;. Al\u00e1 dijo: &#8216;Los que dicen que Dios es el tercero de tres han dejado de creer&#8217;. Se persignan as\u00ed. Al\u00e1 dijo: \u00ab&#8216;Los que dicen que Dios es el tercero de tres han dejado de creer&#8217;. El que dice que Dios es tres es un infiel.<\/p>\n<p>\u00abEl que dice que Dios son dos y que Jes\u00fas es Su hijo es un infiel tambi\u00e9n. Cualquiera que diga que Jes\u00fas es Dios tambi\u00e9n es un infiel.<\/p>\n<p>\u00abEs Bashar Al-Assad musulm\u00e1n o un infiel?\u00bb<\/p>\n<p><strong>Escolares<\/strong>: \u00abUn infiel\u00bb.<\/p>\n<p><strong>Operario de Al-Qaeda<\/strong>: \u00ab\u00bfA qui\u00e9n le gusta Bashar? Al que le guste Bashar &#8211; que levante la mano. \u00bfPor qu\u00e9 lo odias?\u00bb<\/p>\n<p><strong>Escolares<\/strong>: \u00bb Porque es un infiel\u00bb.<\/p>\n<p><strong>Operario de Al-Qaeda<\/strong>: \u00abImaginen que tuvi\u00e9ramos aqu\u00ed con nosotros a un alauita, de la familia de Al- Assad o de religi\u00f3n \u00bfLes gustar\u00eda esa persona?\u00bb<\/p>\n<p><strong>Escolares<\/strong>: \u00abNo\u00bb.<\/p>\n<p><strong>Operario de Al-Qaeda<\/strong>: \u00ab\u00bfQu\u00e9 le har\u00edan?\u00bb<\/p>\n<p><strong>Escolares<\/strong>: \u00abLo asesinar\u00edamos\u00bb.<\/p>\n<p><strong>Operario de Al-Qaeda<\/strong>: \u00abAsesinarlo. Cierto. Porque es un infiel.<\/p>\n<p>[&#8230; ]<\/p>\n<p>\u00abCualquiera que no cree en el Islam es un infiel. \u00bfEs Obama un musulm\u00e1n o un infiel?\u00bb<\/p>\n<p><strong>Escolares<\/strong>: \u00abUn infiel\u00bb.<\/p>\n<p><strong>Operario de Al-Qaeda<\/strong>: \u00ab\u00bfY el presidente de Rusia?\u00bb<\/p>\n<p><strong>Escolares<\/strong>: \u00abUn infiel\u00bb.<\/p>\n<p><strong>Operario de Al-Qaeda<\/strong>: \u00ab\u00bfY el presidente de China?\u00bb<\/p>\n<p><strong>Escolares<\/strong>: \u00abUn infiel\u00bb.<\/p>\n<p>[&#8230;]<\/p>\n<\/div>\n","protected":false},"excerpt":{"rendered":"<p>A continuaci\u00f3n se presentan extractos de un video con un operario del ISIS en una escuela en Siria, el cual fue publicado en Internet el 26 de noviembre, 2013: Haga clic aqu\u00ed para ver este video en MEMRI TV: http:\/\/www.memritv.org\/clip\/en\/4057.htm Operario de Al-Qaeda: \u00bb Los mujahideen est\u00e1n llegando ac\u00e1, a Siria. Vienen desde Egipto, de [&hellip;]<\/p>\n","protected":false},"author":1,"featured_media":0,"comment_status":"open","ping_status":"open","sticky":false,"template":"","format":"standard","meta":{"footnotes":""},"categories":[6,26],"tags":[],"class_list":["post-7076","post","type-post","status-publish","format-standard","hentry","category-comunicados-especiales","category-siria"],"_links":{"self":[{"href":"https:\/\/www2.memri.org\/espanol\/wp-json\/wp\/v2\/posts\/7076","targetHints":{"allow":["GET"]}}],"collection":[{"href":"https:\/\/www2.memri.org\/espanol\/wp-json\/wp\/v2\/posts"}],"about":[{"href":"https:\/\/www2.memri.org\/espanol\/wp-json\/wp\/v2\/types\/post"}],"author":[{"embeddable":true,"href":"https:\/\/www2.memri.org\/espanol\/wp-json\/wp\/v2\/users\/1"}],"replies":[{"embeddable":true,"href":"https:\/\/www2.memri.org\/espanol\/wp-json\/wp\/v2\/comments?post=7076"}],"version-history":[{"count":0,"href":"https:\/\/www2.memri.org\/espanol\/wp-json\/wp\/v2\/posts\/7076\/revisions"}],"wp:attachment":[{"href":"https:\/\/www2.memri.org\/espanol\/wp-json\/wp\/v2\/media?parent=7076"}],"wp:term":[{"taxonomy":"category","embeddable":true,"href":"https:\/\/www2.memri.org\/espanol\/wp-json\/wp\/v2\/categories?post=7076"},{"taxonomy":"post_tag","embeddable":true,"href":"https:\/\/www2.memri.org\/espanol\/wp-json\/wp\/v2\/tags?post=7076"}],"curies":[{"name":"wp","href":"https:\/\/api.w.org\/{rel}","templated":true}]}}