{"id":7074,"date":"2013-12-04T00:00:00","date_gmt":"2013-12-04T00:00:00","guid":{"rendered":"http:\/\/www2.memri.org\/espanol\/2013\/12\/04\/a-pesar-de-las-negativas-del-regimen-irani-las-declaraciones-de-miembros-del-majlis-e-informes-en-iran-indican-participacion-de-tropas-iranies-en-combates-en-siria\/"},"modified":"2016-01-14T00:57:37","modified_gmt":"2016-01-14T00:57:37","slug":"a-pesar-de-las-negativas-del-regimen-irani-las-declaraciones-de-miembros-del-majlis-e-informes-en-iran-indican-participacion-de-tropas-iranies-en-combates-en-siria","status":"publish","type":"post","link":"https:\/\/www2.memri.org\/espanol\/a-pesar-de-las-negativas-del-regimen-irani-las-declaraciones-de-miembros-del-majlis-e-informes-en-iran-indican-participacion-de-tropas-iranies-en-combates-en-siria\/7074","title":{"rendered":"A pesar de las negativas del r\u00e9gimen iran\u00ed, las declaraciones de miembros del Majlis e informes en Ir\u00e1n indican participaci\u00f3n de tropas iran\u00edes en combates en Siria"},"content":{"rendered":"<div class=\"bodytext c2\">\n<p>Recientemente, los medios iran\u00edes han publicado numerosos informes sobre una amplia participaci\u00f3n militar de Ir\u00e1n en la lucha por el r\u00e9gimen del Presidente sirio Bashar Al-Assad, incluidos informes sobre funerales de soldados iran\u00edes asesinados all\u00ed. Sin embargo, el r\u00e9gimen iran\u00ed se aferra a su relato de que no est\u00e1 involucrado de ninguna manera en los combates, y rechaza las acusaciones de los pa\u00edses \u00e1rabes y occidentales de que lo est\u00e1 haciendo.<a href=\"file:\/\/\/C:\/Users\/Designer\/AppData\/Local\/Temp\/eM%20Client%20temporary%20files\/lpsucogb.wxf\/IA%201040%20-%2012.04%20-%20(1)%20informes%20en%20Iran%20indican%20participacion%20de%20tropas%20iranies%20en%20combates%20en%20Siria.doc#_edn1\" name=\"_ednref1\">[1]<\/a> La postura de los pa\u00edses \u00e1rabes fue reflejada en las declaraciones del canciller saudita Saud Al-Faisal, cuyo pa\u00eds es el principal cr\u00edtico de Ir\u00e1n sobre el asunto, durante una reuni\u00f3n el 4 de noviembre, 2013 con el Secretario de Estado estadounidense John Kerry, en la que exigi\u00f3 a Ir\u00e1n que retire ambas fuerzas las iran\u00edes y las de Hezbol\u00e1 de Siria.<a href=\"file:\/\/\/C:\/Users\/Designer\/AppData\/Local\/Temp\/eM%20Client%20temporary%20files\/lpsucogb.wxf\/IA%201040%20-%2012.04%20-%20(1)%20informes%20en%20Iran%20indican%20participacion%20de%20tropas%20iranies%20en%20combates%20en%20Siria.doc#_edn2\" name=\"_ednref2\">[2]<\/a><\/p>\n<p>Teher\u00e1n tambi\u00e9n afirma que las im\u00e1genes recientemente publicadas por los medios de comunicaci\u00f3n extranjeros que muestran a las fuerzas del Cuerpo de la Guardia Revolucionaria Isl\u00e1mica de Ir\u00e1n (CGRII) combatiendo en Siria son falsas.<a href=\"file:\/\/\/C:\/Users\/Designer\/AppData\/Local\/Temp\/eM%20Client%20temporary%20files\/lpsucogb.wxf\/IA%201040%20-%2012.04%20-%20(1)%20informes%20en%20Iran%20indican%20participacion%20de%20tropas%20iranies%20en%20combates%20en%20Siria.doc#_edn3\" name=\"_ednref3\">[3]<\/a><\/p>\n<p>A pesar de sus afirmaciones de que no est\u00e1n involucrados militarmente en Siria, Teher\u00e1n se acredita por las capacidades de combate del r\u00e9gimen de Assad en contra de los rebeldes. As\u00ed, por ejemplo, Reza Taqvi, director de la sede del Consejo Central de L\u00edderes de los Rezos en Viernes en la ciudad de Jiroft al este de Ir\u00e1n, dijo el 20 de agosto, 2013: \u00abEl L\u00edder [Supremo] [Jamenei], uno de los grandes forjadores de la historia del [mundo], est\u00e1 guiando [las operaciones] en el sur de L\u00edbano, y en virtud de su orientaci\u00f3n, Gaza ha levantado la cabeza y Siria se ha opuesto a los infieles\u00bb.<a href=\"file:\/\/\/C:\/Users\/Designer\/AppData\/Local\/Temp\/eM%20Client%20temporary%20files\/lpsucogb.wxf\/IA%201040%20-%2012.04%20-%20(1)%20informes%20en%20Iran%20indican%20participacion%20de%20tropas%20iranies%20en%20combates%20en%20Siria.doc#_edn4\" name=\"_ednref4\">[4]<\/a><\/p>\n<p>Este documento examinar\u00e1 los informes en Ir\u00e1n que muestran su amplia participaci\u00f3n militar en la lucha en Siria.<\/p>\n<p><strong>Miembro del Majlis: Las fuerzas iran\u00edes est\u00e1n detr\u00e1s de las victorias del ej\u00e9rcito sirio<\/strong><\/p>\n<p>Ya en el 2012, altos funcionarios de la Guardia Revolucionaria de Ir\u00e1n combat\u00edan activamente en Siria, una foto de la tumba del l\u00edder del CGRI Mohammad Tork, muerto en las batallas de Damasco, fue publicada en los medios de comunicaci\u00f3n \u00e1rabes.<a href=\"file:\/\/\/C:\/Users\/Designer\/AppData\/Local\/Temp\/eM%20Client%20temporary%20files\/lpsucogb.wxf\/IA%201040%20-%2012.04%20-%20(1)%20informes%20en%20Iran%20indican%20participacion%20de%20tropas%20iranies%20en%20combates%20en%20Siria.doc#_edn5\" name=\"_ednref5\">[5]<\/a> Adem\u00e1s, el 2 de noviembre del 2013, el miembro del Consejo de Seguridad Nacional del Majlis Javad Karimi Qoddousi declar\u00f3: \u00abCientos de brigadas iran\u00edes est\u00e1n ahora en Siria\u00bb, y a\u00f1adi\u00f3 que \u00abcuando escuche las noticias de las victorias del ej\u00e9rcito sirio de boca de cualquier comandante sirio, [sepa que] las fuerzas iran\u00edes est\u00e1n detr\u00e1s de los escenarios all\u00ed\u00bb.<a href=\"file:\/\/\/C:\/Users\/Designer\/AppData\/Local\/Temp\/eM%20Client%20temporary%20files\/lpsucogb.wxf\/IA%201040%20-%2012.04%20-%20(1)%20informes%20en%20Iran%20indican%20participacion%20de%20tropas%20iranies%20en%20combates%20en%20Siria.doc#_edn6\" name=\"_ednref6\">[6]<\/a><\/p>\n<p>El director de relaciones p\u00fablicas del CGRI Ramazan Sharif neg\u00f3 esto, y dijo que \u00ablos medios de comunicaci\u00f3n en Ir\u00e1n deben mostrar una mayor precisi\u00f3n y sensibilidad en la publicaci\u00f3n de este tipo de noticias para que no ayuden a la guerra psicol\u00f3gica de los medios extranjeros\u00bb. Tambi\u00e9n reiter\u00f3 la postura de Teher\u00e1n de que \u00abtal como se ha destacado en numerosas ocasiones, Ir\u00e1n no tiene brigadas en Siria; s\u00f3lo posee asesores que ayudan a los defensores de ese pa\u00eds con su experticia\u00bb.<a href=\"file:\/\/\/C:\/Users\/Designer\/AppData\/Local\/Temp\/eM%20Client%20temporary%20files\/lpsucogb.wxf\/IA%201040%20-%2012.04%20-%20(1)%20informes%20en%20Iran%20indican%20participacion%20de%20tropas%20iranies%20en%20combates%20en%20Siria.doc#_edn7\" name=\"_ednref7\">[7]<\/a><\/p>\n<p>Cabe se\u00f1alar que las declaraciones de Qoddousi fueron publicadas por primera vez en la Agencia de Noticias de los Estudiantes Iran\u00edes (ANEI), que apoya al principal rival pol\u00edtico de Jamenei Hashemi Rafsanjani, pero que varios d\u00edas despu\u00e9s Qoddousi neg\u00f3 el informe de la ANEI.<a href=\"file:\/\/\/C:\/Users\/Designer\/AppData\/Local\/Temp\/eM%20Client%20temporary%20files\/lpsucogb.wxf\/IA%201040%20-%2012.04%20-%20(1)%20informes%20en%20Iran%20indican%20participacion%20de%20tropas%20iranies%20en%20combates%20en%20Siria.doc#_edn8\" name=\"_ednref8\">[8]<\/a><\/p>\n<p><strong>Cobertura medi\u00e1tica iran\u00ed de funerales de soldados iran\u00edes muertos en Siria<\/strong><\/p>\n<p>En una entrevista el 26 de noviembre con la agencia de noticias iran\u00ed Fars, el miembro del Consejo de Seguridad Nacional del Majlis Esmail Kowsari neg\u00f3 reportes de los medios extranjeros sobre la participaci\u00f3n de las fuerzas iran\u00edes en los enfrentamientos en Siria. Este dijo: \u00abIr\u00e1n absolutamente no ha enviado tropas a Siria. Si las hubi\u00e9semos enviado all\u00ed, tendr\u00edamos m\u00e1rtires y heridos, y tendr\u00edan que regresar. Entonces, \u00bfd\u00f3nde est\u00e1n? \u00bfPor qu\u00e9 no los vemos [aqu\u00ed en Ir\u00e1n]?\u00bb<a href=\"file:\/\/\/C:\/Users\/Designer\/AppData\/Local\/Temp\/eM%20Client%20temporary%20files\/lpsucogb.wxf\/IA%201040%20-%2012.04%20-%20(1)%20informes%20en%20Iran%20indican%20participacion%20de%20tropas%20iranies%20en%20combates%20en%20Siria.doc#_edn9\" name=\"_ednref9\">[9]<\/a><\/p>\n<p>A pesar de esta declaraci\u00f3n, los medios de comunicaci\u00f3n iran\u00edes en los \u00faltimos meses han publicado numerosos informes sobre el CGRI y las tropas Basij quienes est\u00e1n siendo asesinados en los combates en Siria, y sus funerales siendo atendido por funcionarios de alto rango del CGRI.<\/p>\n<p><strong>Agencia de Noticias Mehr: General Mohammad Jamali Paqale muerto en combates en Siria<\/strong><\/p>\n<p>El 4 de noviembre del 2013, la agencia de noticias iran\u00ed Mehr inform\u00f3 sobre la muerte del veterano de la guerra Ir\u00e1n-Irak (1980-1988) General Mohammad Jamali Paqale en los combates en Siria.<a href=\"file:\/\/\/C:\/Users\/Designer\/AppData\/Local\/Temp\/eM%20Client%20temporary%20files\/lpsucogb.wxf\/IA%201040%20-%2012.04%20-%20(1)%20informes%20en%20Iran%20indican%20participacion%20de%20tropas%20iranies%20en%20combates%20en%20Siria.doc#_edn10\" name=\"_ednref10\">[10]<\/a><\/p>\n<p><em><img loading=\"lazy\" decoding=\"async\" class=\"alignnone size-full wp-image-13609\" src=\"http:\/\/www2.memri.org\/espanol\/wp-content\/uploads\/2016\/01\/17172.jpg\" width=\"247\" height=\"218\" \/><br \/>Gen. Paqale (imagen: Mehrnews.com 4 de noviembre, 2013)<\/em><\/p>\n<p><strong>Alto funcionario del CGRI Esmaeil Heidari \u00abmuerto en combate contra los terroristas de Jabhat Al-Nusra\u00bb<\/strong><\/p>\n<p>El 24 de agosto del 2013, el portal Mashreq, cercano a los c\u00edrculos de seguridad iran\u00edes, inform\u00f3 la muerte del general de la Guardia Revolucionaria Esmaeil Heidari, &ldquo;muerto en batalla contra los c\u00edrculos del grupo terrorista Jabhat Al-Nusra en Damasco\u00bb. El portal agreg\u00f3 fotos de su funeral, mostrando a miembros del CGRI presentes.<a href=\"file:\/\/\/C:\/Users\/Designer\/AppData\/Local\/Temp\/eM%20Client%20temporary%20files\/lpsucogb.wxf\/IA%201040%20-%2012.04%20-%20(1)%20informes%20en%20Iran%20indican%20participacion%20de%20tropas%20iranies%20en%20combates%20en%20Siria.doc#_edn11\" name=\"_ednref11\">[11]<\/a><\/p>\n<p><em><img loading=\"lazy\" decoding=\"async\" class=\"alignnone size-full wp-image-13612\" src=\"http:\/\/www2.memri.org\/espanol\/wp-content\/uploads\/2016\/01\/17174.jpg\" width=\"640\" height=\"236\" srcset=\"https:\/\/www2.memri.org\/espanol\/wp-content\/uploads\/2016\/01\/17174.jpg 640w, https:\/\/www2.memri.org\/espanol\/wp-content\/uploads\/2016\/01\/17174-300x111.jpg 300w, https:\/\/www2.memri.org\/espanol\/wp-content\/uploads\/2016\/01\/17174-600x221.jpg 600w\" sizes=\"auto, (max-width: 640px) 100vw, 640px\" \/><br \/>Funeral de Paqale (im\u00e1genes: Mashreghnews.ir, 24 de agosto, 2013)<\/em><\/p>\n<p><strong>Soldado del CGRI Mohammad Hossein Atri asesinado por \u00abmercenarios del r\u00e9gimen sionista\u00bb<\/strong><\/p>\n<p>El 7 de junio del 2013, se inform\u00f3 de que el funeral del soldado del CGRI Mohammad Hossein Atri, quien muri\u00f3 defendiendo el santuario de Zainab en Siria por \u00abmercenarios del r\u00e9gimen sionista\u00bb, se celebrar\u00eda al d\u00eda siguiente en la ciudad de Reshet, al norte de Ir\u00e1n.<a href=\"file:\/\/\/C:\/Users\/Designer\/AppData\/Local\/Temp\/eM%20Client%20temporary%20files\/lpsucogb.wxf\/IA%201040%20-%2012.04%20-%20(1)%20informes%20en%20Iran%20indican%20participacion%20de%20tropas%20iranies%20en%20combates%20en%20Siria.doc#_edn12\" name=\"_ednref12\">[12]<\/a><\/p>\n<p><em><img loading=\"lazy\" decoding=\"async\" class=\"alignnone size-full wp-image-13614\" src=\"http:\/\/www2.memri.org\/espanol\/wp-content\/uploads\/2016\/01\/17176.jpg\" width=\"640\" height=\"203\" srcset=\"https:\/\/www2.memri.org\/espanol\/wp-content\/uploads\/2016\/01\/17176.jpg 640w, https:\/\/www2.memri.org\/espanol\/wp-content\/uploads\/2016\/01\/17176-300x95.jpg 300w, https:\/\/www2.memri.org\/espanol\/wp-content\/uploads\/2016\/01\/17176-600x190.jpg 600w\" sizes=\"auto, (max-width: 640px) 100vw, 640px\" \/><br \/>Funeral de Atri (im\u00e1genes: Diyareban.ir, 8 de junio, 2013)<\/em><\/p>\n<p><strong>Alto funcionario del Basij Mehdi Moussavi<\/strong><\/p>\n<p>La agencia de noticias Fars inform\u00f3 el 7 de julio del 2013, que altos funcionarios iran\u00edes, entre ellos del CGRI, hab\u00edan asistido a una ceremonia que tuvo lugar en el aeropuerto de Ahwaz, al sur de Ir\u00e1n, a la llegada del ata\u00fad de Mehdi Moussavi.<a href=\"file:\/\/\/C:\/Users\/Designer\/AppData\/Local\/Temp\/eM%20Client%20temporary%20files\/lpsucogb.wxf\/IA%201040%20-%2012.04%20-%20(1)%20informes%20en%20Iran%20indican%20participacion%20de%20tropas%20iranies%20en%20combates%20en%20Siria.doc#_edn13\" name=\"_ednref13\">[13]<\/a><\/p>\n<p>Un portal iran\u00ed se\u00f1al\u00f3 que Moussavi era el segundo comandante del Basij en Ahwaz y que hab\u00eda sido asesinado en Siria.<a href=\"file:\/\/\/C:\/Users\/Designer\/AppData\/Local\/Temp\/eM%20Client%20temporary%20files\/lpsucogb.wxf\/IA%201040%20-%2012.04%20-%20(1)%20informes%20en%20Iran%20indican%20participacion%20de%20tropas%20iranies%20en%20combates%20en%20Siria.doc#_edn14\" name=\"_ednref14\">[14]<\/a><\/p>\n<p><em><img loading=\"lazy\" decoding=\"async\" class=\"alignnone size-full wp-image-13619\" src=\"http:\/\/www2.memri.org\/espanol\/wp-content\/uploads\/2016\/01\/17175.jpg\" width=\"364\" height=\"235\" srcset=\"https:\/\/www2.memri.org\/espanol\/wp-content\/uploads\/2016\/01\/17175.jpg 364w, https:\/\/www2.memri.org\/espanol\/wp-content\/uploads\/2016\/01\/17175-300x194.jpg 300w\" sizes=\"auto, (max-width: 364px) 100vw, 364px\" \/><br \/>Mehdi Moussavi (imagen: Khouzestan.isna.ir, 8 de julio, 2013)<\/em><\/p>\n<p><em><img loading=\"lazy\" decoding=\"async\" class=\"alignnone size-full wp-image-13623\" src=\"http:\/\/www2.memri.org\/espanol\/wp-content\/uploads\/2016\/01\/17178.jpg\" width=\"640\" height=\"221\" srcset=\"https:\/\/www2.memri.org\/espanol\/wp-content\/uploads\/2016\/01\/17178.jpg 640w, https:\/\/www2.memri.org\/espanol\/wp-content\/uploads\/2016\/01\/17178-300x104.jpg 300w, https:\/\/www2.memri.org\/espanol\/wp-content\/uploads\/2016\/01\/17178-600x207.jpg 600w\" sizes=\"auto, (max-width: 640px) 100vw, 640px\" \/><br \/>Funeral de Moussavi en Ahwaz (im\u00e1genes: Khouzestan.isna.ir, 8 de julio, 2013)<\/em><\/p>\n<p><strong>Soldado del CGRI Amir Kazem -Zadeh<\/strong><\/p>\n<p>El 9 de junio, 2013 se inform\u00f3 en Ir\u00e1n que el CGRI invitaba al p\u00fablico a asistir al funeral de Amir Kazem-Zadeh, soldado del CGRI muerto en un encuentro con terroristas.<a href=\"file:\/\/\/C:\/Users\/Designer\/AppData\/Local\/Temp\/eM%20Client%20temporary%20files\/lpsucogb.wxf\/IA%201040%20-%2012.04%20-%20(1)%20informes%20en%20Iran%20indican%20participacion%20de%20tropas%20iranies%20en%20combates%20en%20Siria.doc#_edn15\" name=\"_ednref15\">[15]<\/a> El 6 de agosto, el diario Javan, cercano al CGRI, inform\u00f3 que Kazem-Zadeh hab\u00eda sido asesinado en Siria en defensa del santuario de Zainab.<a href=\"file:\/\/\/C:\/Users\/Designer\/AppData\/Local\/Temp\/eM%20Client%20temporary%20files\/lpsucogb.wxf\/IA%201040%20-%2012.04%20-%20(1)%20informes%20en%20Iran%20indican%20participacion%20de%20tropas%20iranies%20en%20combates%20en%20Siria.doc#_edn16\" name=\"_ednref16\">[16]<\/a><\/p>\n<p><em><img loading=\"lazy\" decoding=\"async\" class=\"alignnone size-full wp-image-13626\" src=\"http:\/\/www2.memri.org\/espanol\/wp-content\/uploads\/2016\/01\/17179.jpg\" width=\"640\" height=\"234\" srcset=\"https:\/\/www2.memri.org\/espanol\/wp-content\/uploads\/2016\/01\/17179.jpg 640w, https:\/\/www2.memri.org\/espanol\/wp-content\/uploads\/2016\/01\/17179-300x110.jpg 300w, https:\/\/www2.memri.org\/espanol\/wp-content\/uploads\/2016\/01\/17179-600x219.jpg 600w\" sizes=\"auto, (max-width: 640px) 100vw, 640px\" \/><br \/>Funeral de Kazem Zadeh en la ciudad de Pakdasht (im\u00e1genes: Varamin.sajed.ir, Mashreghnews.ir 9 de junio, 2013)<\/em><\/p>\n<p><strong>Soldado del CGRI Mohsen Heidari y el activista del Basij Mohammad Hossein Moradi<\/strong><\/p>\n<p>El 21 de agosto del 2013, se inform\u00f3 la muerte del soldado del CGRI Mohsen Heidari en las batallas sirias. El anuncio urg\u00eda al p\u00fablico a participar en el funeral que tendr\u00eda lugar en su ciudad natal, la ciudad central iran\u00ed de Jomeini-Shahr, al d\u00eda siguiente.<a href=\"file:\/\/\/C:\/Users\/Designer\/AppData\/Local\/Temp\/eM%20Client%20temporary%20files\/lpsucogb.wxf\/IA%201040%20-%2012.04%20-%20(1)%20informes%20en%20Iran%20indican%20participacion%20de%20tropas%20iranies%20en%20combates%20en%20Siria.doc#_edn17\" name=\"_ednref17\">[17]<\/a> El mismo d\u00eda tambi\u00e9n se inform\u00f3 que el activista del Basij Mohammad Hossein Moradi fue asesinado el d\u00eda anterior en la batalla contra \u00ablos terroristas infieles, los devotos del sionismo, en defensa del santuario de Zainab\u00bb.<a href=\"file:\/\/\/C:\/Users\/Designer\/AppData\/Local\/Temp\/eM%20Client%20temporary%20files\/lpsucogb.wxf\/IA%201040%20-%2012.04%20-%20(1)%20informes%20en%20Iran%20indican%20participacion%20de%20tropas%20iranies%20en%20combates%20en%20Siria.doc#_edn18\" name=\"_ednref18\">[18]<\/a><\/p>\n<p><em><img loading=\"lazy\" decoding=\"async\" class=\"alignnone size-full wp-image-13632\" src=\"http:\/\/www2.memri.org\/espanol\/wp-content\/uploads\/2016\/01\/17180.jpg\" width=\"345\" height=\"242\" srcset=\"https:\/\/www2.memri.org\/espanol\/wp-content\/uploads\/2016\/01\/17180.jpg 345w, https:\/\/www2.memri.org\/espanol\/wp-content\/uploads\/2016\/01\/17180-300x210.jpg 300w, https:\/\/www2.memri.org\/espanol\/wp-content\/uploads\/2016\/01\/17180-100x70.jpg 100w\" sizes=\"auto, (max-width: 345px) 100vw, 345px\" \/><br \/>Aviso del funeral del soldado del CGRI Mohsen Heidari (imagen: Ghalamkade.ir, 21 de agosto, 2013)<\/em><\/p>\n<p><em><img loading=\"lazy\" decoding=\"async\" class=\"alignnone size-full wp-image-13635\" src=\"http:\/\/www2.memri.org\/espanol\/wp-content\/uploads\/2016\/01\/17181.jpg\" width=\"345\" height=\"240\" srcset=\"https:\/\/www2.memri.org\/espanol\/wp-content\/uploads\/2016\/01\/17181.jpg 345w, https:\/\/www2.memri.org\/espanol\/wp-content\/uploads\/2016\/01\/17181-300x209.jpg 300w, https:\/\/www2.memri.org\/espanol\/wp-content\/uploads\/2016\/01\/17181-100x70.jpg 100w\" sizes=\"auto, (max-width: 345px) 100vw, 345px\" \/><br \/>Moradi muerto en defensa del santuario de Zainab (imagen: Defapress.ir, 21 de noviembre, 2013)<\/em><\/p>\n<p><em>*Y. Mansharof es investigador en MEMRI.<\/em><\/p>\n<\/p>\n<hr class=\"c1\" size=\"1\" width=\"33%\" \/>\n<p><a href=\"file:\/\/\/C:\/Users\/Designer\/AppData\/Local\/Temp\/eM%20Client%20temporary%20files\/lpsucogb.wxf\/IA%201040%20-%2012.04%20-%20(1)%20informes%20en%20Iran%20indican%20participacion%20de%20tropas%20iranies%20en%20combates%20en%20Siria.doc#_ednref1\" name=\"_edn1\">[1]<\/a> A finales de junio del 2013, el entonces portavoz del ministerio del exterior Abbas Araghchi neg\u00f3 la afirmaci\u00f3n del Ministro de Relaciones Exteriores saudita Saud Al-Faisal de que Ir\u00e1n estuvo involucrado militarmente en Siria. Tabnak (Ir\u00e1n), 28 de junio, 2013. El 17 de agosto del 2013, el embajador de Ir\u00e1n en Siria, Mohammad-RezaRauf-Sheibani neg\u00f3 las afirmaciones del Ministro de Relaciones Exteriores iraqu\u00ed Hoshyar Zebari que los env\u00edos de armas iran\u00edes a Siria a trav\u00e9s de Irak hab\u00edan disminuido pero no han cesado, diciendo: \u00abTeniendo en cuenta la capacidad militar de Siria, esta no requiere ayuda armada o el env\u00edo de fuerzas. ISNA (Ir\u00e1n), 17 de agosto, 2013.<\/p>\n<p><a href=\"file:\/\/\/C:\/Users\/Designer\/AppData\/Local\/Temp\/eM%20Client%20temporary%20files\/lpsucogb.wxf\/IA%201040%20-%2012.04%20-%20(1)%20informes%20en%20Iran%20indican%20participacion%20de%20tropas%20iranies%20en%20combates%20en%20Siria.doc#_ednref2\" name=\"_edn2\">[2]<\/a> <em>Al-Watan<\/em> (Arabia Saudita) 4 de noviembre, 2013.<\/p>\n<p><a href=\"file:\/\/\/C:\/Users\/Designer\/AppData\/Local\/Temp\/eM%20Client%20temporary%20files\/lpsucogb.wxf\/IA%201040%20-%2012.04%20-%20(1)%20informes%20en%20Iran%20indican%20participacion%20de%20tropas%20iranies%20en%20combates%20en%20Siria.doc#_ednref3\" name=\"_edn3\">[3]<\/a> V\u00e9anse las declaraciones del Ministro de Relaciones Exteriores iran\u00ed Mohammad Javad Zarif y el portavoz de la canciller\u00eda Marzieh Afkham. Farsnews.com, 17 de septiembre del 2013; Alef.ir, 1 de noviembre, 2013.<\/p>\n<p><a href=\"file:\/\/\/C:\/Users\/Designer\/AppData\/Local\/Temp\/eM%20Client%20temporary%20files\/lpsucogb.wxf\/IA%201040%20-%2012.04%20-%20(1)%20informes%20en%20Iran%20indican%20participacion%20de%20tropas%20iranies%20en%20combates%20en%20Siria.doc#_ednref4\" name=\"_edn4\">[4]<\/a> 20 de agosto, 2013.<\/p>\n<p><a href=\"file:\/\/\/C:\/Users\/Designer\/AppData\/Local\/Temp\/eM%20Client%20temporary%20files\/lpsucogb.wxf\/IA%201040%20-%2012.04%20-%20(1)%20informes%20en%20Iran%20indican%20participacion%20de%20tropas%20iranies%20en%20combates%20en%20Siria.doc#_ednref5\" name=\"_edn5\">[5]<\/a> V\u00e9ase Farsnews.com, MEMRI Investigaci\u00f3n y An\u00e1lisis No.916, \u00abLucha entre fuerzas dentro del L\u00edbano se refleja en su participaci\u00f3n en Siria\u00bb, 3 de enero, 2013.<\/p>\n<p><a href=\"file:\/\/\/C:\/Users\/Designer\/AppData\/Local\/Temp\/eM%20Client%20temporary%20files\/lpsucogb.wxf\/IA%201040%20-%2012.04%20-%20(1)%20informes%20en%20Iran%20indican%20participacion%20de%20tropas%20iranies%20en%20combates%20en%20Siria.doc#_ednref6\" name=\"_edn6\">[6]<\/a> ISNA (Ir\u00e1n), 3 de noviembre, 2013.<\/p>\n<p><a href=\"file:\/\/\/C:\/Users\/Designer\/AppData\/Local\/Temp\/eM%20Client%20temporary%20files\/lpsucogb.wxf\/IA%201040%20-%2012.04%20-%20(1)%20informes%20en%20Iran%20indican%20participacion%20de%20tropas%20iranies%20en%20combates%20en%20Siria.doc#_ednref7\" name=\"_edn7\">[7]<\/a> Farsnews.com 4 de noviembre, 2013.<\/p>\n<p><a href=\"file:\/\/\/C:\/Users\/Designer\/AppData\/Local\/Temp\/eM%20Client%20temporary%20files\/lpsucogb.wxf\/IA%201040%20-%2012.04%20-%20(1)%20informes%20en%20Iran%20indican%20participacion%20de%20tropas%20iranies%20en%20combates%20en%20Siria.doc#_ednref8\" name=\"_edn8\">[8]<\/a> J- karimi.ir 5 de noviembre, 2013.<\/p>\n<p><a href=\"file:\/\/\/C:\/Users\/Designer\/AppData\/Local\/Temp\/eM%20Client%20temporary%20files\/lpsucogb.wxf\/IA%201040%20-%2012.04%20-%20(1)%20informes%20en%20Iran%20indican%20participacion%20de%20tropas%20iranies%20en%20combates%20en%20Siria.doc#_ednref9\" name=\"_edn9\">[9]<\/a> Farsnews.com, 26 de noviembre de 2013.<\/p>\n<p><a href=\"file:\/\/\/C:\/Users\/Designer\/AppData\/Local\/Temp\/eM%20Client%20temporary%20files\/lpsucogb.wxf\/IA%201040%20-%2012.04%20-%20(1)%20informes%20en%20Iran%20indican%20participacion%20de%20tropas%20iranies%20en%20combates%20en%20Siria.doc#_ednref10\" name=\"_edn10\">[10]<\/a> Mehrnews.com, 4 de noviembre, 2013.<\/p>\n<p><a href=\"file:\/\/\/C:\/Users\/Designer\/AppData\/Local\/Temp\/eM%20Client%20temporary%20files\/lpsucogb.wxf\/IA%201040%20-%2012.04%20-%20(1)%20informes%20en%20Iran%20indican%20participacion%20de%20tropas%20iranies%20en%20combates%20en%20Siria.doc#_ednref11\" name=\"_edn11\">[11]<\/a> Mashreghnews.ir, 24 de agosto, 2013.<\/p>\n<p><a href=\"file:\/\/\/C:\/Users\/Designer\/AppData\/Local\/Temp\/eM%20Client%20temporary%20files\/lpsucogb.wxf\/IA%201040%20-%2012.04%20-%20(1)%20informes%20en%20Iran%20indican%20participacion%20de%20tropas%20iranies%20en%20combates%20en%20Siria.doc#_ednref12\" name=\"_edn12\">[12]<\/a> 8dey.com, 7 de junio, 2013.<\/p>\n<p><a href=\"file:\/\/\/C:\/Users\/Designer\/AppData\/Local\/Temp\/eM%20Client%20temporary%20files\/lpsucogb.wxf\/IA%201040%20-%2012.04%20-%20(1)%20informes%20en%20Iran%20indican%20participacion%20de%20tropas%20iranies%20en%20combates%20en%20Siria.doc#_ednref13\" name=\"_edn13\">[13]<\/a> Farsnews.com, 7 de julio, 2013.<\/p>\n<p><a href=\"file:\/\/\/C:\/Users\/Designer\/AppData\/Local\/Temp\/eM%20Client%20temporary%20files\/lpsucogb.wxf\/IA%201040%20-%2012.04%20-%20(1)%20informes%20en%20Iran%20indican%20participacion%20de%20tropas%20iranies%20en%20combates%20en%20Siria.doc#_ednref14\" name=\"_edn14\">[14]<\/a> Besme-Rabbe-shohada.mihanblog.com, 9 de julio, 2013.<\/p>\n<p><a href=\"file:\/\/\/C:\/Users\/Designer\/AppData\/Local\/Temp\/eM%20Client%20temporary%20files\/lpsucogb.wxf\/IA%201040%20-%2012.04%20-%20(1)%20informes%20en%20Iran%20indican%20participacion%20de%20tropas%20iranies%20en%20combates%20en%20Siria.doc#_ednref15\" name=\"_edn15\">[15]<\/a> Mashreghnews.ir, 9 de junio, 2013.<\/p>\n<p><a href=\"file:\/\/\/C:\/Users\/Designer\/AppData\/Local\/Temp\/eM%20Client%20temporary%20files\/lpsucogb.wxf\/IA%201040%20-%2012.04%20-%20(1)%20informes%20en%20Iran%20indican%20participacion%20de%20tropas%20iranies%20en%20combates%20en%20Siria.doc#_ednref16\" name=\"_edn16\">[16]<\/a> Javan (Ir\u00e1n), 6 de agosto, 2013.<\/p>\n<p><a href=\"file:\/\/\/C:\/Users\/Designer\/AppData\/Local\/Temp\/eM%20Client%20temporary%20files\/lpsucogb.wxf\/IA%201040%20-%2012.04%20-%20(1)%20informes%20en%20Iran%20indican%20participacion%20de%20tropas%20iranies%20en%20combates%20en%20Siria.doc#_ednref17\" name=\"_edn17\">[17]<\/a> Ghalamkade.ir, 21 de agosto, 2013.<\/p>\n<p><a href=\"file:\/\/\/C:\/Users\/Designer\/AppData\/Local\/Temp\/eM%20Client%20temporary%20files\/lpsucogb.wxf\/IA%201040%20-%2012.04%20-%20(1)%20informes%20en%20Iran%20indican%20participacion%20de%20tropas%20iranies%20en%20combates%20en%20Siria.doc#_ednref18\" name=\"_edn18\">[18]<\/a> Defapress.ir, 21 de noviembre, 2013.<\/p>\n<\/div>\n","protected":false},"excerpt":{"rendered":"<p>Recientemente, los medios iran\u00edes han publicado numerosos informes sobre una amplia participaci\u00f3n militar de Ir\u00e1n en la lucha por el r\u00e9gimen del Presidente sirio Bashar Al-Assad, incluidos informes sobre funerales de soldados iran\u00edes asesinados all\u00ed. Sin embargo, el r\u00e9gimen iran\u00ed se aferra a su relato de que no est\u00e1 involucrado de ninguna manera en los [&hellip;]<\/p>\n","protected":false},"author":1,"featured_media":13609,"comment_status":"open","ping_status":"open","sticky":false,"template":"","format":"standard","meta":{"footnotes":""},"categories":[5,20],"tags":[],"class_list":["post-7074","post","type-post","status-publish","format-standard","has-post-thumbnail","hentry","category-analisis-e-investigacion","category-iran"],"_links":{"self":[{"href":"https:\/\/www2.memri.org\/espanol\/wp-json\/wp\/v2\/posts\/7074","targetHints":{"allow":["GET"]}}],"collection":[{"href":"https:\/\/www2.memri.org\/espanol\/wp-json\/wp\/v2\/posts"}],"about":[{"href":"https:\/\/www2.memri.org\/espanol\/wp-json\/wp\/v2\/types\/post"}],"author":[{"embeddable":true,"href":"https:\/\/www2.memri.org\/espanol\/wp-json\/wp\/v2\/users\/1"}],"replies":[{"embeddable":true,"href":"https:\/\/www2.memri.org\/espanol\/wp-json\/wp\/v2\/comments?post=7074"}],"version-history":[{"count":0,"href":"https:\/\/www2.memri.org\/espanol\/wp-json\/wp\/v2\/posts\/7074\/revisions"}],"wp:featuredmedia":[{"embeddable":true,"href":"https:\/\/www2.memri.org\/espanol\/wp-json\/wp\/v2\/media\/13609"}],"wp:attachment":[{"href":"https:\/\/www2.memri.org\/espanol\/wp-json\/wp\/v2\/media?parent=7074"}],"wp:term":[{"taxonomy":"category","embeddable":true,"href":"https:\/\/www2.memri.org\/espanol\/wp-json\/wp\/v2\/categories?post=7074"},{"taxonomy":"post_tag","embeddable":true,"href":"https:\/\/www2.memri.org\/espanol\/wp-json\/wp\/v2\/tags?post=7074"}],"curies":[{"name":"wp","href":"https:\/\/api.w.org\/{rel}","templated":true}]}}