{"id":7070,"date":"2013-12-04T00:00:00","date_gmt":"2013-12-04T00:00:00","guid":{"rendered":"http:\/\/www2.memri.org\/espanol\/2013\/12\/04\/clerigo-kuwaiti-en-sermon-de-los-viernes-la-copa-del-mundo-es-una-conspiracion-judia-para-distraer-a-los-jovenes-musulmanes-de-acuerdo-a-los-protocolos-de-los-sabios-de-sion\/"},"modified":"2013-12-04T00:00:00","modified_gmt":"2013-12-04T00:00:00","slug":"clerigo-kuwaiti-en-sermon-de-los-viernes-la-copa-del-mundo-es-una-conspiracion-judia-para-distraer-a-los-jovenes-musulmanes-de-acuerdo-a-los-protocolos-de-los-sabios-de-sion","status":"publish","type":"post","link":"https:\/\/www2.memri.org\/espanol\/clerigo-kuwaiti-en-sermon-de-los-viernes-la-copa-del-mundo-es-una-conspiracion-judia-para-distraer-a-los-jovenes-musulmanes-de-acuerdo-a-los-protocolos-de-los-sabios-de-sion\/7070","title":{"rendered":"Cl\u00e9rigo kuwait\u00ed en serm\u00f3n de los viernes: La copa del mundo es una conspiraci\u00f3n jud\u00eda para distraer a los j\u00f3venes musulmanes, de acuerdo a los &#8216;Protocolos de los Sabios de Si\u00f3n&#8217;"},"content":{"rendered":"<div class=\"bodytext c2\">\n<p><em>En un serm\u00f3n de los viernes transmitido el 1 de noviembre del 2013, en Kuwait, el Jeque Abd Al-Muhsin Al-Mutairi censur\u00f3 a la juventud musulmana que ve la Copa Mundial y programas de entretenimiento en televisi\u00f3n\u00bb. Los jud\u00edos tuvieron \u00e9xito en preocupar a la juventud musulmana&#8230; con los asuntos m\u00e1s un\u00e1nimes&#8230; de acuerdo a &#8216;Los Protocolos de los Sabios de Si\u00f3n'\u00bb, dijo.<\/em><\/p>\n<p><em>Lo siguiente son extractos del serm\u00f3n, transmitido en la televisi\u00f3n kuwait\u00ed:<\/em><\/p>\n<p><em>Haga clic aqu\u00ed para ver este video en MEMRI TV:<br \/><\/em> <a href=\"http:\/\/www.memritv.org\/clip\/en\/4044.htm\">http:\/\/www.memritv.org\/clip\/en\/4044.htm<\/a><\/p>\n<p class=\"c1\"><iframe height=\"485\" src=\"http:\/\/www.memritv.org\/player\/largePlayer.php?&amp;width=585&amp;height=485&amp;autoplay=0&amp;clipid=4044\" frameborder=\"0\" width=\"585\" allowtransparency=\"\" scrolling=\"no\"><\/iframe><\/p>\n<p><strong>Jeque Abd Al-Muhsin Al-Mutairi<\/strong>: \u00abOh siervos de Al\u00e1, \u00bfcuan triste y doloroso es ver a muchos j\u00f3venes musulmanes pegados a las pantallas de televisi\u00f3n en los caf\u00e9s o en casa, mirando con pasi\u00f3n los programas de entretenimiento, tales como la Copa del Mundo en f\u00fatbol, en una sometimiento despreciable a las abominaciones de las otras naciones &#8211; como si no fu\u00e9semos una naci\u00f3n con una historia brillante y una civilizaci\u00f3n elevada [&#8230;]<\/p>\n<p>\u00abLos jud\u00edos tuvieron \u00e9xito en preocupar a la juventud musulmana &#8211; excepto aquellos protegidos por Al\u00e1 &#8211; con los asuntos m\u00e1s un\u00e1nimes, distray\u00e9ndolos de las cosas importantes, de acuerdo con lo que est\u00e1 escrito en los Protocolos de los Sabios de Si\u00f3n: &#8216;A fin de mantener la masas en la oscuridad, ajenos a lo que se est\u00e1 planeando para ellos, ejerceremos esfuerzos para distraer su atenci\u00f3n, creando medios de entretenimiento y diversi\u00f3n, juegos divertidos, y todo tipo de deportes, as\u00ed como tambi\u00e9n las cosas que alimentan los deseos de uno. Entonces, haremos que los diarios promuevan competencias art\u00edsticas y deportivas&#8217;.<\/p>\n<p>\u00abLos jud\u00edos, cristianos y sus lacayos hip\u00f3critas y mercenarios han invertido grandes esfuerzos en reducir a la naci\u00f3n de su gloriosa historia. Quieren que los j\u00f3venes musulmanes buscar a tientas en la oscuridad de la cultura occidental, promovida por los medios de comunicaci\u00f3n pecaminosos\u00bb. [&#8230;]<\/p>\n<\/div>\n","protected":false},"excerpt":{"rendered":"<p>En un serm\u00f3n de los viernes transmitido el 1 de noviembre del 2013, en Kuwait, el Jeque Abd Al-Muhsin Al-Mutairi censur\u00f3 a la juventud musulmana que ve la Copa Mundial y programas de entretenimiento en televisi\u00f3n\u00bb. Los jud\u00edos tuvieron \u00e9xito en preocupar a la juventud musulmana&#8230; con los asuntos m\u00e1s un\u00e1nimes&#8230; de acuerdo a &#8216;Los [&hellip;]<\/p>\n","protected":false},"author":1,"featured_media":0,"comment_status":"open","ping_status":"open","sticky":false,"template":"","format":"standard","meta":{"footnotes":""},"categories":[6,16],"tags":[],"class_list":["post-7070","post","type-post","status-publish","format-standard","hentry","category-comunicados-especiales","category-proyecto-documental-sobre-antisemitismo"],"_links":{"self":[{"href":"https:\/\/www2.memri.org\/espanol\/wp-json\/wp\/v2\/posts\/7070","targetHints":{"allow":["GET"]}}],"collection":[{"href":"https:\/\/www2.memri.org\/espanol\/wp-json\/wp\/v2\/posts"}],"about":[{"href":"https:\/\/www2.memri.org\/espanol\/wp-json\/wp\/v2\/types\/post"}],"author":[{"embeddable":true,"href":"https:\/\/www2.memri.org\/espanol\/wp-json\/wp\/v2\/users\/1"}],"replies":[{"embeddable":true,"href":"https:\/\/www2.memri.org\/espanol\/wp-json\/wp\/v2\/comments?post=7070"}],"version-history":[{"count":0,"href":"https:\/\/www2.memri.org\/espanol\/wp-json\/wp\/v2\/posts\/7070\/revisions"}],"wp:attachment":[{"href":"https:\/\/www2.memri.org\/espanol\/wp-json\/wp\/v2\/media?parent=7070"}],"wp:term":[{"taxonomy":"category","embeddable":true,"href":"https:\/\/www2.memri.org\/espanol\/wp-json\/wp\/v2\/categories?post=7070"},{"taxonomy":"post_tag","embeddable":true,"href":"https:\/\/www2.memri.org\/espanol\/wp-json\/wp\/v2\/tags?post=7070"}],"curies":[{"name":"wp","href":"https:\/\/api.w.org\/{rel}","templated":true}]}}