{"id":6993,"date":"2013-11-08T00:00:00","date_gmt":"2013-11-08T00:00:00","guid":{"rendered":"http:\/\/www2.memri.org\/espanol\/2013\/11\/08\/lider-islamico-noruego-fahad-qureshi-todos-los-musulmanes-creen-en-la-pena-de-muerte-para-los-homosexuales\/"},"modified":"2013-11-08T00:00:00","modified_gmt":"2013-11-08T00:00:00","slug":"lider-islamico-noruego-fahad-qureshi-todos-los-musulmanes-creen-en-la-pena-de-muerte-para-los-homosexuales","status":"publish","type":"post","link":"https:\/\/www2.memri.org\/espanol\/lider-islamico-noruego-fahad-qureshi-todos-los-musulmanes-creen-en-la-pena-de-muerte-para-los-homosexuales\/6993","title":{"rendered":"L\u00edder isl\u00e1mico noruego Fahad Qureshi: Todos los musulmanes creen en la pena de muerte para los homosexuales"},"content":{"rendered":"<div class=\"bodytext c2\">\n<p><em>En un discurso pronunciado en ingl\u00e9s en Noruega, Fahad Qureshi, fundador de la organizaci\u00f3n noruega Islam Net, dijo que eran musulmanes &#8216;normales&#8217; y no s\u00f3lo los radicales extremistas, que apoyaban la pena de muerte para los homosexuales y la lapidaci\u00f3n para los ad\u00falteros. Cuando se le pregunt\u00f3 quienes apoyaron las sanciones prescritas en el Cor\u00e1n, la gran mayor\u00eda de los presentes levantaron la mano.<\/em><\/p>\n<p><em>A continuaci\u00f3n se presentan extractos del discurso, publicado en Internet el 19 de mayo, 2013:<\/em><\/p>\n<p><em>Haga clic aqu\u00ed para ver el video en MEMRI<\/em> TV<br \/><a href=\"http:\/\/www.memritv.org\/clip\/en\/4027.htm\">http:\/\/www.memritv.org\/clip\/en\/4027.htm<\/a><\/p>\n<p class=\"c1\"><iframe height=\"485\" src=\"http:\/\/www.memritv.org\/player\/largePlayer.php?&amp;width=585&amp;height=485&amp;autoplay=0&amp;clipid=4027\" frameborder=\"0\" width=\"585\" allowtransparency=\"\" scrolling=\"no\"><\/iframe><\/p>\n<p><strong>Fahad Qureshi<\/strong>: \u00abDe vez en cuando, cada vez que tenemos una conferencia, cada vez que invitamos a un orador, [los medios de comunicaci\u00f3n] siempre vienen con las mismas acusaciones: Este vocero apoya la pena de muerte para los homosexuales, este orador apoya la pena de muerte para este delito o ese delito, de que es homo-f\u00f3bico, que somete a las mujeres&#8230; Lo mismo de siempre todo el tiempo.<\/p>\n<p>\u00abSiempre tratamos de decirles&#8230; Yo siempre trato de decirles que no es que no es ese orador que invitamos el que tiene estos &#8216;puntos de vista radicales extremos&#8217;, tal como ustedes dicen. Estas son opiniones generales que todo musulm\u00e1n tiene en realidad. Todo musulm\u00e1n cree en estas cosas. El s\u00f3lo hecho del porque no se lo est\u00e1n diciendo a usted, o simplemente porque no est\u00e1n en los medios de comunicaci\u00f3n, no significa que no creen en ellos.<\/p>\n<p>\u00abLes pregunto, a todos en la sala: \u00bfCu\u00e1ntos de ustedes son musulmanes normales &#8211; no extremistas, radicales &#8211; s\u00f3lo musulmanes sunitas normales? Por favor, levanten la mano. Todos, con la gracia de Al\u00e1. Bueno, bajen sus manos.<\/p>\n<p>\u00ab\u00bfCu\u00e1ntos de ustedes est\u00e1n de acuerdo en que los hombres y las mujeres deben sentarse por separado? Por favor, levanten la mano. Todos est\u00e1n de acuerdo, hermanos, as\u00ed como hermanas. As\u00ed que no es s\u00f3lo estos jeques &#8216;radicales&#8217;, entonces?\u00bb<\/p>\n<p><strong>Siguiente pregunta<\/strong>: \u00ab\u00bfCu\u00e1ntos de ustedes est\u00e1n de acuerdo en que las sanciones descritas en el Cor\u00e1n y el Sunna &#8211; as\u00ed se trate de la muerte, si es lapidaci\u00f3n por adulterio, lo que sea&#8230; es de Al\u00e1 y Su Mensajero, de que es la mejor castigo siempre posible para la humanidad, y eso es lo que debemos aplicar en el mundo. Qui\u00e9n est\u00e1 de acuerdo con eso?<\/p>\n<p>\u00abAl\u00e1 Akbar. \u00bfSon todos ustedes extremistas radicales? As\u00ed que todos ustedes est\u00e1n diciendo que son musulmanes comunes, todos ustedes van a diferentes mezquitas en Noruega&#8230; \u00bfO son ustedes una secta espec\u00edfica, tal como la secta Islam Net, o algo as\u00ed? \u00bfSon ustedes as\u00ed? No. \u00bfSon as\u00ed? Por favor, levanten la mano si ustedes son como el Islam extremista, esa secta, o algo como eso? Nadie, Al\u00e1 Akbar.<\/p>\n<p>\u00ab\u00bfCu\u00e1ntos de ustedes van a las mezquitas sunitas normales en Noruega? Por favor, levanten la mano. Al\u00e1 Akbar. \u00bfQue van a decir los pol\u00edticos ahora? \u00bfQu\u00e9 van a decir los medios ahora? Que todos somos extremistas? Que todos somos radicales? Que todos necesitamos ser deportados de este pa\u00eds?\u00bb [&#8230;]<\/p>\n<\/div>\n","protected":false},"excerpt":{"rendered":"<p>En un discurso pronunciado en ingl\u00e9s en Noruega, Fahad Qureshi, fundador de la organizaci\u00f3n noruega Islam Net, dijo que eran musulmanes &#8216;normales&#8217; y no s\u00f3lo los radicales extremistas, que apoyaban la pena de muerte para los homosexuales y la lapidaci\u00f3n para los ad\u00falteros. Cuando se le pregunt\u00f3 quienes apoyaron las sanciones prescritas en el Cor\u00e1n, [&hellip;]<\/p>\n","protected":false},"author":1,"featured_media":0,"comment_status":"open","ping_status":"open","sticky":false,"template":"","format":"standard","meta":{"footnotes":""},"categories":[6],"tags":[],"class_list":["post-6993","post","type-post","status-publish","format-standard","hentry","category-comunicados-especiales"],"_links":{"self":[{"href":"https:\/\/www2.memri.org\/espanol\/wp-json\/wp\/v2\/posts\/6993","targetHints":{"allow":["GET"]}}],"collection":[{"href":"https:\/\/www2.memri.org\/espanol\/wp-json\/wp\/v2\/posts"}],"about":[{"href":"https:\/\/www2.memri.org\/espanol\/wp-json\/wp\/v2\/types\/post"}],"author":[{"embeddable":true,"href":"https:\/\/www2.memri.org\/espanol\/wp-json\/wp\/v2\/users\/1"}],"replies":[{"embeddable":true,"href":"https:\/\/www2.memri.org\/espanol\/wp-json\/wp\/v2\/comments?post=6993"}],"version-history":[{"count":0,"href":"https:\/\/www2.memri.org\/espanol\/wp-json\/wp\/v2\/posts\/6993\/revisions"}],"wp:attachment":[{"href":"https:\/\/www2.memri.org\/espanol\/wp-json\/wp\/v2\/media?parent=6993"}],"wp:term":[{"taxonomy":"category","embeddable":true,"href":"https:\/\/www2.memri.org\/espanol\/wp-json\/wp\/v2\/categories?post=6993"},{"taxonomy":"post_tag","embeddable":true,"href":"https:\/\/www2.memri.org\/espanol\/wp-json\/wp\/v2\/tags?post=6993"}],"curies":[{"name":"wp","href":"https:\/\/api.w.org\/{rel}","templated":true}]}}