{"id":6809,"date":"2013-10-28T00:00:00","date_gmt":"2013-10-28T00:00:00","guid":{"rendered":"http:\/\/www2.memri.org\/espanol\/2013\/10\/28\/satirista-bassem-youssef-critica-la-violencia-del-gobierno-egipcio-y-el-culto-a-la-personalidad-de-sisi\/"},"modified":"2013-10-28T00:00:00","modified_gmt":"2013-10-28T00:00:00","slug":"satirista-bassem-youssef-critica-la-violencia-del-gobierno-egipcio-y-el-culto-a-la-personalidad-de-sisi","status":"publish","type":"post","link":"https:\/\/www2.memri.org\/espanol\/satirista-bassem-youssef-critica-la-violencia-del-gobierno-egipcio-y-el-culto-a-la-personalidad-de-sisi\/6809","title":{"rendered":"Satirista Bassem Youssef critica la violencia del gobierno egipcio y el culto a la personalidad de Sisi"},"content":{"rendered":"<div class=\"bodytext c1\">\n<p><em>A continuaci\u00f3n se presentan extractos del programa de televisi\u00f3n del satirista egipcio Bassem Youssef, transmitido en CBC TV el 25 de octubre, 2013.<\/em><\/p>\n<p><em><a href=\"http:\/\/www.memritv.org\/clip\/en\/4022.htm\">Haga clic aqu\u00ed para ver el video en MEMRI TV<\/a><\/em><\/p>\n<p><iframe width=\"585\" height=\"485\" src=\"http:\/\/www.memritv.org\/player\/largePlayer.php?&amp;width=585&amp;height=485&amp;autoplay=0&amp;clipid=4022\" frameborder=\"0\" scrolling=\"no\" allowtransparency=\"\"><\/iframe><\/p>\n<p><strong>Bassem Youssef<\/strong>: \u00abEn el ambiente general del pa\u00eds, la gente a veces no acepta las opiniones de los dem\u00e1s. Cuando la gente vive con miedo, temor y preocupaciones, y sus vidas son controladas por el deseo de vengarse de los dem\u00e1s, no tienen, por desgracia el como escuchar los otros puntos de vista &#8211; y mucho menos la s\u00e1tira.<\/p>\n<p>[&#8230;]<\/p>\n<p>\u00abNo se trata de re\u00edr y bromear. Usualmente se centra en si est\u00e1s con nosotros o en contra de nosotros. Hemos sabido durante mucho tiempo que es imposible complacer a todos. Algunos est\u00e1n constantemente tratando de clasificarte &#8211; a quien apoyas?<\/p>\n<p>[&#8230;]<\/p>\n<p>\u00abLa verdad es que no me gusta la pregunta: \u00ab\u00bfA qui\u00e9n apoyas?\u00bb Pero le puedo decir a quien no apoyo. Definitivamente no apoyo a la gente que nos atac\u00f3, que nos acus\u00f3 de herej\u00eda, tiene la horca preparada para nosotros, y pidieron p\u00fablicamente que nos arresten. No me importa un bledo su opini\u00f3n.<\/p>\n<p>\u00abPor la misma raz\u00f3n, no apoyo la hipocres\u00eda, la deificaci\u00f3n, y la \u00abfara\u00f3n-nizaci\u00f3n\u00bb, y la repetici\u00f3n de los errores del pasado de 30 o incluso 60 a\u00f1os atr\u00e1s. No puedo apoyar a gente que espera que el ej\u00e9rcito se divida, y que sue\u00f1en con un escenario al estilo sirio de tanque contra tanque, la guerra civil y la intervenci\u00f3n extranjera, y que apoye la [selecci\u00f3n nacional de f\u00fatbol de Ghana en contra de Egipto].<\/p>\n<p>\u00abDe la misma manera, estoy en contra de personas que est\u00e1n siendo acusados de traici\u00f3n a la patria, en contra de la intimidaci\u00f3n, y en contra del regreso de las detenciones indiscriminadas y la violencia por parte de los organismos de seguridad. Es dif\u00edcil para m\u00ed hacerme la vista gorda a todos los seres humanos que fueron agraviados &#8211; arrestados o asesinados simplemente por estar en el lugar equivocado, o porque alguien difundi\u00f3 rumores acerca de ellos, o porque se les sospechaba de algo.<\/p>\n<p>[&#8230;]<\/p>\n<p>\u00abDespu\u00e9s del 30 de junio se nos dijo que esta revoluci\u00f3n fue librada por la democracia y la libertad de pensamiento, y en contra del fascismo religioso. Lo que tememos es que el fascismo, en nombre de la religi\u00f3n sea reemplazado por el fascismo en nombre del patriotismo y la seguridad nacional.<\/p>\n<p>[&#8230;]<\/p>\n<p><em>Bassem Youssef continua hablando, mientras una mano sale de debajo de la mesa, le arrebata sus papeles y se los reemplaza con otros<\/em><\/p>\n<p>\u00abSomos una voz libre. Nadie nos dir\u00e1 qu\u00e9 decir. Nadie nos va a enga\u00f1ar. Diremos lo que queremos. Lo diremos fuerte y claro: \u00abSoy esclavo de las \u00f3rdenes de nadie que&#8230; \u00abNo!!! No dije eso. No escucharemos a nadie que trate de intimidarnos. Queremos libertad! Queremos libertad!&#8230;<\/p>\n<p><em>La mano le da una bofetada<\/em><\/p>\n<p>\u00abLa libertad en manos equivocadas no es nada bueno tampoco&#8230;<\/p>\n<p><em>Dirigi\u00e9ndose a la mano:<\/em><\/p>\n<p>\u00ab\u00bfQui\u00e9n es tu mano tan pesada, tu&#8230; [beep]<\/p>\n<p>\u00abNo! No me voy a dar por vencido. Seguir\u00e9 luchando contra la censura y la interferencia. No le tengo miedo a nadie. Los d\u00edas del miedo se han ido. No me voy a dejar intimidar. Nadie me puede hacer nada. Soy intocable!<\/p>\n<p>\u00abNos vemos la semana que viene\u00bb.<\/p>\n<p>[&#8230;]<\/p>\n<\/div>\n","protected":false},"excerpt":{"rendered":"<p>A continuaci\u00f3n se presentan extractos del programa de televisi\u00f3n del satirista egipcio Bassem Youssef, transmitido en CBC TV el 25 de octubre, 2013. Haga clic aqu\u00ed para ver el video en MEMRI TV Bassem Youssef: \u00abEn el ambiente general del pa\u00eds, la gente a veces no acepta las opiniones de los dem\u00e1s. Cuando la gente [&hellip;]<\/p>\n","protected":false},"author":1,"featured_media":0,"comment_status":"open","ping_status":"open","sticky":false,"template":"","format":"standard","meta":{"footnotes":""},"categories":[19,6],"tags":[],"class_list":["post-6809","post","type-post","status-publish","format-standard","hentry","category-egipto","category-comunicados-especiales"],"_links":{"self":[{"href":"https:\/\/www2.memri.org\/espanol\/wp-json\/wp\/v2\/posts\/6809","targetHints":{"allow":["GET"]}}],"collection":[{"href":"https:\/\/www2.memri.org\/espanol\/wp-json\/wp\/v2\/posts"}],"about":[{"href":"https:\/\/www2.memri.org\/espanol\/wp-json\/wp\/v2\/types\/post"}],"author":[{"embeddable":true,"href":"https:\/\/www2.memri.org\/espanol\/wp-json\/wp\/v2\/users\/1"}],"replies":[{"embeddable":true,"href":"https:\/\/www2.memri.org\/espanol\/wp-json\/wp\/v2\/comments?post=6809"}],"version-history":[{"count":0,"href":"https:\/\/www2.memri.org\/espanol\/wp-json\/wp\/v2\/posts\/6809\/revisions"}],"wp:attachment":[{"href":"https:\/\/www2.memri.org\/espanol\/wp-json\/wp\/v2\/media?parent=6809"}],"wp:term":[{"taxonomy":"category","embeddable":true,"href":"https:\/\/www2.memri.org\/espanol\/wp-json\/wp\/v2\/categories?post=6809"},{"taxonomy":"post_tag","embeddable":true,"href":"https:\/\/www2.memri.org\/espanol\/wp-json\/wp\/v2\/tags?post=6809"}],"curies":[{"name":"wp","href":"https:\/\/api.w.org\/{rel}","templated":true}]}}