{"id":6765,"date":"2013-10-11T00:00:00","date_gmt":"2013-10-11T00:00:00","guid":{"rendered":"http:\/\/www2.memri.org\/espanol\/2013\/10\/11\/estudioso-y-anfitrion-en-television-de-kuwait-basa-su-diatriba-antisemita-en-mein-kempf-mi-lucha-y-los-protocolos-de-los-sabios-de-sion\/"},"modified":"2013-10-11T00:00:00","modified_gmt":"2013-10-11T00:00:00","slug":"estudioso-y-anfitrion-en-television-de-kuwait-basa-su-diatriba-antisemita-en-mein-kempf-mi-lucha-y-los-protocolos-de-los-sabios-de-sion","status":"publish","type":"post","link":"https:\/\/www2.memri.org\/espanol\/estudioso-y-anfitrion-en-television-de-kuwait-basa-su-diatriba-antisemita-en-mein-kempf-mi-lucha-y-los-protocolos-de-los-sabios-de-sion\/6765","title":{"rendered":"Estudioso y anfitri\u00f3n en televisi\u00f3n de Kuwait basa su diatriba antisemita en &#8216;Mein Kempf&#8217; (Mi Lucha) y &#8216;Los Protocolos de los Sabios de Si\u00f3n&#8217;"},"content":{"rendered":"<div class=\"bodytext c2\">\n<p><em>Lo siguiente son extractos de una entrevista con el estudioso kuwait\u00ed Muhanna Hamad Al-Muhanna, presentada en el canal de televisi\u00f3n Al-Rai TV el 30 de septiembre, 2013:<\/em><\/p>\n<p><em><a href=\"http:\/\/www.memritv.org\/clip\/en\/4005.htm\">Haga clic aqu\u00ed para ver el video en MEMRI TV<\/a>:<\/em><\/p>\n<p class=\"c1\"><iframe width=\"585\" height=\"485\" src=\"http:\/\/www.memritv.org\/player\/largePlayer.php?&amp;width=585&amp;height=485&amp;autoplay=0&amp;clipid=4005\" frameborder=\"0\" scrolling=\"no\" allowtransparency=\"\"><\/iframe><\/p>\n<p><strong>Muhanna Hamad Al- Muhanna<\/strong>: \u00abEn primer lugar, como musulm\u00e1n, creo que [los jud\u00edos] son malvados, no es que su maldad est\u00e9 en sus genes, sino que su formaci\u00f3n cultural tiene como base el Talmud, que se burla de los goym (gentiles), o &#8216;los otros&#8217;. Para ellos, Dios es racista. Yahv\u00e9 es s\u00f3lo el dios de los hijos de Israel. La palabra Elohim es apenas mencionada, y Yahv\u00e9 s\u00f3lo le pertenece a los jud\u00edos. El racismo se convirti\u00f3 en parte integrante de esta religi\u00f3n, o de este pueblo. Los jud\u00edos se convirtieron en un pueblo separado junto a su propia religi\u00f3n. Por cierto, es la \u00fanica religi\u00f3n que no es proselitista\u00bb.<\/p>\n<p><strong>Entrevistador<\/strong>: \u00abYa que consideran a todos los dem\u00e1s gentiles&#8230;\u00bb<\/p>\n<p><strong>Muhanna Hamad Al-Muhanna<\/strong>: \u00abCierto, piensan que los otros los ensuciaran si se unen a su religi\u00f3n. No estoy diciendo que los jud\u00edos tienen la maldad en sus genes, pero hay que destacar que al menos una cuarta parte de las historias en el Cor\u00e1n se refieren a los israelitas, o los jud\u00edos. Todo los que Al\u00e1 nos advirti\u00f3 a trav\u00e9s de la historia de Mois\u00e9s &#8211; de c\u00f3mo asesinaron a los profetas, y as\u00ed sucesivamente&#8230;\u00bb<\/p>\n<p><strong>Entrevistador<\/strong>: \u00bb Todos los estudios contempor\u00e1neos tratan el tema de los jud\u00edos religiosos, y no el de los jud\u00edos seculares que se asimilaron en Europa\u00bb.<\/p>\n<p><strong>Muhanna Hamad Al-Muhanna<\/strong>: \u00abLo que es notable es que, seculares o no, los jud\u00edos son racistas. Los fundadores de la llamada &#8216;Israel&#8217; &#8211; Weizmann y Ben-Gurion &#8211; eran ateos, pero si se hubiesen realmente desligado de la religi\u00f3n, \u00bfc\u00f3mo es que ellos fueron los m\u00e1s celosos en juntar a los jud\u00edos, bajo el sionismo? Si usted es realmente ateo, debe asimilarse en su pa\u00eds &#8211; en Polonia, Rusia o Estados Unidos. Despu\u00e9s de todo, la religi\u00f3n no es de su inter\u00e9s&#8230; los jud\u00edos m\u00e1s celosos son los ateos. Esto demuestra que es una mentira que son ateos, aunque dicen que lo son\u00bb.<\/p>\n<p><strong>Entrevistador<\/strong>: \u00abTal como usted dijo, incluso si son laicos, su racismo y su forma de crianza moldea su visi\u00f3n de la gente\u00bb.<\/p>\n<p><strong>Muhanna Hamad Al-Muhanna<\/strong>: \u00abHe escrito extensivamente sobre <em>Los Protocolos de los Sabios de Si\u00f3n<\/em>, y sobre los escritos del difunto Dr. Abd Al-Wahhab Al-Massiri. He visto las pruebas aportadas por los que niegan que <em>Los Protocolos<\/em> son genuinos, y los que afirman que lo son. Si uno compara las evidencias de los negadores, tales como el Dr. Abd Al-Wahhab Al-Massiri, con la evidencia de los que lo afirman, este \u00faltimo es mucho m\u00e1s fuerte.<\/p>\n<p>\u00abLo que es incre\u00edble es que los que se burlan de los que lo afirman por creer que todo es una conspiraci\u00f3n y de que los jud\u00edos est\u00e1n detr\u00e1s de todo ellos mismos acusan a la Rusia zarista de una conspiraci\u00f3n\u00bb.<\/p>\n<p><strong>Entrevistador<\/strong>: \u00abAcusan a los rusos de forjar ese libro\u00bb.<\/p>\n<p><strong>Muhanna Hamad Al-Muhanna<\/strong>: \u00abEso es correcto\u00bb. [&#8230;]<\/p>\n<p>\u00abNo estoy diciendo que la maldad est\u00e1 en sus genes. Al\u00e1 los cre\u00f3 con la misma disposici\u00f3n que cualquier otro ser humano, sin embargo, la educaci\u00f3n que le imparten a sus hijos &#8211; basada en los conceptos talm\u00fadicos de desprecio hacia los dem\u00e1s, el asesinato a otros, la pr\u00e1ctica de la usura, y el considerarse superiores &#8211; es lo que los convirti\u00f3 en un pueblo de odio hacia los dem\u00e1s\u00bb. [&#8230;]<\/p>\n<p>\u00abSe pudiera decir que los jud\u00edos son un grupo con una funci\u00f3n determinada. Es por eso que dirigen organizaciones secretas y partidos secretos, y el por qu\u00e9 practican la prostituci\u00f3n, la usura, y todo lo dem\u00e1s\u00bb.<\/p>\n<p><strong>Entrevistador<\/strong>: \u00abSe dice que son un grupo muy cerrado, forzados a caer tan bajo en Europa\u00bb.<\/p>\n<p><strong>Muhanna Hamad Al-Muhanna<\/strong>: \u00abEche un vistazo a los armenios. No tienen una prostituci\u00f3n organizada. \u00bfC\u00f3mo es que no forman partidos secretos, como los masones o los Illuminati\u00bb<\/p>\n<p><strong>Entrevistador<\/strong>: \u00abA pesar de que los armenios fueron una minor\u00eda perseguida&#8230;\u00bb<\/p>\n<p><strong>Muhanna Hamad Al-Muhanna<\/strong>: \u00abLos armenios no fueron perseguidos por los otomanos. Eso es mentira, Por el contrario, fueron los armenios que persigui\u00f3 a los musulmanes del estado otomano. Deber\u00edamos estar hablando de la masacre armenia de musulmanes, y no al contrario. Yo pudiera hablar durante todo un programa sobre eso, respald\u00e1ndolo con documentos y con el testimonio de personas enviadas por la Liga de Naciones\u00bb. [&#8230;]<\/p>\n<p>\u00ab\u00bfQui\u00e9n no est\u00e1 familiarizado con Charlie Chaplin? Mamduh &#8216;Udwan menciona en su libro que Charlie Chaplin es jud\u00edo\u00bb.<\/p>\n<p><strong>Entrevistador<\/strong>: \u00abEl libro se titula <em>La judaizaci\u00f3n del Conocimiento<\/em>\u00ab.<\/p>\n<p><strong>Muhanna Hamad Al-Muhanna<\/strong>: \u00abS\u00ed. Sarah Bernhardt, la actriz m\u00e1s grandiosa en la historia de Francia y Europa, era jud\u00eda. \u00bfPor qu\u00e9 Madame Curie de Polonia es m\u00e1s famosa que su marido? Ella se hizo famosa porque era jud\u00eda, mientras que su marido, que invent\u00f3 el radio y el uranio junto a ella, no era. Pero Madam Curie, quien era jud\u00eda, se hizo famosa\u00bb.<\/p>\n<p><strong>Entrevistador<\/strong>: \u00abEl fil\u00f3sofo Abd Al-Rahman Badawi en el volumen 3 de su enciclopedia sobre filosof\u00eda, critic\u00f3 fuertemente a Einstein, diciendo que los jud\u00edos le hab\u00edan convertido en una leyenda. Cierto, era cient\u00edfico, pero tambi\u00e9n hab\u00eda un legado acumulado\u00bb.<\/p>\n<p><strong>Muhanna Hamad Al-Muhanna<\/strong>: \u00abTomemos, por ejemplo a Oppenheimer, quien invent\u00f3 la bomba at\u00f3mica. Un musulm\u00e1n bengal\u00ed lo invent\u00f3 junto con \u00e9l, pero este no se hizo famoso. Todo el mundo conoce a Oppenheimer como el &#8216;Padre de la Bomba At\u00f3mica&#8217;.<\/p>\n<p>\u00abAl revisar los escritos de los escritores y periodistas, uno siempre ve a los jud\u00edos, ya que los medios de comunicaci\u00f3n est\u00e1n controlados por las empresas jud\u00edas, tales como Rupert Murdoch, el due\u00f1o de la CNN. \u00c9l es jud\u00edo. Incluso Reuters&#8230; \u00bfSabe usted cual es el nombre completo de Reuters? Israel Reuters. Ese es Reuters &#8211; la agencia de noticias m\u00e1s famosa del mundo\u00bb.<\/p>\n<p><strong>Entrevistador<\/strong>: \u00ab\u00bfCree usted que Hitler, en su libro <em>Mein Kampf<\/em>, estaba siendo injusto con los jud\u00edos cuando escribi\u00f3, en un cap\u00edtulo entero: &#8216;Dondequiera que est\u00e9n, los jud\u00edos son leales s\u00f3lo a sus propios grupos, y se segregan a si mismos del pa\u00eds en el que viven?\u00bb<\/p>\n<p><strong>Muhanna Hamad Al- Muhanna<\/strong>: \u00abEso es verdad\u00bb. [&#8230;]<\/p>\n<\/div>\n","protected":false},"excerpt":{"rendered":"<p>Lo siguiente son extractos de una entrevista con el estudioso kuwait\u00ed Muhanna Hamad Al-Muhanna, presentada en el canal de televisi\u00f3n Al-Rai TV el 30 de septiembre, 2013: Haga clic aqu\u00ed para ver el video en MEMRI TV: Muhanna Hamad Al- Muhanna: \u00abEn primer lugar, como musulm\u00e1n, creo que [los jud\u00edos] son malvados, no es que [&hellip;]<\/p>\n","protected":false},"author":1,"featured_media":0,"comment_status":"open","ping_status":"open","sticky":false,"template":"","format":"standard","meta":{"footnotes":""},"categories":[6,16],"tags":[],"class_list":["post-6765","post","type-post","status-publish","format-standard","hentry","category-comunicados-especiales","category-proyecto-documental-sobre-antisemitismo"],"_links":{"self":[{"href":"https:\/\/www2.memri.org\/espanol\/wp-json\/wp\/v2\/posts\/6765","targetHints":{"allow":["GET"]}}],"collection":[{"href":"https:\/\/www2.memri.org\/espanol\/wp-json\/wp\/v2\/posts"}],"about":[{"href":"https:\/\/www2.memri.org\/espanol\/wp-json\/wp\/v2\/types\/post"}],"author":[{"embeddable":true,"href":"https:\/\/www2.memri.org\/espanol\/wp-json\/wp\/v2\/users\/1"}],"replies":[{"embeddable":true,"href":"https:\/\/www2.memri.org\/espanol\/wp-json\/wp\/v2\/comments?post=6765"}],"version-history":[{"count":0,"href":"https:\/\/www2.memri.org\/espanol\/wp-json\/wp\/v2\/posts\/6765\/revisions"}],"wp:attachment":[{"href":"https:\/\/www2.memri.org\/espanol\/wp-json\/wp\/v2\/media?parent=6765"}],"wp:term":[{"taxonomy":"category","embeddable":true,"href":"https:\/\/www2.memri.org\/espanol\/wp-json\/wp\/v2\/categories?post=6765"},{"taxonomy":"post_tag","embeddable":true,"href":"https:\/\/www2.memri.org\/espanol\/wp-json\/wp\/v2\/tags?post=6765"}],"curies":[{"name":"wp","href":"https:\/\/api.w.org\/{rel}","templated":true}]}}