{"id":6697,"date":"2013-09-17T00:00:00","date_gmt":"2013-09-17T00:00:00","guid":{"rendered":"http:\/\/www2.memri.org\/espanol\/2013\/09\/17\/nino-periodista-egipcio-encuesta-a-transeuntes-sobre-el-conocimiento-del-holocausto\/"},"modified":"2013-09-17T00:00:00","modified_gmt":"2013-09-17T00:00:00","slug":"nino-periodista-egipcio-encuesta-a-transeuntes-sobre-el-conocimiento-del-holocausto","status":"publish","type":"post","link":"https:\/\/www2.memri.org\/espanol\/nino-periodista-egipcio-encuesta-a-transeuntes-sobre-el-conocimiento-del-holocausto\/6697","title":{"rendered":"Ni\u00f1o periodista egipcio encuesta a transe\u00fantes sobre el conocimiento del Holocausto"},"content":{"rendered":"<div class=\"bodytext c2\"><!--Document Body --><\/p>\n<div class=\"bodytext c2\">\n<p><em>A continuaci\u00f3n se presentan extractos de un programa egipcio titulado \u00ab\u00bfAlguien sabe?&rdquo;, subido a Internet el 19 de mayo, 2013.<\/em><\/p>\n<p><em><a href=\"http:\/\/www.memritv.org\/clip\/en\/3972.htm\">Haga clic aqu\u00ed para ver el video en MEMRI TV<\/a>:<\/em><\/p>\n<p class=\"c1\"><iframe width=\"585\" height=\"485\" src=\"http:\/\/www.memritv.org\/player\/largePlayer.php?&amp;width=585&amp;height=485&amp;autoplay=0&amp;clipid=3972\" frameborder=\"0\" scrolling=\"no\" allowtransparency=\"\"><\/iframe><\/p>\n<p><strong>T\u00edtulo<\/strong>: \u00ab\u00bfAlguien sabe?&rdquo;<\/p>\n<p><em>En el estudio<\/em><\/p>\n<p><strong>Peque\u00f1\u00edn<\/strong>: \u00abBienvenido a nuestro programa. Hoy, estaremos hablando sobre&#8230;\u00bb<\/p>\n<p><em>En la calle<\/em><\/p>\n<p>\u00ab\u00bfQu\u00e9 es el Holocausto?\u00bb<\/p>\n<p><strong>Mujer<\/strong>: \u00ab\u00bfEl qu\u00e9?\u00bb<\/p>\n<p><strong>Peque\u00f1\u00edn<\/strong>: \u00abEl Holocausto\u00bb.<\/p>\n<p><strong>Mujer<\/strong>: \u00abNo s\u00e9\u00bb.<\/p>\n<p><strong>Hombre<\/strong>: \u00abEl Holocausto? No tengo idea\u00bb.<\/p>\n<p><strong>Joven<\/strong>: \u00abDame algunas opciones para elegir. en Alemania? He o\u00eddo hablar sobre esto, pero no s\u00e9 exactamente lo que pas\u00f3\u00bb.<\/p>\n<p><strong>Otro joven<\/strong>: \u00bb \u00bfEl qu\u00e9?\u00bb<\/p>\n<p><strong>Peque\u00f1\u00edn<\/strong>: \u00abEl Holocausto&#8230;\u00bb<\/p>\n<p><strong>Joven<\/strong>: \u00abHolocausto? Puedes repetir la pregunta?\u00bb<\/p>\n<p><strong>Peque\u00f1\u00edn<\/strong>: \u00abEl Holocausto\u00bb.<\/p>\n<p><strong>Joven<\/strong>: \u00ab\u00bfQu\u00e9 Holocausto? No tengo ni idea?\u00bb.<\/p>\n<p><strong>Anciana<\/strong>: \u00abNo s\u00e9\u00bb.<\/p>\n<p><strong>Mujer joven<\/strong>: \u00ab\u00bfPor qu\u00e9 no me dices lo qu\u00e9 es? Te dije que no lo s\u00e9. No hay nada malo en aprender de alguien m\u00e1s joven que t\u00fa\u00bb.<\/p>\n<p><strong>Hombre<\/strong>: \u00abAh, el Holocausto? \u00bfTe refieres al Holocausto de Hitler? Durante la guerra, este quem\u00f3 [jud\u00edos] en los crematorios\u00bb.<\/p>\n<p><strong>Otra mujer<\/strong>: \u00abHitler captur\u00f3 a los jud\u00edos y los inciner\u00f3 y gase\u00f3. Asesin\u00f3 a muchos de ellos, no estoy convencido de que esto realmente sucedi\u00f3\u00bb.<\/p>\n<p><strong>Otro hombre<\/strong>: \u00abEsta es una palabra nueva. Es la primera vez que la escucho en Egipto\u00bb.<\/p>\n<p><strong>J\u00f3venes<\/strong>: \u00abO inciner\u00f3 a los jud\u00edos, o los jud\u00edos se quemaron&#8230; no me acuerdo exactamente\u00bb.<\/p>\n<p><strong>Joven<\/strong>: \u00abEl Holocausto tuvo lugar durante la Segunda Guerra Mundial. Hitler rode\u00f3 a los jud\u00edos y los puso en algo as\u00ed llamado c\u00e1maras de gas. Hay desacuerdos en las cifras. Algunos dicen que tres millones de jud\u00edos fueron asesinados, y otros dicen que fue un mill\u00f3n. Algunos se preguntan si de verdad ocurri\u00f3\u00bb.<\/p>\n<p><em>En el estudio<\/em><\/p>\n<p><strong>Peque\u00f1\u00edn<\/strong>: \u00abEn el Holocausto, mucha gente fue rodeada y asesinada\u00bb.<\/p>\n<\/div>\n<\/div>\n","protected":false},"excerpt":{"rendered":"<p>A continuaci\u00f3n se presentan extractos de un programa egipcio titulado \u00ab\u00bfAlguien sabe?&rdquo;, subido a Internet el 19 de mayo, 2013. Haga clic aqu\u00ed para ver el video en MEMRI TV: T\u00edtulo: \u00ab\u00bfAlguien sabe?&rdquo; En el estudio Peque\u00f1\u00edn: \u00abBienvenido a nuestro programa. Hoy, estaremos hablando sobre&#8230;\u00bb En la calle \u00ab\u00bfQu\u00e9 es el Holocausto?\u00bb Mujer: \u00ab\u00bfEl qu\u00e9?\u00bb [&hellip;]<\/p>\n","protected":false},"author":1,"featured_media":0,"comment_status":"open","ping_status":"open","sticky":false,"template":"","format":"standard","meta":{"footnotes":""},"categories":[19,6],"tags":[],"class_list":["post-6697","post","type-post","status-publish","format-standard","hentry","category-egipto","category-comunicados-especiales"],"_links":{"self":[{"href":"https:\/\/www2.memri.org\/espanol\/wp-json\/wp\/v2\/posts\/6697","targetHints":{"allow":["GET"]}}],"collection":[{"href":"https:\/\/www2.memri.org\/espanol\/wp-json\/wp\/v2\/posts"}],"about":[{"href":"https:\/\/www2.memri.org\/espanol\/wp-json\/wp\/v2\/types\/post"}],"author":[{"embeddable":true,"href":"https:\/\/www2.memri.org\/espanol\/wp-json\/wp\/v2\/users\/1"}],"replies":[{"embeddable":true,"href":"https:\/\/www2.memri.org\/espanol\/wp-json\/wp\/v2\/comments?post=6697"}],"version-history":[{"count":0,"href":"https:\/\/www2.memri.org\/espanol\/wp-json\/wp\/v2\/posts\/6697\/revisions"}],"wp:attachment":[{"href":"https:\/\/www2.memri.org\/espanol\/wp-json\/wp\/v2\/media?parent=6697"}],"wp:term":[{"taxonomy":"category","embeddable":true,"href":"https:\/\/www2.memri.org\/espanol\/wp-json\/wp\/v2\/categories?post=6697"},{"taxonomy":"post_tag","embeddable":true,"href":"https:\/\/www2.memri.org\/espanol\/wp-json\/wp\/v2\/tags?post=6697"}],"curies":[{"name":"wp","href":"https:\/\/api.w.org\/{rel}","templated":true}]}}