{"id":6687,"date":"2013-09-15T00:00:00","date_gmt":"2013-09-15T00:00:00","guid":{"rendered":"http:\/\/www2.memri.org\/espanol\/2013\/09\/15\/canciller-irani-mohammad-javad-zarif-es-ilegal-para-los-estados-unidos-atacar-siria\/"},"modified":"2013-09-15T00:00:00","modified_gmt":"2013-09-15T00:00:00","slug":"canciller-irani-mohammad-javad-zarif-es-ilegal-para-los-estados-unidos-atacar-siria","status":"publish","type":"post","link":"https:\/\/www2.memri.org\/espanol\/canciller-irani-mohammad-javad-zarif-es-ilegal-para-los-estados-unidos-atacar-siria\/6687","title":{"rendered":"Canciller iran\u00ed Mohammad Javad Zarif: Es ilegal para los Estados Unidos atacar Siria"},"content":{"rendered":"<div class=\"bodytext c1\">\n<p><em>Lo siguiente son extractos de una entrevista con el canciller iran\u00ed Mohammad Javad Zarif, transmitida por el canal de televisi\u00f3n Press TV el 11 de septiembre, 2013.<\/em><\/p>\n<p><em><a href=\"http:\/\/www.memritv.org\/clip\/en\/3980.htm\">Haga clic aqu\u00ed para ver el video en MEMRI TV<\/a><\/em><\/p>\n<p><iframe width=\"585\" height=\"485\" src=\"http:\/\/www.memritv.org\/player\/largePlayer.php?&amp;width=585&amp;height=485&amp;autoplay=0&amp;clipid=3980\" frameborder=\"0\" scrolling=\"no\" allowtransparency=\"\"><\/iframe><\/p>\n<p><strong>Mohammad Javad Zarif<\/strong>: \u00abPienso que varios grupos y personas dentro de los Estados Unidos, y algunos intereses fuera de los Estados Unidos, quiere hacer caer al presidente de los Estados Unidos &#8211; que creo no quiso iniciar una guerra &#8211; en una trampa, una trampa de la que, por desgracia, cav\u00f3 para s\u00ed mismo.<\/p>\n<p>\u00abEso fue para involucrarlo en una guerra a fin de abordar una cuesti\u00f3n hipot\u00e9tica sobre el uso de armas qu\u00edmicas por parte del gobierno de Siria. Digo una &#8216;cuesti\u00f3n hipot\u00e9tica&#8217; porque no hubo, ni sigue habiendo, pruebas de que el uso de armas qu\u00edmicas fue perpetrado por el gobierno\u00bb. [&#8230;]<\/p>\n<p>\u00abEl uso de armas qu\u00edmicas es un crimen. Creemos que es un crimen contra la humanidad. Pero tambi\u00e9n creemos que el uso de la fuerza, la amenaza en el uso de la fuerza, es tambi\u00e9n un delito en el derecho internacional.<\/p>\n<p>\u00abPor desgracia, me parece que los Estados Unidos parecen estar viviendo en el siglo 19, cuando el uso de la fuerza era una prerrogativa de los estados. No lo es.<\/p>\n<p>\u00abCreo que el presidente de los Estados Unidos, que parece ser un muy buen abogado constitucionalista, tiene que buscar en sus libros de derecho internacional, que no ha revisado recientemente, y considerar el hecho de que cuando este concede &#8211; tal como lo hizo ayer por la noche antes de los estadounidenses &#8211; de que no existe una amenaza inminente o directa contra los Estados Unidos, entonces los Estados Unidos no tiene ninguna postura, bajo ninguna disposici\u00f3n del derecho internacional, de tomar la ley en sus propias manos\u00bb. [&#8230;]<\/p>\n<p>\u00abExiste una necesidad para que los Estados Unidos llegue a una conclusi\u00f3n &#8211; y pienso es una realizaci\u00f3n importante para estos &#8211; de que no s\u00f3lo el uso de la fuerza es ilegal, que no s\u00f3lo la amenaza del uso de la fuerza en contra de alguien es una norma de derecho internacional perentoria, sino que tambi\u00e9n, y m\u00e1s importante, el uso de la fuerza es ineficaz. La fuerza ha perdido su utilidad en las relaciones internacionales\u00bb. [&#8230;]<\/p>\n<p>\u00abCreo que la declaraci\u00f3n &#8216;todas las opciones est\u00e1n sobre la mesa&#8217; es obsoleta, porque no todas las opciones est\u00e1n sobre la mesa, al menos para los pa\u00edses que dicen ser respetuosos de las leyes, para los pa\u00edses que dicen estar siguiendo la Carta de las Naciones Unidas, para los pa\u00edses que empujan a otros a que est\u00e9n a la altura de sus obligaciones internacionales en virtud de la Carta de las Naciones Unidas, que quieren castigar a otros por violar la ley internacional.<\/p>\n<p>\u00abEllos tienen que saber que no todas las opciones est\u00e1n sobre la mesa. Las amenazas y el uso de la fuerza han sido retiradas de la mesa desde hace mucho tiempo por pa\u00edses, incluyendo a los Estados Unidos, cuando se reunieron en San Francisco, y decidieron salvar a las generaciones venideras del flagelo de la guerra, en que dos veces en su generaci\u00f3n, han causado sufrimientos indecibles. As\u00ed que esto proviene de la Carta de las Naciones Unidas, aprobada, bajo la hospitalidad de Estados Unidos en San Francisco, en 1945. As\u00ed que tienen que entender que todas las opciones no est\u00e1n sobre la mesa.<\/p>\n<p>\u00abEspero que la raz\u00f3n prevalezca. Espero que con la propuesta de Rusia, y la oportunidad que ha sido creada a la aceptaci\u00f3n por parte de Siria de la propuesta rusa, otros dejaran de crear excusas para presionar por una guerra, sonar los tambores de guerra.<\/p>\n<p>\u00abEllos deben entender que esto es peligroso para ellos y para la regi\u00f3n\u00bb. [&#8230;]<\/p>\n<p>\u00abTodos tenemos que sentarnos y hacer el esfuerzo de hacer que todos los factores en Siria, alentar todos los factores sirios, incluyendo al gobierno de Siria, y todos los que est\u00e1n realmente interesados en el futuro de Siria, a que se sienten en la mesa de negociaciones a fin de encontrar una soluci\u00f3n pac\u00edfica.<\/p>\n<p>\u00abLa crisis de Siria no tiene una soluci\u00f3n militar. Esto tiene que ser entendido por todos\u00bb. [&#8230;]<\/p>\n<p><strong>Entrevistador<\/strong>: \u00ab\u00bfSabe Ir\u00e1n quien utiliz\u00f3 armas qu\u00edmicas el 21 de agosto en Siria?\u00bb<\/p>\n<p><strong>Mohammad Javad Zarif<\/strong>: \u00abTenemos indicios &#8211; y lo hemos compartido en el pasado, con los Estados Unidos y dem\u00e1s &#8211; de que, por desgracia, y esto es muy peligroso, las armas qu\u00edmicas fueron llevadas de contrabando a Siria para d\u00e1rselas a los grupos armados que combaten al pueblo sirio y al gobierno sirio. Esta fue la informaci\u00f3n que ten\u00edamos desde hace ya un tiempo.<\/p>\n<p>\u00abUn n\u00famero de detenciones se realizaron a principios de este a\u00f1o, en los pa\u00edses vecinos, indicando que esto realmente estaba ocurriendo\u00bb.<\/p>\n<p><strong>Entrevistador<\/strong>: \u00ab\u00bfObtuvimos alguna respuesta de los norteamericanos?&rdquo;<\/p>\n<p><strong>Mohammad Javad Zarif<\/strong>: \u00bb Desafortunadamente, no\u00bb. [&#8230;]<\/p>\n<\/div>\n","protected":false},"excerpt":{"rendered":"<p>Lo siguiente son extractos de una entrevista con el canciller iran\u00ed Mohammad Javad Zarif, transmitida por el canal de televisi\u00f3n Press TV el 11 de septiembre, 2013. Haga clic aqu\u00ed para ver el video en MEMRI TV Mohammad Javad Zarif: \u00abPienso que varios grupos y personas dentro de los Estados Unidos, y algunos intereses fuera [&hellip;]<\/p>\n","protected":false},"author":1,"featured_media":0,"comment_status":"open","ping_status":"open","sticky":false,"template":"","format":"standard","meta":{"footnotes":""},"categories":[6,11,20,26],"tags":[],"class_list":["post-6687","post","type-post","status-publish","format-standard","hentry","category-comunicados-especiales","category-e-u-a-y-el-medio-oriente","category-iran","category-siria"],"_links":{"self":[{"href":"https:\/\/www2.memri.org\/espanol\/wp-json\/wp\/v2\/posts\/6687","targetHints":{"allow":["GET"]}}],"collection":[{"href":"https:\/\/www2.memri.org\/espanol\/wp-json\/wp\/v2\/posts"}],"about":[{"href":"https:\/\/www2.memri.org\/espanol\/wp-json\/wp\/v2\/types\/post"}],"author":[{"embeddable":true,"href":"https:\/\/www2.memri.org\/espanol\/wp-json\/wp\/v2\/users\/1"}],"replies":[{"embeddable":true,"href":"https:\/\/www2.memri.org\/espanol\/wp-json\/wp\/v2\/comments?post=6687"}],"version-history":[{"count":0,"href":"https:\/\/www2.memri.org\/espanol\/wp-json\/wp\/v2\/posts\/6687\/revisions"}],"wp:attachment":[{"href":"https:\/\/www2.memri.org\/espanol\/wp-json\/wp\/v2\/media?parent=6687"}],"wp:term":[{"taxonomy":"category","embeddable":true,"href":"https:\/\/www2.memri.org\/espanol\/wp-json\/wp\/v2\/categories?post=6687"},{"taxonomy":"post_tag","embeddable":true,"href":"https:\/\/www2.memri.org\/espanol\/wp-json\/wp\/v2\/tags?post=6687"}],"curies":[{"name":"wp","href":"https:\/\/api.w.org\/{rel}","templated":true}]}}