{"id":6674,"date":"2013-09-09T00:00:00","date_gmt":"2013-09-09T00:00:00","guid":{"rendered":"http:\/\/www2.memri.org\/espanol\/2013\/09\/09\/estado-islamico-de-irak-y-siria-eiis-inaugura-escuelas-primarias-en-aleppo\/"},"modified":"2016-01-14T01:12:43","modified_gmt":"2016-01-14T01:12:43","slug":"estado-islamico-de-irak-y-siria-eiis-inaugura-escuelas-primarias-en-aleppo","status":"publish","type":"post","link":"https:\/\/www2.memri.org\/espanol\/estado-islamico-de-irak-y-siria-eiis-inaugura-escuelas-primarias-en-aleppo\/6674","title":{"rendered":"Estado Isl\u00e1mico de Irak y Siria (EIIS) inaugura escuelas primarias en Aleppo"},"content":{"rendered":"<div class=\"bodytext c2\">\n<p>Seg\u00fan informes, el Estado Isl\u00e1mico de Irak y Siria (EIIS) ha abierto el nuevo a\u00f1o escolar en las escuelas primarias que operan en Siria. Fotos difundidas por activistas en Aleppo muestran supuestamente a los ni\u00f1os en un sal\u00f3n de clases, algunos con la bandera del EIIIS. Una fotograf\u00eda muestra a una chica cargando una mochila con el logo EIIS entregados a los ni\u00f1os.<\/p>\n<p><img loading=\"lazy\" decoding=\"async\" class=\"alignnone size-full wp-image-13842\" src=\"http:\/\/www2.memri.org\/espanol\/wp-content\/uploads\/2016\/01\/16379.jpg\" width=\"598\" height=\"376\" srcset=\"https:\/\/www2.memri.org\/espanol\/wp-content\/uploads\/2016\/01\/16379.jpg 598w, https:\/\/www2.memri.org\/espanol\/wp-content\/uploads\/2016\/01\/16379-300x189.jpg 300w\" sizes=\"auto, (max-width: 598px) 100vw, 598px\" \/><br \/><em>Ni\u00f1os sosteniendo la bandera del EIIS<\/em><\/p>\n<p><img loading=\"lazy\" decoding=\"async\" class=\"alignnone size-full wp-image-13846\" src=\"http:\/\/www2.memri.org\/espanol\/wp-content\/uploads\/2016\/01\/16380.jpg\" width=\"599\" height=\"355\" srcset=\"https:\/\/www2.memri.org\/espanol\/wp-content\/uploads\/2016\/01\/16380.jpg 599w, https:\/\/www2.memri.org\/espanol\/wp-content\/uploads\/2016\/01\/16380-300x178.jpg 300w\" sizes=\"auto, (max-width: 599px) 100vw, 599px\" \/><\/p>\n<p><em>Alumnos en clase<\/em><\/p>\n<p><img loading=\"lazy\" decoding=\"async\" class=\"alignnone size-full wp-image-13850\" src=\"http:\/\/www2.memri.org\/espanol\/wp-content\/uploads\/2016\/01\/16381.jpg\" width=\"593\" height=\"399\" srcset=\"https:\/\/www2.memri.org\/espanol\/wp-content\/uploads\/2016\/01\/16381.jpg 593w, https:\/\/www2.memri.org\/espanol\/wp-content\/uploads\/2016\/01\/16381-300x202.jpg 300w\" sizes=\"auto, (max-width: 593px) 100vw, 593px\" \/><\/p>\n<p><em>Adolescentes descritos como \u00abmaestros\u00bb<\/em><\/p>\n<p><em><img loading=\"lazy\" decoding=\"async\" class=\"alignnone size-full wp-image-13856\" src=\"http:\/\/www2.memri.org\/espanol\/wp-content\/uploads\/2016\/01\/16382.jpg\" width=\"181\" height=\"202\" \/><br \/>Malet\u00edn escolar con el logo del EIIS entregado a los alumnos<\/em><\/p>\n<\/div>\n","protected":false},"excerpt":{"rendered":"<p>Seg\u00fan informes, el Estado Isl\u00e1mico de Irak y Siria (EIIS) ha abierto el nuevo a\u00f1o escolar en las escuelas primarias que operan en Siria. Fotos difundidas por activistas en Aleppo muestran supuestamente a los ni\u00f1os en un sal\u00f3n de clases, algunos con la bandera del EIIIS. Una fotograf\u00eda muestra a una chica cargando una mochila [&hellip;]<\/p>\n","protected":false},"author":1,"featured_media":13842,"comment_status":"open","ping_status":"open","sticky":false,"template":"","format":"standard","meta":{"footnotes":""},"categories":[6,21,26],"tags":[],"class_list":["post-6674","post","type-post","status-publish","format-standard","has-post-thumbnail","hentry","category-comunicados-especiales","category-irak","category-siria"],"_links":{"self":[{"href":"https:\/\/www2.memri.org\/espanol\/wp-json\/wp\/v2\/posts\/6674","targetHints":{"allow":["GET"]}}],"collection":[{"href":"https:\/\/www2.memri.org\/espanol\/wp-json\/wp\/v2\/posts"}],"about":[{"href":"https:\/\/www2.memri.org\/espanol\/wp-json\/wp\/v2\/types\/post"}],"author":[{"embeddable":true,"href":"https:\/\/www2.memri.org\/espanol\/wp-json\/wp\/v2\/users\/1"}],"replies":[{"embeddable":true,"href":"https:\/\/www2.memri.org\/espanol\/wp-json\/wp\/v2\/comments?post=6674"}],"version-history":[{"count":0,"href":"https:\/\/www2.memri.org\/espanol\/wp-json\/wp\/v2\/posts\/6674\/revisions"}],"wp:featuredmedia":[{"embeddable":true,"href":"https:\/\/www2.memri.org\/espanol\/wp-json\/wp\/v2\/media\/13842"}],"wp:attachment":[{"href":"https:\/\/www2.memri.org\/espanol\/wp-json\/wp\/v2\/media?parent=6674"}],"wp:term":[{"taxonomy":"category","embeddable":true,"href":"https:\/\/www2.memri.org\/espanol\/wp-json\/wp\/v2\/categories?post=6674"},{"taxonomy":"post_tag","embeddable":true,"href":"https:\/\/www2.memri.org\/espanol\/wp-json\/wp\/v2\/tags?post=6674"}],"curies":[{"name":"wp","href":"https:\/\/api.w.org\/{rel}","templated":true}]}}