{"id":6665,"date":"2013-09-16T00:00:00","date_gmt":"2013-09-16T00:00:00","guid":{"rendered":"http:\/\/www2.memri.org\/espanol\/2013\/09\/16\/diario-tunecino-el-atraso-arabe-es-caldo-de-cultivo-para-los-terroristas\/"},"modified":"2013-09-16T00:00:00","modified_gmt":"2013-09-16T00:00:00","slug":"diario-tunecino-el-atraso-arabe-es-caldo-de-cultivo-para-los-terroristas","status":"publish","type":"post","link":"https:\/\/www2.memri.org\/espanol\/diario-tunecino-el-atraso-arabe-es-caldo-de-cultivo-para-los-terroristas\/6665","title":{"rendered":"Diario tunecino: El atraso \u00e1rabe es caldo de cultivo para los terroristas"},"content":{"rendered":"<div class=\"bodytext c3\">\n<p><em>El editorial del diario tunecino Al-Haqaiq el 11 de septiembre, 2013, que tuvo como tema los ataques del 11 de Septiembre, critic\u00f3 duramente a aquellos en el mundo \u00e1rabe e isl\u00e1mico que siguen justificando los atentados suicidas sobre diversos pretextos y claman que el 11 de Septiembre fue un complot yanqui-sionista en contra del Islam. La pieza, escrita por el editor principal del diario Hadi Yahmad, declar\u00f3 que la mentalidad \u00e1rabe-isl\u00e1mica rechaza cualquier examen de sus propios defectos y tiende a culpar al otro, y que el atraso cultural e ideol\u00f3gico de los \u00e1rabes y los musulmanes es caldo de cultivo para el crecimiento del terrorismo \u00e1rabe e isl\u00e1mico.<\/em><\/p>\n<p><em>Lo siguiente son extractos del editorial:<a name=\"_ednref1\" title=\"\" class=\"c1\" href=\"#_edn1\"><!--[if !supportFootnotes]-->[1]<!--[endif]--><\/a><\/em><\/p>\n<p><strong>\u00abLuego del 11 de Septiembre, todos nos convertimos en terroristas potenciales &#8211; ya que una peque\u00f1a minor\u00eda de entre nosotros pens\u00e1bamos que nos reunir\u00edamos con las v\u00edrgenes del para\u00edso asesinando a los que consideran infieles\u00bb<\/strong><\/p>\n<p>\u00ab&#8230; El 11 de Septiembre se ha convertido en un fen\u00f3meno global ligado a una determinada etnicidad &#8211; \u00e1rabes &#8211; y a cierta religi\u00f3n &#8211; Islam&#8230; El d\u00eda despu\u00e9s que las torres gemelas del World Trade Center en Nueva York fueron voladas, el mundo, o al menos la parte que posee la hegemon\u00eda, se convenci\u00f3 de que hab\u00eda un problema llamado \u00e1rabes y una religi\u00f3n llamada Islam. Los \u00e1rabes y los musulmanes se convirtieron en un fen\u00f3meno llamado terrorismo.<\/p>\n<p>\u00abEn la mentalidad occidental, el 11 de Septiembre est\u00e1 vinculado con el terrorismo isl\u00e1mico. En las capitales del mundo, comenzaron a vernos a [todos] como terroristas potenciales. Es suficiente que tu nombre sea Muhammad o &#8216;Ali, o que tu tono de piel sea del norte de \u00c1frica o del Medio Oriente, para que te revisen y monitoreen cada movimiento o falta de este completamente.<\/p>\n<p>\u00abDespu\u00e9s del 11 de Septiembre, todos nos convertimos en terroristas potenciales, ya que una peque\u00f1a minor\u00eda de entre nosotros pens\u00f3 que se reunir\u00edan con las v\u00edrgenes del para\u00edso asesinando a los que consideran infieles que combaten la religi\u00f3n de Al\u00e1&#8230; Incluso [ahora que] la segunda d\u00e9cada [desde los ataques se ha iniciado], algunos de nosotros todav\u00eda estamos convencidos de que estos fueron un complot preplaneado sionista global o mas\u00f3nico &#8211; o, al menos estos fueron perpetrados por conspiradores de la derecha conservadora en la administraci\u00f3n de George Bush. Aquellos que son [m\u00e1s realistas de entre nosotros] reconocemos que extremistas musulmanes llevaron a cabo [los ataques], pero los justifican citando la ocupaci\u00f3n de Palestina y Afganist\u00e1n, y a\u00f1aden la excusa de la ocupaci\u00f3n de Irak. Bajo la mentalidad \u00e1rabe-isl\u00e1mica, el 11 de Septiembre fue llevado a cabo por el otro, o fue la respuesta de una peque\u00f1a minor\u00eda de entre nosotros a la opresi\u00f3n, la injusticia y la ocupaci\u00f3n infligida a este <em>ummah<\/em> (comunidad). Cuando la mentalidad de la negaci\u00f3n se combina con [el pensamiento] de que este evento [el 11 de Septiembre] fue importado desde el exterior [es decir, llevado a cabo por el otro], entonces esta [es decir, la mentalidad de la negaci\u00f3n] lo ve como una conspiraci\u00f3n contra el Islam y los musulmanes!\u00bb<\/p>\n<p><strong>Luego de atacar \u00ablos infieles en sus bastiones en Nueva York, Madrid, Londres y Mosc\u00fa\u00bb &#8211; El \u00abmolino del terrorismo global&#8230; comenz\u00f3 a cosechar las cabezas de miles de musulmanes\u00bb<\/strong><\/p>\n<p>\u00abLo absurdo es que el molino del terrorismo global, que hab\u00eda golpeado a lo que llama infieles en sus bastiones en Nueva York, Madrid, Londres y Mosc\u00fa, m\u00e1s tarde comenz\u00f3 a cosechar las cabezas de miles de musulmanes en las mezquitas y mercados de Irak, en los pueblos y ciudades de Siria, y al sur y el norte de Yemen.<\/p>\n<p>\u00abLa primera paradoja es que el n\u00famero de [musulmanes y \u00e1rabes] asesinados por Al-Qaeda en los pa\u00edses \u00e1rabes e isl\u00e1micos es tres veces mayor que [el n\u00famero de gente] que considera combatientes en contra del Islam en los pa\u00edses infieles! El n\u00famero de muertos a diario en operaciones suicidas en Irak, en Siria hoy, o en Yemen ha socavado y colapsado todas las excusas dadas para los terroristas&#8230; [es decir, que el terrorismo] es una reacci\u00f3n a la opresi\u00f3n y a la injusticia.<\/p>\n<p>\u00abLa segunda paradoja es que la \u00fanica organizaci\u00f3n que declara su conexi\u00f3n oficial e ideol\u00f3gica a Al-Qaeda se situ\u00f3 a s\u00ed misma en el Sina\u00ed, en la frontera con la Palestina ocupada &#8211; y [luego] dirigi\u00f3 sus armas para masacrar tropas egipcias y declar\u00f3 el jihad contra los militares egipcios. Esto, sin atreverse a abrir un frente de guerra santa en contra de Israel&#8230;!<\/p>\n<p>\u00abTodo lo que sucedi\u00f3 despu\u00e9s del [11 de Septiembre], y lo que estamos experimentando hoy d\u00eda, que se ha ganado el nombre de &#8216;Primavera \u00c1rabe&#8217;, as\u00ed como tambi\u00e9n el florecimiento de las organizaciones terroristas en casi todas las regiones \u00e1rabes, revelan el alcance de las fallas en nuestros curriculums y en la cultura religiosa que hemos heredado y no hemos criticado o reevaluado por d\u00e9cadas. Debemos reconocer sin verg\u00fcenza que nosotros en el mundo \u00e1rabe e isl\u00e1mico nos hemos convertido en caldo de cultivo para los terroristas&#8230; debido a [nuestro] atraso cultural e ideol\u00f3gico.<\/p>\n<p>\u00ab[Como es que] muchos de nosotros nunca nos hemos preguntado por qu\u00e9 estos horrores, masacres y asesinatos a sangre fr\u00eda tienen lugar en nuestras tierras! Debemos siempre echarle la culpa a otros, para que podamos [continuar] negando [la realidad], olvidarlo [y] buscar venganza!&#8230;\u00bb<\/p>\n<hr class=\"c2\" width=\"33%\" size=\"1\" \/><!--[endif]--><\/p>\n<p><a name=\"_edn1\" title=\"\" class=\"c1\" href=\"#_ednref1\"><!--[if !supportFootnotes]-->[1]<!--[endif]--><\/a> <em>Al-Haqaiq<\/em> (T\u00fanez), 11 de septiembre, 2013.<\/p>\n<\/div>\n","protected":false},"excerpt":{"rendered":"<p>El editorial del diario tunecino Al-Haqaiq el 11 de septiembre, 2013, que tuvo como tema los ataques del 11 de Septiembre, critic\u00f3 duramente a aquellos en el mundo \u00e1rabe e isl\u00e1mico que siguen justificando los atentados suicidas sobre diversos pretextos y claman que el 11 de Septiembre fue un complot yanqui-sionista en contra del Islam. [&hellip;]<\/p>\n","protected":false},"author":1,"featured_media":0,"comment_status":"open","ping_status":"open","sticky":false,"template":"","format":"standard","meta":{"footnotes":""},"categories":[6,12],"tags":[],"class_list":["post-6665","post","type-post","status-publish","format-standard","hentry","category-comunicados-especiales","category-reforma-en-el-mundo-arabe-y-musulman"],"_links":{"self":[{"href":"https:\/\/www2.memri.org\/espanol\/wp-json\/wp\/v2\/posts\/6665","targetHints":{"allow":["GET"]}}],"collection":[{"href":"https:\/\/www2.memri.org\/espanol\/wp-json\/wp\/v2\/posts"}],"about":[{"href":"https:\/\/www2.memri.org\/espanol\/wp-json\/wp\/v2\/types\/post"}],"author":[{"embeddable":true,"href":"https:\/\/www2.memri.org\/espanol\/wp-json\/wp\/v2\/users\/1"}],"replies":[{"embeddable":true,"href":"https:\/\/www2.memri.org\/espanol\/wp-json\/wp\/v2\/comments?post=6665"}],"version-history":[{"count":0,"href":"https:\/\/www2.memri.org\/espanol\/wp-json\/wp\/v2\/posts\/6665\/revisions"}],"wp:attachment":[{"href":"https:\/\/www2.memri.org\/espanol\/wp-json\/wp\/v2\/media?parent=6665"}],"wp:term":[{"taxonomy":"category","embeddable":true,"href":"https:\/\/www2.memri.org\/espanol\/wp-json\/wp\/v2\/categories?post=6665"},{"taxonomy":"post_tag","embeddable":true,"href":"https:\/\/www2.memri.org\/espanol\/wp-json\/wp\/v2\/tags?post=6665"}],"curies":[{"name":"wp","href":"https:\/\/api.w.org\/{rel}","templated":true}]}}