{"id":6658,"date":"2013-09-02T00:00:00","date_gmt":"2013-09-02T00:00:00","guid":{"rendered":"http:\/\/www2.memri.org\/espanol\/2013\/09\/02\/autor-saudita-hani-nakshabandi-deberiamos-reexaminar-nuestros-libros-de-historia-los-arabes-fueron-ocupantes-en-espana\/"},"modified":"2013-09-02T00:00:00","modified_gmt":"2013-09-02T00:00:00","slug":"autor-saudita-hani-nakshabandi-deberiamos-reexaminar-nuestros-libros-de-historia-los-arabes-fueron-ocupantes-en-espana","status":"publish","type":"post","link":"https:\/\/www2.memri.org\/espanol\/autor-saudita-hani-nakshabandi-deberiamos-reexaminar-nuestros-libros-de-historia-los-arabes-fueron-ocupantes-en-espana\/6658","title":{"rendered":"Autor saudita Hani Nakshabandi: Deber\u00edamos reexaminar nuestros libros de historia, los \u00e1rabes fueron ocupantes en Espa\u00f1a"},"content":{"rendered":"<div class=\"bodytext c1\"><!--Document Body --><\/p>\n<div class=\"bodytext c1\">\n<p><em>Lo siguiente son extractos de una entrevista con el autor saudita Hani Nakshabandi, transmitida en el canal de televisi\u00f3n Decisi\u00f3n Makers TV (Los Que Toman Decisiones) y publicado en Internet el 26 de junio, 2013.<\/em><\/p>\n<p><em><a href=\"http:\/\/www.memritv.org\/clip\/en\/3953.htm\">Haga clic aqu\u00ed para ver el video en MEMRI TV<\/a>.<\/em><\/p>\n<p><iframe width=\"585\" height=\"485\" src=\"http:\/\/www.memritv.org\/player\/largePlayer.php?&amp;width=585&amp;height=485&amp;autoplay=0&amp;clipid=3953\" frameborder=\"0\" scrolling=\"no\" allowtransparency=\"\"><\/iframe><\/p>\n<p><strong>Entrevistador<\/strong>: \u00abUsted encendi\u00f3 el debate con sus comentarios sobre Espa\u00f1a. Usted dijo que los \u00e1rabes deber\u00edan pedir disculpas por lo que describi\u00f3 como \u00abocupaci\u00f3n\u00bb. Esto no fue bien recibido por la mayor\u00eda. No cree usted que exager\u00f3?\u00bb [&#8230; ]<\/p>\n<p><strong>Hani Nakshabandi<\/strong>: \u00abCreo que nosotros, los que nos oponemos a la ocupaci\u00f3n, practicamos el mismo tipo de ocupaci\u00f3n. Luchamos contra la ocupaci\u00f3n francesa de \u00c1frica del Norte, y contra la ocupaci\u00f3n francesa y brit\u00e1nica del Levant, pero practicamos el mismo tipo de ocupaci\u00f3n en Espa\u00f1a\u00bb.<\/p>\n<p><strong>Entrevistador<\/strong>: \u00abS\u00ed, pero el Islam se extendi\u00f3 durante la Edad Media en Europa\u00bb.<\/p>\n<p><strong>Hani Nakshabandi<\/strong>: \u00abTodo lo que est\u00e1 escrito en nuestros libros de historia deber\u00eda ser reexaminado. Presentamos a Europa como si estuviese sumergido en la oscuridad e ignorancia, hasta que llegamos nosotros y anunciamos una era de luz.<\/p>\n<p>\u00abMi amigo, en Arabia Saudita, todav\u00eda tenemos pueblos sin electricidad. Dondequiera que usted vaya en el mundo \u00e1rabe &#8211; en Egipto, Marruecos &#8211; ve aldeas donde la gente todav\u00eda vive como en las cavernas, y aun as\u00ed usted dice que fuimos iniciadores de la civilizaci\u00f3n en Europa?\u00bb<\/p>\n<p><strong>Entrevistador<\/strong>: \u00ab\u00bfQu\u00e9 sucede con C\u00f3rdoba?\u00bb<\/p>\n<p><strong>Hani Nakshabandi<\/strong>: \u00ab\u00bfQu\u00e9 hay con ella? Mi amigo, yo viv\u00ed en Espa\u00f1a&#8230; Bueno, en realidad no viv\u00ed all\u00ed, pero estuve de visita all\u00ed muchas veces, y fui a los museos y bibliotecas \u00bfQu\u00e9 tipo de civilizaci\u00f3n dejaron los \u00e1rabes en Andaluc\u00eda?<\/p>\n<p>\u00abUsted ha mencionado C\u00f3rdoba. Es una ciudad espa\u00f1ola. \u00bfQu\u00e9 cosas nuevas dejaron [los \u00e1rabes] all\u00ed? Incluso la Mezquita Umayyad fue una iglesia que convirtieron en mezquita, al igual que la Mezquita Umayyad en Damasco, que a\u00fan conserva las caracter\u00edsticas de una iglesia hasta el d\u00eda de hoy\u00bb.<\/p>\n<p><strong>Entrevistador<\/strong>: \u00abEntonces ense\u00f1amos lo errado de la historia en nuestras escuelas?\u00bb<\/p>\n<p><strong>Hani Nakshabandi<\/strong>: \u00abAbsolutamente. Quien cre\u00f3 la imagen de Andaluc\u00eda que tenemos en nuestra mente? La gente me ataca porque su imagen de Andaluc\u00eda es la Andaluc\u00eda de canciones y de mujeres bailando o la Andaluc\u00eda que vemos en las telenovelas &#8211; con fuentes de agua, \u00e1rboles, y mujeres hermosas.<\/p>\n<p>\u00abEsto no es Andaluc\u00eda. Andaluc\u00eda fue una tragedia pol\u00edtica real. No es cierto que los \u00e1rabes esparcieron el Islam all\u00ed. Es Espa\u00f1a un pa\u00eds musulm\u00e1n? Es el pin\u00e1culo del catolicismo en el mundo\u00bb. [&#8230;]<\/p>\n<\/div>\n<\/div>\n","protected":false},"excerpt":{"rendered":"<p>Lo siguiente son extractos de una entrevista con el autor saudita Hani Nakshabandi, transmitida en el canal de televisi\u00f3n Decisi\u00f3n Makers TV (Los Que Toman Decisiones) y publicado en Internet el 26 de junio, 2013. Haga clic aqu\u00ed para ver el video en MEMRI TV. Entrevistador: \u00abUsted encendi\u00f3 el debate con sus comentarios sobre Espa\u00f1a. [&hellip;]<\/p>\n","protected":false},"author":1,"featured_media":0,"comment_status":"open","ping_status":"open","sticky":false,"template":"","format":"standard","meta":{"footnotes":""},"categories":[6],"tags":[],"class_list":["post-6658","post","type-post","status-publish","format-standard","hentry","category-comunicados-especiales"],"_links":{"self":[{"href":"https:\/\/www2.memri.org\/espanol\/wp-json\/wp\/v2\/posts\/6658","targetHints":{"allow":["GET"]}}],"collection":[{"href":"https:\/\/www2.memri.org\/espanol\/wp-json\/wp\/v2\/posts"}],"about":[{"href":"https:\/\/www2.memri.org\/espanol\/wp-json\/wp\/v2\/types\/post"}],"author":[{"embeddable":true,"href":"https:\/\/www2.memri.org\/espanol\/wp-json\/wp\/v2\/users\/1"}],"replies":[{"embeddable":true,"href":"https:\/\/www2.memri.org\/espanol\/wp-json\/wp\/v2\/comments?post=6658"}],"version-history":[{"count":0,"href":"https:\/\/www2.memri.org\/espanol\/wp-json\/wp\/v2\/posts\/6658\/revisions"}],"wp:attachment":[{"href":"https:\/\/www2.memri.org\/espanol\/wp-json\/wp\/v2\/media?parent=6658"}],"wp:term":[{"taxonomy":"category","embeddable":true,"href":"https:\/\/www2.memri.org\/espanol\/wp-json\/wp\/v2\/categories?post=6658"},{"taxonomy":"post_tag","embeddable":true,"href":"https:\/\/www2.memri.org\/espanol\/wp-json\/wp\/v2\/tags?post=6658"}],"curies":[{"name":"wp","href":"https:\/\/api.w.org\/{rel}","templated":true}]}}