{"id":6654,"date":"2013-09-01T00:00:00","date_gmt":"2013-09-01T00:00:00","guid":{"rendered":"http:\/\/www2.memri.org\/espanol\/2013\/09\/01\/presidente-sudanes-omar-al-bashir-reconoce-culpa-por-asesinatos-en-darfur-y-recomienda-orar-para-ser-absueltos\/"},"modified":"2013-09-01T00:00:00","modified_gmt":"2013-09-01T00:00:00","slug":"presidente-sudanes-omar-al-bashir-reconoce-culpa-por-asesinatos-en-darfur-y-recomienda-orar-para-ser-absueltos","status":"publish","type":"post","link":"https:\/\/www2.memri.org\/espanol\/presidente-sudanes-omar-al-bashir-reconoce-culpa-por-asesinatos-en-darfur-y-recomienda-orar-para-ser-absueltos\/6654","title":{"rendered":"Presidente sudan\u00e9s Omar Al-Bashir reconoce culpa por asesinatos en Darfur y recomienda orar para ser absueltos"},"content":{"rendered":"<div class=\"bodytext c1\">\n<p><em>A continuaci\u00f3n se presentan extractos de un discurso pronunciado por el Presidente de Sud\u00e1n, Omar Al-Bashir, transmitido en el canal de televisi\u00f3n Jartum TV y publicado en Internet el 23 de julio, 2013.<\/em><\/p>\n<p><em><a href=\"http:\/\/www.memritv.org\/clip\/en\/3946.htm\">Haga clic aqu\u00ed para ver el video en MEMRI TV<\/a>.<\/em><\/p>\n<p><iframe width=\"585\" height=\"485\" src=\"http:\/\/www.memritv.org\/player\/largePlayer.php?&amp;width=585&amp;height=485&amp;autoplay=0&amp;clipid=3946\" frameborder=\"0\" scrolling=\"no\" allowtransparency=\"\"><\/iframe><\/p>\n<p><strong>Omar Al-Bashir<\/strong>: \u00abLos primeros diez d\u00edas de Ramad\u00e1n &#8211; los d\u00edas de compasi\u00f3n &#8211; finalizaron, nos movemos hacia los diez d\u00edas siguientes a la absoluci\u00f3n, y oramos para que Al\u00e1 nos gu\u00ede en los \u00faltimos diez d\u00edas, para que estemos entre los salvados del Infierno durante Ramad\u00e1n. Todos tenemos esperanzas que nuestro Se\u00f1or tendr\u00e1 misericordia de nosotros, nos absolver\u00e1, y nos salvar\u00e1 del fuego del Infierno.<\/p>\n<p>\u00abPero no s\u00f3lo debemos usar nuestras bocas en nuestros rezos, porque la creencia es un asunto del coraz\u00f3n s\u00f3lo cuando se manifiesta a si misma en las obras de cada quien.<\/p>\n<p>\u00abDebemos realmente esperar que nuestro Se\u00f1or responda a nuestras plegarias en este mes sagrado, y nos salve, a nuestros padres, y a sus padres del fuego del Infierno.<\/p>\n<p>\u00ab\u00bfC\u00f3mo puede Al\u00e1 respondes nuestras plegarias, cuando nosotros &#8211; y cuando digo \u00abnosotros\u00bb me refiero a todos nosotros, desde el presidente hasta los \u00faltimos soldados&#8230; Todos queremos que nuestro Se\u00f1or acepte nuestras plegarias, pero \u00bfc\u00f3mo puede ser esto posible? \u00bfC\u00f3mo es esto posible cuando asesinamos y derramamos la sangre de los musulmanes por la m\u00e1s trivial de las razones? Les digo, lo hacemos por la m\u00e1s trivial de las razones.<\/p>\n<p>\u00abLo que ocurr\u00eda en Darfur no era gran cosa, aun as\u00ed cost\u00f3 cientos de vidas. Cuando vimos lo que estaba ocurriendo all\u00ed al principio, pensamos que no merec\u00eda siquiera el sacrificio de un cordero, por no hablar del asesinato de un ser humano.<\/p>\n<p>\u00ab\u00bfC\u00f3mo es posible sancionar el asesinato de musulmanes, aunque sabemos muy bien que la destrucci\u00f3n de la Kaaba es menos grave ante los ojos de Al\u00e1 que la muerte de un musulm\u00e1n?<\/p>\n<p>\u00abSabemos que el asesinato de un musulm\u00e1n&#8230; uno podr\u00eda decir: \u00abNo supe hacer nada mejor\u00bb, pero tenemos estudiosos isl\u00e1micos con nosotros, tenemos jeques, estudiosos del hadith, y jurisprudentes isl\u00e1micos, y todos estar\u00edamos de acuerdo en que pueden ser absueltos de cualquier pecado, excepto por el pecado de asesinar a un compa\u00f1ero musulm\u00e1n\u00bb. [&#8230;]<\/p>\n<\/div>\n","protected":false},"excerpt":{"rendered":"<p>A continuaci\u00f3n se presentan extractos de un discurso pronunciado por el Presidente de Sud\u00e1n, Omar Al-Bashir, transmitido en el canal de televisi\u00f3n Jartum TV y publicado en Internet el 23 de julio, 2013. Haga clic aqu\u00ed para ver el video en MEMRI TV. Omar Al-Bashir: \u00abLos primeros diez d\u00edas de Ramad\u00e1n &#8211; los d\u00edas de [&hellip;]<\/p>\n","protected":false},"author":1,"featured_media":0,"comment_status":"open","ping_status":"open","sticky":false,"template":"","format":"standard","meta":{"footnotes":""},"categories":[6],"tags":[],"class_list":["post-6654","post","type-post","status-publish","format-standard","hentry","category-comunicados-especiales"],"_links":{"self":[{"href":"https:\/\/www2.memri.org\/espanol\/wp-json\/wp\/v2\/posts\/6654","targetHints":{"allow":["GET"]}}],"collection":[{"href":"https:\/\/www2.memri.org\/espanol\/wp-json\/wp\/v2\/posts"}],"about":[{"href":"https:\/\/www2.memri.org\/espanol\/wp-json\/wp\/v2\/types\/post"}],"author":[{"embeddable":true,"href":"https:\/\/www2.memri.org\/espanol\/wp-json\/wp\/v2\/users\/1"}],"replies":[{"embeddable":true,"href":"https:\/\/www2.memri.org\/espanol\/wp-json\/wp\/v2\/comments?post=6654"}],"version-history":[{"count":0,"href":"https:\/\/www2.memri.org\/espanol\/wp-json\/wp\/v2\/posts\/6654\/revisions"}],"wp:attachment":[{"href":"https:\/\/www2.memri.org\/espanol\/wp-json\/wp\/v2\/media?parent=6654"}],"wp:term":[{"taxonomy":"category","embeddable":true,"href":"https:\/\/www2.memri.org\/espanol\/wp-json\/wp\/v2\/categories?post=6654"},{"taxonomy":"post_tag","embeddable":true,"href":"https:\/\/www2.memri.org\/espanol\/wp-json\/wp\/v2\/tags?post=6654"}],"curies":[{"name":"wp","href":"https:\/\/api.w.org\/{rel}","templated":true}]}}