{"id":65536,"date":"2024-09-05T16:08:15","date_gmt":"2024-09-05T13:08:15","guid":{"rendered":"https:\/\/www2.memri.org\/espanol\/?p=65536"},"modified":"2024-09-05T16:08:15","modified_gmt":"2024-09-05T13:08:15","slug":"karim-khan-fiscal-de-la-cpi-desde-2021-explico-en-2016-los-fallos-en-el-enfoque-de-investigacion-y-procesamiento-de-la-cpi-este-barco-no-esta-en-condiciones-de-navegar-las-investigaciones-inte","status":"publish","type":"post","link":"https:\/\/www2.memri.org\/espanol\/karim-khan-fiscal-de-la-cpi-desde-2021-explico-en-2016-los-fallos-en-el-enfoque-de-investigacion-y-procesamiento-de-la-cpi-este-barco-no-esta-en-condiciones-de-navegar-las-investigaciones-inte\/65536","title":{"rendered":"Karim Khan, fiscal de la CPI desde 2021, explic\u00f3 en 2016 los fallos en el enfoque de investigaci\u00f3n y procesamiento de la CPI: \u00abEste barco no est\u00e1 en condiciones de navegar\u00bb; las investigaciones internacionales son un asunto serio y no deben llevarse a cabo bajo la lupa de CNN, BBC y Al-Jazeera\u201d"},"content":{"rendered":"<p>El 20 de mayo de 2024, el fiscal jefe de la Corte Penal Internacional (CPI), Karim Khan, que ocupa este cargo desde 2021, dijo a Christiane Amanpour de CNN en una entrevista que solicitar\u00e1 \u00f3rdenes de arresto contra el primer ministro israel\u00ed, Binyamin Netanyahu, y el ministro de Defensa israel\u00ed, Yoav Gallant, \u00abpor los delitos de causar exterminio, causar hambruna como m\u00e9todo de guerra, incluida la negaci\u00f3n del suministro de ayuda humanitaria, [y] atacar deliberadamente a civiles en conflictos\u00bb.\u00a0[1]\u00a0Tres meses despu\u00e9s, el 24 de agosto, Khan inst\u00f3 a la CPI a emitir las \u00f3rdenes.\u00a0 [2]<\/p>\n<p><em><img decoding=\"async\" src=\"https:\/\/www.memri.org\/sites\/default\/files\/2024\/08\/sd11526.png\" \/>Karim Khan. Fuente: MEMRI TV<\/em><\/p>\n<p>Cabe destacar, sin embargo, que, en 2013, Khan fue coautor de un ensayo acad\u00e9mico de 43 p\u00e1ginas titulado \u00abPr\u00e1cticas defensivas: Representaci\u00f3n de clientes ante la Corte Penal Internacional\u00bb. En dicho ensayo, critic\u00f3 duramente a la fiscal\u00eda de la CPI por sus bajos est\u00e1ndares de prueba, por su dependencia de testimonios an\u00f3nimos que carecen de coherencia, por su susceptibilidad a los sesgos debido a presiones externas y la opini\u00f3n p\u00fablica, por fallas en su debido proceso y por privar a los acusados \u200b\u200bde derechos legales b\u00e1sicos, todo lo cual, seg\u00fan dijo, conduce a errores judiciales.\u00a0[3]<\/p>\n<p>Adem\u00e1s, en una entrevista de 2016 en KTN News Kenya, Khan le dijo al entrevistador Jeff Koinange que el barco de la CPI no est\u00e1 \u00aben condiciones de navegar\u00bb, que necesita ser \u00abreparado de manera significativa\u00bb y que, como con un alcoh\u00f3lico, el primer paso es aceptar que hay un problema. Tambi\u00e9n se\u00f1al\u00f3 que hay un problema en el proceso de investigaci\u00f3n de la Oficina del Fiscal de la CPI y que las investigaciones internacionales son \u00abasuntos serios\u00bb que no deber\u00edan llevarse a cabo bajo la lupa de los ciclos informativos de CNN, BBC World y Al-Jazeera, lo que, seg\u00fan \u00e9l, es una \u00abreceta para el desastre\u00bb.<\/p>\n<p><strong><em>Para ver este clip en MEMRI TV, haga <a href=\"https:\/\/www2.memri.org\/espanol\/tv\/2024\/09\/01\/karim-khan-fiscal-de-la-cpi-desde-2021-dijo-en-2016-la-acusacion-y-el-enfoque-investigativo-de-la-cpi-son-defectuosos-este-barco-no-esta-en-condiciones-de-navegar-las-investigaciones-internaciona\/\">clic aqu\u00ed<\/a>\u00a0o abajo:<\/em><\/strong><em>\u00a0<\/em><\/p>\n<div style=\"width: 696px;\" class=\"wp-video\"><video class=\"wp-video-shortcode\" id=\"video-65536-1\" width=\"696\" height=\"392\" preload=\"metadata\" controls=\"controls\"><source type=\"video\/mp4\" src=\"https:\/\/www2.memri.org\/espanol\/wp-content\/uploads\/2024\/09\/11348-ESP.mp4?_=1\" \/><a href=\"https:\/\/www2.memri.org\/espanol\/wp-content\/uploads\/2024\/09\/11348-ESP.mp4\">https:\/\/www2.memri.org\/espanol\/wp-content\/uploads\/2024\/09\/11348-ESP.mp4<\/a><\/video><\/div>\n<p>[1] Youtube.com\/watch?v=6BquEw4kNNE, 20 de mayo de 2024.<\/p>\n<p>[2] Tehrantimes.com\/news\/502865\/ICC-prosecutor-urges-judges-to-rule-on-warrants-for-Netanyahu, 24 de agosto de 2024.<\/p>\n<p>[3] Para m\u00e1s informaci\u00f3n sobre el ensayo de Khan, v\u00e9ase MEMRI Inquiry &amp; Analysis No. 1766: <a href=\"https:\/\/www.memri.org\/reports\/2013-academic-essay-international-criminal-court-icc-prosecutor-karim-khan-says-icc\">Ensayo acad\u00e9mico de 2013, El fiscal de la Corte Penal Internacional (CPI) Karim Khan explica por qu\u00e9 la CPI es incapaz de impartir justicia; En 2007, Khan fue abogado defensor del presidente liberiano Charles Taylor en un juicio por cr\u00edmenes de guerra respaldado por la ONU; Durante el juicio, Taylor neg\u00f3 las afirmaciones de que hab\u00eda ordenado a sus hombres comer carne humana<\/a>, 23 de mayo de 2024.<\/p>\n<p>&nbsp;<\/p>\n","protected":false},"excerpt":{"rendered":"<p>El 20 de mayo de 2024, el fiscal jefe de la Corte Penal Internacional (CPI), Karim Khan, que ocupa este cargo desde 2021, dijo a Christiane Amanpour de CNN en una entrevista que solicitar\u00e1 \u00f3rdenes de arresto contra el primer ministro israel\u00ed, Binyamin Netanyahu, y el ministro de Defensa israel\u00ed, Yoav Gallant, \u00abpor los delitos [&hellip;]<\/p>\n","protected":false},"author":1,"featured_media":65538,"comment_status":"closed","ping_status":"closed","sticky":false,"template":"","format":"standard","meta":{"footnotes":""},"categories":[142,2],"tags":[],"class_list":["post-65536","post","type-post","status-publish","format-standard","has-post-thumbnail","hentry","category-boletin-especial-archivos","category-featured"],"_links":{"self":[{"href":"https:\/\/www2.memri.org\/espanol\/wp-json\/wp\/v2\/posts\/65536","targetHints":{"allow":["GET"]}}],"collection":[{"href":"https:\/\/www2.memri.org\/espanol\/wp-json\/wp\/v2\/posts"}],"about":[{"href":"https:\/\/www2.memri.org\/espanol\/wp-json\/wp\/v2\/types\/post"}],"author":[{"embeddable":true,"href":"https:\/\/www2.memri.org\/espanol\/wp-json\/wp\/v2\/users\/1"}],"replies":[{"embeddable":true,"href":"https:\/\/www2.memri.org\/espanol\/wp-json\/wp\/v2\/comments?post=65536"}],"version-history":[{"count":0,"href":"https:\/\/www2.memri.org\/espanol\/wp-json\/wp\/v2\/posts\/65536\/revisions"}],"wp:featuredmedia":[{"embeddable":true,"href":"https:\/\/www2.memri.org\/espanol\/wp-json\/wp\/v2\/media\/65538"}],"wp:attachment":[{"href":"https:\/\/www2.memri.org\/espanol\/wp-json\/wp\/v2\/media?parent=65536"}],"wp:term":[{"taxonomy":"category","embeddable":true,"href":"https:\/\/www2.memri.org\/espanol\/wp-json\/wp\/v2\/categories?post=65536"},{"taxonomy":"post_tag","embeddable":true,"href":"https:\/\/www2.memri.org\/espanol\/wp-json\/wp\/v2\/tags?post=65536"}],"curies":[{"name":"wp","href":"https:\/\/api.w.org\/{rel}","templated":true}]}}