{"id":65397,"date":"2024-08-05T14:18:04","date_gmt":"2024-08-05T11:18:04","guid":{"rendered":"https:\/\/www2.memri.org\/espanol\/?p=65397"},"modified":"2024-08-05T14:18:04","modified_gmt":"2024-08-05T11:18:04","slug":"advertencia-imagenes-sensibles-la-palestina-de-pakistan-masacre-de-musulmanes-chiitas-en-la-actualidad-en-parachinar-mientras-el-mundo-mira-hacia-otro-lado","status":"publish","type":"post","link":"https:\/\/www2.memri.org\/espanol\/advertencia-imagenes-sensibles-la-palestina-de-pakistan-masacre-de-musulmanes-chiitas-en-la-actualidad-en-parachinar-mientras-el-mundo-mira-hacia-otro-lado\/65397","title":{"rendered":"ADVERTENCIA \u2013 IM\u00c1GENES SENSIBLES: \u201cLa Palestina de Pakist\u00e1n\u201d. Masacre de musulmanes chi\u00edtas en la actualidad en Parachinar, mientras el mundo mira hacia otro lado"},"content":{"rendered":"<p><img decoding=\"async\" src=\"https:\/\/www.memri.org\/sites\/default\/files\/2024\/08\/mdb629.jpg\" \/><\/p>\n<p><em>Chi\u00edtas de Parachinar sacan los cuerpos de sus seres queridos para enterrarlos. Imagen tuiteada por @Mohtermalaila el 28 de julio.<\/em><\/p>\n<p>\u00abParachinar es Palestina de Pakist\u00e1n, donde los chi\u00edtas est\u00e1n siendo asesinados solo por su identidad religiosa\u00bb, sosten\u00eda un mensaje en una cuenta paquistan\u00ed en X el 30 de julio de 2024.[1] La imagen de arriba y las siguientes no son de Gaza, sino de Parachinar en Pakist\u00e1n, donde los musulmanes chi\u00edtas est\u00e1n siendo sistem\u00e1ticamente atacados y asesinados en una masacre continua.<\/p>\n<p>Parachinar es una ciudad paquistan\u00ed situada a lo largo de la frontera con Afganist\u00e1n, donde los talibanes paquistan\u00edes, Lashkar-e-Jhangi y otros grupos islamistas sunitas han matando a musulmanes chi\u00edtas a lo largo de los a\u00f1os. En la cultura islamista de Pakist\u00e1n, los musulmanes sunitas comunes a menudo presentan acusaciones falsas contra las minor\u00edas religiosas \u2013 entre ellos los chi\u00edtas, los musulmanes ahmad\u00edes, los cristianos y los hind\u00faes &#8211; para incitar a una turba hostil y apoderarse de sus tierras y propiedades.[2] De hecho, la palabra aqliyat (\u00abminor\u00eda\u00bb) se ha convertido en un t\u00e9rmino peyorativo en la sociedad paquistan\u00ed.<\/p>\n<p>En Parachinar, en julio de este a\u00f1o, surgieron disputas por tierras que r\u00e1pidamente se convirtieron en una cuesti\u00f3n religiosa, y la minor\u00eda chi\u00edta est\u00e1 sufriendo asesinatos sistem\u00e1ticos por parte de un conglomerado de grupos yihadistas, entre ellos Tehreek-e-Taliban Pakistan y Lashkar-e-Jhangvi, esta \u00faltima una organizaci\u00f3n temible conocida por especializarse en matar chi\u00edtas paquistan\u00edes. Una disputa por tierras entre dos tribus -los Malikhel, que son chi\u00edtas, y los Mangal, que son sun\u00edes- de Madaki Kali en la aldea de Boshehra &#8211; se volvi\u00f3 mortal alrededor del 27 y 28 de julio, y se extendi\u00f3 al distrito m\u00e1s amplio de Kurram, mientras que los grupos yihadistas sun\u00edes del vecino Afganist\u00e1n tambi\u00e9n se unieron, lo que result\u00f3 en enfrentamientos en los que murieron 45 personas y cientos resultaron heridas. [3] Otra raz\u00f3n por la que la situaci\u00f3n empeor\u00f3 esta vez fue porque los grupos yihadistas afgano-paquistan\u00edes secuestraron a chi\u00edtas, incluido un ni\u00f1o, y los decapitaron, como se puede ver en un video compartido en X.[4]<\/p>\n<p>En una serie de tuits en idioma urdu del 29 de julio, Ittihadul Muslimeen, un grupo chi\u00edta con sede en Jammu y Cachemira, exigi\u00f3 que el gobierno paquistan\u00ed \u00abrompa su silencio criminal sobre el genocidio de los chi\u00edtas y cumpla con su deber moral y humanitario\u00bb.[5] Maulana Masoor Abbas Ansari, el l\u00edder de Ittihadul Muslimeen, advirti\u00f3: \u00abLas graves circunstancias de Parachinar pueden resultar peligrosas para la integridad del estado dado por Dios [de Pakist\u00e1n] y pueden ser el presagio de una destrucci\u00f3n mayor no solo en Pakist\u00e1n sino en todo el subcontinente indio\u00bb.[6]<\/p>\n<p><em><img decoding=\"async\" src=\"https:\/\/www.memri.org\/sites\/default\/files\/2024\/08\/mdb629a.jpg\" \/>Parachinar es una ciudad paquistan\u00ed (marcada en rojo en el mapa) en la frontera con Afganist\u00e1n<\/em><\/p>\n<p>El asesinato de musulmanes chi\u00edtas en Parachinar no es un incidente aislado. Es una masacre continua por parte de grupos sunitas. Como Estados Unidos e Israel no est\u00e1n involucrados, el mundo no est\u00e1 preocupado. Tampoco Ir\u00e1n, el supuesto partidario de los musulmanes chi\u00edtas, se preocupa por ellos; de hecho, Ir\u00e1n utiliza a los chi\u00edtas paquistan\u00edes para luchar en Siria e Irak, y en otras partes de Oriente Medio.[7] En julio de 2023, hace un a\u00f1o, un informe de medios de comunicaci\u00f3n, titulado \u00abParachinar se convierte en el nuevo foco de conflicto de Pakist\u00e1n en medio de enfrentamientos entre chi\u00edtas y sunitas\u00bb, se\u00f1alaba que una disputa similar sobre la propiedad de la tierra hizo que grupos yihadistas sunitas se unieran para la matanza de casi cuatro docenas de chi\u00edtas en Parachinar.[8]<\/p>\n<p>El informe se\u00f1alaba que \u00ablos controladores de la yihad afgana quer\u00edan crear una zona segura para los combatientes que pudieran ser enviados a Afganist\u00e1n\u00bb y que el problema en Parachinar \u00abno era un conflicto sectario, sino una maniobra planificada de antemano por la agrupaci\u00f3n Tehreek-e-Taliban Pakistan (TTP) y el grupo extremista antichi\u00ed Lashkar-e-Jhangvi (LeJ) para establecerse en una regi\u00f3n dominada por los chi\u00edtas\u00bb.[9] La raz\u00f3n por la que los grupos yihadistas participan en esos asesinatos es porque est\u00e1n impulsados \u200b\u200bpor su creencia ideol\u00f3gica de que los chi\u00edtas no son musulmanes, una creencia compartida por casi todos los grupos sun\u00edes del sur de Asia.<\/p>\n<p>Estos asesinatos de musulmanes chi\u00edtas han continuado a lo largo de los a\u00f1os mientras el estado isl\u00e1mico sunita de Pakist\u00e1n mira hacia Palestina y Afganist\u00e1n. En 2014, el ej\u00e9rcito paquistan\u00ed traslad\u00f3 a los combatientes de la Red Haqqani a una zona vecina de Parachinar, y los l\u00edderes de la comunidad chi\u00edta se vieron obligados a aceptar la nueva situaci\u00f3n.[10]<\/p>\n<p>Una cronolog\u00eda hist\u00f3rica muestra que los ataques contra los chi\u00edtas en Pakist\u00e1n pueden haber comenzado en la d\u00e9cada posterior a la Revoluci\u00f3n Isl\u00e1mica de 1979 en Ir\u00e1n, cuyo r\u00e9gimen teocr\u00e1tico exacerb\u00f3 las tensiones entre chi\u00edtas y sunitas al patrocinar organizaciones chi\u00edtas radicales en Pakist\u00e1n y otros pa\u00edses isl\u00e1micos.[11] La cronolog\u00eda muestra c\u00f3mo los ataques contra chi\u00edtas en Pakist\u00e1n sucedieron regularmente durante las \u00faltimas d\u00e9cadas.[12]<\/p>\n<p>Informes recientes de los medios muestran la naturaleza recurrente de los asesinatos de chi\u00edtas en Parachinar. En septiembre de 2012, un coche bomba mat\u00f3 a m\u00e1s de una docena de musulmanes chi\u00edtas en un mercado de Parachinar e hiri\u00f3 a muchos otros.[13] En diciembre de 2015, m\u00e1s de dos docenas de chi\u00edtas murieron por la explosi\u00f3n de una bomba.[14] En enero y abril de 2017, una explosi\u00f3n en un mercado y un coche bomba en un imambargah, un lugar religioso chi\u00edta y una mezquita, respectivamente, mataron a m\u00e1s de 50 chi\u00edtas e hirieron a cientos m\u00e1s.[15] En mayo de 2023, terroristas sunitas mataron a ocho personas, entre ellas seis profesores, \u00abtras identificarlas\u00bb como chi\u00edtas.[16]<\/p>\n<p>En medio de los asesinatos de chi\u00edtas en el pa\u00eds, los l\u00edderes religiosos y pol\u00edticos paquistan\u00edes est\u00e1n m\u00e1s preocupados por los acontecimientos en Palestina. En los \u00faltimos meses, los paquistan\u00edes han llamado al boicot a Israel.[17] Los comerciantes de Pakist\u00e1n colocaron carteles en los que se afirma que no se puede adquirir productos israel\u00edes.[18] Jamaat-e-Islami Pakistan, la organizaci\u00f3n religiosa m\u00e1s grande del pa\u00eds, Jamiat Ulema-e-Islam (JUI-F), y otras organizaciones religiosas realizaron protestas contra Israel en pr\u00e1cticamente todas las ciudades y pueblos de Pakist\u00e1n.<\/p>\n<p>En las protestas contra Israel en las ciudades de Pakist\u00e1n, altos dirigentes de Ham\u00e1s, entre ellos Khaled Mash&#8217;al e Ismail Haniyeh &#8211; que fue eliminado el 31 de julio de 2024 \u2013 hablaron en actos p\u00fablicos por tel\u00e9fono y en persona.[19] Mash&#8217;al y su representante, el Dr. Naji Zuhair, dijeron a los manifestantes en Pakist\u00e1n: \u00abHemos continuado la yihad de una manera m\u00e1s confiada que antes\u00bb; \u00abMarcharemos m\u00e1s lejos y haremos cumplir la sharia de Mahoma&#8230; en esta tierra\u00bb; \u00abHemos prometido que expulsaremos al imp\u00edo Israel de Palestina\u00bb; y \u00abel enemigo sionista es m\u00e1s d\u00e9bil que una telara\u00f1a\u00bb.[20]<\/p>\n<p>El senador paquistan\u00ed Mushtaq Ahmad Khan pidi\u00f3 que se env\u00ede una flotilla conjunta de barcos de las armadas paquistan\u00ed, turca y malaya a Gaza.[21] Anwar-ul-Haq Kakar, hablando en su calidad de primer ministro interino de Pakist\u00e1n antes de las elecciones de 2024, declar\u00f3 que aceptar una \u00absoluci\u00f3n de dos Estados para la cuesti\u00f3n palestina no significa en absoluto aceptar a Israel como un Estado separado\u00bb. [22] Shehbaz Sharif, el primer ministro de Pakist\u00e1n, conden\u00f3 los \u201ccr\u00edmenes y barbarie de Israel\u00bb en Gaza, y advirti\u00f3: \u00abLa sed de Israel de derramar sangre no ha terminado\u00bb. [23]<\/p>\n<p>En el interior del pa\u00eds, como el estamento militar paquistan\u00ed apoya a los grupos yihadistas sunitas, el gobierno de Pakist\u00e1n no apoy\u00f3 abiertamente la matanza de la minor\u00eda chi\u00edta en Parachinar. Pero la estrategia p\u00fablica de Pakist\u00e1n en Palestina tambi\u00e9n tiene un oscuro legado: su papel en la matanza de palestinos. El general de brigada Zia-ul-Haq, que m\u00e1s tarde se convertir\u00eda en el dictador militar de Pakist\u00e1n y conscientemente encaminar\u00eda el Estado de Pakist\u00e1n hacia una senda yihadista, fue destinado a Jordania como oficial militar. Su papel en la matanza de miles de palestinos, que seg\u00fan algunas estimaciones ascienden a entre 10.000 y 25.000, durante el Septiembre Negro de 1970, no es muy conocido entre las masas paquistan\u00edes, aunque los acad\u00e9micos escriben sobre ello.[24]<\/p>\n<p>Un pasaje del libro de Sarah Waheed, Historias ocultas de Pakist\u00e1n, afirma: \u00abEn septiembre de 1970, Zia lider\u00f3 a las tropas jordanas para aplastar un levantamiento palestino bajo el rey Hussein, y entre cinco y siete mil palestinos fueron asesinados: el mes se conoci\u00f3 como &#8216;Septiembre Negro&#8217;; Zia, sin embargo, recibi\u00f3 el mayor honor jordano, regresando triunfante a su hogar en Pakist\u00e1n, donde fue ascendido a comandante del cuerpo en Punjab\u00bb. [25] Un reporte de los medios afirma: \u00abAlgunos informes afirman que [Zia-ul-Haq] ayud\u00f3 a entrenar al ej\u00e9rcito jordano, y muchos incluso lo llamaron el &#8216;carnicero&#8217; de los palestinos\u00bb. [26]<\/p>\n<p>A continuaci\u00f3n, se muestran im\u00e1genes de chi\u00edtas asesinados en Parachinar en julio de 2024:<\/p>\n<p><img decoding=\"async\" src=\"https:\/\/www.memri.org\/sites\/default\/files\/2024\/08\/mdb629b.jpg\" \/><\/p>\n<p><em>Los cuerpos de los chi\u00edtas listos para ser enterrados. Imagen tuiteada por @Mohtermalaila el 28 de julio.<\/em><\/p>\n<p><em><img decoding=\"async\" src=\"https:\/\/www.memri.org\/sites\/default\/files\/2024\/08\/mdb629c.jpg\" \/>Imagen compartida en X por @kamranalimir el 28 de julio.<\/em><\/p>\n<p><em><img decoding=\"async\" src=\"https:\/\/www.memri.org\/sites\/default\/files\/2024\/08\/mdb629d.jpg\" \/>Compartida en X por @SyedAli78771829.<\/em><\/p>\n<p><em><img decoding=\"async\" src=\"https:\/\/www.memri.org\/sites\/default\/files\/2024\/08\/mdb629e.jpg\" \/>Compartida en X por @ImBhatAaryan el 30 de julio.<\/em><\/p>\n<p><em><img decoding=\"async\" src=\"https:\/\/www.memri.org\/sites\/default\/files\/2024\/08\/mdb629f.jpg\" \/>En las calles de Parachinar, un cl\u00e9rigo sunita anuncia por altavoces un llamamiento a la yihad contra los chi\u00edtas. El video fue compartido por @aly_husein en X el 28 de julio.<\/em><\/p>\n<p><em><img decoding=\"async\" src=\"https:\/\/www.memri.org\/sites\/default\/files\/2024\/08\/mdb629g.jpg\" \/>Chi\u00edtas de Parachinar asesinados por grupos sunitas. La imagen fue compartida en X por @@Tania_Kazim el 29 de julio.<\/em><\/p>\n<p><em><img decoding=\"async\" src=\"https:\/\/www.memri.org\/sites\/default\/files\/2024\/08\/mdb629h.jpg\" \/>Veintinueve chi\u00edtas, identificados por su nombre, asesinados en Parachinar. El gr\u00e1fico fue compartido por @MasroorAnsari en X el 29 de julio.<\/em><\/p>\n<p>* Tufail Ahmad es miembro s\u00e9nior de la Iniciativa sobre islamismo y Contra la Radicalizaci\u00f3n de MEMRI.<\/p>\n<p>&nbsp;<\/p>\n<p>[1] X.com\/Aestheticthemon, 30 de julio de 2024.<\/p>\n<p>[2] Serie de investigaciones y an\u00e1lisis de MEMRI n.\u00ba 884, <a href=\"https:\/\/www.memri.org\/reports\/calls-put-pakistan-genocide-watch-amid-mounting-persecution-its-religious-minorities\">Llamados a poner a Pakist\u00e1n bajo vigilancia de genocidio en medio de la creciente persecuci\u00f3n de sus minor\u00edas religiosas<\/a>, 25 de septiembre de 2012.<\/p>\n<p>[3] KashmirObserver.net (India), 29 de julio de 2024.<\/p>\n<p>[4] KashmirObserver.net (India), 29 de julio de 2024.<\/p>\n<p>[5] X.com\/Ittihadul, 29 de julio de 2024.<\/p>\n<p>[6] X.com\/Ittihadul, 29 de julio de 2024.<\/p>\n<p>[7] Serie de investigaciones y an\u00e1lisis de MEMRI n.\u00ba 1777, <a href=\"https:\/\/www.memri.org\/reports\/50000-pakistani-shiite-pilgrims-go-missing-iraq-concern-deepens-over-irans-continuing\">Mientras 50.000 peregrinos chi\u00edtas paquistan\u00edes desaparecen en Irak, aumenta la preocupaci\u00f3n por el continuo reclutamiento de iran\u00edes chi\u00edtas paquistan\u00edes en la Brigada Zainabiyoun luchar\u00e1n en el mundo \u00e1rabe<\/a>, 31 de julio de 2024.<\/p>\n<p>[8] Siasat.com (India), 12 de julio de 2023.<\/p>\n<p>[9] Siasat.com (India), 12 de julio de 2023.<\/p>\n<p>[10] Thenews.com.pk (Pakist\u00e1n), 24 de agosto de 2014.<\/p>\n<p>[11] Dawn.com (Pakist\u00e1n), 4 de diciembre de 2012.<\/p>\n<p>[12] Dawn.com (Pakist\u00e1n), 4 de diciembre de 2012.<\/p>\n<p>[13] Tribune.com.pk (Pakist\u00e1n), 10 de septiembre de 2012.<\/p>\n<p>[14] Dawn.com (Pakist\u00e1n), 14 de diciembre de 2015.<\/p>\n<p>[15] Dawn.com (Pakist\u00e1n), 1 de abril de 2017.<\/p>\n<p>[16] NYTimes.com (EE. UU.), mayo de 2017. 4, 2023.<\/p>\n<p>[17] Serie de Despachos Especiales de MEMRI N.\u00ba 11317, <a href=\"https:\/\/www.memri.org\/reports\/article-pakistani-media-asks-boycotting-israel-%E2%80%94-economic-activism-or-self-harm-pakistan-saw\">Art\u00edculo en los medios de comunicaci\u00f3n paquistan\u00edes pregunta &#8216;Boicot a Israel: \u00bfactivismo econ\u00f3mico o autolesi\u00f3n?&#8217;: Pakist\u00e1n experiment\u00f3 &#8216;el cierre de aproximadamente una docena de puntos de venta de empresas occidentales populares en los \u00faltimos seis meses, acompa\u00f1ado de una disminuci\u00f3n estimada de las ventas que oscila entre el 20 y el 30%<\/a>&#8216;, 10 de mayo de 2024.<\/p>\n<p>[18] Serie de Despachos Especiales de MEMRI N.\u00ba 11317, <a href=\"https:\/\/www.memri.org\/reports\/article-pakistani-media-asks-boycotting-israel-%E2%80%94-economic-activism-or-self-harm-pakistan-saw\">Art\u00edculo en los medios de comunicaci\u00f3n paquistan\u00edes pregunta &#8216;Boicot a Israel: \u00bfactivismo econ\u00f3mico o autolesi\u00f3n?&#8217;: Pakist\u00e1n experiment\u00f3 &#8216;el cierre de aproximadamente una docena de puntos de venta de empresas occidentales populares en los \u00faltimos seis meses, acompa\u00f1ado de una disminuci\u00f3n estimada de las ventas que oscila entre el 20 y el 30%&#8217;<\/a>, 10 de mayo de 2024.<\/p>\n<p>[19] Serie de Investigaci\u00f3n y An\u00e1lisis de MEMRI N.\u00ba 1770,<a href=\"https:\/\/www.memri.org\/reports\/anti-israel-protests-pakistani-cities-%E2%80%93-hamas-leaders-engagements-pakistan\"> Protestas contra Israel en ciudades paquistan\u00edes. Los compromisos de los l\u00edderes de Ham\u00e1s en Pakist\u00e1n<\/a>, 5 de junio de 2024.<\/p>\n<p>[20] Serie de Despachos Especiales de MEMRI No. 10928, <a href=\"https:\/\/www.memri.org\/reports\/hamas-leader-khaled-mashal-tells-conference-pakistan-we-have-been-continuing-jihad-more\">El l\u00edder de Ham\u00e1s Khaled Mash&#8217;al dice en una conferencia en Pakist\u00e1n: &#8216;Hemos continuado la yihad de una manera m\u00e1s segura que antes&#8217;; &#8216;Marcharemos m\u00e1s y haremos cumplir la sharia de Mahoma&#8230; en esta tierra&#8217; \u2013 Dr. Naji Zuhair: &#8216;Hemos prometido que expulsaremos al imp\u00edo Israel de Palestina&#8217;; &#8216;El enemigo sionista es a\u00fan m\u00e1s d\u00e9bil que la telara\u00f1a&#8217;<\/a>, 2 de noviembre de 2023.<\/p>\n<p>[21] Serie de Despachos Especiales de MEMRI No. 11248, <a href=\"https:\/\/www.memri.org\/reports\/former-pakistani-senator-mushtaq-ahmad-khan-calls-joint-flotilla-pakistani-turkish-and\">El ex senador paquistan\u00ed Mushtaq Ahmad Khan pide que se env\u00ede una flotilla conjunta de las armadas paquistan\u00ed, turca y malasia a Gaza: &#8216;\u00bfAcaso el primer ministro Shehbaz Sharif y otros gobernantes musulmanes est\u00e1n esperando la muerte del \u00faltimo palestino?&#8217;<\/a>, 3 de abril de 2024.<\/p>\n<p>[22] Serie de Despachos Especiales de MEMRI No. 10844, <a href=\"https:\/\/www.memri.org\/reports\/reactions-pakistan-hamas-attack-israel-%E2%80%93-pakistans-caretaker-prime-minister-anwar-ul-haq\">Reacciones en Pakist\u00e1n al ataque de Ham\u00e1s en Israel. Primer ministro interino de Pakist\u00e1n Anwar-ul-Haq Kakar: &#8216;La soluci\u00f3n de dos Estados no significa en absoluto aceptar a Israel como un Estado separado&#8217;; Jamaat-e-Islami Pakistan: &#8216;Israel es una amenaza constante para la paz internacional y es una \u00falcera en el pecho del mundo civilizado&#8217;<\/a>, 10 de octubre de 2023.<\/p>\n<p>[23] Serie de investigaci\u00f3n y an\u00e1lisis de MEMRI n.\u00b01770, <a href=\"https:\/\/www.memri.org\/reports\/anti-israel-protests-pakistani-cities-%E2%80%93-hamas-leaders-engagements-pakistan\">Protestas contra Israel en ciudades paquistan\u00edes: los compromisos de los l\u00edderes de Ham\u00e1s en Pakist\u00e1n<\/a>, 5 de junio de 2024.<\/p>\n<p>[24] IndianExpress.com (India), 11 de noviembre de 2023.<\/p>\n<p>[25] X.com\/AsimAli6, 5 de noviembre de 2023.<\/p>\n<p>[26] IndianExpress.com (India), 11 de noviembre de 2023.<\/p>\n","protected":false},"excerpt":{"rendered":"<p>Chi\u00edtas de Parachinar sacan los cuerpos de sus seres queridos para enterrarlos. Imagen tuiteada por @Mohtermalaila el 28 de julio. \u00abParachinar es Palestina de Pakist\u00e1n, donde los chi\u00edtas est\u00e1n siendo asesinados solo por su identidad religiosa\u00bb, sosten\u00eda un mensaje en una cuenta paquistan\u00ed en X el 30 de julio de 2024.[1] La imagen de arriba [&hellip;]<\/p>\n","protected":false},"author":1,"featured_media":65398,"comment_status":"closed","ping_status":"closed","sticky":false,"template":"","format":"standard","meta":{"footnotes":""},"categories":[32,2],"tags":[],"class_list":["post-65397","post","type-post","status-publish","format-standard","has-post-thumbnail","hentry","category-reportes-diarios","category-featured"],"_links":{"self":[{"href":"https:\/\/www2.memri.org\/espanol\/wp-json\/wp\/v2\/posts\/65397","targetHints":{"allow":["GET"]}}],"collection":[{"href":"https:\/\/www2.memri.org\/espanol\/wp-json\/wp\/v2\/posts"}],"about":[{"href":"https:\/\/www2.memri.org\/espanol\/wp-json\/wp\/v2\/types\/post"}],"author":[{"embeddable":true,"href":"https:\/\/www2.memri.org\/espanol\/wp-json\/wp\/v2\/users\/1"}],"replies":[{"embeddable":true,"href":"https:\/\/www2.memri.org\/espanol\/wp-json\/wp\/v2\/comments?post=65397"}],"version-history":[{"count":0,"href":"https:\/\/www2.memri.org\/espanol\/wp-json\/wp\/v2\/posts\/65397\/revisions"}],"wp:featuredmedia":[{"embeddable":true,"href":"https:\/\/www2.memri.org\/espanol\/wp-json\/wp\/v2\/media\/65398"}],"wp:attachment":[{"href":"https:\/\/www2.memri.org\/espanol\/wp-json\/wp\/v2\/media?parent=65397"}],"wp:term":[{"taxonomy":"category","embeddable":true,"href":"https:\/\/www2.memri.org\/espanol\/wp-json\/wp\/v2\/categories?post=65397"},{"taxonomy":"post_tag","embeddable":true,"href":"https:\/\/www2.memri.org\/espanol\/wp-json\/wp\/v2\/tags?post=65397"}],"curies":[{"name":"wp","href":"https:\/\/api.w.org\/{rel}","templated":true}]}}