{"id":65284,"date":"2024-07-16T15:51:32","date_gmt":"2024-07-16T12:51:32","guid":{"rendered":"https:\/\/www2.memri.org\/espanol\/?p=65284"},"modified":"2024-07-14T13:50:59","modified_gmt":"2024-07-14T10:50:59","slug":"en-un-articulo-en-idioma-urdu-el-escritor-paquistani-sufiyan-waheed-insta-a-los-musulmanes-a-reunirse-alrededor-del-sagrado-hejaz-concretamente-la-kaaba-y-tambien-garantizar-la-proteccion-de-medi","status":"publish","type":"post","link":"https:\/\/www2.memri.org\/espanol\/en-un-articulo-en-idioma-urdu-el-escritor-paquistani-sufiyan-waheed-insta-a-los-musulmanes-a-reunirse-alrededor-del-sagrado-hejaz-concretamente-la-kaaba-y-tambien-garantizar-la-proteccion-de-medi\/65284","title":{"rendered":"En un art\u00edculo en idioma urdu, el escritor paquistan\u00ed Sufiyan Waheed insta a los musulmanes a &#8216;reunirse alrededor del sagrado Hejaz, concretamente la Kaaba, y tambi\u00e9n garantizar la protecci\u00f3n de Medina porque el sionismo ha tomado la forma del juda\u00edsmo&#8217;"},"content":{"rendered":"<p><em>En un art\u00edculo reciente, el escritor paquistan\u00ed Sufiyan Waheed critic\u00f3 el fracaso de Naciones Unidas a la hora de resolver el conflicto entre Ham\u00e1s e Israel en Gaza. Tambi\u00e9n dijo que \u00abla causa fundamental del conflicto en Palestina es la ocupaci\u00f3n de la fuerza sionista israel\u00ed\u00bb.<\/em><\/p>\n<p><em>El art\u00edculo, titulado \u00abReconocimiento de la derrota de Israel\u00bb, apareci\u00f3 en<\/em>\u00a0Roznama Jasarat\u00a0<em>, un peri\u00f3dico en urdu publicado por Jamaat-e-Islami Pakist\u00e1n.<\/em><\/p>\n<p><em>Sufiyan Waheed dijo que Jerusal\u00e9n fue la primera qibla, la direcci\u00f3n de oraci\u00f3n de los musulmanes, antes de que se le otorgara el estatus a la Kaaba en La Meca. \u00abSe est\u00e1n produciendo protestas a favor de los derechos de los palestinos en todo el mundo. A pesar de ello, existe la preocupaci\u00f3n de que la guerra se extienda a\u00fan m\u00e1s\u00bb, advirti\u00f3 el columnista.<\/em><\/p>\n<p><img decoding=\"async\" src=\"https:\/\/www.memri.org\/sites\/default\/files\/2024\/SD11441.jpg\" \/><\/p>\n<p><em>A continuaci\u00f3n se presentan extractos del art\u00edculo: [1]<\/em><\/p>\n<p><strong>\u00abBinyamin Netanyahu admiti\u00f3 que no puede eliminar a Ham\u00e1s porque Ham\u00e1s es el nombre de una ideolog\u00eda, y una ideolog\u00eda no puede ser erradicada\u00bb<\/strong><\/p>\n<p>\u00abDesafiando todas las decisiones morales, legales e internacionales, Israel continu\u00f3 cometiendo agresiones contra los palestinos. El primer ministro israel\u00ed Binyamin Netanyahu admiti\u00f3 que no puede eliminar a Ham\u00e1s porque Ham\u00e1s es el nombre de una ideolog\u00eda, y una ideolog\u00eda no puede ser erradicada. Israel y sus aliados deben entender que no ganar\u00e1n nada, excepto dificultades, lanzando bombas y balas sobre los palestinos\u201d.<\/p>\n<p>\u00abLa realidad es que la actual crisis en Palestina exige de las potencias globales que encuentren una soluci\u00f3n pr\u00e1ctica a la cuesti\u00f3n palestina para establecer la paz no s\u00f3lo en Medio Oriente sino en todo el mundo\u201d.<\/p>\n<p>\u00abMuchos profetas y mensajeros de Al\u00e1, incluido el Profeta Mahoma (la paz sea con \u00e9l), emigraron por causa de la religi\u00f3n de la verdad [islam]. El Profeta Mahoma (la paz sea con \u00e9l), el \u00faltimo de los profetas, emigr\u00f3 de La Meca a Medina cuando fue perseguido por los infieles de La Meca Continu\u00f3 adorando a Al\u00e1, frente a la primera\u00a0<em>qibla<\/em>\u00a0, la mezquita de Al-Aqsa, hasta vivir en Medina\u201d.<\/p>\n<p>\u00abSin embargo, despu\u00e9s de que se revel\u00f3 la orden de Al\u00e1 para cambiar la\u00a0<em>qibla<\/em>, la Kaaba fue declarada como la\u00a0<em>qibla<\/em>\u00a0real. Al\u00e1 orden\u00f3 a los musulmanes que miraran hacia la Kaaba, dondequiera que estuvieran, para rezar. De manera similar, el Profeta Mois\u00e9s (la paz sea con \u00e9l) emigr\u00f3 de Egipto a la tierra de Palestina por orden de Al\u00e1 para escapar de la opresi\u00f3n del Fara\u00f3n.\u00bb<\/p>\n<p><strong>\u00abA su regreso al mundo [es decir, cuando Jes\u00fas renazca], la realeza le pertenecer\u00e1 y predicar\u00e1 la unidad de Al\u00e1 en todo el mundo. Gaza y la tierra de los palestinos pertenecen a los palestinos\u00bb<\/strong><\/p>\n<p>\u201cLas ciudades sagradas de Hejaz [que comprenden La Meca y Medina] y la tierra de Palestina son dos centros importantes de adoraci\u00f3n a Al\u00e1, donde la voz de la religi\u00f3n de la verdad siempre resuena. Pero la situaci\u00f3n actual es completamente contraria a estos objetivos. Cuando los romanos hicieron que la vida de los jud\u00edos en esta tierra fuera un infierno y causaban da\u00f1o a los cristianos tambi\u00e9n, los romanos tambi\u00e9n cometieron asesinatos en masa de jud\u00edos. En tales circunstancias, el califa de los musulmanes, Hazrat Umar, conquist\u00f3 Palestina y salv\u00f3 de la opresi\u00f3n de los romanos a los jud\u00edos, quienes eran seguidores del Mensajero de Al\u00e1 y Profeta Mois\u00e9s. Despu\u00e9s de esto, los jud\u00edos decidieron establecerse en diferentes partes del mundo\u201d.<\/p>\n<p>\u201cSin embargo, seg\u00fan el acuerdo entre estos tres grupos [jud\u00edos, musulmanes y cristianos], los jud\u00edos tambi\u00e9n tienen el derecho y la autoridad para rezar y realizar sus rituales en Tierra Santa al igual que los cristianos y los musulmanes. Hoy en d\u00eda, los musulmanes son oprimidos en la tierra de Palestina, especialmente en la Franja de Gaza. Junto con la defensa de su tierra, los musulmanes tambi\u00e9n deber\u00edan reunirse alrededor del sagrado Hejaz, es decir, la Kaaba, y tambi\u00e9n garantizar la protecci\u00f3n de Medina, porque el sionismo ha tomado la forma de juda\u00edsmo y ha comenzado a seguir el juego de los gobernantes romanos\u201d.<\/p>\n<p>\u00abExist\u00eda la expectativa de que la actual guerra en Palestina terminar\u00eda por medios diplom\u00e1ticos, pero hasta ahora no ha sido posible. El establecimiento de la paz en Palestina es inevitable; de \u200b\u200blo contrario, puede haber m\u00e1s destrucci\u00f3n. Sin embargo, las resoluciones de Naciones Unidas tampoco pudieron detener la matanza masiva de palestinos musulmanes hasta el momento. Se est\u00e1n produciendo protestas a favor de los derechos de los palestinos en todo el mundo. A pesar de ello, existe la preocupaci\u00f3n de que la guerra se extienda a\u00fan m\u00e1s. Personas de todo el mundo, incluidos estudiantes y simpatizantes, est\u00e1n desempe\u00f1ando su papel para detener el genocidio del pueblo palestino y por un Estado palestino independiente\u201d.<\/p>\n<p>\u00abPor otra parte, la Asamblea General de Naciones Unidas tambi\u00e9n aprob\u00f3 una resoluci\u00f3n mayoritaria a favor de un Estado palestino independiente y aut\u00f3nomo. La Corte Internacional de Justicia tambi\u00e9n orden\u00f3 a Israel que detenga las matanzas en masa en Palestina, pero los israel\u00edes siguen el camino del genocidio de los palestinos. La causa fundamental del conflicto en Palestina es la ocupaci\u00f3n de la fuerza sionista israel\u00ed. Esta tierra es el lugar de nacimiento del Mensajero y Profeta Jes\u00fas. A su regreso al mundo [es decir, cuando Jes\u00fas renazca], el reinado le pertenecer\u00e1 y predicar\u00e1 la unidad de Al\u00e1 en todo el mundo. Gaza y la tierra de los palestinos pertenecen a los palestinos\u00bb.<\/p>\n<p>&nbsp;<\/p>\n<p>[1] Roznama Jasarat (Pakist\u00e1n), 6 de julio, 2024.<\/p>\n<p>&nbsp;<\/p>\n","protected":false},"excerpt":{"rendered":"<p>En un art\u00edculo reciente, el escritor paquistan\u00ed Sufiyan Waheed critic\u00f3 el fracaso de Naciones Unidas a la hora de resolver el conflicto entre Ham\u00e1s e Israel en Gaza. Tambi\u00e9n dijo que \u00abla causa fundamental del conflicto en Palestina es la ocupaci\u00f3n de la fuerza sionista israel\u00ed\u00bb. El art\u00edculo, titulado \u00abReconocimiento de la derrota de Israel\u00bb, [&hellip;]<\/p>\n","protected":false},"author":1,"featured_media":65286,"comment_status":"closed","ping_status":"closed","sticky":false,"template":"","format":"standard","meta":{"footnotes":""},"categories":[142,2],"tags":[],"class_list":["post-65284","post","type-post","status-publish","format-standard","has-post-thumbnail","hentry","category-boletin-especial-archivos","category-featured"],"_links":{"self":[{"href":"https:\/\/www2.memri.org\/espanol\/wp-json\/wp\/v2\/posts\/65284","targetHints":{"allow":["GET"]}}],"collection":[{"href":"https:\/\/www2.memri.org\/espanol\/wp-json\/wp\/v2\/posts"}],"about":[{"href":"https:\/\/www2.memri.org\/espanol\/wp-json\/wp\/v2\/types\/post"}],"author":[{"embeddable":true,"href":"https:\/\/www2.memri.org\/espanol\/wp-json\/wp\/v2\/users\/1"}],"replies":[{"embeddable":true,"href":"https:\/\/www2.memri.org\/espanol\/wp-json\/wp\/v2\/comments?post=65284"}],"version-history":[{"count":0,"href":"https:\/\/www2.memri.org\/espanol\/wp-json\/wp\/v2\/posts\/65284\/revisions"}],"wp:featuredmedia":[{"embeddable":true,"href":"https:\/\/www2.memri.org\/espanol\/wp-json\/wp\/v2\/media\/65286"}],"wp:attachment":[{"href":"https:\/\/www2.memri.org\/espanol\/wp-json\/wp\/v2\/media?parent=65284"}],"wp:term":[{"taxonomy":"category","embeddable":true,"href":"https:\/\/www2.memri.org\/espanol\/wp-json\/wp\/v2\/categories?post=65284"},{"taxonomy":"post_tag","embeddable":true,"href":"https:\/\/www2.memri.org\/espanol\/wp-json\/wp\/v2\/tags?post=65284"}],"curies":[{"name":"wp","href":"https:\/\/api.w.org\/{rel}","templated":true}]}}