{"id":65183,"date":"2024-06-30T19:05:42","date_gmt":"2024-06-30T16:05:42","guid":{"rendered":"https:\/\/www2.memri.org\/espanol\/?p=65183"},"modified":"2024-06-29T14:59:23","modified_gmt":"2024-06-29T11:59:23","slug":"por-que-el-7-de-octubre-es-un-ataque-contra-el-occidente-colectivo-el-7-de-octubre-fue-la-segunda-parte-del-11-de-septiembre","status":"publish","type":"post","link":"https:\/\/www2.memri.org\/espanol\/por-que-el-7-de-octubre-es-un-ataque-contra-el-occidente-colectivo-el-7-de-octubre-fue-la-segunda-parte-del-11-de-septiembre\/65183","title":{"rendered":"Por qu\u00e9 el 7 de octubre es un ataque contra el Occidente colectivo: el 7 de octubre fue la segunda parte del 11 de septiembre"},"content":{"rendered":"<p>La masacre del 7 de octubre fue un ataque no s\u00f3lo contra Israel sino contra el Occidente colectivo. Israel, el coraz\u00f3n de las ra\u00edces y valores judeocristianos de Occidente, es el \u00faltimo puesto de avanzada del Occidente liberal en colapso, tanto un estado mental como una ubicaci\u00f3n f\u00edsica real. Para ser claros, cuando hablo del \u00abOccidente liberal\u00bb, me refiero al concepto de \u00abdemocracia liberal\u00bb tal como lo entendieron Winston Churchill, Franklin D. Roosevelt, John F. Kennedy y Ronald Reagan y no al \u00abliberalismo progresista\u00bb. Eso no tiene nada que ver con el liberalismo cl\u00e1sico y tiene m\u00e1s que ver con una nueva ideolog\u00eda totalitaria de inspiraci\u00f3n marxista.<\/p>\n<p>Tras la Guerra de los Seis D\u00edas de 1967, el pol\u00edtico liberal italiano Ugo La Malfa dijo: \u00abLa libertad de Occidente se defiende bajo los muros de Jerusal\u00e9n\u00bb.\u00a0[1]\u00a0De hecho, esta frase es a\u00fan m\u00e1s cierta hoy. La batalla en Gaza no es s\u00f3lo entre Israel y Ham\u00e1s, ya que lo que est\u00e1 en juego no es s\u00f3lo la existencia de Israel sino la de todo el Occidente colectivo, del que Israel forma parte.<\/p>\n<p><img decoding=\"async\" src=\"https:\/\/www.memri.org\/sites\/default\/files\/2024\/MDB611.jpg\" \/><br \/>\n<em>Im\u00e1genes del 7 de octubre y del 11 de septiembre<\/em><\/p>\n<p><strong>Ham\u00e1s no est\u00e1 interesado en Palestina sino en el califato<\/strong><\/p>\n<p>Ham\u00e1s no lucha simplemente para crear un Estado palestino (que la mayor\u00eda de los israel\u00edes aceptar\u00eda si la existencia de Israel no estuviera amenazada) sino para construir un \u00abpolo islamista\u00bb que desaf\u00ede al mundo unipolar liderado por Occidente. Como explica la autora, poeta y periodista egipcia Dra. Mouna Al-Hilmi, hija de la reconocida escritora feminista egipcia Nawal Al-Sa&#8217;dawi, Ham\u00e1s no est\u00e1 interesado en liberar la patria palestina porque, en \u00faltima instancia, no reconoce la idea del Estado naci\u00f3n y considera al islam como su patria. \u201cDesde que gan\u00f3 las elecciones a la legislatura [en 2006], el poder del terrorista Ham\u00e1s ha crecido, y dado que es una rama de la Hermandad Musulmana, participa en la yihad [de la Hermandad] para establecer un califato isl\u00e1mico global\u00bb, escribi\u00f3 Al-Hilmi.\u00a0[2]<\/p>\n<p>Un califato ser\u00eda el polo islamista que tanto Qatar (el principal patr\u00f3n de los Hermanos Musulmanes) como Ir\u00e1n (el patr\u00f3n del Eje de la Resistencia) est\u00e1n patrocinando en el mundo musulm\u00e1n y \u00e1rabe a trav\u00e9s de sus representantes. La formaci\u00f3n de este polo islamista cuenta con el apoyo de otras potencias antiliberales, como la Rep\u00fablica Popular China (RPC), la Rep\u00fablica Popular Democr\u00e1tica de Corea (RPDC) y la Rusia de Putin, que quieren configurar un mundo multipolar, en el que el Occidente liberal (y sus aliados locales) sean derrotados.\u00a0[3]<\/p>\n<p><strong>Si Israel flaquea, todo el colectivo liberal occidental resultar\u00e1 herido<\/strong><\/p>\n<p>El 7 de octubre fue la segunda parte del 11 de septiembre. Antes de los ataques del 11 de septiembre, Occidente pensaba que se lograr\u00eda \u201cel fin de la historia\u201d, la idea de Francis Fukuyama que predijo que la democracia liberal y los mercados libres prevalecer\u00edan como un orden global permanente. Sin embargo, el pensador pol\u00edtico estadounidense Charles Krauthammer habl\u00f3 del \u00abmomento unipolar\u00bb, ya que no estaba muy seguro de si ser\u00eda permanente o no. Seg\u00fan el fil\u00f3sofo ruso antiliberal Alexander Dugin, el \u00abmomento unipolar\u00bb, que comenz\u00f3 en 1991 (con el colapso de la Uni\u00f3n Sovi\u00e9tica), termin\u00f3 en 2001. Dugin sostuvo que este sistema unipolar comenz\u00f3 a erosionarse con los ataques del 11 de septiembre por terroristas isl\u00e1micos en el World Trade Center y con el ascenso al poder del presidente Putin (en 2000).\u00a0[4]<\/p>\n<p>Mientras tanto, desde el 11 de septiembre, el liberalismo progresista comenz\u00f3 a erosionar a Occidente desde dentro. El liberalismo progresista, o cultura del despertar, ha sido patrocinado tambi\u00e9n por China y Qatar con el objetivo de provocar el colapso del Occidente colectivo. De hecho, el despertar es uno de los peores enemigos de la democracia liberal y es por esta raz\u00f3n que se convirti\u00f3 en el mejor aliado de otras fuerzas antiliberales, como los grupos islamistas. Han logrado agregar el antisionismo como parte de una mezcla de causas interseccionales que involucran cuestiones de g\u00e9nero, raciales, anticapitalistas y otras cuestiones radicales. A\u00fan m\u00e1s preocupante es que esta combinaci\u00f3n t\u00f3xica se ha generalizado ahora en Occidente, en las ciudades gobernadas por la izquierda y en las instituciones liberales de \u00e9lite.<\/p>\n<p>El 7 de octubre, Ham\u00e1s lanz\u00f3 un ataque largamente preparado contra Israel con el objetivo de derrotar al componente m\u00e1s fuerte del debilitado Occidente. Al igual que sus aliados en Occidente, los islamistas quieren ver un fermento y una revuelta permanentes hasta que se logre la victoria final. Si Israel flaquea, todo el colectivo liberal \u00abOccidente\u00bb (que tambi\u00e9n est\u00e1 compuesto por Corea del Sur, Taiw\u00e1n y Jap\u00f3n) quedar\u00e1 profundamente herido. China se sentir\u00e1 segura de invadir Taiw\u00e1n y ocupar el Mar de China Meridional, Corea del Norte intentar\u00e1 unificar la pen\u00ednsula desde Baekdusan hasta Hallasan,\u00a0[5]\u00a0Rusia se apoderar\u00e1 de toda Ucrania y podr\u00e1 utilizar armas nucleares t\u00e1cticas, Ir\u00e1n y Qatar traer\u00e1n consigo el retroceso para el mundo musulm\u00e1n al siglo VII radicaliz\u00e1ndolo a\u00fan m\u00e1s. Se trata de una batalla lanzada por los oponentes al dominio liberal occidental: Rusia, China, el mundo islamista (liderado por Qatar e Ir\u00e1n) y sus aliados quintacolumnistas incrustados como garrapatas en la sociedad occidental. \u00abDespu\u00e9s de todo, \u00e9sta es una lucha entre el mundo multipolar y el mundo unipolar\u00bb, escribi\u00f3 Dugin, agregando que ha llegado el momento de la batalla final contra Occidente.\u00a0[6]<\/p>\n<p><strong>Es hora de que el Occidente colectivo se una<\/strong><\/p>\n<p>Las fuerzas antiliberales se est\u00e1n organizando y uniendo para derrotar al Occidente colectivo que todav\u00eda no comprende lo que est\u00e1 en juego. La conspiraci\u00f3n contra Occidente se est\u00e1 librando desde dentro y en los frentes de Gaza y el L\u00edbano. Si el Occidente liberal no se une para defender sus valores y la verdad, su desaparici\u00f3n est\u00e1 condenada a ocurrir. La lucha se acerca a su cl\u00edmax y se aproxima la noche. Recientemente, el presidente argentino Javier Milei dijo: \u00abLa verdad nunca ha sido derrotada como resultado de la oposici\u00f3n, sino s\u00f3lo cuando sus amigos son demasiado d\u00e9biles para defenderla\u00bb.\u00a0[7]\u00a0Aparentemente, el liberalismo ser\u00e1 derrotado no porque haya oposici\u00f3n, sino porque Occidente se permiti\u00f3 debilitarse demasiado para defender su propia libertad.<\/p>\n<p>&nbsp;<\/p>\n<p><em>*Anna Mahjar-Barducci es investigadora S\u00e9nior de MEMRI.<\/em><\/p>\n<p>[1] Ugo La Malfa (16 de mayo de 1903 &#8211; 26 de marzo de 1979) fue un pol\u00edtico italiano y un importante l\u00edder del Partido Republicano Italiano (Partito Repubblicano Italiano; PRI), asociado con el liberalismo. La cita de La Malfa en italiano es: \u00abLa libert\u00e0 dell&#8217;Occidente si difende sotto le mura di Gerusalemme\u00bb.<\/p>\n<p>[2] V\u00e9ase MEMRI Despacho Especial No. 10939, <a href=\"https:\/\/www.memri.org\/reports\/egyptian-journalists-hamas-terror-organization-bent-destroying-israel-and-jews-its-october-7\">Periodistas egipcios: Ham\u00e1s es una organizaci\u00f3n terrorista empe\u00f1ada en destruir a Israel y a los jud\u00edos; Su ataque del 7 de octubre involucr\u00f3 cr\u00edmenes de guerra similares a los de ISIS<\/a>, 5 de noviembre de 2023.<\/p>\n<p>[3] V\u00e9ase el Informe Diario de MEMRI No. 569, <a href=\"https:\/\/www.memri.org\/reports\/putins-call-multipolarity-how-good-it-us\">El llamado de Putin a la multipolaridad: \u00bfQu\u00e9 tan bueno es para Estados Unidos?<\/a> Por Anna Mahjar-Barducci, 12 de febrero de 2024.<\/p>\n<p>[4] V\u00e9ase Serie de Investigaci\u00f3n y An\u00e1lisis No. 1534, <a href=\"https:\/\/www.memri.org\/reports\/china-russia-and-creation-multipolar-world-order-%E2%80%93-russian-perspective\">China, Rusia y la creaci\u00f3n de un orden mundial multipolar: una perspectiva rusa<\/a>, por Anna Mahjar-Barducci, 5 de octubre de 2020; MEMRI Informe Diario No. 569, <a href=\"https:\/\/www.memri.org\/reports\/putins-call-multipolarity-how-good-it-us\">El llamado de Putin a la multipolaridad: \u00bfQu\u00e9 tan bueno es para Estados Unidos?<\/a> Por Anna Mahjar-Barducci, 12 de febrero de 2024.<\/p>\n<p>[5] Baekdusan (monta\u00f1a Baekdu) es la monta\u00f1a m\u00e1s alta de Corea del Norte. Se encuentra en la frontera entre China y Corea del Norte. Hallasan es una de las tres monta\u00f1as principales de Corea del Sur y es el punto m\u00e1s alto del pa\u00eds. V\u00e9ase MEMRI Despacho Especial No. 11404, La ret\u00f3rica norcoreana gana apoyo entre los manifestantes antiisrael\u00edes, 18 de junio, 2024.<\/p>\n<p>[6] Despacho Especial No. 10982 de MEMRI, <a href=\"https:\/\/www.memri.org\/reports\/anti-liberal-russian-philosopher-dugin-time-final-battle-has-come\">Fil\u00f3sofo ruso antiliberal Dugin: \u2018Ha llegado el momento de la batalla final\u2019,<\/a> 28 de noviembre, 2023.<\/p>\n<p>[7] El 8 de mayo de 2024, el presidente argentino Javier Milei pronunci\u00f3 un discurso para el D\u00eda de Recordaci\u00f3n del Holocausto (Yom HaShoah), citando al rabino Samson Raphael Hirsch. Casarosada.gob.ar\/informacion\/discursos\/50478-palabras-del-presidente-de-la-nacion-javier-milei-en-el-cck-con-motivo-del-acto-por-el-dia-internacional- del-holocausto, 8 de mayo de 2024.<\/p>\n<p>&nbsp;<\/p>\n","protected":false},"excerpt":{"rendered":"<p>La masacre del 7 de octubre fue un ataque no s\u00f3lo contra Israel sino contra el Occidente colectivo. Israel, el coraz\u00f3n de las ra\u00edces y valores judeocristianos de Occidente, es el \u00faltimo puesto de avanzada del Occidente liberal en colapso, tanto un estado mental como una ubicaci\u00f3n f\u00edsica real. Para ser claros, cuando hablo del [&hellip;]<\/p>\n","protected":false},"author":1,"featured_media":65185,"comment_status":"closed","ping_status":"closed","sticky":false,"template":"","format":"standard","meta":{"footnotes":""},"categories":[32,2],"tags":[],"class_list":["post-65183","post","type-post","status-publish","format-standard","has-post-thumbnail","hentry","category-reportes-diarios","category-featured"],"_links":{"self":[{"href":"https:\/\/www2.memri.org\/espanol\/wp-json\/wp\/v2\/posts\/65183","targetHints":{"allow":["GET"]}}],"collection":[{"href":"https:\/\/www2.memri.org\/espanol\/wp-json\/wp\/v2\/posts"}],"about":[{"href":"https:\/\/www2.memri.org\/espanol\/wp-json\/wp\/v2\/types\/post"}],"author":[{"embeddable":true,"href":"https:\/\/www2.memri.org\/espanol\/wp-json\/wp\/v2\/users\/1"}],"replies":[{"embeddable":true,"href":"https:\/\/www2.memri.org\/espanol\/wp-json\/wp\/v2\/comments?post=65183"}],"version-history":[{"count":0,"href":"https:\/\/www2.memri.org\/espanol\/wp-json\/wp\/v2\/posts\/65183\/revisions"}],"wp:featuredmedia":[{"embeddable":true,"href":"https:\/\/www2.memri.org\/espanol\/wp-json\/wp\/v2\/media\/65185"}],"wp:attachment":[{"href":"https:\/\/www2.memri.org\/espanol\/wp-json\/wp\/v2\/media?parent=65183"}],"wp:term":[{"taxonomy":"category","embeddable":true,"href":"https:\/\/www2.memri.org\/espanol\/wp-json\/wp\/v2\/categories?post=65183"},{"taxonomy":"post_tag","embeddable":true,"href":"https:\/\/www2.memri.org\/espanol\/wp-json\/wp\/v2\/tags?post=65183"}],"curies":[{"name":"wp","href":"https:\/\/api.w.org\/{rel}","templated":true}]}}