{"id":64367,"date":"2024-02-01T13:07:40","date_gmt":"2024-02-01T11:07:40","guid":{"rendered":"https:\/\/www2.memri.org\/espanol\/?p=64367"},"modified":"2024-02-05T06:53:25","modified_gmt":"2024-02-05T04:53:25","slug":"tres-manifestaciones-pro-palestinas-en-berlin-presentan-canticos-por-la-eliminacion-de-israel-y-discursos-antisemitas-el-organismo-organizador-samidoun-esta-prohibido","status":"publish","type":"post","link":"https:\/\/www2.memri.org\/espanol\/tres-manifestaciones-pro-palestinas-en-berlin-presentan-canticos-por-la-eliminacion-de-israel-y-discursos-antisemitas-el-organismo-organizador-samidoun-esta-prohibido\/64367","title":{"rendered":"Tres manifestaciones pro-palestinas en Berl\u00edn presentan c\u00e1nticos por la eliminaci\u00f3n de Israel y discursos antisemitas; El organismo organizador &#8216;Samidoun&#8217; est\u00e1 prohibido"},"content":{"rendered":"<p>Tras el ataque de Ham\u00e1s a Israel el 7 de octubre, estallaron protestas en las calles alemanas. Algunos conten\u00edan ret\u00f3rica antisemita expl\u00edcita y llamados a aniquilar el Estado jud\u00edo. La \u00abRed de Solidaridad con Prisioneros Samidoun-Palestina\u00bb, el brazo extranjero del Frente Popular para la Liberaci\u00f3n de Palestina (FPLP), encabez\u00f3 numerosas manifestaciones y vigilias en toda Alemania, aprovechando una ola de creciente apoyo a la causa palestina. Tras las actividades aparentemente ilimitadas de Samidoun en Alemania, la ministra del Interior de Alemania, Nancy Faeser, impuso una prohibici\u00f3n a nivel nacional sobre la organizaci\u00f3n y sus actividades a principios de noviembre. Samidoun opera en Alemania principalmente bajo el paraguas de la ilegalizada \u00abHirak e.V.\u00bb e \u00abHirak \u2013 Movilizaci\u00f3n juvenil palestina \u2013 Movimiento juvenil alem\u00e1n\u00bb. Ambos cuentan con una extensa base de seguidores.<\/p>\n<p>Apenas unas horas despu\u00e9s de enterarse de los ataques de Ham\u00e1s del 7 de octubre en Israel, miembros de Samidoun distribuyeron dulces a la gente en el distrito mayoritariamente \u00e1rabe de Berl\u00edn, Neuk\u00f6lln, que tiene una gran poblaci\u00f3n \u00e1rabe palestina, para celebrar la matanza de jud\u00edos. A esto le siguieron reuniones p\u00fablicas semanales que contin\u00faan hasta el d\u00eda de hoy. Protegidos por la \u00abOficina Federal para la Protecci\u00f3n de la Constituci\u00f3n\u00bb (Verfassungsschutz), el grito de batalla \u00abDel r\u00edo al mar, Palestina ser\u00e1 libre\u00bb, es un pilar de las marchas pro-palestinas, y el uso del uniforme negro. La keffiyeh o pa\u00f1uelo blanco y negro, que ahora se asocia con los \u00e1rabes palestinos, es omnipresente en estas reuniones y marchas.<\/p>\n<p>Est\u00e1 prohibido usar la keffiyeh si cubre la cara de una persona. La polic\u00eda de Berl\u00edn afirm\u00f3 que pod\u00eda restringir o prohibir una reuni\u00f3n al aire libre si cre\u00eda que la seguridad p\u00fablica estaba en peligro inmediato, y esto podr\u00eda implicar la prohibici\u00f3n de las keffiyehs. Esto se ha hecho ocasionalmente. Sin embargo, la prohibici\u00f3n de Samidoun no detuvo sus protestas.<\/p>\n<p>La ministra del Interior alemana, Nancy Faeser, emiti\u00f3 un comunicado de prensa diciendo que:<\/p>\n<p>\u00ab&#8230; la organizaci\u00f3n de celebraciones espont\u00e1neas en Alemania en respuesta a los horribles ataques terroristas de Ham\u00e1s contra Israel muestra la visi\u00f3n antisemita e inhumana del mundo de Samidoun de una manera particularmente repugnante. La prohibici\u00f3n de las actividades de Ham\u00e1s y Samidoun y la disoluci\u00f3n de &#8216;Samidoun Alemania&#8217; pone fin a estas actividades en Alemania. El antisemitismo no tiene lugar en Alemania, no importa de d\u00f3nde se origine\u00bb.<\/p>\n<p>Adem\u00e1s, el comunicado explica que Samidoun, en concreto, \u00abcompromete y pone en peligro la convivencia pac\u00edfica de alemanes y extranjeros y de diferentes grupos de extranjeros en Alemania, y compromete y pone en peligro el orden p\u00fablico porque apoya la violencia para alcanzar objetivos pol\u00edticos y provoca dicha violencia\u00bb.<\/p>\n<p>Los alemanes antifa y antiimperialistas, incluidos los sindicatos de estudiantes, las iniciativas de mujeres y LGBTQ, los fundamentalistas islamistas y los radicales turcos de derecha e izquierda en Alemania, est\u00e1n afiliados a Samidoun y sus representantes.[1] En su declaraci\u00f3n, Faeser reconoci\u00f3 que las opiniones antisemitas de Samidoun eran atroces, al igual que las alegres concentraciones en las calles alemanas en apoyo de las atrocidades cometidas por Ham\u00e1s. Al mismo tiempo reiter\u00f3 que ese comportamiento es inadmisible en Alemania y se enfrentar\u00eda \u00abcon toda la fuerza del Estado de derecho\u00bb.<\/p>\n<p>En la pr\u00e1ctica, esto signific\u00f3 una limitaci\u00f3n de las marchas callejeras y de la actividad organizativa en l\u00ednea, que sirve como herramienta de movilizaci\u00f3n clave.<\/p>\n<p>A principios del a\u00f1o pasado, Faeser pidi\u00f3 la prohibici\u00f3n de las manifestaciones pro-palestinas luego de una protesta a nivel nacional en respuesta a informes, respaldados por im\u00e1genes de video, que mostraban una ret\u00f3rica abiertamente antisemita y llamados a la aniquilaci\u00f3n de Israel, mientras glorificaban a los terroristas palestinos encarcelados. El llamado del ministro del Interior fue una postura firme a nivel federal. Sin embargo, no se vislumbran medidas inmediatas para aplicar una prohibici\u00f3n a nivel estatal. Samidoun contin\u00faa moviliz\u00e1ndose para manifestaciones antisionistas en Alemania, incluido el \u00abD\u00eda de los Prisioneros Palestinos\u00bb el 17 de abril, el \u00abD\u00eda de Al-Quds (Jerusal\u00e9n)\u00bb el \u00faltimo viernes del Ramad\u00e1n (14 de abril) y el \u00abD\u00eda de la Nakba\u00bb el 15 de mayo, recordando a los \u00e1rabes palestinos que fueron desplazados cuando se cre\u00f3 Israel.<\/p>\n<p><strong>La respuesta de Samidoun a la prohibici\u00f3n a nivel nacional en Alemania<\/strong><\/p>\n<p>La prohibici\u00f3n de Samidoun provoc\u00f3 una protesta inmediata por parte de simpatizantes y afiliados de la organizaci\u00f3n, que pidieron que \u00e9sta fuera revocada. El 2 de noviembre de 2023, Samidoun public\u00f3 una declaraci\u00f3n en respuesta a su prohibici\u00f3n operativa en suelo alem\u00e1n, titulada: \u00abEl gobierno alem\u00e1n ilegaliza y disuelve la red internacional Samidoun de solidaridad con los presos pol\u00edticos\u00bb. Los funcionarios alemanes responsables del asunto est\u00e1n acusados de ser c\u00f3mplices del \u00abgenocidio actual en Gaza\u00bb para \u00abreprimir a los disidentes [&#8230; mientras] eligen apoyar estos ataques [israel\u00edes] librando una campa\u00f1a de terror y represi\u00f3n contra aquellos que se atreven para hablar en contra de estos cr\u00edmenes, que quieren movilizar a la gente para poner fin a la destrucci\u00f3n, la guerra, la ocupaci\u00f3n y el colonialismo [&#8230;] y el ataque racista contra la comunidad palestina y \u00e1rabe. Samidoun en Alemania est\u00e1 dirigido por j\u00f3venes refugiados palestinos, y los medios de comunicaci\u00f3n alemanes se han involucrado en una campa\u00f1a de difamaci\u00f3n descaradamente racista destinada a incitar a las fuerzas m\u00e1s racistas y fascistas del pa\u00eds contra la comunidad palestina, que es la m\u00e1s grande de Europa [&#8230;]\u00bb[3]<\/p>\n<p>La declaraci\u00f3n va acompa\u00f1ada de una fotograf\u00eda que muestra a un grupo de manifestantes, varios de los cuales sostienen una gran pancarta con la inscripci\u00f3n: \u00abContra la represi\u00f3n &#8211; Solidaridad con la Samidoun Alemania\u00bb.<\/p>\n<p><img decoding=\"async\" src=\"https:\/\/www.memri.org\/sites\/default\/files\/2024\/01\/Germany%20_1.jpg\" \/><\/p>\n<p>La p\u00e1gina web de la Oficina Federal para la Protecci\u00f3n de la Constituci\u00f3n afirma que la presencia en l\u00ednea de Samidoun en Alemania est\u00e1 bloqueada o ya no es accesible en el pa\u00eds. Si bien parece que las principales cuentas de redes sociales de \u00abSamidoun Alemania\u00bb ya no son accesibles, su p\u00e1gina web s\u00ed se puede ver en Alemania. Sin embargo, parece que Samidoun opera de forma clandestina, bajo el paraguas de varias organizaciones de izquierda, actuando as\u00ed en suelo alem\u00e1n, pero camuflados por otros grupos.<\/p>\n<p>Samidoun (1\/3) presenta en su p\u00e1gina web un evento de proyecci\u00f3n (1\/4) de la pel\u00edcula difundida en 2021 \u00abFedayin: La lucha de Georges Abdallah\u00bb, organizado por \u00abPal\u00e4stina-B\u00fcndnis Hamburg\u00bb en el recinto \u00abInternationales Zentrum B5\u00bb de Hamburgo. [4] B5 es un centro comunitario y uno de los puntos de encuentro m\u00e1s importantes para los extremistas de izquierda, algunos de los cuales, seg\u00fan el Departamento del Interior y Deportes de Hamburgo, abogan por el uso de la violencia en forma de lucha armada.[5] El centro comunitario tambi\u00e9n alberga iniciativas de solidaridad palestina.<\/p>\n<p><img decoding=\"async\" src=\"https:\/\/www.memri.org\/sites\/default\/files\/2024\/01\/Germany%20_2.jpg\" \/><\/p>\n<p><em>Cartel promocional de Samidoun de la proyecci\u00f3n de la pel\u00edcula \u00abFedayin: Georges Ibrahim Abdallah&#8217;s Fight\u00bb, organizada por una filial, \u00abPal\u00e4stina-B\u00fcndnis Hamburg\u00bb.<\/em><\/p>\n<p>Samidoun promovi\u00f3 un evento para el 15 de enero de 2024, denominado \u00abNo hay espacio para el genocidio &#8211; Embajador en la Universidad de Bonn\u00bb. El evento fue convocado para protestar por la invitaci\u00f3n de la universidad al embajador de Israel en Alemania, Ron Prosor. La protesta fue organizada por un grupo pro-palestino, \u00abJ\u00fcdische Stimme f\u00fcr gerechten Frieden in Nahost [Una voz jud\u00eda por una paz justa en el Cercano Oriente]\u00bb.<\/p>\n<p><img decoding=\"async\" src=\"https:\/\/www.memri.org\/sites\/default\/files\/2024\/01\/Germany%20_3.png\" \/><em>\u00abJ\u00fcdische Stimme f\u00fcr gerechten Frieden in Nahost\u00bb promovi\u00f3 su protesta en su cuenta X (antes Twitter) para manifestarse en la Universidad de Bonn bajo el lema: \u00abNo hay espacio para el embajador del genocidio en la Universidad de Bonn\u00bb.<\/em><\/p>\n<p>Samidoun anunci\u00f3 una protesta el 15 de enero organizada por la iniciativa \u00abGlobal South United\u00bb en Berl\u00edn bajo el lema: \u00abLa huelga es resistencia &#8211; Detengan el genocidio en Gaza \/ Manifestaci\u00f3n y huelga\u00bb. [7] La acci\u00f3n ten\u00eda como objetivo enviar una se\u00f1al al Estado alem\u00e1n de que habr\u00eda un activismo continuo en nombre de Gaza, incluso si se enfrentaran a repercusiones, incluido el arresto, la expulsi\u00f3n de la universidad, el despido del trabajo o la cancelaci\u00f3n de visas. Estas repercusiones se impondr\u00edan si hubiera incitaci\u00f3n al odio hacia el pueblo jud\u00edo o trivializaci\u00f3n del Holocausto.<\/p>\n<p><img decoding=\"async\" src=\"https:\/\/www.memri.org\/sites\/default\/files\/2024\/01\/Germany%20_4.png\" \/><em>Un cartel de \u00abGlobal South United\u00bb promocionando su manifestaci\u00f3n en Berl\u00edn realizada bajo el lema: \u00abLa huelga es resistencia &#8211; Detengan el genocidio en Gaza \/ Manifestaci\u00f3n y huelga\u00bb.<\/em><\/p>\n<p><strong>M\u00e1s de 2.000 participantes se reunieron para protestas pro Palestina, a pesar de las restricciones, en la v\u00edspera de A\u00f1o Nuevo<\/strong><\/p>\n<p>A\u00fan no se han implementado acciones visibles y r\u00e1pidas por parte de la polic\u00eda para hacer cumplir la prohibici\u00f3n de la incitaci\u00f3n, como lo demuestran las protestas pro palestinas celebradas en la v\u00edspera de A\u00f1o Nuevo, llamadas Sylvester, en Berl\u00edn. El a\u00f1o pasado, antes de la guerra entre Israel y Ham\u00e1s, hubo disturbios durante las festividades de A\u00f1o Nuevo, cuando los alborotadores atacaron a agentes de polic\u00eda, bomberos y personal m\u00e9dico con fuegos artificiales.[9]<\/p>\n<p>A pesar del despliegue de m\u00e1s de 3.000 polic\u00edas y m\u00e1s de mil bomberos para impedir disturbios en Berl\u00edn, se programaron protestas para la tarde y la noche del 31 de diciembre de 2023 en los distritos de Neuk\u00f6lln y Kreuzberg, lugares donde se produjeron los anteriores disturbios de A\u00f1o Nuevo. La protesta de la tarde, fue organizada por palestinos y aliados, J\u00fcdische Stimme, Revolution Germany, Arbeiterinnenmacht, Revolution\u00e4re Linke y Das Vereinigte Pal\u00e4stinensische Nationale Komitee. La protesta comenz\u00f3 con 180 manifestantes y finaliz\u00f3 con alrededor de 2.000 asistentes. Los participantes ten\u00edan \u00f3rdenes de dispersarse antes de medianoche.<\/p>\n<p>Sin embargo, la marcha de protesta organizada por \u00abGlobal South United\u00bb se desarroll\u00f3 seg\u00fan lo previsto, a pesar de la prohibici\u00f3n. Los organizadores de las protestas celebradas bajo el paraguas de \u00abKein Feiern Bei Genozid\u00bb (No a la celebraci\u00f3n durante el genocidio) y las entidades afiliadas, incluida Pal\u00e4stina Spricht, siguieron el llamamiento mundial a la acci\u00f3n en la v\u00edspera de A\u00f1o Nuevo del \u00abCentro de Recursos Badil para la Residencia Palestina y Derechos de los Refugiados\u00bb, que consisti\u00f3 en una muestra de solidaridad con el pueblo de Gaza; Los participantes vest\u00edan kaffiyehs palestinos y otros s\u00edmbolos de solidaridad, e izaban la bandera palestina.[10]<\/p>\n<p><strong>Una descripci\u00f3n de las recientes reuniones pro-palestinas en Alemania<\/strong><\/p>\n<p>El Centro Badil es una organizaci\u00f3n, registrada en el Ministerio del Interior palestino, que goza de un estatus consultivo especial ante Naciones Unidas. Badil aboga por los derechos de los refugiados palestinos y los desplazados internos, centr\u00e1ndose en fortalecer sus derechos bajo el derecho internacional humanitario y de derechos humanos.[11]<\/p>\n<p><img decoding=\"async\" src=\"https:\/\/www.memri.org\/sites\/default\/files\/2024\/01\/Germany%20_5.png\" \/><em>Afiche de la campa\u00f1a de A\u00f1o Nuevo \u00abLlamado a la acci\u00f3n\u00bb del Centro Badil.<\/em><\/p>\n<p><img decoding=\"async\" src=\"https:\/\/www.memri.org\/sites\/default\/files\/2024\/01\/Germany%20_6.png\" \/>La agrupaci\u00f3n \u00abPalestinos y Aliados\u00bb, con sede en Berl\u00edn, organiz\u00f3 una protesta solidaria el d\u00eda de A\u00f1o Nuevo en el distrito berlin\u00e9s de Kreuzberg. La protesta fue organizada con \u00abJ\u00fcdische Stimme\u00bb, \u00abRevolution Germany\u00bb, \u00abArbeiterinnenmacht\u00bb, \u00abRevolution\u00e4re Linke\u00bb y \u00abDas Vereinigte Pal\u00e4stinensische Nationale Komitee\u00bb.[12]<\/p>\n<p><img decoding=\"async\" src=\"https:\/\/www.memri.org\/sites\/default\/files\/2024\/01\/Germany%20_7.png\" \/><\/p>\n<p>El cartel de arriba, de \u00abGlobal South United\u00bb, promovi\u00f3 su marcha solidaria en la v\u00edspera de A\u00f1o Nuevo, desde Richardplatz en el distrito de Neuk\u00f6lln hasta Hermannplatz.[13]<\/p>\n<p>Se compartieron fotograf\u00edas y v\u00eddeos de las marchas de protesta pro palestinas en redes sociales como TikTok e Instagram.<\/p>\n<p>En TikTok, el usuario \u00abmudiblick\u00bb comparti\u00f3 impresiones de la marcha pro-palestina por los distritos berlineses de Kreuzberg y Neuk\u00f6lln. El t\u00edtulo que lo acompa\u00f1a dice: \u00ab[&#8230;] mi resoluci\u00f3n [&#8230;] es un fuerte llamado a una Palestina libre, el cese inmediato del genocidio, el fin de la limpieza \u00e9tnica y la liberaci\u00f3n de la ocupaci\u00f3n. Hoy, no hay ninguna raz\u00f3n para celebrar; en cambio, un\u00e1monos por la justicia, la libertad y el fin de la opresi\u00f3n.\u00bb[14]<\/p>\n<p><img decoding=\"async\" src=\"https:\/\/www.memri.org\/sites\/default\/files\/2024\/01\/Germany%20_8.png\" \/><em>Una multitud de manifestantes izando numerosas banderas palestinas.<\/em><\/p>\n<p><em><img decoding=\"async\" src=\"https:\/\/www.memri.org\/sites\/default\/files\/2024\/01\/Germany%20_9.png\" \/>Entre la multitud de manifestantes se puede ver a varias mujeres musulmanas, presumiblemente \u00e1rabes palestinas. Sostienen una pancarta de gran tama\u00f1o que representa un s\u00edmbolo de la Gaza bombardeada. Se puede ver a las mujeres con el gesto tawhid, un dedo \u00edndice levantado, profesando la creencia en la unidad de Allah.<\/em><\/p>\n<p><img decoding=\"async\" src=\"https:\/\/www.memri.org\/sites\/default\/files\/2024\/01\/Germany%20_10.png\" \/><em>Manifestantes en Nochevieja con banderas palestinas y kaffiyehs.<\/em><\/p>\n<p><img decoding=\"async\" src=\"https:\/\/www.memri.org\/sites\/default\/files\/2024\/01\/Germany%20_11.png\" \/><em>Manifestantes arrodillados en la calle.<\/em><\/p>\n<p><img decoding=\"async\" src=\"https:\/\/www.memri.org\/sites\/default\/files\/2024\/01\/Germany%20_12.png\" \/><em>Se puede ver a un ni\u00f1o con una keffiyeh grabada con la mezquita de Al-Aqsa en Jerusal\u00e9n.<\/em><\/p>\n<p><img decoding=\"async\" src=\"https:\/\/www.memri.org\/sites\/default\/files\/2024\/01\/Germany%20_13.png\" \/>En TikTok, el usuario \u00abOya Tezcan\u00bb public\u00f3 fotos de la manifestaci\u00f3n celebrada en Neuk\u00f6lln. Los participantes cantan: \u00abViva, viva Palestina\u00bb.[15]<\/p>\n<p><img decoding=\"async\" src=\"https:\/\/www.memri.org\/sites\/default\/files\/2024\/01\/Germany%20_14.png\" \/>El grupo \u00abPalestinos y Aliados\u00bb comparti\u00f3 fotograf\u00edas en su p\u00e1gina de Instagram de la mayor marcha de protesta en el centro de la ciudad de Berl\u00edn. Se puede ver una gran multitud de manifestantes con banderas palestinas izadas, keffiyehs, cantando \u00abQu\u00e9 verg\u00fcenza [Alemania]\u00bb, en referencia al apoyo de Alemania a Israel. [16]<\/p>\n<p>Los manifestantes protestan en el distrito de Neuk\u00f6llln con banderas palestinas; muchos participantes usan keffiyehs y cantan: \u00abPalestina libre, libre\u00bb; \u00abRevoluci\u00f3n \u2013 Poner fin a la ocupaci\u00f3n\u00bb; \u00abDerribar la ocupaci\u00f3n\u00bb; \u00abGaza Gaza, no llores\u00bb; \u00abPalestina nunca morir\u00e1\u00bb; \u00abQu\u00e9 verg\u00fcenza [&#8230;]\u00bb[17]<\/p>\n<p><img decoding=\"async\" src=\"https:\/\/www.memri.org\/sites\/default\/files\/2024\/01\/Germany%20_15.png\" \/>Se celebr\u00f3 una gran marcha en el coraz\u00f3n de Kreuzberg, alrededor de Kottbusser Tor, donde los manifestantes corearon \u00absolidaridad internacional\u00bb, acompa\u00f1ados por banderas palestinas; muchos llevaban keffiyehs.[18]<\/p>\n<p>&nbsp;<\/p>\n<p>[1] Verfassungsschutz.de\/SharedDocs\/hintergruende\/DE\/auslandsbezogener-extremismus\/samidoun.html.<\/p>\n<p>[2] Verfassungsschutz.de\/SharedDocs\/hintergruende\/DE\/auslandsbezogener-extremismus\/samidoun.html.<\/p>\n<p>[3] Sitio web de Samidoun.<\/p>\n<p>[4] WordPress.<\/p>\n<p>[5] Hamburg.de\/innenbehoerde\/archiv\/232042\/b5-sitz-und-treffpunkt-artikel\/<\/p>\n<p>[6] X.<\/p>\n<p>[7] Sitio web de Samidoun.<\/p>\n<p>[8] Sur Global Unido.<\/p>\n<p>[9] Sitio web de Kas.<\/p>\n<p>[10] Sitio web de Picuki.<\/p>\n<p>[11] Badil.org\/about<\/p>\n<p>[12] Sitio web de Pcuki.<\/p>\n<p>[13] Sitio web de Pcuki.<\/p>\n<p>[14] Instagram, sitio web de Picuki.<\/p>\n<p>[15] Tiktok.<\/p>\n<p>[16]Instagram.<\/p>\n<p>[17] Tiktok.<\/p>\n<p>[18] Tiktok.<\/p>\n","protected":false},"excerpt":{"rendered":"<p>Tras el ataque de Ham\u00e1s a Israel el 7 de octubre, estallaron protestas en las calles alemanas. Algunos conten\u00edan ret\u00f3rica antisemita expl\u00edcita y llamados a aniquilar el Estado jud\u00edo. La \u00abRed de Solidaridad con Prisioneros Samidoun-Palestina\u00bb, el brazo extranjero del Frente Popular para la Liberaci\u00f3n de Palestina (FPLP), encabez\u00f3 numerosas manifestaciones y vigilias en toda [&hellip;]<\/p>\n","protected":false},"author":1,"featured_media":64369,"comment_status":"closed","ping_status":"closed","sticky":false,"template":"","format":"standard","meta":{"footnotes":""},"categories":[142,2],"tags":[],"class_list":["post-64367","post","type-post","status-publish","format-standard","has-post-thumbnail","hentry","category-boletin-especial-archivos","category-featured"],"_links":{"self":[{"href":"https:\/\/www2.memri.org\/espanol\/wp-json\/wp\/v2\/posts\/64367","targetHints":{"allow":["GET"]}}],"collection":[{"href":"https:\/\/www2.memri.org\/espanol\/wp-json\/wp\/v2\/posts"}],"about":[{"href":"https:\/\/www2.memri.org\/espanol\/wp-json\/wp\/v2\/types\/post"}],"author":[{"embeddable":true,"href":"https:\/\/www2.memri.org\/espanol\/wp-json\/wp\/v2\/users\/1"}],"replies":[{"embeddable":true,"href":"https:\/\/www2.memri.org\/espanol\/wp-json\/wp\/v2\/comments?post=64367"}],"version-history":[{"count":0,"href":"https:\/\/www2.memri.org\/espanol\/wp-json\/wp\/v2\/posts\/64367\/revisions"}],"wp:featuredmedia":[{"embeddable":true,"href":"https:\/\/www2.memri.org\/espanol\/wp-json\/wp\/v2\/media\/64369"}],"wp:attachment":[{"href":"https:\/\/www2.memri.org\/espanol\/wp-json\/wp\/v2\/media?parent=64367"}],"wp:term":[{"taxonomy":"category","embeddable":true,"href":"https:\/\/www2.memri.org\/espanol\/wp-json\/wp\/v2\/categories?post=64367"},{"taxonomy":"post_tag","embeddable":true,"href":"https:\/\/www2.memri.org\/espanol\/wp-json\/wp\/v2\/tags?post=64367"}],"curies":[{"name":"wp","href":"https:\/\/api.w.org\/{rel}","templated":true}]}}