{"id":64053,"date":"2023-12-25T13:10:13","date_gmt":"2023-12-25T11:10:13","guid":{"rendered":"https:\/\/www2.memri.org\/espanol\/?p=64053"},"modified":"2023-12-25T13:19:57","modified_gmt":"2023-12-25T11:19:57","slug":"grandes-pancartas-en-ciudades-de-toda-turquia-apoyan-a-hamas-mil-saludos-a-los-muyahidines","status":"publish","type":"post","link":"https:\/\/www2.memri.org\/espanol\/grandes-pancartas-en-ciudades-de-toda-turquia-apoyan-a-hamas-mil-saludos-a-los-muyahidines\/64053","title":{"rendered":"Grandes pancartas en ciudades de toda Turqu\u00eda apoyan a Ham\u00e1s: &#8216;\u00a1Mil saludos&#8230; a los muyahidines!&#8217;"},"content":{"rendered":"<p>Desde el ataque de Ham\u00e1s a Israel el 7 de octubre, se han exhibido de manera prominente grandes pancartas de varios pisos que apoyan expl\u00edcitamente a Ham\u00e1s en lugares p\u00fablicos de ciudades de toda Turqu\u00eda. La mayor\u00eda de las pancartas muestran una fotograf\u00eda de Abu Ubayda, portavoz de las Brigadas Izz Al-Din Al-Qassam, el ala militar de Ham\u00e1s, y lo elogian por su nombre. Muchos env\u00edan sus \u00absaludos a Ham\u00e1s\u00bb y alientan al grupo a \u00abcontinuar la resistencia\u00bb. Otros env\u00edan sus saludos \u00aba los muyahidines\u00bb o al l\u00edder de las Brigadas Al-Qassam, Muhammad Deif, a quien una pancarta se refiere como \u00abcomandante de la naci\u00f3n\u00bb. Una se refiere a Abu Ubayda como \u00abel orgullo de los musulmanes\u00bb, otra a Ham\u00e1s como \u00abel honor de los musulmanes\u00bb y una tercera a las Brigadas Al-Qassam como \u00abnuestro honor\u00bb. Una pide \u00abun mundo sin Israel\u00bb, mientras que muchas usan la frase de Abu Ubayda \u00abpor tierra, por mar, por aire\u00bb.<\/p>\n<p>Este informe revisar\u00e1 algunas de las pancartas reportadas desde el 7 de octubre en las ciudades turcas de Alanya, Ankara, Bitlis, Bolu, Diyarbak\u0131r, Elaz\u0131\u011f, Eski\u015fehir, Estambul, Kayseri, Konya, K\u00fctahya, Malatya, Samsun, \u015eanl\u0131urfa y Trabzon.<\/p>\n<p>El 6 de noviembre de 2023, se inform\u00f3 que colgaban pancartas de puentes en Ankara en la ruta que el secretario de Estado estadounidense, Antony Blinken, deb\u00eda tomar para reunirse con el ministro de Relaciones Exteriores turco, Hakan Fidan.[1] Una pancarta dec\u00eda en ingl\u00e9s \u00abasesino de beb\u00e9s Blinken\u00bb, mientras que en la otra aparec\u00eda el portavoz de las Brigadas Al-Qassam, Abu Ubayda.<\/p>\n<p><img decoding=\"async\" src=\"https:\/\/www.memri.org\/sites\/default\/files\/2023\/sd11033.jpg\" \/>Una gran pancarta que dice \u00ab\u00a1Saludos a Ham\u00e1s, contin\u00faa la resistencia!\u00bb fue reportada colgando de un edificio en Estambul el 23 de noviembre.[2]<\/p>\n<p><img decoding=\"async\" src=\"https:\/\/www.memri.org\/sites\/default\/files\/2023\/sd11033a.jpg\" \/>Se inform\u00f3 que varias pancartas colgaban de puentes en Konya el 20 de noviembre de 2023.[3] Una pancarta dec\u00eda \u00abAbu Ubayda, orgullo de los musulmanes\u00bb.<\/p>\n<p><img decoding=\"async\" src=\"https:\/\/www.memri.org\/sites\/default\/files\/2023\/sd11033b.jpg\" \/><\/p>\n<p>Otra copia de la misma pancarta fue fotografiada colgada de otro puente en Konya.<\/p>\n<p><img decoding=\"async\" src=\"https:\/\/www.memri.org\/sites\/default\/files\/2023\/sd11033c.jpg\" \/><\/p>\n<p>Una pancarta que cuelga de otro puente en la misma ciudad dice: \u00abHam\u00e1s es el honor de los musulmanes\u00bb.<\/p>\n<p><img decoding=\"async\" src=\"https:\/\/www.memri.org\/sites\/default\/files\/2023\/sd11033d.jpg\" \/><\/p>\n<p>Una pancarta fotografiada en las murallas del siglo IV de la ciudad de Diyarbak\u0131r y publicada el 7 de diciembre dice: \u00abMil saludos desde Diyarbakir a Abu Ubayda. Por tierra, por mar, por aire\u00bb.[4]<\/p>\n<p><img decoding=\"async\" src=\"https:\/\/www.memri.org\/sites\/default\/files\/2023\/sd11033e.jpg\" \/><\/p>\n<p>El 26 de noviembre, se inform\u00f3 que una pancarta fotografiada en los muros del siglo IX del Castillo de Urfa en \u015eanl\u0131urfa, dec\u00eda: \u00abMil saludos desde \u015eanl\u0131urfa a Abu Ubayda\u00bb.[5]<\/p>\n<p><img decoding=\"async\" src=\"https:\/\/www.memri.org\/sites\/default\/files\/2023\/sd11033f.jpg\" \/><\/p>\n<p><img decoding=\"async\" src=\"https:\/\/www.memri.org\/sites\/default\/files\/2023\/sd11033g.jpg\" \/><\/p>\n<p>Una pancarta fotografiada en K\u00fctahya y publicada el 7 de diciembre dice: \u00abMil saludos a Ham\u00e1s desde K\u00fctahya\u00bb.<\/p>\n<p><img decoding=\"async\" src=\"https:\/\/www.memri.org\/sites\/default\/files\/2023\/sd11033h.jpg\" \/><\/p>\n<p>Una pancarta fotografiada en Samsun y publicada el 27 de noviembre dice: \u00abComandante de la Ummah. \u00a1Saludos a Ham\u00e1s, contin\u00faen la resistencia!\u00bb [7]<\/p>\n<p><img decoding=\"async\" src=\"https:\/\/www.memri.org\/sites\/default\/files\/2023\/sd11033i.jpg\" \/><\/p>\n<p>Una pancarta publicada el 30 de noviembre en Samsun dice: \u00ab\u00a1Saludos a Ham\u00e1s, contin\u00faen la resistencia! Jerusal\u00e9n libre. \u00a1Un mundo sin Israel!\u00bb[8] La cuenta Twitter de Abu Ubayda, que desde entonces ha sido suspendida, retuite\u00f3 estas pancartas. [9]<\/p>\n<p><img decoding=\"async\" src=\"https:\/\/www.memri.org\/sites\/default\/files\/2023\/sd11033j.jpg\" \/><\/p>\n<p>El 22 de noviembre, apareci\u00f3 en Trabzon una gran pancarta con una foto de Abu Ubayda y una cita atribuida a \u00e9l: \u00abS\u00f3lo pedimos ayuda a Al\u00e1, y \u00c9l har\u00e1 un veh\u00edculo para quien considere digno. Al\u00e1 no consider\u00f3 a esos que guardan silencio [ante la] crueldad dignos de esta victoria.\u00bb[10]<\/p>\n<p><img decoding=\"async\" src=\"https:\/\/www.memri.org\/sites\/default\/files\/2023\/sd11033k.jpg\" \/><\/p>\n<p>Un cartel fotografiado en Bolu y reportado el 6 de diciembre dice: \u00ab\u00a1Saludos a Ham\u00e1s, contin\u00faa la resistencia!\u00bb[11]<\/p>\n<p><img decoding=\"async\" src=\"https:\/\/www.memri.org\/sites\/default\/files\/2023\/sd11033l.jpg\" \/><\/p>\n<p>El 12 de diciembre se inform\u00f3 sobre una pancarta fotografiada en Elaz\u0131\u011f que dec\u00eda: \u00abSaludos a los comandantes de Gaza Muhammad Deif y Abu Ubayda\u00bb e inclu\u00eda una cita atribuida a Ubayda: \u00abS\u00f3lo pedimos ayuda a Al\u00e1, y \u00c9l har\u00e1 un veh\u00edculo con quien \u00e9l considera digno. Al\u00e1 no consider\u00f3 dignos de esta victoria a aquellos que permanecen en silencio ante la crueldad.\u00bb[12]<\/p>\n<p><img decoding=\"async\" src=\"https:\/\/www.memri.org\/sites\/default\/files\/2023\/sd11033m.jpg\" \/><\/p>\n<p>Una pancarta fotografiada en Malatya y publicada a principios de diciembre dice \u00abSaludos desde Malatya\u00bb y una cita atribuida a Ubayda: \u00ab\u00a1Creemos que rezaremos en Jerusal\u00e9n con los nietos de los otomanos! Por tierra, por mar, por aire\u00bb. 13] El cartel solo apareci\u00f3 en Reddit, pero tiene un texto exclusivo de Malatya y sigue el formato de los carteles publicados por los medios de comunicaci\u00f3n locales en otras ciudades de Turqu\u00eda.<\/p>\n<p><img decoding=\"async\" src=\"https:\/\/www.memri.org\/sites\/default\/files\/2023\/sd11033n.jpg\" \/><\/p>\n<p>Una pancarta fotografiada en Alanya publicada el 12 de diciembre dice: \u00abMil saludos desde Alanya a Abu Ubayda\u00bb. El texto en ingl\u00e9s del cartel dice: \u00abEstamos contigo\u00bb.[14]<\/p>\n<p><img decoding=\"async\" src=\"https:\/\/www.memri.org\/sites\/default\/files\/2023\/sd11033o.jpg\" \/><\/p>\n<p>Una pancarta reportada el 12 de diciembre fotografiada en Kayseri dice: \u00abIzz Al-Din Al-Qassam es nuestro honor\u00bb.[15]<\/p>\n<p><img decoding=\"async\" src=\"https:\/\/www.memri.org\/sites\/default\/files\/2023\/sd11033p.jpg\" \/><\/p>\n<p>El 18 de octubre, en Tatvan, en la provincia de Bitlis, se inform\u00f3 que en la calle hab\u00eda carteles que mostraban a combatientes de Ham\u00e1s y que dec\u00edan: \u00abHam\u00e1s es nuestro honor\u00bb y \u00abSaludos a Ham\u00e1s\u00bb.<\/p>\n<p><img decoding=\"async\" src=\"https:\/\/www.memri.org\/sites\/default\/files\/2023\/sd11033q.jpg\" \/><\/p>\n<p>Una pancarta fotografiada colgada de un puente en el distrito Kurtulu\u015f de Eski\u015fehir y publicada el 2 de diciembre dice: \u00abMil saludos desde Kurtulu\u015f a Abu Ubayda. Por tierra, por mar, por aire\u00bb.<\/p>\n<p><img decoding=\"async\" src=\"https:\/\/www.memri.org\/sites\/default\/files\/2023\/sd11033r.jpg\" \/><\/p>\n<p>El 7 de noviembre, se inform\u00f3 sobre grafitis en un edificio y carteles del principal partido de oposici\u00f3n, el CHP, que dec\u00edan \u00abHam\u00e1s\u00bb, \u00abIsrael = CHP\u00bb y \u00abHam\u00e1s lleg\u00f3, corre libre\u00bb.<\/p>\n<p><img decoding=\"async\" src=\"https:\/\/www.memri.org\/sites\/default\/files\/2023\/sd11033s.jpg\" \/><\/p>\n<p>[1] Tamgaturk.com\/abd-disisleri-bakani-blinken-in-gececegi-guzergahtaki-koprulere-Ham\u00e1s-sempatizanlari-pankart-asti\/67360, 6 de noviembre de 2023.<\/p>\n<p>[2] Twitter.com\/bsirinn\/status\/1727654261910343721, 23 de noviembre de 2023.<\/p>\n<p>[3] Konhaber.com\/guncel\/konya_dan_gazze_ve_Ham\u00e1s_a_tam_destek-1924850h, 20 de noviembre de 2023.<\/p>\n<p>[4] Cermikgazetesi.com\/diyarbakir-surlarina-ebu-ebeydenin-posteri-asildi, 17 de noviembre de 2023.<\/p>\n<p>[5] Bismilhaber.com.tr\/sanliurfada-ebu-ubeydenin-dev-posteri-acildi, 26 de noviembre de 2023.<\/p>\n<p>[6] Kutahyaninsesi.com\/haber\/18211269\/kutahya-kalesinin-surlarina-ubeyde-pankarti-asildi, 7 de diciembre de 2023.<\/p>\n<p>[7] Samsunhaber.com\/samsun-haber\/samsun-un-en-islek-caddesine-Ham\u00e1s-icin-destek-pankarti-asildi-h98926.html, 27 de noviembre de 2023.<\/p>\n<p>[8] Samsunhaber.com\/samsun-haber\/samsun-da-ikinci-ebu-ubeyde-pankarti-olayi-h99033.html, 30 de noviembre de 2023.<\/p>\n<p>[9] Twitter.com\/EbuUbeyde_571\/status\/1729211589897965988, consultado en diciembre de 2023.<\/p>\n<p>[10] Takagazete.com.tr\/trabzon-surlarinda-kassam-tugaylari-posteri, 22 de noviembre de 2023.<\/p>\n<p>[11] Koroglugazetesi.com\/boluda-agd-uyeleri-Ham\u00e1s-pankarti-asti, 6 de diciembre de 2023.<\/p>\n<p>[12] Elazighakimiyethaber.com\/elazig-da-insaat-halindeki-binaya-asilan-dev-pankart\/95111, 12 de diciembre de 2023.<\/p>\n<p>[13] Reddit.com\/r\/Turkey\/comments\/18ao6mj\/malatyada_bir_in%C5%9Faata_as%C4%B1lan_pankart\/, diciembre de 2023.<\/p>\n<p>[14] Polemikhaber.com\/Ham\u00e1s-liderinin-afisini-ilce-meydanina-astilar-tepkiler-cig-gibi, 7 de diciembre de 2023.<\/p>\n<p>[15] Kayseriolay.com\/kayseri-meydani-nda-asilan-bu-afis-tepki-gordu\/112667, 14 de noviembre de 2023.<\/p>\n<p>[16] Vanolay.com\/tatvan-belediyesinden-israile-anlamli-tepki, 18 de octubre de 2023.<\/p>\n<p>[17] Eskisehirhaberajansi.com\/eskisehirde-dikkat-ceken-pankart, 2 de diciembre de 2023.<\/p>\n<p>[18] Politikyol.com\/chp-kartal-ilce-binasina-Ham\u00e1s-yazili-saldiri, 7 de noviembre de 2023.<\/p>\n","protected":false},"excerpt":{"rendered":"<p>Desde el ataque de Ham\u00e1s a Israel el 7 de octubre, se han exhibido de manera prominente grandes pancartas de varios pisos que apoyan expl\u00edcitamente a Ham\u00e1s en lugares p\u00fablicos de ciudades de toda Turqu\u00eda. La mayor\u00eda de las pancartas muestran una fotograf\u00eda de Abu Ubayda, portavoz de las Brigadas Izz Al-Din Al-Qassam, el ala [&hellip;]<\/p>\n","protected":false},"author":1,"featured_media":64056,"comment_status":"closed","ping_status":"closed","sticky":false,"template":"","format":"standard","meta":{"footnotes":""},"categories":[142,2],"tags":[],"class_list":["post-64053","post","type-post","status-publish","format-standard","has-post-thumbnail","hentry","category-boletin-especial-archivos","category-featured"],"_links":{"self":[{"href":"https:\/\/www2.memri.org\/espanol\/wp-json\/wp\/v2\/posts\/64053","targetHints":{"allow":["GET"]}}],"collection":[{"href":"https:\/\/www2.memri.org\/espanol\/wp-json\/wp\/v2\/posts"}],"about":[{"href":"https:\/\/www2.memri.org\/espanol\/wp-json\/wp\/v2\/types\/post"}],"author":[{"embeddable":true,"href":"https:\/\/www2.memri.org\/espanol\/wp-json\/wp\/v2\/users\/1"}],"replies":[{"embeddable":true,"href":"https:\/\/www2.memri.org\/espanol\/wp-json\/wp\/v2\/comments?post=64053"}],"version-history":[{"count":0,"href":"https:\/\/www2.memri.org\/espanol\/wp-json\/wp\/v2\/posts\/64053\/revisions"}],"wp:featuredmedia":[{"embeddable":true,"href":"https:\/\/www2.memri.org\/espanol\/wp-json\/wp\/v2\/media\/64056"}],"wp:attachment":[{"href":"https:\/\/www2.memri.org\/espanol\/wp-json\/wp\/v2\/media?parent=64053"}],"wp:term":[{"taxonomy":"category","embeddable":true,"href":"https:\/\/www2.memri.org\/espanol\/wp-json\/wp\/v2\/categories?post=64053"},{"taxonomy":"post_tag","embeddable":true,"href":"https:\/\/www2.memri.org\/espanol\/wp-json\/wp\/v2\/tags?post=64053"}],"curies":[{"name":"wp","href":"https:\/\/api.w.org\/{rel}","templated":true}]}}