{"id":63742,"date":"2023-11-18T09:47:57","date_gmt":"2023-11-18T07:47:57","guid":{"rendered":"https:\/\/www2.memri.org\/espanol\/?p=63742"},"modified":"2023-11-23T09:56:48","modified_gmt":"2023-11-23T07:56:48","slug":"63742-2","status":"publish","type":"post","link":"https:\/\/www2.memri.org\/espanol\/63742-2\/63742","title":{"rendered":"En la edici\u00f3n No. 21 de la revista en urdu &#8216;Talib\u00e1n&#8217;, Tehreek-e-Talib\u00e1n Pakist\u00e1n (TTP) promueve el antisemitismo, dice que los jud\u00edos son &#8216;cerdos y monos&#8217; e insta a los musulmanes a ayudar a los palestinos: &#8216;La fuerza de los musulmanes no es la protesta, sino la yihad&#8230; Los musulmanes siempre han sido exitosos con la yihad&#8217;"},"content":{"rendered":"<p><strong><em>El siguiente informe es ahora <\/em><\/strong><strong><em>una entrega gratuita<\/em><\/strong><strong><em> del Proyecto Supervisi\u00f3n a la Amenaza Terrorista y Yihad de MEMRI (JTTM). Para informaci\u00f3n sobre como suscribirse al JTTM, pulse aqu\u00ed.<\/em><\/strong><\/p>\n<p><em>La \u00faltima edici\u00f3n de la revista en urdu \u00abTalib\u00e1n\u00bb, publicada por Tehreek-e-Talib\u00e1n Pakist\u00e1n (TTP), contiene varios art\u00edculos sobre los jud\u00edos e Israel, condena los ataques israel\u00edes en Gaza y critica la falta de acci\u00f3n de los l\u00edderes isl\u00e1micos para defender a los palestinos. En un art\u00edculo importante, la revista tambi\u00e9n promueve el antisemitismo, despreciando a los jud\u00edos como \u00abcerdos y monos\u00bb.<\/em><\/p>\n<p><em>La \u00faltima edici\u00f3n de la revista, la No. 21, est\u00e1 fechada en Rabi-us-Sani 1445, en el calendario Hijri, que corresponde con el mes lunar desde el 16 de octubre de 2023 al 14 de noviembre de 2023. Una copia en PDF de la revista fue compartida en el portal del brazo medi\u00e1tico del TTP Umar Media y tambi\u00e9n fue publicada en Archive.org.<\/em><\/p>\n<p><img decoding=\"async\" src=\"https:\/\/www.memri.org\/sites\/default\/files\/2023\/jttm111723.jpg\" \/><\/p>\n<p><strong>\u00abEn esta actual invasi\u00f3n, su crueldad y barbarie han llegado a un extremo\u00bb<\/strong><\/p>\n<p>Un editorial titulado \u00abPalestina ensangrentada\u00bb condena los ataques israel\u00edes contra Gaza y la falta de acci\u00f3n de los l\u00edderes musulmanes para ayudar a los palestinos. \u00abIsrael, el hijo ileg\u00edtimo de Estados Unidos, ha estado continuamente quebrando monta\u00f1as de opresi\u00f3n sobre el pueblo de Palestina durante los \u00faltimos 70 a\u00f1os, pero en esta actual invasi\u00f3n, su crueldad y barbarie han llegado al extremo\u00bb, dice.<\/p>\n<p>Acusando a Israel de cometer cr\u00edmenes de guerra en Gaza, el editorial dice: \u00abIsrael ha cometido abiertamente cr\u00edmenes de guerra en esta invasi\u00f3n. Ni\u00f1os y mujeres inocentes han sido bombardeados, zonas residenciales, hospitales, instituciones educativas y centros de bienestar tambi\u00e9n han sido blanco de ataques a\u00e9reos, pero la ONU ha permanecido como un espectador silencioso a pesar de todas estas atrocidades\u00bb.<\/p>\n<p>Al criticar el apoyo a Israel por parte de los Estados Unidos y de los pa\u00edses europeos, el editorial lamenta la falta de una respuesta contundente por parte de los l\u00edderes musulmanes. \u00abEstados Unidos y otros pa\u00edses europeos han declarado abiertamente su apoyo a Israel ante esta crueldad, pero desafortunadamente los llamados gobernantes de la ummah musulmana no pueden ni siquiera hacer una declaraci\u00f3n en contra de Israel y a favor del pueblo de Palestina\u00bb, a\u00f1ade.<\/p>\n<p>El editorial dice que a pesar de presenciar la opresi\u00f3n e injusticias en la tierra santa de los profetas, la ummah musulmana ha abandonado el concepto de yihad en el camino de Al\u00e1. Menciona que la ummah parece haber ca\u00eddo en un estado de wahn, o debilidad intelectual y espiritual seg\u00fan el significado cor\u00e1nico dado.<\/p>\n<p>Dice que la ummah musulmana ya no persigue activamente la yihad como medio de resistencia o defensa frente a la opresi\u00f3n e injusticia, y agrega: \u00ab\u00bfHacia d\u00f3nde se ha ido el honor y la dignidad de la ummah musulmana? La humillaci\u00f3n y la indigencia se han convertido en el destino de esta naci\u00f3n (de musulmanes). Era inevitable que sucediera que la ummah abandonara la yihad en el camino de Al\u00e1 y sufra la enfermedad de wahn\u00bb.<\/p>\n<p>Cuestionando el por qu\u00e9, a pesar de que Jerusal\u00e9n es la tierra de los profetas y la tierra santa para los musulmanes, la ummah musulmana parece pasiva, confiando \u00fanicamente en los rezos, el editorial enfatiza la determinaci\u00f3n y el sacrificio del pueblo de Gaza, que elige el honor antes que la humillaci\u00f3n para defender su tierra y el islam. \u00abNo est\u00e1 lejos el d\u00eda en que este sacrificio y la lucha del pueblo de Gaza dar\u00e1n sus frutos y la existencia del impuro Estado de Israel terminar\u00e1 en esta tierra. Al\u00e1 que lega\u00bb.<\/p>\n<p>Uno de los art\u00edculos principales, titulado \u00abLa breve historia de 3.500 a\u00f1os de los jud\u00edos\u00bb, ofrece una perspectiva del estatus hist\u00f3rico del pueblo jud\u00edo, tal como lo describen el Cor\u00e1n y ciertos eruditos religiosos isl\u00e1micos. \u00abPara comprender la eterna humillaci\u00f3n y el eterno sometimiento de los jud\u00edos, dividimos su historia de tres mil quinientos a\u00f1os en tres per\u00edodos\u00bb, dice.<\/p>\n<p><strong>\u00abEsperar que el ej\u00e9rcito paquistan\u00ed defienda al islam y a los musulmanes contra una fuerza incr\u00e9dula (refleja) alg\u00fan malentendido\u00bb<\/strong><\/p>\n<p>El art\u00edculo destaca tres per\u00edodos distintos en la historia jud\u00eda: la era de 2.000 a\u00f1os antes del advenimiento de Mahoma como profeta, el per\u00edodo de 1.370 a\u00f1os desde la misi\u00f3n del profeta Mahoma hasta la creaci\u00f3n de Israel en 1948, y el per\u00edodo de 75 a\u00f1os desde la creaci\u00f3n de Israel hasta nuestros d\u00edas.<\/p>\n<p>En el primer per\u00edodo, los jud\u00edos eran considerados una naci\u00f3n muy honrada y superior debido a su adhesi\u00f3n a las leyes de Dios, dice el art\u00edculo, y agrega que su ingratitud y rebeli\u00f3n contra las leyes de Al\u00e1 llevaron a su decadencia de estatus y a la humillaci\u00f3n eterna. El art\u00edculo est\u00e1 escrito por muft\u00ed Ghufran, un erudito religioso isl\u00e1mico.<\/p>\n<p>Durante el segundo per\u00edodo, que dur\u00f3 desde la misi\u00f3n del profeta Mahoma hasta la creaci\u00f3n de Israel, los jud\u00edos estaban dispersos alrededor del mundo y enfrentaron varios desaf\u00edos, dice. El tercer per\u00edodo, que comenz\u00f3 con el establecimiento de Israel en 1948, se caracteriza por la continua humillaci\u00f3n de los jud\u00edos, considerados divinamente ordenados como una forma de castigo por su desobediencia a las leyes de Al\u00e1.<\/p>\n<p><em><img decoding=\"async\" src=\"https:\/\/www.memri.org\/sites\/default\/files\/2023\/jttm1117231.jpg\" \/>Captura de pantalla del art\u00edculo titulado \u00abLa breve historia de 3500 a\u00f1os de los jud\u00edos\u00bb<\/em><\/p>\n<p>El art\u00edculo cita vers\u00edculos espec\u00edficos del Cor\u00e1n para respaldar estas afirmaciones, incluyendo el 2:62, que lee: \u00abEl castigo de los jud\u00edos es descrito como eterna humillaci\u00f3n y verg\u00fcenza en este mundo y la ira de Dios en este mundo y en el m\u00e1s all\u00e1. \u00abPor muy ricos que se vuelvan, siempre ser\u00e1n considerados los humillados y despreciados entre todas las naciones. Quien los toque los humillar\u00e1 y les pondr\u00e1 los s\u00edmbolos de la esclavitud\u00bb, dice.<\/p>\n<p>Esta perspectiva sobre la historia de los jud\u00edos se deriva de las interpretaciones de los eruditos religiosos isl\u00e1micos y del propio Cor\u00e1n, afirma el autor del art\u00edculo. Destaca la creencia isl\u00e1mica de que los jud\u00edos siempre ser\u00e1n considerados miserables y humildes entre las naciones, sujetos a dominaci\u00f3n y humillaci\u00f3n. Las maldiciones de los profetas y la transformaci\u00f3n de la forma f\u00edsica de algunos jud\u00edos en \u00abcerdos y monos\u00bb se presentan como signos de su ca\u00edda.<\/p>\n<p>Muft\u00ed Ghufran, el autor, a\u00f1ade: \u00ab(Los jud\u00edos) fueron maldecidos por Al\u00e1, primero por la lengua de Dawood (pueda la paz estar con \u00e9l) y como resultado de lo cual sus rostros fueron distorsionados. Se convirtieron en cerdos, luego esta maldici\u00f3n les fue impuesta a ellos por la lengua de Hazrat Isa (es decir, Jes\u00fas) (pueda la paz estar con \u00e9l), cuyo efecto en el mundo fue que fueron deformados y se convirtieron en monos\u00bb.<\/p>\n<p>La revista publica otro art\u00edculo clave, titulado \u00abDisputa Palestina-Israel y expectativas del ej\u00e9rcito paquistan\u00ed\u00bb. Analiza el actual conflicto entre Israel y Palestina y el sufrimiento de los musulmanes palestinos a manos de los jud\u00edos israel\u00edes. Destaca la idea err\u00f3nea de que los ej\u00e9rcitos nacionales como el de Pakist\u00e1n priorizan los intereses del islam y los musulmanes, enfatizando que estas fuerzas le sirven principalmente a sus propios pa\u00edses.<\/p>\n<p>\u00abTodo musulm\u00e1n sincero en el mundo se siente triste por el genocidio de musulmanes palestinos por parte de Israel y se ve obligado a pensar en c\u00f3mo se puede resolver este problema al final, y c\u00f3mo detener a Israel de este terrorismo y opresi\u00f3n, y c\u00f3mo vengar la masacre de los musulmanes oprimidos\u00bb, dice el autor del art\u00edculo, maulana Abdul Hakeem Siddiqui, y le dice al pueblo de Pakist\u00e1n: \u00abEsperar que el ej\u00e9rcito paquistan\u00ed defienda al islam y a los musulmanes ante una fuerza incr\u00e9dula (refleja) alg\u00fan malentendido\u00bb.<\/p>\n<p><strong>\u00abLa fuerza de los musulmanes no es la protesta, sino la yihad\u00bb<\/strong><\/p>\n<p>Maulana Abdul Hakeem Siddiqui dice adem\u00e1s: \u00abLas mentes de mucha gente se dirigir\u00edan hacia los ej\u00e9rcitos del mundo del islam y entre ellos, primeramente, surgir\u00eda el nombre del ej\u00e9rcito paquistan\u00ed, como si este ej\u00e9rcito fuese a vengar las muertes de los palestinos oprimidos y liberarlos de la opresi\u00f3n de los jud\u00edos israel\u00edes. Que la gente admire al ej\u00e9rcito paquistan\u00ed con tales expectativas es porque se les ha inculcado en la mente que este ej\u00e9rcito es el n\u00famero uno en el mundo del islam, en lugar del n\u00famero uno del mundo. Tambi\u00e9n se le llama protector de <em>Harmain Sharifain<\/em> (es decir, las mezquitas sagradas de La Meca y Medina), y ciertos c\u00edrculos religiosos de Pakist\u00e1n emiten fatuas (decretos religiosos isl\u00e1micos) a favor de su santidad\u00bb.<\/p>\n<p>Maulana Abdul Hakeem Siddiqui, el autor del art\u00edculo, destaca el alineamiento hist\u00f3rico del ej\u00e9rcito paquistan\u00ed con los intereses brit\u00e1nicos y estadounidenses, destacando como resultado su papel en los conflictos internacionales. Sostiene que la misi\u00f3n del ej\u00e9rcito no es proteger al islam y a los musulmanes a nivel mundial sino servir los intereses de Pakist\u00e1n. Tambi\u00e9n se\u00f1ala que el silencio de los militares sobre el tema Israel-Palestina se debe a su alineaci\u00f3n con naciones poderosas tales como Estados Unidos, m\u00e1s que a ser un ej\u00e9rcito isl\u00e1mico.<\/p>\n<p>\u00abEl ej\u00e9rcito paquistan\u00ed nunca tendr\u00e1 el coraje de emitir ninguna condena a Israel porque el tema es entre Estados Unidos e Israel; Israel le pertenece a Estados Unidos&#8230; el ej\u00e9rcito paquistan\u00ed es esclavo de los estadounidenses. Imaginen que un esclavo pudiera mostrarle los ojos a su amo y al hijo de su amo\u00bb, dice el autor.<\/p>\n<p><em><img decoding=\"async\" src=\"https:\/\/www.memri.org\/sites\/default\/files\/2023\/jttm1117232.jpg\" \/>Captura de pantalla de un art\u00edculo titulado \u00abDisputa Palestina-Israel y expectativas del ej\u00e9rcito paquistan\u00ed\u00bb<\/em><\/p>\n<p>Uno de los art\u00edculos principales de la revista se titula \u00abLa alianza del kufr (incredulidad) y las protestas de los musulmanes divididas en pedazos\u00bb y escrito por Abdullah Mujahid. Analiza la guerra en curso entre Israel y Ham\u00e1s y destaca la falta de respuestas pr\u00e1cticas de los pa\u00edses musulmanes. Comienza se\u00f1alando que el tema de Palestina no ha recibido ninguna acci\u00f3n o apoyo sustancial por parte de las naciones musulmanas. A pesar de condenar las acciones de Israel en Gaza, los l\u00edderes musulmanes no han tomado medidas efectivas en apoyo a la causa palestina, a\u00f1ade.<\/p>\n<p>El art\u00edculo tambi\u00e9n enfatiza que la soluci\u00f3n al tema palestino reside en la yihad, no s\u00f3lo en las protestas, y cita ejemplos hist\u00f3ricos de yihad que llevaron a los \u00e9xitos de los musulmanes. Dice que la importancia de la mezquita Al-Aqsa y de Palestina se extiende m\u00e1s all\u00e1 de una sola tierra o naci\u00f3n; ocupa un lugar especial en la herencia y en espiritualidad isl\u00e1mica.<\/p>\n<p>\u00abLa fuerza de los musulmanes no es la protesta, sino la yihad. \u00a1S\u00ed! Los musulmanes siempre han tenido \u00e9xito con la yihad \u2013 las protestas se han ido sucediendo durante d\u00e9cadas en Palestina, Cachemira y Birmania (Myanmar), pero con la bendici\u00f3n de la yihad, los musulmanes han derrotado la incredulidad del mundo entero en s\u00f3lo 20 a\u00f1os\u00bb, dice en referencia a la derrota de Estados Unidos por los talib\u00e1n afganos despu\u00e9s de 20 a\u00f1os de guerra.<\/p>\n<p><strong>\u00abLos palestinos deben ser ayudados por la yihad; luego Palestina ser\u00e1 libre\u00bb<\/strong><\/p>\n<p>\u00abLos palestinos deben ser ayudados por la yihad; luego Palestina ser\u00e1 libre; y los pa\u00edses musulmanes deben formar una alianza de naciones musulmanas independientes para establecer su estatus y unirse entre s\u00ed, lo que funcionar\u00e1 s\u00f3lo para el inter\u00e9s colectivo y la unidad de los pa\u00edses musulmanes\u00bb, sugiere el autor Abdullah Mujahid.<\/p>\n<p>La revista tambi\u00e9n incluye una entrevista de maulana Qari Shoaib, miembro del Rahbari Shura (Consejo de Liderazgo) de Tehreek-e-Talib\u00e1n Pakist\u00e1n, en la que describe la perspectiva del grupo sobre el conflicto entre Israel y Palestina. Dice que el TTP apoya firmemente a los palestinos y condena a Israel, describi\u00e9ndolo como una fuerza de ocupaci\u00f3n que se ha apoderado de tierras palestinas.<\/p>\n<p>\u00abIsrael est\u00e1 trayendo a m\u00e1s jud\u00edos para que vivan all\u00ed\u00bb, dice el comandante del TTP y sugiere que las acciones de Israel no s\u00f3lo est\u00e1n causando un inmenso da\u00f1o, sino que \u00abtambi\u00e9n son parte de una agenda sionista mucho m\u00e1s amplia\u00bb. Analiza acontecimientos hist\u00f3ricos como los primeros movimientos sionistas y la Declaraci\u00f3n Balfour del a\u00f1o 1917, que allan\u00f3 el camino para la creaci\u00f3n de Israel en Palestina.<\/p>\n<p><em><img decoding=\"async\" src=\"https:\/\/www.memri.org\/sites\/default\/files\/2023\/jttm1117233.jpg\" \/>La portada de la edici\u00f3n No. 21 de la revista.<\/em><\/p>\n<p>Uno de los art\u00edculos analiza la situaci\u00f3n actual en Palestina, particularmente en Gaza, donde los musulmanes palestinos enfrentan graves dificultades debido a las acciones israel\u00edes resultantes de los ataques perpetrados el 7 de octubre de 2023 por Ham\u00e1s contra Israel. Destaca el uso desproporcionado de la fuerza por parte del ej\u00e9rcito israel\u00ed, que provoc\u00f3 la muerte de muchos palestinos, incluyendo a mujeres y ni\u00f1os.<\/p>\n<p>El art\u00edculo critica la falta de medidas significativas o de apoyo por parte de la comunidad internacional, incluyendo los pa\u00edses y organizaciones isl\u00e1micas. El p\u00e1rrafo sugiere que \u00ablas naciones musulmanas deber\u00edan unirse bajo un liderazgo fuerte, como el califato otomano en el pasado\u00bb con el prop\u00f3sito de abordar los problemas comunes que enfrentan los musulmanes en todo el mundo.<\/p>\n<p>Respecto al tema palestino, la \u00faltima p\u00e1gina de la revista porta una imagen de Al-Aqsa junto a un \u00abmensaje\u00bb que lee: \u00abLos eruditos deber\u00edan concienciar a los musulmanes comunes sobre la historia e importancia religiosa y pol\u00edtica de Palestina. \u00bfCu\u00e1l es la disputa palestina, y por qu\u00e9 los musulmanes deber\u00edan ser sensibles al respecto? &#8211; la generaci\u00f3n de j\u00f3venes deber\u00eda estar consciente de la situaci\u00f3n real. \u00bfCu\u00e1les son los cr\u00edmenes y la psicolog\u00eda de los jud\u00edos y por qu\u00e9 han sido llamados la fuente del mal&#8230; en el cap\u00edtulo m\u00e1s extenso del Cor\u00e1n?\u00bb<\/p>\n<p><strong>\u00ab\u00bfCu\u00e1l es la diferencia entre guerra y yihad, y por qu\u00e9 Ham\u00e1s mantiene su orientaci\u00f3n actual? La nueva generaci\u00f3n debe ser ilustrada sobre estas realidades\u00bb<\/strong><\/p>\n<p>El mensaje agrega: \u00abEn la era actual, \u00bfpor qu\u00e9 existe una alianza entre Israel, Estados Unidos y Europa? \u00bfCu\u00e1l es la diferencia entre guerra y yihad, y por qu\u00e9 Ham\u00e1s mantiene su actual orientaci\u00f3n? La nueva generaci\u00f3n debe ser ilustrada sobre estas realidades\u00bb. Dice: \u00abEs responsabilidad de quienes est\u00e1n conectados con los medios de comunicaci\u00f3n, o al menos utilizan las redes sociales, a no transmitir informaci\u00f3n falsa y no-autenticada, sino m\u00e1s bien exponer la propaganda del enemigo&#8230;\u00bb<\/p>\n<p>Como art\u00edculo habitual, la revista publica una infograf\u00eda sobre las actividades ejecutadas por los muyahidines del grupo Tehreek-e-Talib\u00e1n Pakist\u00e1n (TTP) cada mes. La edici\u00f3n actual de la revista incluye dicha infograf\u00eda y un informe detallado con informes de las operaciones del TTP ejecutadas en octubre de 2023.<\/p>\n<p>Seg\u00fan la infograf\u00eda, el grupo militante llev\u00f3 a cabo un total de 83 ataques durante el mes de octubre. Estos ataques provocaron la muerte y lesiones a 211 miembros del ej\u00e9rcito, polic\u00eda, el Departamento Antiterrorista, la fuerza paramilitar Frontier Corps y las agencias de inteligencia de Pakist\u00e1n, entre otros. Adem\u00e1s, los militantes del TTP se apoderaron supuestamente de una cantidad significativa de armas y otros equipos de las fuerzas de seguridad paquistan\u00edes.<\/p>\n<p><em><img decoding=\"async\" src=\"https:\/\/www.memri.org\/sites\/default\/files\/2023\/jttm1117234.jpg\" \/>Infograf\u00eda incluida en la revista detalla los ataques del TTP en octubre de 2023<\/em><\/p>\n<p>Existen varios art\u00edculos en la revista de importancia religiosa isl\u00e1mica. Los siguientes art\u00edculos son mencionados en el \u00edndice de la revista: \u00abEditorial \u2013 Palestina ensangrentada\u00bb; \u00abLa breve historia de 3.500 a\u00f1os de los jud\u00edos\u00bb, de muft\u00ed Gufran; \u00abLa disputa Palestina-Israel y las expectativas del ej\u00e9rcito paquistan\u00ed\u00bb por maulana Adul Hakeem Siddiqui; \u00abUna discusi\u00f3n sobre Hazrat Sabit Bint Qais Ansari\u00bb por Ustad Zakirulllah; \u00abLa alianza del kufr (incredulidad) y las protestas de los musulmanes divididas en pedazos\u00bb por Abdullah Mujahid; \u00abUna entrevista con maulana Qari Shoaib sobre la situaci\u00f3n actual en Palestina\u00bb; \u00abLa cuesti\u00f3n palestina y 58 pa\u00edses isl\u00e1micos\u00bb por maulana Abu Muhammad Afridi\u00bb; \u00abEl ej\u00e9rcito paquistan\u00ed: \u00bfcu\u00e1ndo y c\u00f3mo surgi\u00f3? Parte 2\u00bb, por el ingeniero Saad Memon; \u00abTraducci\u00f3n al urdu del libro biogr\u00e1fico en lengua pashtu &#8216;L\u00edderes de la caravana de la verdad&#8217; sobre los principales l\u00edderes del Emirato Isl\u00e1mico de Afganist\u00e1n &#8211; Parte 6\u00bb, traducci\u00f3n del jeque Abdul Rehman Hammad, graduado de Darul Uloom Madrassa, Karachi. \u00abLos gritos de los oprimidos \u2013 Quinta parte de un libro sobre los prisioneros escrito por el muft\u00ed Tarek Mehsud, miembro del Rahbari Shura (Consejo de Liderazgo) del TTP\u00bb; \u00abLa Constituci\u00f3n de Pakist\u00e1n: \u00bfisl\u00e1mica o no-isl\u00e1mica? Parte 6\u00bb, por el jeque Abdur Rehaman Hammad; \u00ab\u00bfPor qu\u00e9 las declaraciones m\u00e1s duras son s\u00f3lo para los d\u00e9biles &#8211; como el estado, como el tablero de cr\u00edquet?\u00bb, por maulana Khalid Quraishi; \u00abLa mejor ley\u00bb de Ilias Yousufzai; y \u00abLa estrategia real y revolucionaria para los cr\u00edmenes cometidos (por Israel) en Al-Quds (Jerusal\u00e9n), los musulmanes de Pakist\u00e1n y la ummah musulmana\u00bb por Hazabah Ghazi.<\/p>\n<p><em>*Mantasha Ansari es asistente de investigaci\u00f3n en el Proyecto Estudios del Sudeste Asi\u00e1tico en MEMRI.<\/em><\/p>\n<p>Fuente: Archive.org, consultado el 7 de noviembre de 2023.<\/p>\n<p>&nbsp;<\/p>\n","protected":false},"excerpt":{"rendered":"<p>El siguiente informe es ahora una entrega gratuita del Proyecto Supervisi\u00f3n a la Amenaza Terrorista y Yihad de MEMRI (JTTM). Para informaci\u00f3n sobre como suscribirse al JTTM, pulse aqu\u00ed. La \u00faltima edici\u00f3n de la revista en urdu \u00abTalib\u00e1n\u00bb, publicada por Tehreek-e-Talib\u00e1n Pakist\u00e1n (TTP), contiene varios art\u00edculos sobre los jud\u00edos e Israel, condena los ataques israel\u00edes [&hellip;]<\/p>\n","protected":false},"author":1,"featured_media":63743,"comment_status":"open","ping_status":"open","sticky":false,"template":"","format":"standard","meta":{"footnotes":""},"categories":[145,2],"tags":[],"class_list":["post-63742","post","type-post","status-publish","format-standard","has-post-thumbnail","hentry","category-pakistan","category-featured"],"_links":{"self":[{"href":"https:\/\/www2.memri.org\/espanol\/wp-json\/wp\/v2\/posts\/63742","targetHints":{"allow":["GET"]}}],"collection":[{"href":"https:\/\/www2.memri.org\/espanol\/wp-json\/wp\/v2\/posts"}],"about":[{"href":"https:\/\/www2.memri.org\/espanol\/wp-json\/wp\/v2\/types\/post"}],"author":[{"embeddable":true,"href":"https:\/\/www2.memri.org\/espanol\/wp-json\/wp\/v2\/users\/1"}],"replies":[{"embeddable":true,"href":"https:\/\/www2.memri.org\/espanol\/wp-json\/wp\/v2\/comments?post=63742"}],"version-history":[{"count":0,"href":"https:\/\/www2.memri.org\/espanol\/wp-json\/wp\/v2\/posts\/63742\/revisions"}],"wp:featuredmedia":[{"embeddable":true,"href":"https:\/\/www2.memri.org\/espanol\/wp-json\/wp\/v2\/media\/63743"}],"wp:attachment":[{"href":"https:\/\/www2.memri.org\/espanol\/wp-json\/wp\/v2\/media?parent=63742"}],"wp:term":[{"taxonomy":"category","embeddable":true,"href":"https:\/\/www2.memri.org\/espanol\/wp-json\/wp\/v2\/categories?post=63742"},{"taxonomy":"post_tag","embeddable":true,"href":"https:\/\/www2.memri.org\/espanol\/wp-json\/wp\/v2\/tags?post=63742"}],"curies":[{"name":"wp","href":"https:\/\/api.w.org\/{rel}","templated":true}]}}