{"id":63678,"date":"2023-11-16T14:59:59","date_gmt":"2023-11-16T12:59:59","guid":{"rendered":"https:\/\/www2.memri.org\/espanol\/?p=63678"},"modified":"2023-11-16T14:59:59","modified_gmt":"2023-11-16T12:59:59","slug":"relaciones-turquia-hamas-desde-2004-hasta-hoy-300-millones-de-dolares-un-centro-de-hamas-en-estambul-para-ciberataques-y-contrainteligencia-y-muchos-ciudadanos-designados-por-el-departamento-del-te","status":"publish","type":"post","link":"https:\/\/www2.memri.org\/espanol\/relaciones-turquia-hamas-desde-2004-hasta-hoy-300-millones-de-dolares-un-centro-de-hamas-en-estambul-para-ciberataques-y-contrainteligencia-y-muchos-ciudadanos-designados-por-el-departamento-del-te\/63678","title":{"rendered":"Relaciones Turqu\u00eda-Ham\u00e1s desde 2004 hasta hoy: 300 millones de d\u00f3lares, un centro de Ham\u00e1s en Estambul para ciberataques y contrainteligencia, y muchos ciudadanos designados por el Departamento del Tesoro"},"content":{"rendered":"<p><em>Las estrechas relaciones del presidente turco, Recep Tayyip Erdo\u011fan, con Ham\u00e1s, cuyo registro p\u00fablico se remonta a casi 20 a\u00f1os atr\u00e1s, parecen no haberse visto afectadas en gran medida por el ataque de Ham\u00e1s contra Israel el 7 de octubre. Si bien hay rumores de que Isma&#8217;il Haniyeh &#8211; quien desde 2017 ha sido presidente del Bur\u00f3 Pol\u00edtico de Ham\u00e1s &#8211; estuvo en Estambul el 7 de octubre, e informes de que Erdo\u011fan posteriormente le pidi\u00f3 a \u00e9l y al resto de Ham\u00e1s que abandonaran Turqu\u00eda, la veracidad de estas afirmaciones a\u00fan no est\u00e1 confirmada.<\/em><\/p>\n<p><em>Lo que est\u00e1 claro es que la ret\u00f3rica de Erdo\u011fan, despu\u00e9s de que calificara el ataque como \u00abel terrorismo m\u00e1s bajo\u00bb el d\u00eda que ocurri\u00f3, desde entonces se ha inclinado contra Israel. El presidente turco elogi\u00f3 a Ham\u00e1s, llam\u00e1ndolo \u00abun grupo de liberaci\u00f3n y un grupo de muyahidines\u00bb, al tiempo que acusaba a Israel de cr\u00edmenes de guerra y amenazaba con una acci\u00f3n militar, diciendo: \u00absepan que ya sea que estemos en Libia o en Nagorno-Karabaj, somos los mismos en Medio Oriente, con la misma determinaci\u00f3n\u00bb.<\/em><\/p>\n<p><em>El gobierno turco nunca design\u00f3 a Ham\u00e1s como organizaci\u00f3n terrorista, y el apoyo de Erdo\u011fan al grupo se remonta al menos a cuando conden\u00f3 la muerte del fundador y l\u00edder espiritual de Ham\u00e1s, Ahmed Yassin, en un ataque israel\u00ed en Gaza el 22 de marzo de 2004. Desde entonces, recibi\u00f3 personalmente a Khaled Mash&#8217;al, quien fue presidente del Bur\u00f3 Pol\u00edtico de Ham\u00e1s de 1996 a 2017, y a Ismail Haniyeh. Lo hizo muchas veces y en los palacios y pabellones m\u00e1s prestigiosos e hist\u00f3ricos de Estambul y Ankara.<\/em><\/p>\n<p><em><img decoding=\"async\" src=\"https:\/\/www.memri.org\/sites\/default\/files\/2023\/IA1728.jpg\" \/>Haniyeh, Mash&#8217;al y Erdo\u011fan en una reuni\u00f3n en Ankara el 18 de junio de 2013.<\/em><\/p>\n<p><em>Hay informes de que, entre otras cosas, Erdo\u011fan prometi\u00f3 a Ham\u00e1s 300 millones de d\u00f3lares en ayuda, que hay un centro secreto de Ham\u00e1s para ataques cibern\u00e9ticos y operaciones de contrainteligencia en Estambul y que Erdo\u011fan ha ayudado a Ham\u00e1s utilizando la firma turca de contrataci\u00f3n de defensa SADAT, que est\u00e1 cerca del Gobierno. La Oficina de Control de Activos Extranjeros (OFAC) del Departamento del Tesoro de Estados Unidos design\u00f3 a muchos agentes de Ham\u00e1s de origen turco o que viven en Turqu\u00eda como Nacionales Especialmente Designados (SDN).<\/em><\/p>\n<p><em>El 26 de octubre, 44 miembros del Congreso enviaron una carta al secretario de Estado Antony Blinken, que dec\u00eda: \u00abLe escribimos para instarle encarecidamente a que tome medidas decisivas para responsabilizar a la Rep\u00fablica de Turqu\u00eda por su papel de apoyo y facilitaci\u00f3n de las operaciones de Ham\u00e1s.\u00bb<\/em><\/p>\n<p><em>Los firmantes pidieron al gobierno que \u00abemplee todo el espectro de sus herramientas diplom\u00e1ticas y de seguridad nacional para cortar cualquier v\u00ednculo pol\u00edtico, log\u00edstico y financiero entre Turqu\u00eda y Ham\u00e1s, que permita a Ham\u00e1s cometer actos atroces de terrorismo contra Israel. En consecuencia, le instamos a exigir que Turqu\u00eda act\u00fae contra Ham\u00e1s inmediatamente y sin equ\u00edvocos\u00bb. El texto se\u00f1alaba que \u00abel apoyo pol\u00edtico, log\u00edstico y financiero brindado desde hace mucho tiempo por Turqu\u00eda y el presidente Erdogan a Ham\u00e1s es bien conocido y un motivo de grave preocupaci\u00f3n\u00bb. [1] La carta describ\u00eda las actividades de los agentes clave de Ham\u00e1s en Turqu\u00eda, entre ellos Salih Al-Aruri, Zaher Jabarin y Jihad Yaghmour.<\/em><\/p>\n<p><em><img loading=\"lazy\" decoding=\"async\" class=\"\" src=\"https:\/\/www.memri.org\/sites\/default\/files\/2023\/IA17281.jpg\" width=\"577\" height=\"798\" \/>Cuarenta y cuatro congresistas firmaron una carta pidiendo al gobierno que abordara la conexi\u00f3n Turqu\u00eda-Ham\u00e1s.<\/em><\/p>\n<p>Este informe revisar\u00e1 las relaciones entre Turqu\u00eda y Ham\u00e1s antes y despu\u00e9s del ataque del 7 de octubre.<\/p>\n<p><strong>Relaciones entre Turqu\u00eda y Ham\u00e1s desde el ataque del 7 de octubre<\/strong><\/p>\n<p>El 7 de octubre, despu\u00e9s del ataque de Ham\u00e1s contra Israel ese mismo d\u00eda, Erdo\u011fan pidi\u00f3 \u00abmoderaci\u00f3n\u00bb de ambas partes y calific\u00f3 el ataque como \u00abel terrorismo m\u00e1s bajo\u00bb. [2] Tres d\u00edas despu\u00e9s, pidi\u00f3 el establecimiento de un Estado palestino independiente basado en las fronteras de 1967, con Jerusal\u00e9n Este como su capital.[3] El 21 de octubre se inform\u00f3 que Erdo\u011fan hab\u00eda hablado por tel\u00e9fono con Haniyeh sobre el env\u00edo de ayuda humanitaria a Gaza y sobre la posibilidad de que los heridos en Gaza recibieran tratamiento en Turqu\u00eda seg\u00fan fuera necesario.[4]<\/p>\n<p>Desde el 7 de octubre hubo rumores de que Haniyeh y otros altos funcionarios de Ham\u00e1s estaban en Estambul ese d\u00eda. Fuera as\u00ed o no, el periodista turco Fehim Ta\u015ftekin escribi\u00f3 en una columna en Al-Monitor el 22 de octubre que dos fuentes le hab\u00edan dicho que el gobierno turco hab\u00eda dicho \u00abgentilmente\u00bb a Haniyeh y Ham\u00e1s que abandonaran el pa\u00eds.[5] El Centro Contra la Desinformaci\u00f3n del Ministerio de Comunicaci\u00f3n Presidencial tuite\u00f3 el 23 de octubre en \u00e1rabe que \u201clas afirmaciones de que el presidente Recep Tayyip Erdo\u011fan hab\u00eda dado instrucciones a funcionarios de alto nivel de Ham\u00e1s para que abandonaran Turqu\u00eda inmediatamente son completamente infundadas\u201d. [6] Algunos observaron que el art\u00edculo de Ta\u015ftekin nunca sugiri\u00f3 que Erdo\u011fan hubiera dado instrucciones a funcionarios de alto nivel de Ham\u00e1s para \u00ababandonar Turqu\u00eda inmediatamente\u00bb y que, por el contrario, hab\u00eda dicho que la solicitud se hab\u00eda hecho \u00abgentilmente\u00bb, sugiriendo la posibilidad de que el Ministerio de Comunicaci\u00f3n Presidencial hubiera escrito su tuit cuidadosamente para que fuera literalmente cierto, pero que Erdo\u011fan efectivamente hab\u00eda pedido a Ham\u00e1s que se fuera.[7]<\/p>\n<p><img decoding=\"async\" src=\"https:\/\/www.memri.org\/sites\/default\/files\/2023\/IA17282.jpg\" \/><\/p>\n<p>Erdo\u011fan dijo el 25 de octubre que Ham\u00e1s no es terrorista, sino \u00abun grupo de liberaci\u00f3n y un grupo de muyahidines\u00bb[8] que est\u00e1n \u00abactuando en su propio suelo\u00bb.[9] En la Gran Manifestaci\u00f3n Palestina celebrada en el Aeropuerto Internacional Atat\u00fcrk en Estambul el 28 de octubre, Erdo\u011fan dijo: \u00abDesafortunadamente, entre los pol\u00edticos de mi pa\u00eds, hay quienes dejan a Ham\u00e1s a [merced de] Netanyahu. [Dicen:] &#8216;Ham\u00e1s son tan terroristas como Netanyahu'\u00bb. \u00a1Qu\u00e9 verg\u00fcenza!&#8230; \u00bfSaben que dije que Ham\u00e1s no es una organizaci\u00f3n terrorista? Israel est\u00e1 muy molesto por esto. De todos modos, no esperaba nada diferente. Sab\u00eda que dir\u00edan esto, y por eso lo expres\u00e9 abierta y claramente&#8230; Israel: \u00bfc\u00f3mo lleg\u00f3 a esta zona? \u00bfC\u00f3mo entr\u00f3 en ella? Usted es un ocupante. Usted es una organizaci\u00f3n. La naci\u00f3n turca lo sabe. Occidente est\u00e1 en deuda con usted, pero Turqu\u00eda no. Por eso hablamos con tanta libertad&#8230; Le pido a Occidente: \u00bfQuieren provocar una vez m\u00e1s una lucha entre la Media Luna y los Cruzados? Si tienen esa intenci\u00f3n, sepan que esta naci\u00f3n no est\u00e1 muerta. Esta naci\u00f3n est\u00e1 viva. Y sepan que, ya sea que estemos en Libia o en Nagorno-Karabaj, somos los mismos en Medio Oriente, con la misma determinaci\u00f3n&#8230; Ahora, Israel, vamos a declarar al mundo que ustedes son criminales de guerra. \u00ab[10]<\/p>\n<p><img decoding=\"async\" src=\"https:\/\/www.memri.org\/sites\/default\/files\/2023\/IA17283.jpg\" \/><em>La multitud en la Gran Manifestaci\u00f3n Palestina en Estambul el 28 de octubre.<\/em><\/p>\n<p>Tambi\u00e9n hubo discusiones sobre un esfuerzo por parte del gobierno turco para formar un \u00abHam\u00e1s kurdo\u00bb utilizando H\u00fcda-Par, un partido pol\u00edtico que es descendiente de Hezbollah en Turqu\u00eda.[11] Varios hechos indican que Hezbollah en Turqu\u00eda recibi\u00f3 financiaci\u00f3n, apoyo log\u00edstico y capacitaci\u00f3n del gobierno iran\u00ed.[12] Despu\u00e9s de una ofensiva del gobierno turco contra Hezbollah en Turqu\u00eda a finales de los a\u00f1os 1990 y principios de los a\u00f1os 2000, los restos del grupo formaron m\u00e1s tarde el H\u00fcr Dava Partisi (\u00abPartido de la Causa Libre\u00bb), m\u00e1s conocido por su abreviatura como H\u00fcda-Par (\u00abH\u00fcda\u00bb es la palabra kurda para Dios, tomada del farsi).[13] Hoy en d\u00eda, H\u00fcda-Par es un partido peque\u00f1o[14] que en general se hace eco de la pol\u00edtica iran\u00ed en diversas cuestiones. Antes de las elecciones de mayo de 2023 en Turqu\u00eda, el partido AKP de Erdo\u011fan se ali\u00f3 con H\u00fcda -Par y, como resultado, cuatro de los representantes del partido ingresaron al parlamento por primera vez.[15]<\/p>\n<p><strong>Relaciones entre Ham\u00e1s y Turqu\u00eda antes del 7 de octubre: de 300 millones de d\u00f3lares en apoyo a un centro secreto en Estambul para ataques cibern\u00e9ticos y operaciones de contrainteligencia<\/strong><\/p>\n<p>Turqu\u00eda nunca reconoci\u00f3 a Ham\u00e1s como una organizaci\u00f3n terrorista y sus relaciones se remontan a casi 20 a\u00f1os. Cuando el fundador y l\u00edder espiritual de Ham\u00e1s, Ahmed Yassin, muri\u00f3 en un ataque israel\u00ed en Gaza el 22 de marzo de 2004, el entonces primer ministro Erdo\u011fan conden\u00f3 el ataque, llam\u00f3 a Israel \u00abEstado terrorista\u00bb y dijo que \u00abuna sombra hab\u00eda ca\u00eddo sobre la paz\u00bb. [16] El 12 de noviembre de ese a\u00f1o se inform\u00f3 que Erdo\u011fan hab\u00eda asistido al funeral de Yasser Arafat, en el que tambi\u00e9n estuvo presente Khaled Mash&#8217;al.[17]<\/p>\n<p>En septiembre de 2010, los diarios israel\u00edes informaron que Ham\u00e1s estaba recibiendo entrenamiento en Turqu\u00eda,[18] y en septiembre de 2011, despu\u00e9s de que Turqu\u00eda impusiera una serie de sanciones diplom\u00e1ticas a Israel, Ham\u00e1s celebr\u00f3 una manifestaci\u00f3n en Gaza para agradecer a Turqu\u00eda [19]. En diciembre de ese a\u00f1o, un medio de comunicaci\u00f3n palestino cit\u00f3 fuentes turcas que dec\u00edan que Erdo\u011fan hab\u00eda \u00abenviado una carta confidencial\u00bb a Haniyeh \u00abinvit\u00e1ndolo a visitar Turqu\u00eda e inform\u00e1ndole que hab\u00eda decidido conceder al gobierno de Haniyya 300 millones de d\u00f3lares\u00bb. \u00a0Haniyeh visit\u00f3 Turqu\u00eda un mes despu\u00e9s, en enero de 2012, y dijo en una entrevista con la agencia estatal turca Anadolu, entre otras cosas, \u00abestamos agradecidos a Turqu\u00eda\u00bb. [21] El 2 de abril de 2014, que en una de las avenidas m\u00e1s grandes de Gaza se hab\u00eda expuesto en un cartel gigantesco una imagen protagonizada por Erdo\u011fan. El cartel dec\u00eda: \u00abJerusal\u00e9n espera a sus valientes\u00bb. La imagen tambi\u00e9n mostraba al emir qatar\u00ed Tamim bin Hamad Al Thaani y al ex emir jeque Hamad bin Halife Al Thaani. El director de la Unidad de Actividades Sociales de Ham\u00e1s, Ashraf Abu Zaid, dijo que el cartel ten\u00eda por objeto agradecer a quienes hab\u00edan apoyado a Gaza.[22]<\/p>\n<p><img decoding=\"async\" src=\"https:\/\/www.memri.org\/sites\/default\/files\/2023\/IA17284.jpg\" \/><\/p>\n<p><strong>Un gran cartel en una avenida principal de Gaza con la imagen de Erdo\u011fan que dice \u00abJerusal\u00e9n espera a sus valientes\u00bb.<\/strong><\/p>\n<p>En febrero de 2018, el Shin Bet israel\u00ed acus\u00f3 a Turqu\u00eda de ayudar a Ham\u00e1s utilizando la firma contratista de defensa turca SADAT Inc.[23] El general turco retirado Adnan Tanr\u0131verdi, fundador de SADAT y asesor principal del presidente turco Recep Tayyip Erdo\u011fan desde agosto de 2016 hasta principios de 2020, dijo en una conferencia los d\u00edas 29 y 30 de noviembre de 2019 en el Hotel Mariott en el distrito de \u015ei\u015fli de Estambul que \u201cel mundo isl\u00e1mico deber\u00eda preparar un ej\u00e9rcito para Palestina desde fuera de Palestina. Israel deber\u00eda saber que, si bombardea [Palestina], una bomba caer\u00e1 tambi\u00e9n sobre Tel Aviv\u201d.[24]<\/p>\n<p>El 21 de mayo de 2018 se inform\u00f3 que Erdo\u011fan hab\u00eda estado presionando al presidente de la Autoridad Palestina, Mahmoud Abbas, para que se reconciliara con Ham\u00e1s,[25]. Cinco meses despu\u00e9s, el 7 de octubre de 2020, se inform\u00f3 que representantes de Ham\u00e1s y Fatah se hab\u00edan reunido en Estambul. .[26] El 23 de octubre de ese a\u00f1o se inform\u00f3 que Ham\u00e1s hab\u00eda establecido, dos a\u00f1os antes, un centro secreto en Estambul para ataques cibern\u00e9ticos y operaciones de contrainteligencia.[27]<\/p>\n<p>M\u00e1s recientemente hubo informes de tensiones en las relaciones de Ham\u00e1s con Turqu\u00eda centradas en el desarrollo de las relaciones de este \u00faltimo con Israel. El 26 de enero de 2021 se inform\u00f3 que el gobierno turco hab\u00eda comenzado a restringir las actividades de Ham\u00e1s dentro de Turqu\u00eda,[28]. El 22 de septiembre de 2023 se inform\u00f3 que acad\u00e9micos palestinos, algunos de los cuales eran miembros de Ham\u00e1s, hab\u00edan condenado medidas que Erdo\u011fan avanz\u00f3 hacia la normalizaci\u00f3n con Israel, incluida una reuni\u00f3n entre Erdo\u011fan y el primer ministro israel\u00ed Binyamin Netanyahu en Nueva York.[29] El 27 de septiembre, Abu Marzouk, vicepresidente del Bur\u00f3 Pol\u00edtico de Ham\u00e1s, dijo en una reuni\u00f3n en Estambul que el gas natural sobre el cual Erdo\u011fan estaba regateando con Israel hab\u00eda sido robado a los palestinos.[30]<\/p>\n<p><strong>Designaciones del Departamento del Tesoro de decenas de terroristas de Ham\u00e1s que son de origen turco o que operan en Turqu\u00eda<\/strong><\/p>\n<p>A lo largo de los a\u00f1os, la Oficina de Control de Activos Extranjeros (OFAC) del Departamento del Tesoro de Estados Unidos incluy\u00f3 a varios agentes de Ham\u00e1s de origen turco o que viven en Turqu\u00eda como Nacionales Especialmente Designados (SDN). Salih Muhammad Sulayman Al-Aruri &#8211; quien se encuentra entre los fundadores del ala militar de Ham\u00e1s, las Brigadas Iz Al-Din Al-Qassam &#8211; fue nombrado terrorista global especialmente designado el 10 de septiembre de 2015 [31] y fue elegido l\u00edder adjunto de la oficina pol\u00edtica de Ham\u00e1s en octubre de 2017. Para obtener informaci\u00f3n que conduzca a la captura de Al-Aruri, el Programa de Recompensas por la Justicia del Departamento de Estado ofrece una recompensa de hasta 5 millones de d\u00f3lares.[32] Seg\u00fan se informa, Al-Aruri vivi\u00f3 en Turqu\u00eda alg\u00fan tiempo durante la Guerra Civil Siria.[33]<\/p>\n<p>Hablando en una conferencia de la Asociaci\u00f3n de Eruditos Musulmanes en Estambul el 20 de agosto de 2014, Al-Aruri tambi\u00e9n dijo que el 12 de junio de ese a\u00f1o, las Brigadas Al-Qassam hab\u00edan secuestrado a tres adolescentes israel\u00edes en Cisjordania, que luego fueron encontrados muertos el 30 de junio. En una entrevista con Yahoo News dos d\u00edas despu\u00e9s, Mash&#8217;al no neg\u00f3 la declaraci\u00f3n de Aruri, pero enfatiz\u00f3 que el secuestro hab\u00eda sido ejecutado sin el conocimiento del ala pol\u00edtica de Ham\u00e1s.[34]<\/p>\n<p><em><img loading=\"lazy\" decoding=\"async\" class=\"\" src=\"https:\/\/www.memri.org\/sites\/default\/files\/2023\/IA17285.jpg\" width=\"560\" height=\"726\" \/>Salih Al-Aruri vivi\u00f3 en Turqu\u00eda durante la Guerra Civil Siria.<\/em><\/p>\n<p>El 19 de septiembre de 2019 la OFAC sancion\u00f3 a varios funcionarios de Ham\u00e1s radicados en Turqu\u00eda. Entre ellos se encuentra Zaher Jabarin, quien supuestamente es jefe de la Oficina de Finanzas de Ham\u00e1s y \u00abadministra el presupuesto anual de Ham\u00e1s que asciende a decenas de millones de d\u00f3lares. Jabarin est\u00e1 a cargo de los ingresos de Ham\u00e1s, provenientes de varios elementos alrededor del mundo, y busca obtener fuentes adicionales de financiamiento para Ham\u00e1s&#8230; Jabarin se centr\u00f3 en desarrollar una red financiera en Turqu\u00eda que permitir\u00eda a Ham\u00e1s recaudar, invertir y lavar dinero antes de transferirlo a Gaza y el Banco del Oeste.\u00bb Tambi\u00e9n design\u00f3 a Redin Exchange, con sede en Turqu\u00eda, que, en marzo de 2019, junto con el facilitador financiero designado por el Tesoro, Muhammad Sarur, particip\u00f3 en una transferencia de 10 millones de d\u00f3lares a las Brigadas Izz-Al-Din Al-Qassam. [35]<\/p>\n<p>El 23 de septiembre de 2019 se abri\u00f3 una demanda contra el banco turco Kuveyt T\u00fcrk por haber proporcionado apoyo financiero a Ham\u00e1s entre 2012 y 2015. La demanda afirmaba que las autoridades turcas permitieron a las Brigadas Qassam abrir una oficina en Estambul y que la oficina est\u00e1 dirigida por Salih Al-Aruri. Adem\u00e1s afirmaba que muchas operaciones se planearon desde la oficina en Estambul, al igual que un intento de golpe de estado en 2014 contra el l\u00edder palestino Mahmoud Abbas en Cisjordania. [36]<\/p>\n<p>El 24 de mayo de 2022, la OFAC design\u00f3 a un funcionario financiero, a tres facilitadores financieros de Ham\u00e1s y a seis empresas que han generado ingresos para Ham\u00e1s mediante la gesti\u00f3n de una cartera de inversiones internacionales. La Oficina de Inversiones, cuyo liderazgo supervisa esta red, ten\u00eda activos por un valor estimado de m\u00e1s de 500 millones de d\u00f3lares, incluyendo empresas que operan en Sud\u00e1n, Turqu\u00eda, Arabia Saudita, Argelia y los Emiratos \u00c1rabes Unidos (EAU). Hisham Younis Yahia Qafisheh, uno de los designados, es descrito en el anuncio como \u00abun ciudadano jordano radicado en Turqu\u00eda que sirvi\u00f3 como adjunto de Usama Ali y desempe\u00f1\u00f3 un papel importante en la transferencia de fondos en nombre de varias empresas vinculadas a la cartera de inversiones de Ham\u00e1s\u00bb. La instituci\u00f3n se\u00f1ala tambi\u00e9n que, partir de 2018, elementos de Ham\u00e1s ten\u00edan alrededor del 75% del capital emitido en la empresa Trend GYO, con sede en Turqu\u00eda\u00bb.<\/p>\n<p>Nueve personas fueron agregadas a la lista SDN de la OFAC el 18 de octubre de 2023, incluidas cuatro figuras conectadas con Ham\u00e1s relacionadas con su actividad en Turqu\u00eda: Aiman Ahmad Al-Duwaik, Amer Kamal Sharif Al-Shawa, Walid Mohammed Mustafa Jadallah y Ahmed Sadu Jahleb. [38] El 27 de octubre, tambi\u00e9n se agregaron Arwa Saleh Mangoush, Alaeddin Senguler y Gulsah Yigidoglu.[39]<\/p>\n<p><strong>Declaraciones de Erdo\u011fan sobre Ham\u00e1s y el conflicto palestino-israel\u00ed<\/strong><\/p>\n<p>Muchas veces a lo largo de los a\u00f1os Erdo\u011fan ha reiterado expl\u00edcitamente la posici\u00f3n del gobierno turco de que Ham\u00e1s no es una organizaci\u00f3n terrorista, como lo hizo en una entrevista de mayo de 2011 con Charlie Rose.[40] El 13 de enero de 2015 se inform\u00f3 que Erdo\u011fan hab\u00eda dicho que \u00abproteger Jerusal\u00e9n es el deber no s\u00f3lo de Palestina, sino m\u00e1s bien el deber conjunto de todo el mundo musulm\u00e1n\u00bb. [41] Un tuit publicado el 15 de mayo de 2018 \u00a0en la cuenta oficial de Twitter en ingl\u00e9s de Erdo\u011fan dec\u00eda: \u00abRecordatorio a Netanyahu: Ham\u00e1s no es una organizaci\u00f3n terrorista y los palestinos no son terroristas. Es un movimiento de resistencia que defiende la patria palestina contra una potencia ocupante. El mundo se solidariza con el pueblo de Palestina y contra sus opresores\u00bb. [42] El 16 de junio de ese a\u00f1o, se inform\u00f3 que Haniyeh hab\u00eda llamado a Erdo\u011fan por tel\u00e9fono para elogiarlo por su postura sobre la cuesti\u00f3n palestina.[43]<\/p>\n<p><img loading=\"lazy\" decoding=\"async\" class=\"\" src=\"https:\/\/www.memri.org\/sites\/default\/files\/2023\/IA17286.jpg\" width=\"559\" height=\"363\" \/><\/p>\n<p>En su discurso en la Asamblea General de la ONU de septiembre de 2019, Erdo\u011fan dijo: \u00abEn comparaci\u00f3n con el plan de 1967, Palestina casi dej\u00f3 de existir porque Israel simplemente no se cansa de la ocupaci\u00f3n. \u00bfPara qu\u00e9 sirve la ONU si sus resoluciones contra uno de sus estados miembros, Israel, no significan nada?\u00bb[44] Se inform\u00f3 que Haniyeh hab\u00eda enviado a Erdo\u011fan una carta agradeci\u00e9ndole por el discurso poco despu\u00e9s.[45]<\/p>\n<p><strong>Las reuniones de Erdo\u011fan con Khaled Mash&#8217;al y con \u0130smail Haniyeh<\/strong><\/p>\n<p>Erdo\u011fan se reuni\u00f3 personalmente tanto con Khaled Mash&#8217;al como con Ismail Haniyeh a lo largo de los a\u00f1os. El 15 y 16 de febrero de 2006, tres semanas despu\u00e9s de que Ham\u00e1s ganara las elecciones en la Franja de Gaza el 25 de enero, el entonces jefe del Bur\u00f3 Pol\u00edtico de Ham\u00e1s, Khaled Mash&#8217;al, visit\u00f3 Ankara con un comit\u00e9 de otros cuatro hombres. El plan inicial era que ser\u00eda recibido por el entonces primer ministro Erdo\u011fan, pero despu\u00e9s de que lleg\u00f3 la delegaci\u00f3n se les inform\u00f3 que en su lugar se reunir\u00edan con el entonces ministro de Relaciones Exteriores turco, Abdullah G\u00fcl, en la sede del partido AKP.[46]<\/p>\n<p><em><img decoding=\"async\" src=\"https:\/\/www.memri.org\/sites\/default\/files\/2023\/IA17287.jpg\" \/>Mash&#8217;al y Erdo\u011fan.<\/em><\/p>\n<p>Un reporte indica que Erdo\u011fan se reuni\u00f3 en secreto con Mash&#8217;al cuando este \u00faltimo visit\u00f3 Ankara con cuatro de sus comandantes el 19 de febrero de 2012.[47] En marzo de ese a\u00f1o se inform\u00f3 de otra reuni\u00f3n entre los dos hombres, esta vez en la residencia del primer ministro,[48] y el 24 de julio supuestamente compartieron iftar, la cena para romper el ayuno durante el Ramad\u00e1n[49]. El 30 de septiembre de 2012, se inform\u00f3 que Mash&#8217;al hab\u00eda asistido a un congreso del AKP.[50] Durante una reuni\u00f3n el 8 de octubre de 2013 en Ankara, Mash&#8217;al supuestamente le pidi\u00f3 ayuda a Erdo\u011fan para pagar los salarios de los empleados gubernamentales en Gaza.[51] Seg\u00fan se informa, Erdo\u011fan se reuni\u00f3 con Mash&#8217;al a finales de agosto de 2014, [52] en el Palacio Presidencial de Ankara en septiembre de 2015,[53] en Estambul el 19 de diciembre de 2015,[54] y a finales de abril de 2016 en una reuni\u00f3n a puertas cerradas de una hora y 15 minutos.[55]<\/p>\n<p>Las reuniones entre Erdo\u011fan y Haniyeh &#8211; quien en enero de 2010 sugiri\u00f3 la formaci\u00f3n de una alianza regional que involucrara a Turqu\u00eda &#8211; han sido tan frecuentes como aquellas con Mash&#8217;al.[56] El 2 de noviembre de 2015, Haniyeh supuestamente llam\u00f3 a Erdo\u011fan para felicitarlo por la victoria del AKP en las recientes elecciones, y le dijo que \u00abel \u00e9xito del AKP est\u00e1 resonando en Palestina, Jerusal\u00e9n y Gaza\u00bb. [57]<\/p>\n<p>Haniyeh supuestamente llam\u00f3 a Erdo\u011fan nuevamente el 4 de diciembre de 2017, para discutir los planes de Estados Unidos de reconocer a Jerusal\u00e9n como la capital de Israel.[58] El 7 de diciembre, el entonces presidente de Estados Unidos, Donald Trump, anunci\u00f3 los planes de Estados Unidos de trasladar su embajada a Jerusal\u00e9n. El 14 de diciembre de 2019, que fue el 32\u00ba aniversario de la fundaci\u00f3n de Ham\u00e1s, Erdo\u011fan recibi\u00f3 a Haniyeh en Estambul en el Palacio Dolmabah\u00e7e, que fue el principal centro administrativo del Imperio Otomano de 1856 a 1887 y de 1909 a 1922.[59]<\/p>\n<p><em><img loading=\"lazy\" decoding=\"async\" class=\"\" src=\"https:\/\/www.memri.org\/sites\/default\/files\/2023\/IA17288.jpg\" width=\"527\" height=\"297\" \/>Haniyeh y Erdo\u011fan<\/em><\/p>\n<p>El 1 de febrero de 2020, Erdo\u011fan se reuni\u00f3 con Haniyeh durante una hora y 15 minutos a puertas cerradas en el Pabell\u00f3n Vahdettin, una reconstrucci\u00f3n en el mismo lugar de un pabell\u00f3n que perteneci\u00f3 a Mehmed Vahdettin, el \u00faltimo sult\u00e1n del Imperio Otomano.[60] Respondiendo a las reacciones a su reuni\u00f3n con Haniyeh, Erdo\u011fan dijo en los d\u00edas siguientes: \u00abHablan con el PKK y las YPG, pero al caballero le molesta que hablemos con aquellos que luchan por su propio suelo\u00bb.[61]<\/p>\n<p>Erdo\u011fan se reuni\u00f3 con Haniyeh nuevamente en agosto de 2020.[62] El 26 de julio de 2023 se inform\u00f3 que Erdo\u011fan se hab\u00eda reunido con Mahmoud Abbas e Isma&#8217;il Haniyeh a puertas cerradas en el Palacio Presidencial de Turqu\u00eda.[63] La prensa turca se alegr\u00f3 de informar que tuvieron ese encuentro antes de que Haniyeh y Abbas se reunieran en Cario el 30 de julio.[64]<\/p>\n<p>*A. Smith es director del Proyecto de Estudios de Medios Turcos de MEMRI.<\/p>\n<p>[1] Pappas.house.gov\/sites\/evo-subsites\/pappas.house.gov\/files\/evo-media-document\/10.26.23-rep.-pappas-letter-to-secretary-blinken-on-turkeys- support-for-Ham\u00e1s.pdf, 26 de octubre de 2023.<\/p>\n<p>[2] Dw.com\/tr\/erdo%C4%9Fandan-i%CC%87srail-ve-Ham\u00e1sa-itidal-%C3%A7a%C4%9Fr%C4%B1s%C4%B1\/a-67026854, 7 de octubre , 2023.<\/p>\n<p>[3] Dunya.com\/gundem\/Erdo\u011fandan-filistin-aciklamasi-bagimsiz-filistin-devleti-hayata-gecirilmeli-haberi-707353, 10 de octubre de 2023.<\/p>\n<p>[4] Trthaber.com\/haber\/gundem\/Erdo\u011fan-Ham\u00e1s-siyasi-buro-baskani-Isma&#8217;il-heniyye-ile-gorustu-805799.html, 21 de octubre, 2023; Politikyol.com\/cumhurbaskani-Erdo\u011fan-Ham\u00e1s-lideri-haniye-ile-gorustu, 23 de octubre de 2023.<\/p>\n<p>[5] Al-monitor.com\/tr\/originals\/2023\/10\/eying-gaza-mediator-role-turkey-cools-Ham\u00e1s-ties-Erdo\u011fan-restrains-rhetoric, 22 de octubre, 2023.<\/p>\n<p>[6] Cumhuriyet.com.tr\/siyaset\/cumhurbaskanligi-iletisim-baskanligindan-Ham\u00e1s-iddiasina-yalanlama-2133252<\/p>\n<p>[7] Bbc.com\/turkce\/articles\/cd1d8gv50j1o, 23 de octubre de 2023.<\/p>\n<p>[8] Bbc.com\/turkce\/articles\/c51xzenk981o, 25 de octubre de 2023.<\/p>\n<p>[9] Tr.euronews.com\/2023\/10\/25\/Erdo\u011fan-Ham\u00e1s-teror-orgutu-degil-mucahitler-grubudur, 25 de octubre de 2023.<\/p>\n<p>[10] V\u00e9ase el clip No. 10595 de MEMRI TV, <a href=\"https:\/\/www2.memri.org\/espanol\/tv\/2023\/11\/05\/presidente-turco-recep-tayyip-erdogan-en-referencia-a-la-guerra-entre-hamas-e-israel-turquia-no-le-debe-nada-a-israel-occidente-es-responsable-por-la-masacre-en-gaza-si-quiere-provocar-o\/\">El presidente turco, Recep Tayyip Erdo\u011fan, sobre la guerra entre Ham\u00e1s e Israel: Turqu\u00eda no le debe nada a Israel; Occidente es responsable de la masacre en Gaza; Si quiere provocar otra lucha entre los cruzados y la Media Luna, debe saber que esta naci\u00f3n est\u00e1 viva y bien<\/a>, 28 de octubre de 2023.<\/p>\n<p>[11] Medyascope.tv\/2023\/10\/16\/irfan-aktan-turkiyede-huda-par-araciligiyla-kurt-Ham\u00e1si-olusturulmak-isteniyor, 16 de octubre de 2023.<\/p>\n<p>[12] V\u00e9ase MEMRI Investigaci\u00f3n y An\u00e1lisis No. 1636, <a href=\"https:\/\/www.memri.org\/reports\/turkish-government-released-prison-2019-dozens-iran-backed-hizbullah-hitmen-responsible-over\">Gobierno turco liberado de prisi\u00f3n en 2019 Docenas de sicarios de Hezbollah respaldados por Ir\u00e1n son responsables de m\u00e1s de 100 asesinatos en Turqu\u00eda<\/a>, 7 de junio, 2022.<\/p>\n<p>[13] Bianet.org\/biamag\/toplum\/145800-hizbullah-teblig-cemaat-cihat, 13 de abril de 2013.<\/p>\n<p>[14] Hudapar.org, consultado el 26 de mayo de 2022.<\/p>\n<p>[15] Bbc.com\/turkce\/articles\/cpw941y5px9o, 24 de marzo de 2023; Bbc.com\/turkce\/articles\/c168k9z1l2go, 2 de junio de 2023<\/p>\n<p>[16] Milliyet.com.tr\/gundem\/Erdo\u011fan-ortadoguda-arabulucuk-falan-kalmadi-ki-5107467, 24 de marzo de 2004.<\/p>\n<p>[17] Arsiv.sabah.com.tr\/2004\/11\/12\/dun91.html, 12 de noviembre de 2004.<\/p>\n<p>[18] Ntv.com.tr\/dunya\/Ham\u00e1s-militanlari-turkiyede-egitim-goruyor,qpNSlXVJ9kiSUgRUqwYcfQ, 29 de septiembre de 2010.<\/p>\n<p>[19] Aljazeera.com.tr\/haber\/gazzede-turkiye-mitingi, 7 de septiembre de 2011.<\/p>\n<p>[20] Haber.sol.org.tr\/haber\/israil-maslahatguzari-iliskilerdeki-temel-engel-Ham\u00e1sin-istanbuldaki-ofisi-346451, 26 de agosto de 2022.<\/p>\n<p>[21] Haberturk.com\/dunya\/haber\/702140-haniye-turkiyeye-mutesekkiriz, 2 de enero de 2012.<\/p>\n<p>[22] Trthaber.com\/haber\/dunya\/basbakan-Erdo\u011fana-tesekkur-afisi-123016.html, 2 de abril de 2014.<\/p>\n<p>[23] Gazeteduvar.com.tr\/gundem\/2018\/02\/13\/israilden-sadat-iddiasi-Ham\u00e1sa-yardim-ediyor, 13 de febrero de 2018.<\/p>\n<p>[24] V\u00e9ase MEMRI Despachos Especiales No. 8389 A<a href=\"https:\/\/www.memri.org\/reports\/chief-advisor-turkish-president-erdo%C4%9Fan-islamic-world-should-prepare-army-palestine-outside\">sesor principal del presidente turco Erdo\u011fan: \u2018El mundo isl\u00e1mico deber\u00eda preparar un ej\u00e9rcito para Palestina desde fuera de Palestina\u2019<\/a>, 2 de diciembre, 2019; y No. 8493 <a href=\"https:\/\/www.memri.org\/reports\/erdo%C4%9Fans-chief-advisor-and-former-general-tanr%C4%B1verdi-presents-vision-%E2%80%93-reflected-turkeys\">El principal asesor de Erdo\u011fan y ex general Tanr\u0131verdi presenta su visi\u00f3n \u2013 reflejada en la pol\u00edtica de Turqu\u00eda \u2013 de una superpotencia isl\u00e1mica unida basada en la Shari&#8217;a que comprenda a 61 pa\u00edses y con Estambul como capital<\/a>, 14 de enero de 2020.<\/p>\n<p>[25] Al-monitor.com\/tr\/contents\/articles\/originals\/2018\/05\/israel-Ham\u00e1s-fatah-palestinians-mahmoud-abbas-rami-hamdallah.html, 21 de mayo, 2018.<\/p>\n<p>[26] Bbc.com\/turkce\/haberler-dunya-54419733, 7 de octubre de 2020.<\/p>\n<p>[27] Bbc.com\/turkce\/haberler-dunya-54659647, 23 de octubre de 2020.<\/p>\n<p>[28] Bbc.com\/turkce\/haberler-turkiye-55805940, 26 de enero de 2021.<\/p>\n<p>[29] cumhuriyet.com.tr\/dunya\/Ham\u00e1s-ve-filistinli-alimlerden-Erdo\u011fana-sert-mesajlar-ihanet-vurgusu-2122121, 22 de septiembre, 2023.<\/p>\n<p>[30] Haber.sol.org.tr\/haber\/Ham\u00e1s-Erdo\u011fanin-pazarlamaya-calistigi-israil-gazi-filistinlilerden-calindi-384957, 27 de septiembre, 2023.<\/p>\n<p>[31] Home.treasury.gov\/news\/press-releases\/jy0798, 24 de mayo de 2022.<\/p>\n<p>[32] Rewardsforjustice.net\/rewards\/salih-al-aruri, consultado el 24 de octubre de 2023.<\/p>\n<p>[33] Al-monitor.com\/originals\/2014\/12\/saleh-al-arouri-khaled-meshaal-Ham\u00e1s-leadership-turkey-gaza.html, 1 de diciembre, 2014.<\/p>\n<p>[34] Al-monitor.com\/originals\/2014\/08\/turkey-palestine-israel-gaza-Ham\u00e1s-meshal-kidnapping.html#ixzz8IweQ9hRT, 25 de agosto, 2014.<\/p>\n<p>[35] Home.treasury.gov\/news\/press-releases\/sm772, 10 de septiembre de 2019.<\/p>\n<p>[36] Voaturkce.com\/a\/kuveyt-turk-bankasina-new-yorkta-Ham\u00e1s-davasi\/5095180.html, 23 de septiembre de 2019.<\/p>\n<p>[37] Home.treasury.gov\/news\/press-releases\/jy0798, 24 de mayo de 2022.<\/p>\n<p>[38] Ofac.treasury.gov\/recent-actions\/20231018, 18 de octubre de 2023.<\/p>\n<p>[39] Ofac.treasury.gov\/recent-actions\/20231027, 27 de octubre de 2023.<\/p>\n<p>[40] Ntv.com.tr\/turkiye\/Erdo\u011fan-Ham\u00e1s-teror-orgutu-degil,_MwF-ZW10kmGJUIItKAGxA, 13 de mayo de 2011.<\/p>\n<p>[41] Tr.euronews.com\/2015\/01\/13\/Erdo\u011fan-kudusun-korunmasi-ortak-bir-vazifedir, 13 de enero de 2015.<\/p>\n<p>[42] Twitter.com\/RTErdo\u011fan\/status\/996469218085429249, 15 de mayo de 2018.<\/p>\n<p>[43] Trthaber.com\/haber\/dunya\/Isma&#8217;il-heniyyeden-turkiyeye-ovgu-370248.html, 16 de junio, 2018.<\/p>\n<p>[44] Dailysabah.com\/diplomacy\/2019\/09\/26\/Erdo\u011fans-historic-palestine-speech-at-un-echoes-worldwide, 26 de septiembre de 2019.<\/p>\n<p>[45] Aa.com.tr\/tr\/dunya\/heniyyeden-bmdeki-konusmasi-icin-Erdo\u011fana-tesekkur\/1593839, 25 de septiembre de 2019;<\/p>\n<p>[46] Mfa.gov.tr\/no_25&#8212;16-subat-2006_-Ham\u00e1s-heyetinin-ziyareti-hk_.tr.mfa, 16 de febrero de 2006; latimes.com\/archives\/la-xpm-2006-feb-17-fg-Ham\u00e1s17-story.html, 17 de febrero de 2006.<\/p>\n<p>[47] Haber.sol.org.tr\/devlet-ve-siyaset\/Ham\u00e1s-lideri-gizlice-Erdo\u011fan-ile-gorustu-haberi-68450, 20 de febrero de 2012.<\/p>\n<p>[48] Avrupa-postasi.com\/Erdo\u011fan-Ham\u00e1s-lideri-mesalla-gorustu, 16 de marzo de 2012.<\/p>\n<p>[49] Trthaber.com\/haber\/gundem\/basbakan-Ham\u00e1s-lideri-ile-iftar-yapti-49612.html, 24 de julio de 2012.<\/p>\n<p>[50] Cumhuriyet.com.tr\/haber\/Ham\u00e1s-lideri-Erdo\u011fan-kadar-alkislandi-373386, 30 de septiembre de 2012.<\/p>\n<p>[51] Voaturkce.com\/a\/Ham\u00e1s-turkiyeden-ne-talep-etti\/1766484.html; Hurriyetdailynews.com\/turkish-pm-Erdo\u011fan-meets-Ham\u00e1s-leader-mashaal-in-ankara-55930, 9 de octubre de 2013.<\/p>\n<p>[52] Dailysabah.com\/mideast\/2014\/08\/26\/Erdo\u011fan-speaks-with-Ham\u00e1s-leader-khaled-mashal, 26 de agosto de 2014.<\/p>\n<p>[53] Trthaber.com\/haber\/gundem\/cumhurbaskani-Erdo\u011fan-halid-mesali-kabul-etti-203601.html, 15 de septiembre de 2015.<\/p>\n<p>[54] Dailysabah.com\/diplomacy\/2015\/12\/19\/Erdo\u011fan-meets-Ham\u00e1s-leader-khaled-mashal-in-istanbul, 19 de diciembre, 2015.<\/p>\n<p>[55] Aa.com.tr\/tr\/turkiye\/cumhurbaskani-Erdo\u011fan-halid-mesal-ile-gorustu\/561108, 25 de abril de 2016.<\/p>\n<p>[56] Bbc.com\/turkce\/haberler\/2010\/01\/100114_Ham\u00e1s_turkey, 14 de enero de 2010.<\/p>\n<p>[57] Aa.com.tr\/tr\/dunya\/ak-partinin-basarisi-filistinde-kuduste-ve-gazzede-yankilaniyor\/461187, 2 de noviembre de 2015.<\/p>\n<p>[58] Aa.com.tr\/en\/middle-east\/Ham\u00e1s-leader-phones-turkish-president-on-jerusalem\/989276, 25 de abril de 2016.<\/p>\n<p>[59] Tccb.gov.tr\/en\/news\/542\/113945\/president-Erdo\u011fan-receives-Ham\u00e1s-political-bureau-leader-haniyeh, 14 de diciembre de 2019.<\/p>\n<p>[60] Aa.com.tr\/tr\/turkiye\/cumhurbaskani-Erdo\u011fanin-Ham\u00e1s-lideri-heniyyeyi-kabulu-sona-erdi\/1721292, 1 de febrero, 2020.<\/p>\n<p>[61] Ilkha.com\/dunya\/Erdo\u011fan-pkk-ypg-ile-gorusen-beyefendiler-Ham\u00e1s-ile-gorusmemizden-rahatsiz-oluyor-114730, 3 de febrero, 2020.<\/p>\n<p>[62] Tr.armradio.am\/2020\/08\/26\/Erdo\u011fan-Ham\u00e1s-gorusmesi\/?doing_wp_cron=1698155106.3072481155395507812500, 26 de agosto de 2020.<\/p>\n<p>[63] Ntv.com.tr\/turkiye\/cumhurbaskani-Erdo\u011fan-abbas-ve-haniye-ile-gorustu,JFg1MUGickCNiveGYVweow, 26 de julio de 2023.<\/p>\n<p>[64] Dw.com\/tr\/abbas-ile-haniye-kahire-%C3%B6ncesi-ankarada-bulu%C5%9Ftu\/a-66356837, 26 de julio de 2023.<\/p>\n","protected":false},"excerpt":{"rendered":"<p>Las estrechas relaciones del presidente turco, Recep Tayyip Erdo\u011fan, con Ham\u00e1s, cuyo registro p\u00fablico se remonta a casi 20 a\u00f1os atr\u00e1s, parecen no haberse visto afectadas en gran medida por el ataque de Ham\u00e1s contra Israel el 7 de octubre. Si bien hay rumores de que Isma&#8217;il Haniyeh &#8211; quien desde 2017 ha sido presidente [&hellip;]<\/p>\n","protected":false},"author":1,"featured_media":63682,"comment_status":"open","ping_status":"open","sticky":false,"template":"","format":"standard","meta":{"footnotes":""},"categories":[5,2],"tags":[],"class_list":["post-63678","post","type-post","status-publish","format-standard","has-post-thumbnail","hentry","category-analisis-e-investigacion","category-featured"],"_links":{"self":[{"href":"https:\/\/www2.memri.org\/espanol\/wp-json\/wp\/v2\/posts\/63678","targetHints":{"allow":["GET"]}}],"collection":[{"href":"https:\/\/www2.memri.org\/espanol\/wp-json\/wp\/v2\/posts"}],"about":[{"href":"https:\/\/www2.memri.org\/espanol\/wp-json\/wp\/v2\/types\/post"}],"author":[{"embeddable":true,"href":"https:\/\/www2.memri.org\/espanol\/wp-json\/wp\/v2\/users\/1"}],"replies":[{"embeddable":true,"href":"https:\/\/www2.memri.org\/espanol\/wp-json\/wp\/v2\/comments?post=63678"}],"version-history":[{"count":0,"href":"https:\/\/www2.memri.org\/espanol\/wp-json\/wp\/v2\/posts\/63678\/revisions"}],"wp:featuredmedia":[{"embeddable":true,"href":"https:\/\/www2.memri.org\/espanol\/wp-json\/wp\/v2\/media\/63682"}],"wp:attachment":[{"href":"https:\/\/www2.memri.org\/espanol\/wp-json\/wp\/v2\/media?parent=63678"}],"wp:term":[{"taxonomy":"category","embeddable":true,"href":"https:\/\/www2.memri.org\/espanol\/wp-json\/wp\/v2\/categories?post=63678"},{"taxonomy":"post_tag","embeddable":true,"href":"https:\/\/www2.memri.org\/espanol\/wp-json\/wp\/v2\/tags?post=63678"}],"curies":[{"name":"wp","href":"https:\/\/api.w.org\/{rel}","templated":true}]}}