{"id":63500,"date":"2023-11-03T09:45:54","date_gmt":"2023-11-03T07:45:54","guid":{"rendered":"https:\/\/www2.memri.org\/espanol\/?p=63500"},"modified":"2023-11-03T09:45:54","modified_gmt":"2023-11-03T07:45:54","slug":"la-emisora-estatal-irani-press-tv-designada-por-el-tesoro-de-estados-unidos-y-sancionada-por-la-oficina-de-control-de-activos-extranjeros-filma-una-protesta-antiisraeli-directamente-frente-a-la-casa","status":"publish","type":"post","link":"https:\/\/www2.memri.org\/espanol\/la-emisora-estatal-irani-press-tv-designada-por-el-tesoro-de-estados-unidos-y-sancionada-por-la-oficina-de-control-de-activos-extranjeros-filma-una-protesta-antiisraeli-directamente-frente-a-la-casa\/63500","title":{"rendered":"La emisora estatal iran\u00ed Press TV, designada por el Tesoro de Estados Unidos y sancionada por la Oficina de Control de Activos Extranjeros, filma una protesta antiisrael\u00ed directamente frente a la Casa Blanca, posiblemente por su valor para la inteligencia, y entrevista al l\u00edder de un grupo antigubernamental neonazi"},"content":{"rendered":"<p>El 28 de octubre de 2023, una organizaci\u00f3n neonazi particip\u00f3 en una manifestaci\u00f3n antiisrael\u00ed frente a la Casa Blanca. Durante la manifestaci\u00f3n, los miembros del grupo fueron entrevistados por Colin Campbell, periodista de PressTV, una emisora estatal iran\u00ed sancionada y designada por el Departamento del Tesoro y la Oficina de Control de Activos Extranjeros.[1]<\/p>\n<p><img decoding=\"async\" src=\"https:\/\/www.memri.org\/sites\/default\/files\/2023\/SD10924.jpg\" \/><\/p>\n<p>El siguiente informe describe la designaci\u00f3n y sanci\u00f3n de PressTV por parte del gobierno de los Estados Unidos, y sus informes recientes frente a la Casa Blanca.<\/p>\n<p><strong>PressTV sancionado y designado por el Tesoro de Estados Unidos<\/strong><\/p>\n<p>PressTV fue incluido en la lista y sancionado en septiembre de 2023, como resultado directo de su participaci\u00f3n en la represi\u00f3n antes del aniversario de la muerte de Mahsa Amini, quien fue asesinada en 2022 por su participaci\u00f3n en el movimiento contra el Hijab. La emisora figura en el sitio web del Departamento del Tesoro como \u00abel canal en ingl\u00e9s de la emisora estatal del gobierno de la Rep\u00fablica Isl\u00e1mica de Ir\u00e1n\u00bb. Asimismo, la entrada del canal en el sitio se\u00f1ala que PressTV \u00abtambi\u00e9n ha sido utilizado por los servicios de inteligencia iran\u00edes para reclutar activos sensibles, incluyendo ciudadanos estadounidenses\u00bb. El canal fue designado de conformidad con la Orden Ejecutiva 13846 \u00abpor ser propiedad o estar controlado, directa o indirectamente, por el IRIB\u00bb.<\/p>\n<p>Estas sanciones proh\u00edben la operaci\u00f3n de PressTV en Estados Unidos, afirmando que \u00abtodas las propiedades e intereses en propiedades de individuos y entidades que se encuentren en Estados Unidos o en posesi\u00f3n o control de personas estadounidenses deben ser bloqueadas y reportadas a la OFAC\u00bb. Las sanciones de la OFAC tambi\u00e9n proh\u00edben a cualquier estadounidense tratar con la entidad sancionada.<\/p>\n<p><strong>El corresponsal de PressTV, Colin Campbell, filma fuera de la Casa Blanca<\/strong><\/p>\n<p>Colin Campbell ha estado cubriendo la pol\u00edtica y la sociedad estadounidenses desde Washington D.C. desde 2008, y figura en el sitio web de PressTV como corresponsal multimedia.[3] El 28 de octubre asisti\u00f3 a una peque\u00f1a protesta antiisrael\u00ed frente a la Casa Blanca, film\u00f3 y realiz\u00f3 entrevistas. Entre sus entrevistados se encontraba el l\u00edder de un destacado grupo antigubernamental y supremacista blanco de Estados Unidos, quien habl\u00f3 extensamente con Campbell sobre su oposici\u00f3n a Israel y su creencia de que los intereses jud\u00edos dominan la sociedad estadounidense. Al fondo del v\u00eddeo se puede ver claramente la Casa Blanca.<\/p>\n<p><em><img decoding=\"async\" src=\"https:\/\/www.memri.org\/sites\/default\/files\/2023\/SD109242.jpg\" \/>El corresponsal Colin Campbell realizando una entrevista en una manifestaci\u00f3n antiisrael\u00ed frente a la Casa Blanca.<\/em><\/p>\n<p>Las im\u00e1genes de la manifestaci\u00f3n se publicaron en el sitio web de PressTV y secciones de la entrevista de Campbell con el l\u00edder supremacista blanco se publicaron en la p\u00e1gina de Telegram del grupo.<\/p>\n<p><img decoding=\"async\" src=\"https:\/\/www.memri.org\/sites\/default\/files\/2023\/SD109241.jpg\" \/><\/p>\n<p>[1] Ofac.treasury.gov\/recent-actions\/20230915, 15 de septiembre de 2023.<\/p>\n<p>[2] Home.treasury.gov\/news\/press-releases\/jy1733, 15 de septiembre de 2023.<\/p>\n<p>[3] Presstv.ir\/aboutus\/details\/100, consultado el 31 de octubre de 2023.<\/p>\n<p>[4] Presstv.ir\/Detail\/2023\/10\/29\/713612\/pro-Palestinian-rally-Washington-White-House-Gaza-Strip-Israel-, 29 de octubre, 2023.<\/p>\n","protected":false},"excerpt":{"rendered":"<p>El 28 de octubre de 2023, una organizaci\u00f3n neonazi particip\u00f3 en una manifestaci\u00f3n antiisrael\u00ed frente a la Casa Blanca. Durante la manifestaci\u00f3n, los miembros del grupo fueron entrevistados por Colin Campbell, periodista de PressTV, una emisora estatal iran\u00ed sancionada y designada por el Departamento del Tesoro y la Oficina de Control de Activos Extranjeros.[1] El [&hellip;]<\/p>\n","protected":false},"author":1,"featured_media":63503,"comment_status":"open","ping_status":"open","sticky":false,"template":"","format":"standard","meta":{"footnotes":""},"categories":[142,4,2],"tags":[],"class_list":["post-63500","post","type-post","status-publish","format-standard","has-post-thumbnail","hentry","category-boletin-especial-archivos","category-archivos","category-featured"],"_links":{"self":[{"href":"https:\/\/www2.memri.org\/espanol\/wp-json\/wp\/v2\/posts\/63500","targetHints":{"allow":["GET"]}}],"collection":[{"href":"https:\/\/www2.memri.org\/espanol\/wp-json\/wp\/v2\/posts"}],"about":[{"href":"https:\/\/www2.memri.org\/espanol\/wp-json\/wp\/v2\/types\/post"}],"author":[{"embeddable":true,"href":"https:\/\/www2.memri.org\/espanol\/wp-json\/wp\/v2\/users\/1"}],"replies":[{"embeddable":true,"href":"https:\/\/www2.memri.org\/espanol\/wp-json\/wp\/v2\/comments?post=63500"}],"version-history":[{"count":0,"href":"https:\/\/www2.memri.org\/espanol\/wp-json\/wp\/v2\/posts\/63500\/revisions"}],"wp:featuredmedia":[{"embeddable":true,"href":"https:\/\/www2.memri.org\/espanol\/wp-json\/wp\/v2\/media\/63503"}],"wp:attachment":[{"href":"https:\/\/www2.memri.org\/espanol\/wp-json\/wp\/v2\/media?parent=63500"}],"wp:term":[{"taxonomy":"category","embeddable":true,"href":"https:\/\/www2.memri.org\/espanol\/wp-json\/wp\/v2\/categories?post=63500"},{"taxonomy":"post_tag","embeddable":true,"href":"https:\/\/www2.memri.org\/espanol\/wp-json\/wp\/v2\/tags?post=63500"}],"curies":[{"name":"wp","href":"https:\/\/api.w.org\/{rel}","templated":true}]}}