{"id":63014,"date":"2023-09-18T11:30:38","date_gmt":"2023-09-18T08:30:38","guid":{"rendered":"https:\/\/www2.memri.org\/espanol\/?p=63014"},"modified":"2023-09-18T12:23:04","modified_gmt":"2023-09-18T09:23:04","slug":"a-un-ano-de-la-revolucion-de-iran-contra-el-regimen-islamico","status":"publish","type":"post","link":"https:\/\/www2.memri.org\/espanol\/a-un-ano-de-la-revolucion-de-iran-contra-el-regimen-islamico\/63014","title":{"rendered":"A un a\u00f1o de la revoluci\u00f3n de Ir\u00e1n contra el r\u00e9gimen isl\u00e1mico"},"content":{"rendered":"<p>A un a\u00f1o de la revoluci\u00f3n de Ir\u00e1n contra el r\u00e9gimen isl\u00e1mico<\/p>\n<p>\u00abPor un baile en el callej\u00f3n<\/p>\n<p>Por romper el tab\u00fa de besarse en p\u00fablico<\/p>\n<p>Por nuestras hermanas, la m\u00eda y la tuya<\/p>\n<p>Por un cambio en la mentalidad de los fan\u00e1ticos<\/p>\n<p>Por la verg\u00fcenza de los padres por los bolsillos vac\u00edos<\/p>\n<p>Por el anhelo de una vida normal.\u00bb<\/p>\n<p>\u00abBaraye [Por el bien de]\u00bb, una canci\u00f3n del cantautor iran\u00ed Shervin Hajipour<\/p>\n<p>El 16 de septiembre de 2023 se cumple el primer aniversario del asesinato de la mujer kurdo-iran\u00ed Jina (Mahsa) Amini, de 22 a\u00f1os, quien fue arrestada por la polic\u00eda religiosa iran\u00ed por llevar su velo \u00abindebidamente\u00bb y muri\u00f3 bajo custodia policial. Su asesinato provoc\u00f3 protestas en todo Ir\u00e1n, ya que se convirti\u00f3 en el s\u00edmbolo del levantamiento contra el r\u00e9gimen iran\u00ed.<\/p>\n<p>Unos d\u00edas antes de que Jina se convirtiera en emblema nacional, su familia grab\u00f3 las siguientes palabras en su l\u00e1pida: \u00abJ\u00eena giyan, to namir\u00ee, nawit eb\u00eate remiz [Jina, alma m\u00eda, no morir\u00e1s. Tu nombre se convertir\u00e1 en un s\u00edmbolo]\u00bb.<\/p>\n<p>Sin embargo, Jina fue arrestada, torturada y asesinada no s\u00f3lo porque llevaba su hijab demasiado \u00abholgado\u00bb, sino tambi\u00e9n porque era kurda. El activista kurdo-sueco, Dr. Kochar Walladbegi, escribe: \u00abEn Ir\u00e1n&#8230; las minor\u00edas como los kurdos son reprimidas&#8230; Para los kurdos, ser asesinado y torturado es un comportamiento sistem\u00e1tico [de la Rep\u00fablica Isl\u00e1mica]. \u00a1Enfrentan esto todos los d\u00edas de sus vidas!&#8230; Jina fue torturada por la polic\u00eda moral iran\u00ed&#8230; \u00a1tambi\u00e9n porque era kurda y mujer, lo que la convierte en una minor\u00eda dentro de una minor\u00eda! Decid\u00ed llamarla por su nombre kurdo Jina, que significa vivir, un nombre que a ella, como a muchos otros kurdos, no se le permiti\u00f3 llevar. En cambio, se vio obligada a llevar &#8216;Mahsa&#8217; como su nombre oficial, durante los cortos 22 a\u00f1os de su vida.\u00bb[1]<\/p>\n<p>De hecho, en Ir\u00e1n, una forma de oprimir a la minor\u00eda kurda y borrar su identidad es prohibir los nombres kurdos. \u00abIr\u00e1n niega los nombres que no est\u00e1n en su lista persa e isl\u00e1mica aprobada, los nombres que representan nacionalismo \u00e9tnico u orgullo regional est\u00e1n prohibidos, con la excepci\u00f3n de los nombres persas\u00bb, explica el comentarista de asuntos kurdos Himdad Mustafa.[2] Por lo tanto, en sus documentos oficiales, Jina estaba registrada como \u00abMahsa\u00bb, un nombre persa permitido por la Rep\u00fablica Isl\u00e1mica. Sin embargo, en casa, ella era Jina. Este es el nombre con el que su familia sol\u00eda llamarla, este es el nombre que pronunci\u00f3 su madre, mientras lloraba en su tumba.<\/p>\n<p>Por lo tanto, las protestas contra el r\u00e9gimen iran\u00ed pueden definirse no s\u00f3lo como un levantamiento liderado por mujeres, sino tambi\u00e9n como un levantamiento liderado por minor\u00edas \u00e9tnicas. De hecho, para las minor\u00edas \u00e9tnicas que constituyen casi la mitad de la poblaci\u00f3n de Ir\u00e1n (por ejemplo, los \u00e1rabes ahwaz\u00edes, los kurdos y los baluchis), \u00e9sta es una \u00abrevoluci\u00f3n\u00bb por la libertad y los derechos \u00e9tnicos y humanos b\u00e1sicos, de los que han sido privados no s\u00f3lo por la Rep\u00fablica Isl\u00e1mica de Ir\u00e1n, sino tambi\u00e9n por los antiguos reg\u00edmenes persas (por ejemplo, bajo la dinast\u00eda Pahlavi) durante casi un siglo.<\/p>\n<p>Vale la pena se\u00f1alar que el eslogan farsi de las protestas \u00abZan, Zendegi, Azadi [Mujer, Vida, Libertad]\u00bb es un eslogan popular kurdo, \u00abJin, Jiyan, Azadi\u00bb, que se ha utilizado durante a\u00f1os en el movimiento independentista kurdo. Al explicar el significado del lema, en su libro <em>El arte de la libertad<\/em>, la activista del movimiento de libertad kurdo Havin Guneser afirma: \u00abDecimos que la revoluci\u00f3n de las mujeres libera la vida. En kurdo, la ra\u00edz de la palabra vida es Jin. Jin significa mujer, mientras que j\u00een significa vivo y jiyan significa vida. La ra\u00edz de la palabra es la misma. Y es por eso que decimos Jin, Jiyan, Azadi. Azadi significa libertad. Y dado que la palabra sumeria para libertad es Amargi, que significa \u00abregresar a la madre\u00bb, las tres palabras est\u00e1n muy interconectadas y tienen perfecto sentido: mujer, vida, libertad. A medida que las mujeres se vuelven libres, es inevitable que la vida misma vuelva a su magia y encanto. De ah\u00ed el lema, Jin, Jiyan, Azadi.\u00bb[3]<\/p>\n<p>El asesinato de Jina inspir\u00f3 a todo el pa\u00eds a unirse y rebelarse contra la dictadura. Se han celebrado manifestaciones en todas las regiones de Ir\u00e1n, a pesar de la brutal represi\u00f3n contra los manifestantes. Cientos de personas murieron durante los disturbios perpetrados por los Basij, decenas fueron ejecutadas y muchas siguen en prisi\u00f3n a la espera de ser ejecutadas. Aunque la atenci\u00f3n del mundo sobre el levantamiento iran\u00ed se ha disipado, la \u00abrevoluci\u00f3n\u00bb contra la rep\u00fablica isl\u00e1mica sigue viva y el r\u00e9gimen teme que el aniversario del asesinato de Jina pueda desencadenar nuevas protestas en el pa\u00eds.<\/p>\n<p>La siguiente es una selecci\u00f3n de los principales informes de MEMRI sobre la revoluci\u00f3n de Ir\u00e1n contra el r\u00e9gimen isl\u00e1mico, que fueron publicados en el \u00faltimo a\u00f1o:<\/p>\n<p><img decoding=\"async\" src=\"https:\/\/www.memri.org\/sites\/default\/files\/2023\/SD10794.jpg\" \/><\/p>\n<p>El lema kurdo \u00abJin, Jiyan, Azadi [Mujer, Vida, Libertad]\u00bb (fuente: Twitter).<\/p>\n<p>&nbsp;<\/p>\n<p><img decoding=\"async\" src=\"https:\/\/www.memri.org\/sites\/default\/files\/2023\/SD107941.jpg\" \/><\/p>\n<p>Jina Amini y tomograf\u00edas computarizadas publicadas por piratas inform\u00e1ticos que las obtuvieron en el hospital en el que muri\u00f3 (fuente: Iranintl.com, 19 de septiembre de 2022).<\/p>\n<p><strong>El asesinato de Jina (Mahsa) Amini<\/strong><\/p>\n<p>-Informe diario de MEMRI No. 420,<a href=\"https:\/\/www2.memri.org\/espanol\/devuelvanle-su-nombre-kurdo-jina-amini\/61744%20\"> Devu\u00e9lvanle su nombre kurdo: Jina Amini<\/a>, por Anna Mahjar-Barducci, 10 de octubre, 2022.<\/p>\n<p>-Informe diario de MEMRI No. 425, <a href=\"https:\/\/www2.memri.org\/espanol\/cuarenta-dias-sin-jina-la-revolucion-continua-en-su-nombre\/61831%20\">40 d\u00edas sin Jina \u2013 La revoluci\u00f3n contin\u00faa en su nombre<\/a>, por Himdad Mustafa, 26 de octubre, 2022.<\/p>\n<p>-MEMRI TV Clip No. 9837, <a href=\"https:\/\/www2.memri.org\/espanol\/tv\/2022\/09\/22\/continuan-los-enfrentamientos-violentos-y-las-protestas-en-iran-tras-la-muerte-de-una-mujer-a-manos-de-la-policia-de-la-moralidad-por-llevar-inadecuadamente-el-panuelo-en-la-cabeza\/\">Manifestantes en Ir\u00e1n conmemoran 40 d\u00edas desde la muerte de Jina (Mahsa) Amini durante el arresto por la polic\u00eda moral de Ir\u00e1n: \u00a1Derrocaremos a Jamenei y vengaremos a Jina!<\/a> 26 de octubre de 2022.<\/p>\n<p>-Despacho Especial No. 10229, <a href=\"https:\/\/www2.memri.org\/espanol\/miembro-irani-del-majles-y-ex-ministro-de-sanidad-masoud-pezeshkian-culpa-al-regimen-por-la-muerte-de-mahsa-amini-nuestro-comportamiento-hace-que-los-iranies-odien-al-islam-debemos-reexaminar-nuestr\/61686%20\">miembro del Majles iran\u00ed y ex ministro de Salud, Masoud Pezeshkian, culpa al r\u00e9gimen por la muerte de Mahsa Amini: \u201cNuestro comportamiento est\u00e1 haciendo que los iran\u00edes odien el islam, debemos reexaminar nuestros m\u00e9todos; No se puede implementar la fe con la fuerza\u201d<\/a>, 26 de septiembre de 2022.<\/p>\n<p><img loading=\"lazy\" decoding=\"async\" class=\"\" src=\"https:\/\/www.memri.org\/sites\/default\/files\/2023\/SD107942.jpg\" width=\"590\" height=\"430\" \/><\/p>\n<p><em>La tumba de Jina Amini (Twitter.com)<\/em><\/p>\n<p><img decoding=\"async\" src=\"https:\/\/www.memri.org\/sites\/default\/files\/2023\/SD107943.jpg\" \/><em>El d\u00eda 40 despu\u00e9s del asesinato de estado de Jina (Fuente: Facebook)<\/em><\/p>\n<p><strong>Los objetivos de la revoluci\u00f3n contra el r\u00e9gimen<\/strong><\/p>\n<p>-MEMRI Daily Brief No. 423, <a href=\"https:\/\/www2.memri.org\/espanol\/la-revuelta-en-iran-es-un-levantamiento-liderado-por-minorias-etnicas\/61825%20\">La revuelta en Ir\u00e1n es un levantamiento liderado por minor\u00edas \u00e9tnicas<\/a>, por Himdad Mustafa, 25 de octubre, 2022.<\/p>\n<p>-MEMRI Daily Brief No. 428, <a href=\"https:\/\/www2.memri.org\/espanol\/la-republica-islamica-de-iran-colapsara-solo-si-sus-minorias-etnicas-son-apoyadas\/61898%20\">La Rep\u00fablica Isl\u00e1mica de Ir\u00e1n colapsar\u00e1 solo si sus minor\u00edas \u00e9tnicas reciben apoyo<\/a>, por Himdad Mustafa, 11 de noviembre, 2022.<\/p>\n<p>-Informe diario de MEMRI No. 426, <a href=\"https:\/\/www2.memri.org\/espanol\/una-hoja-de-ruta-hacia-el-confederalismo-por-el-futuro-de-iran\/61862%20\">Una hoja de ruta hacia el confederalismo para el futuro de Ir\u00e1n<\/a>, por Himdad Mustafa, 3 de noviembre, 2022.<\/p>\n<p>-Informe diario de MEMRI No. 449, <a href=\"https:\/\/www2.memri.org\/espanol\/el-alzamiento-del-iran-multinacional\/62159%20\">El levantamiento del \u2018Ir\u00e1n multinacional\u2019<\/a>, por Himdad Mustafa, 17 de enero, 2023.<\/p>\n<p><img decoding=\"async\" src=\"https:\/\/www.memri.org\/sites\/default\/files\/2023\/SD107944.jpg\" \/><\/p>\n<p>Mapa de Ir\u00e1n (Fuente: CIA)<\/p>\n<p><strong>Levantamiento contra el r\u00e9gimen<\/strong><\/p>\n<p><strong>Protestas contra el r\u00e9gimen<\/strong><\/p>\n<p>-MEMRI TV Clip No. 9837, <a href=\"https:\/\/www2.memri.org\/espanol\/tv\/2022\/09\/22\/continuan-los-enfrentamientos-violentos-y-las-protestas-en-iran-tras-la-muerte-de-una-mujer-a-manos-de-la-policia-de-la-moralidad-por-llevar-inadecuadamente-el-panuelo-en-la-cabeza\/%20\">Enfrentamientos violentos y protestas contin\u00faan en Ir\u00e1n despu\u00e9s de la muerte de una mujer a manos de la polic\u00eda moral por usar &#8216;incorrectamente&#8217; su velo: \u00a1Tengan cuidado con el d\u00eda en que tengamos armas! \u00a1Jamenei, te enterraremos! \u00a1Muerte a la Rep\u00fablica Isl\u00e1mica! \u00a1Muerte al dictador!<\/a> 19 de septiembre de 2022.<\/p>\n<p>-MEMRI TV Clip No. 9891, <a href=\"https:\/\/www.memri.org\/tv\/month-after-mahsa-amini-death-anti-hijab-protests-continue-in-iran-fight-die-take-back\">M\u00e1s de un mes despu\u00e9s de la muerte de Jina (Mahsa) Amini, las protestas contin\u00faan en Ir\u00e1n \u2013 C\u00f3cteles molotov lanzados contra edificios oficiales, los manifestantes cantan: \u00a1Lucharemos, moriremos, recuperaremos a Ir\u00e1n!<\/a> 24 de octubre de 2022.<\/p>\n<p>-MEMRI TV Clip No. 9911, <a href=\"https:\/\/www.memri.org\/tv\/iran-anti-protests-jina-mahsa-amini-you-are-isis-we-will-give-our-lives-for-freedom-cripple-murderer\">Contin\u00faan las protestas generalizadas contra el r\u00e9gimen en Ir\u00e1n: \u00a1Basiji, CGRI, ustedes son nuestro ISIS! \u00a1Daremos nuestras vidas por la libertad en Ir\u00e1n!<\/a>, 29 de octubre de 2022.<\/p>\n<p>-MEMRI TV Clip No. 9940, <a href=\"https:\/\/www.memri.org\/tv\/iranian-protesters-light-fires-torch-buildings-death-to-khamenei-year-of-bloody-uprising\">Manifestantes iran\u00edes encienden hogueras, incendian edificios p\u00fablicos, monumentos y carteles de Jamenei: \u00a1Muerte a Jamenei! \u00a1El fin est\u00e1 cerca para los Basij! \u00a1Este es el a\u00f1o del levantamiento sangriento!<\/a> 17 de noviembre de 2022.<\/p>\n<p>-Serie de investigaci\u00f3n y an\u00e1lisis No. 1678, <a href=\"https:\/\/www2.memri.org\/espanol\/la-copa-del-mundo-fifa-2022-en-catar-escenario-adicional-para-las-protestas-iranies-contra-el-regimen-islamico\/62149%20\">La Copa Mundial 2022 en Qatar: un escenario adicional para las protestas iran\u00edes contra el r\u00e9gimen isl\u00e1mico<\/a>, por N. Katirachi y A. Savyon, 12 de enero de 2023.<\/p>\n<p>-MEMRI TV Clip No. 10176, P<a href=\"https:\/\/www.memri.org\/tv\/iran-anti-regime-protests-fire-festival-chaharshanbe-khamenei-will-be-toppled\">rotestas contra el r\u00e9gimen en todo Ir\u00e1n durante el tradicional festival del fuego de Chaharshanbe Suri: \u00a1Jamenei ser\u00e1 derrocado! \u00a1Este es el a\u00f1o del levantamiento sangriento!<\/a> 14 de marzo de 2023.<\/p>\n<p>&nbsp;<\/p>\n<p><img decoding=\"async\" src=\"https:\/\/www.memri.org\/sites\/default\/files\/2023\/SD107945.jpg\" \/><em>(Fuente: MEMRI)<\/em><\/p>\n<p><img decoding=\"async\" src=\"https:\/\/www.memri.org\/sites\/default\/files\/2023\/SD107946.jpg\" \/><\/p>\n<p><em>(Fuente: MEMRI)<\/em><\/p>\n<p><strong>Manifestantes atacan los s\u00edmbolos del r\u00e9gimen<\/strong><\/p>\n<p>-Clip de MEMRI TV No. 9922, <a href=\"https:\/\/www.memri.org\/tv\/iranian-protestors-knocking-turbans-off-heads-of-islamic-scholars\">Manifestantes iran\u00edes quitando turbantes de las cabezas de eruditos isl\u00e1micos<\/a>, 10 de noviembre, 2022.<\/p>\n<p>-Despacho Especial No. 10304, <a href=\"https:\/\/www2.memri.org\/espanol\/manifestantes-iranies-desfiguran-pancartas-y-estatuas-de-qasem-soleimani-gritando-muerte-a-jamenei\/61878\">Manifestantes iran\u00edes desfiguran carteles y estatuas de Qasem Soleimani y gritan: \u00a1Muerte a Jamenei!<\/a> 7 de noviembre de 2022.<\/p>\n<p>-MEMRI TV Clip No. 10030, <a href=\"https:\/\/www2.memri.org\/espanol\/tv\/2022\/12\/31\/manifestantes-iranies-conmemoran-el-tercer-aniversario-de-la-muerte-de-qasem-soleimani-destrozando-carteles-y-estatuas-con-su-imagen-muerte-al-dictador-la-revolucion-de-2022-no\/\">Manifestantes iran\u00edes conmemoran el tercer aniversario del asesinato de Qasem Soleimani desfigurando carteles y estatuas de \u00e9l: \u00a1Muerte al dictador! \u00a1La revoluci\u00f3n de 2022 no flaquear\u00e1!<\/a> 3 de enero de 2023.<\/p>\n<p><img decoding=\"async\" src=\"https:\/\/www.memri.org\/sites\/default\/files\/2023\/SD107947.jpg\" \/><\/p>\n<p><em>Manifestantes iran\u00edes quitando turbantes de las cabezas de eruditos isl\u00e1micos. (Fuente: Iranintl.com)<\/em><\/p>\n<p><strong>Exigiendo derechos para Kurdist\u00e1n<\/strong><\/p>\n<p>-MEMRI Daily Brief No. 421, <a href=\"https:\/\/www2.memri.org\/espanol\/sanandaj-lidera-la-batalla-por-la-libertad-el-leningrado-del-kurdistan-oriental-esta-siendo-cercado-por-la-republica-islamica-de-iran\/61770\">Sanandaj lidera la batalla por la libertad \u2013 El &#8216;Leningrado&#8217; del Kurdist\u00e1n Oriental est\u00e1 sitiado por la Rep\u00fablica Isl\u00e1mica de Ir\u00e1n<\/a>, por Arif Bawecani y Anna Mahjar-Barducci, 14 de octubre, 2022.<\/p>\n<p>-Despacho Especial No. 10295, <a href=\"https:\/\/www.memri.org\/reports\/male-and-female-students-university-kurdistan-sanandaj-iran-dance-together-and-chant-woman\">Estudiantes hombres y mujeres de la Universidad de Kurdist\u00e1n en Sanandaj, Ir\u00e1n, bailan juntos y cantan: \u00a1Mujer, vida, libertad! En Protesta Contra El R\u00e9gimen<\/a>, 2 de noviembre de 2022.<\/p>\n<p>-MEMRI TV Clip No. 9972, <a href=\"https:\/\/www2.memri.org\/espanol\/tv\/2022\/11\/28\/jalal-mahmoudzadeh-miembro-kurdo-irani-del-majles-parlamento-islamico-hago-responsable-al-ministro-del-interior-vahidi-por-el-asesinato-de-manifestantes-en-areas-kurdas-por-que-no\/\">Miembro kurdo del Majles iran\u00ed Jalal Mahmoudzadeh: Hago responsable al Ministro del Interior Vahidi por el asesinato de manifestantes en \u00e1reas kurdas; \u00bfPor qu\u00e9 no detiene la represi\u00f3n contra las ciudades kurdas?<\/a> 28 de noviembre de 2022.<\/p>\n<p>-MEMRI TV Clip No. 10112, <a href=\"https:\/\/www2.memri.org\/espanol\/tv\/2023\/02\/05\/mujeres-combatientes-de-la-oposicion-kurda-al-regimen-irani-entrenan-en-campamentos-en-el-kurdistan-iraqui-participamos-en-las-manifestaciones-pero-tuvimos-que-abandonar-iran-debido-a-la-re\/\">Mujeres combatientes de la oposici\u00f3n kurda al r\u00e9gimen iran\u00ed entrenan en campamentos en el Kurdist\u00e1n iraqu\u00ed: Participamos en las manifestaciones, pero tuvimos que abandonar Ir\u00e1n debido a la represi\u00f3n de las fuerzas de seguridad<\/a>, 5 de febrero de 2023.<\/p>\n<p><img decoding=\"async\" src=\"https:\/\/www.memri.org\/sites\/default\/files\/2023\/SD107948.jpg\" \/><\/p>\n<p>Estudiantes hombres y mujeres en la Universidad del Kurdist\u00e1n en Sanandaj (Fuente: MEMRI)<\/p>\n<p><strong>Exigiendo derechos para Baluchist\u00e1n<\/strong><\/p>\n<p>-MEMRI TV Clip No. 9927, <a href=\"https:\/\/www2.memri.org\/espanol\/tv\/2022\/11\/11\/protestas-contra-el-regimen-en-la-provincia-irani-de-baluchistan-libertad-para-baluchistan-los-kurdos-no-estan-solos-maldita-sea-la-regla-del-jurisprudencial-muerte-a-basij\/\">Protestas contra el r\u00e9gimen en la provincia de Baluchist\u00e1n en Ir\u00e1n: \u00a1Baluchist\u00e1n libre! \u00a1Los kurdos no est\u00e1n solos! \u00a1Maldita sea la ley del jurisprudente! \u00a1Muerte a Basiji!<\/a> 11 de noviembre de 2022.<\/p>\n<p>-MEMRI Daily Brief No. 436, <a href=\"https:\/\/www2.memri.org\/espanol\/beluchistan-es-un-puesto-de-avanzada-estrategico-para-contrarrestar-a-la-republica-islamica-de-iran\/61994\">Baluchist\u00e1n es un puesto estrat\u00e9gico para contrarrestar a la Rep\u00fablica Isl\u00e1mica de Ir\u00e1n<\/a>, por Rudam Azad, 6 de diciembre, 2022.<\/p>\n<p>-MEMRI Daily Brief No. 438, <a href=\"https:\/\/www2.memri.org\/espanol\/el-genocidio-en-camara-lenta-del-pueblo-baluchi-en-la-republica-islamica-de-iran\/62040\">El genocidio del pueblo baluchi en \u2018c\u00e1mara lenta\u2019 por parte de la Rep\u00fablica Isl\u00e1mica de Ir\u00e1n<\/a>, 15 de diciembre de 2022.<\/p>\n<p>-MEMRI TV Clip No. 10058, <a href=\"https:\/\/www2.memri.org\/espanol\/tv\/2023\/01\/13\/advertencia-imagenes-fuertes-el-regimen-irani-reprime-violentamente-a-manifestantes-en-baluchistan-los-manifestantes-cantan-muerte-a-khamenei-muerte-a-la-guardia-rev\/\">ADVERTENCIA \u2013 GR\u00c1FICO: El r\u00e9gimen iran\u00ed reprime violentamente a los manifestantes en Baluchist\u00e1n; Los manifestantes cantan: \u00a1Muerte a Jamenei! \u00a1Muerte al IRGC!<\/a> 13 de enero de 2023.<\/p>\n<p>-MEMRI Daily Brief No. 457, <a href=\"https:\/\/www2.memri.org\/espanol\/servicios-de-seguridad-en-iran-tienen-la-mira-puesta-en-las-mujeres-baluchi\/62330\">Los servicios de seguridad de Ir\u00e1n atacan a las mujeres baluchis<\/a>, por Rudam Azad, 16 de febrero, 2023.<\/p>\n<p>-MEMRI TV Clip No. 10079, <a href=\"https:\/\/www2.memri.org\/espanol\/tv\/2023\/01\/20\/manifestantes-en-zahedan-baluchistan-irani-muerte-a-khamenei-ten-algo-de-honor-y-deja-el-pais-este-es-el-ano-del-levantamiento-sangriento\/\">Manifestantes en Zahedan, Ir\u00e1n: \u00a1Muerte a Jamenei! Jamenei: \u00a1tengan un poco de honor y abandonen el pa\u00eds! \u00a1Este es el a\u00f1o del levantamiento sangriento!<\/a> 20 de enero de 2023.<\/p>\n<p>-MEMRI TV Clip No. 10102, ADVERTENCIA \u2014 <a href=\"https:\/\/www2.memri.org\/espanol\/tv\/2023\/02\/03\/advertencia-imagenes-fuertes-manifestaciones-contra-el-regimen-en-baluchistan-iran-la-seguridad-del-regimen-abre-fuego-contra-los-manifestantes-arresta-a-ciudadanos-y-azota-publicamente\/\">GR\u00c1FICO: Manifestaciones contra el r\u00e9gimen en Baluchist\u00e1n, Ir\u00e1n; La seguridad del r\u00e9gimen abre fuego contra manifestantes, arresta a ciudadanos y azota p\u00fablicamente a un hombre<\/a>, 3 de febrero de 2023.<\/p>\n<p>-MEMRI TV Clip No. 10269, <a href=\"https:\/\/www.memri.org\/tv\/iran-tv-report-violent-crackdown-protesters-stormed-zahedan-polic-hq\">Informe de la televisi\u00f3n iran\u00ed sobre la violenta represi\u00f3n contra los manifestantes que irrumpieron en la polic\u00eda de Zahedan<\/a>, 28 de abril, 2023.<\/p>\n<p>-Clip de MEMRI TV No. 10218, <a href=\"https:\/\/www2.memri.org\/espanol\/tv\/2023\/05\/07\/informe-de-la-television-irani-sobre-la-violenta-represion-a-los-manifestantes-que-asaltaron-el-cuartel-general-de-la-policia-en-zahedan\/\">Chi\u00edtas iran\u00edes visitan una mezquita sunita en Baluchist\u00e1n: No fuimos obligados a usar el hijab en la mezquita; La gente de aqu\u00ed no merece lo que les est\u00e1 pasando<\/a>, 28 de marzo de 2023.<\/p>\n<p>-MEMRI TV Clip No. 10160, <a href=\"https:\/\/www2.memri.org\/espanol\/tv\/2023\/03\/09\/continuan-las-protestas-semanales-en-baluchistan-iran-muerte-a-khamenei-no-flaquearemos\/\">Contin\u00faan las protestas semanales en Baluchist\u00e1n, Ir\u00e1n: \u00a1Muerte a Jamenei! \u00a1No flaquearemos!<\/a> 3 de marzo de 2023.<\/p>\n<p>-Clip de MEMRI TV No. 10127, <a href=\"https:\/\/www2.memri.org\/espanol\/tv\/2023\/02\/24\/en-las-protestas-semanales-contra-el-regimen-en-baluchistan-los-manifestantes-exigen-la-libertad-de-los-prisioneros-politicos-y-corean-muerte-a-khamenei-muerte-a-la-guardia-revoluci\/\">En las protestas semanales contra el r\u00e9gimen en Baluchist\u00e1n de Ir\u00e1n, los manifestantes exigen libertad para los prisioneros pol\u00edticos, cantan: \u00a1Muerte a Jamenei! \u00a1Muerte al IRGC! \u00a1El pueblo quiere el liderazgo del l\u00edder espiritual sunita Molavi Abdolhamid!<\/a> 17 de febrero de 2023.<\/p>\n<p>-Clip de MEMRI TV No. 10125, <a href=\"https:\/\/www2.memri.org\/espanol\/tv\/2023\/02\/24\/regimen-irani-dispara-a-cientos-de-burros-utilizados-por-residentes-de-sistan-y-baluchistan-para-el-comercio-de-combustible-a-traves-de-la-frontera-con-pakistan\/\">El r\u00e9gimen iran\u00ed dispara a cientos de burros utilizados por residentes de Sist\u00e1n y Baluchist\u00e1n para el comercio de combustible a trav\u00e9s de la frontera con Pakist\u00e1n<\/a>, 18 de febrero de 2023.<\/p>\n<p>-MEMRI TV Clip No. 10185, <a href=\"https:\/\/www.memri.org\/tv\/anti-regime-protests-baluchestan-iran-kill-whoever-killed-my-brother-we-will-not-waver\">Protestas contra el r\u00e9gimen en Baluchist\u00e1n, Ir\u00e1n: \u00a1Matar\u00e9 a quien mat\u00f3 a mi hermano! \u00a1Juramos por la sangre de nuestros camaradas que no flaquearemos!<\/a> 17 de marzo de 2023<\/p>\n<p>-MEMRI TV Clip No. 10210, <a href=\"https:\/\/www.memri.org\/tv\/anti-regime-protests-baluchestan-iran-death-irgc\">Protestas contra el r\u00e9gimen en Baluchist\u00e1n, fuerzas iran\u00edes disparan contra comerciantes de petr\u00f3leo, manifestantes cantan: \u00a1Muerte al CGRI! \u00a1Muerte a Basij! \u00a1No aceptaremos la indignidad!<\/a> 31 de marzo de 2023<\/p>\n<p>-MEMRI TV Clip No. 10281, <a href=\"https:\/\/www2.memri.org\/espanol\/tv\/2023\/05\/14\/protestas-semanales-contra-el-regimen-en-baluchistan-iran-juramos-por-la-sangre-de-nuestros-camaradas-que-no-flaquearemos\/\">Protestas semanales contra el r\u00e9gimen en Baluchist\u00e1n, Ir\u00e1n: \u00a1Juramos sobre la sangre de nuestros camaradas que no flaquearemos!<\/a> 5 de mayo de 2023<\/p>\n<p><img decoding=\"async\" src=\"https:\/\/www.memri.org\/sites\/default\/files\/2023\/SD107949.jpg\" \/><\/p>\n<p><em>(Fuente: MEMRI)<\/em><\/p>\n<p><strong>Principales figuras de la oposici\u00f3n contra la Rep\u00fablica Isl\u00e1mica<\/strong><\/p>\n<p><strong>\u00a0<\/strong><strong>L\u00edder sunita Molavi Abdolhamid<\/strong><\/p>\n<p>-Despacho especial No. 10366. E<a href=\"https:\/\/www2.memri.org\/espanol\/en-sermon-de-los-viernes-en-zahedan-iran-lider-espiritual-sunita-molavi-abdelhamid-exige-responsabilidad-por-las-victimas-asesinadas-durante-la-represion-a-manifestantes-y-agrega-donde-se-previenen\/62013\">n Zahedan, Ir\u00e1n, serm\u00f3n del viernes, el l\u00edder espiritual sunita Molavi Abdolhamid exige responsabilidad por las v\u00edctimas asesinadas durante la represi\u00f3n contra los manifestantes, y agrega: @Donde se evitan las cr\u00edticas, se crea tiran\u00eda; Siempre se debe seguir la verdad, incluso cuando la pronuncian estadounidenses e israel\u00edes@<\/a>, 8 de diciembre de 2022.<\/p>\n<p>-MEMRI Daily Brief No. 456, <a href=\"https:\/\/www2.memri.org\/espanol\/quien-es-molavi-abdolhamid-lider-sunita-baloch-anti-regimen-irani\/62319\">\u00bfQui\u00e9n es el l\u00edder sun\u00ed-baluchi anti-r\u00e9gimen de Ir\u00e1n, Molavi Abdolhamid?<\/a> Por Suzan Quitaz, 13 de febrero de 2023.<\/p>\n<p>-Despacho Especial No. 10451,<a href=\"https:\/\/www2.memri.org\/espanol\/lider-espiritual-sunita-irani-molavi-abdolhamid-en-sermon-de-los-viernes-en-baluchistan-iran-los-iranies-desean-un-pais-que-busque-la-paz-y-no-uno-belicista-los-israelies-se-merecen-un-estado-indep\/62269\"> L\u00edder espiritual sunita iran\u00ed Molavi Abdolhamid en serm\u00f3n del viernes en Baluchist\u00e1n de Ir\u00e1n: Los iran\u00edes quieren un pa\u00eds que busque la paz, no uno belicista; Los israel\u00edes merecen un Estado independiente, como los palestinos<\/a>, 3 de febrero de 2023.<\/p>\n<p><img decoding=\"async\" src=\"https:\/\/www.memri.org\/sites\/default\/files\/2023\/SD1079410.jpg\" \/><\/p>\n<p><em>L\u00edder sunita-baluchi Molavi Abdolhamid (Fuente: MEMRI)<\/em><\/p>\n<p><strong>Hamed Esmaeilion<\/strong><\/p>\n<p>-Despacho especial No. 10070, <a href=\"https:\/\/www2.memri.org\/espanol\/tv\/2023\/01\/08\/el-activista-irani-canadiense-hamed-esmaeilion-en-la-ceremonia-conmemorativa-del-vuelo-ucraniano-derribado-por-la-guardia-revolucionaria-de-iran-vivimos-por-un-dia-sin-la-republica-islamica\/\">Activista iran\u00ed-canadiense Hamed Esmaeilion en una ceremonia que conmemora el vuelo ucraniano derribado por el IRGC: Vivimos un d\u00eda sin la Rep\u00fablica Isl\u00e1mica y sin los criminales que arruinan el hermoso Ir\u00e1n<\/a>, 8 de enero de 2023.<\/p>\n<p>-MEMRI Daily Brief No. 460, <a href=\"https:\/\/www2.memri.org\/espanol\/hamed-esmaeilion-la-brujula-moral-de-la-oposicion-irani\/62372\">Hamed Esmaeilion: La br\u00fajula moral de la oposici\u00f3n iran\u00ed<\/a>, 27 de febrero, 2023.<\/p>\n<p><img decoding=\"async\" src=\"https:\/\/www.memri.org\/sites\/default\/files\/2023\/SD1079411.jpg\" \/><\/p>\n<p><em>Hamed Esmaeilion (Fuente: MEMRI)<\/em><\/p>\n<p><strong>Hussein Yazdanpana<\/strong><\/p>\n<p>-MEMRI Daily Brief No. 468, <a href=\"https:\/\/www.memri.org\/reports\/hussein-yazdanpana-%E2%80%93-kurdish-leader-calling-toppling-islamic-republic-iran\">Hussein Yazdanpana \u2013 El l\u00edder kurdo que pide el derrocamiento de la Rep\u00fablica Isl\u00e1mica de Ir\u00e1n, por Suzan Quitaz<\/a>, 16 de marzo, 2023.<\/p>\n<p><img decoding=\"async\" src=\"https:\/\/www.memri.org\/sites\/default\/files\/2023\/SD1079412.jpg\" \/><\/p>\n<p><em>Hussein Yazdanpana (Fuente: Twitter)<\/em><\/p>\n<p><strong>Farideh Moradkhani, activista iran\u00ed de derechos humanos y sobrina de Khamenei<\/strong><\/p>\n<p>-Clip de MEMRI TV No. 9955, <a href=\"https:\/\/www.memri.org\/tv\/iranian-activist-moradkhani-khamenei-niece-bloodthirsty-regime-will-be-toppled-hitler\">Activista iran\u00ed de derechos humanos, sobrina de Khamenei, Farideh Moradkhani: El pueblo iran\u00ed est\u00e1 luchando contra un r\u00e9gimen asesino que mata ni\u00f1os; Las sanciones contra Ir\u00e1n son rid\u00edculas; Jomeini y Khamenei son como Hitler, Mussolini<\/a>, 26 de noviembre de 2022.<\/p>\n<p><strong>Hyrbyair Marri:<\/strong><\/p>\n<p>-MEMRI Daily Brief No. 483, <a href=\"https:\/\/www2.memri.org\/espanol\/renombrado-lider-baluchi-hyrbyair-marri-un-acuerdo-nuclear-con-iran-es-un-trato-con-el-diablo\/62617\">Reconocido l\u00edder baluchi Hyrbyair Marri: Un acuerdo nuclear con Ir\u00e1n es un acuerdo con el diablo<\/a>, 22 de mayo de 2023.<\/p>\n<p><strong>Los mon\u00e1rquicos iran\u00edes no representan al \u00abIr\u00e1n multinacional\u00bb<\/strong><\/p>\n<p>-MEMRI Daily Brief No. 452, <a href=\"https:\/\/www2.memri.org\/espanol\/los-monarquicos-iranies-no-representan-al-iran-multinacional\/62247\">Los mon\u00e1rquicos iran\u00edes no representan al \u2018Ir\u00e1n multinacional\u2019, por Himdad Mustafa<\/a>, 30 de enero, 2023.<\/p>\n<p>-MEMRI Daily Brief No. 486, <a href=\"https:\/\/www2.memri.org\/espanol\/los-monarquicos-iranies-deben-ser-culpados-por-el-fracaso-de-la-oposicion\/62643\">Los mon\u00e1rquicos iran\u00edes deben ser culpados por el fracaso de la oposici\u00f3n<\/a>, por Himdad Mustafa, 30 de mayo de 2023.<\/p>\n<p><img decoding=\"async\" src=\"https:\/\/www.memri.org\/sites\/default\/files\/2023\/SD1079413.jpg\" \/><\/p>\n<p>(Fuente: MEMRI)<\/p>\n<p><strong>La guerra del Hijab en Ir\u00e1n<\/strong><\/p>\n<p>-Informe diario de MEMRI No. 422, <a href=\"https:\/\/www2.memri.org\/espanol\/forzar-el-uso-del-velo-no-es-cuestion-de-eleccion-cultural-sino-un-ataque-contra-la-mujer\/61791\">Hacer cumplir el velo no es una cuesti\u00f3n de elecci\u00f3n cultural: es un ataque contra las mujeres<\/a>, 20 de octubre de 2022.<\/p>\n<p>-Serie de Investigaci\u00f3n y An\u00e1lisis No. 1654, L<a href=\"https:\/\/www2.memri.org\/espanol\/la-guerra-del-hiyab-en-iran-expresion-de-la-lucha-por-la-libertad-politica-parte-i\/61722\">a guerra del Hijab de Ir\u00e1n \u2013 Una expresi\u00f3n de la lucha por la libertad pol\u00edtica: Parte I<\/a>, 3 de octubre de 2022.<\/p>\n<p>-Serie de Investigaci\u00f3n y An\u00e1lisis No. 1655, <a href=\"https:\/\/www2.memri.org\/espanol\/la-guerra-del-hiyab-en-iran-expresion-de-lucha-por-la-libertad-politica-parte-ii\/61759\">La guerra del Hijab de Ir\u00e1n \u2013 Una expresi\u00f3n de la lucha por la libertad pol\u00edtica: Parte II<\/a>, 7 de octubre de 2022.<\/p>\n<p>-Informe diario de MEMRI No. 416,<a href=\"https:\/\/www2.memri.org\/espanol\/la-mujer-irani-al-despojarse-del-hiyab-le-priva-a-la-republica-islamica-de-su-herramienta-politica-mas-poderosa\/61717\"> Al quitarse el hijab, las mujeres iran\u00edes est\u00e1n privando a la Rep\u00fablica Isl\u00e1mica de su herramienta pol\u00edtica m\u00e1s poderosa<\/a>, 2 de octubre, 2022.<\/p>\n<p>-MEMRI TV Clip No. 10262, <a href=\"https:\/\/www2.memri.org\/espanol\/tv\/2023\/05\/03\/anuncio-publico-de-las-autoridades-iranies-sobre-el-cumplimiento-del-hiyab-si-una-mujer-es-vista-sin-su-hiyab-en-un-auto-el-vehiculo-puede-ser-incautado\/\">Anuncio p\u00fablico oficial iran\u00ed sobre la aplicaci\u00f3n del hijab: Si una mujer es sorprendida sin su hijab dentro de un autom\u00f3vil, este puede ser confiscado<\/a>, 17 de abril, 2023.<\/p>\n<p><img decoding=\"async\" src=\"https:\/\/www.memri.org\/sites\/default\/files\/2023\/SD1079414.jpg\" \/><\/p>\n<p><em>(Fuente: Twitter)<\/em><\/p>\n<p><strong>Canciones contra el r\u00e9gimen<\/strong><\/p>\n<p>-MEMRI TV Clip No. 9876, <a href=\"https:\/\/www2.memri.org\/espanol\/tv\/2022\/09\/29\/cancion-viral-basada-en-tuits-de-manifestantes-iranies-contra-el-regimen-por-el-bien-de-la-mujer-la-vida-la-libertad\/\">Canci\u00f3n viral basada en los tuits anti-r\u00e9gimen de manifestantes iran\u00edes: \u00a1Por el bien de la mujer, la vida y la libertad!<\/a> 29 de septiembre de 2022.<\/p>\n<p>-MEMRI TV Clip No. 9878, <a href=\"https:\/\/www.memri.org\/tv\/mashup-songs-iranian-cuban-protests-no-more-lies-we-want-freedom\">Mezcla de canciones asociadas con las protestas iran\u00edes y cubanas: \u00a1No m\u00e1s mentiras, queremos libertad!<\/a> 19 de octubre de 2022<\/p>\n<p>-MEMRI TV Clip No. 9935, <a href=\"https:\/\/www.memri.org\/tv\/iran-sisters-bolouri-sing-persian-version-italian-protest-song-bella-ciao\">La versi\u00f3n persa de las hermanas iran\u00edes Samin y Behin Bolouri de \u00abBella Ciao\u00bb gana inmensa popularidad en el contexto de las protestas populares en Ir\u00e1n: \u00a1Las cadenas de opresi\u00f3n ser\u00e1n rotas por nuestras manos!<\/a> 16 de noviembre de 2022.<\/p>\n<p>-Clip de MEMRI TV No. 9991, <a href=\"https:\/\/www.memri.org\/tv\/iranian-dancer-ghaderi-performs-routine-downtown-tehran-execute-insolent-officers\">el artista iran\u00ed Morteza Ghaderi realiza una rutina de baile frente a la Torre Azadi de Teher\u00e1n con una canci\u00f3n dedicada a Jina (Mahsa) Amini, pidiendo la ejecuci\u00f3n de oficiales iran\u00edes &#8216;insolentes&#8217;<\/a>, 11 de noviembre de 2022.<\/p>\n<p><img decoding=\"async\" src=\"https:\/\/www.memri.org\/sites\/default\/files\/2023\/SD1079415.jpg\" \/><em>El cantante y compositor iran\u00ed Shervin Hajipour cantando \u00abBaraye\u00bb (\u00abPor el bien de\u00bb), que se basa en tuits contra el r\u00e9gimen y se volvi\u00f3 viral en las redes sociales, convirti\u00e9ndose en un himno para los manifestantes contra la Rep\u00fablica Isl\u00e1mica. (Fuente: MEMRI)<\/em><\/p>\n<p><strong>Represi\u00f3n contra manifestantes, ejecuciones y presos pol\u00edticos<\/strong><\/p>\n<p><strong>Represi\u00f3n contra los manifestantes:<\/strong><\/p>\n<p>-Clip de MEMRI TV No. 9857, <a href=\"https:\/\/www.memri.org\/tv\/iranian-political-activist-shariati-mahsa-amini-protests-this-is-a-totalitarian-regime\">Activista pol\u00edtico iran\u00ed Saeed Shariati en la televisi\u00f3n de Ir\u00e1n: Vivimos en un r\u00e9gimen totalitario como Corea del Norte; Nuestros funcionarios deben reconsiderar su represi\u00f3n contra los manifestantes; La gente protesta porque no tiene voz,<\/a> 20 de septiembre de 2022.<\/p>\n<p>-MEMRI TV Clip No. 9952, <a href=\"https:\/\/www.memri.org\/tv\/iranian-authorities-violently-crack-down-anti-regime-protestors-heavy-machine-guns\">Advertencia \u2014 GR\u00c1FICO: Las autoridades iran\u00edes reprimen violentamente a los manifestantes contra el r\u00e9gimen en todo Ir\u00e1n y utilizan ametralladoras pesadas<\/a>, 15 de noviembre de 2022.<\/p>\n<p>-MEMRI TV Clip No. 10076, <a href=\"https:\/\/www2.memri.org\/espanol\/tv\/2023\/01\/21\/el-regimen-irani-toma-medidas-energicas-contra-las-protestas-anti-regimen-un-vehiculo-militar-atropella-a-un-manifestante-miembros-de-la-guardia-revolucionaria-abren-fuego-contra-los-estudiantes-m\/\">El r\u00e9gimen iran\u00ed toma medidas en\u00e9rgicas contra las protestas contra el r\u00e9gimen: Veh\u00edculo militar atropella a un manifestante, personal del CGRI abre fuego contra estudiantes; Los manifestantes corean: \u00ab\u00a1Muerte a Khamenei!\u00bb<\/a> 21 de enero de 2023.<\/p>\n<p>-MEMRI TV Clip No. 10039, <a href=\"https:\/\/www.memri.org\/tv\/fmr-iranian-president-ahmadinejad-regime-should-listen-public-unhappy-corrupt-security-agencies-satan\">ex presidente iran\u00ed Ahmadinejad: El r\u00e9gimen debe escuchar al pueblo, que est\u00e1 descontento con la forma en que se dirige el pa\u00eds; Dejen de oprimir al pueblo; Haga un cambio antes de que sea demasiado tarde<\/a>, 18 de noviembre de 2022<\/p>\n<p>-Serie de Investigaci\u00f3n y An\u00e1lisis No. 1674, <a href=\"https:\/\/www2.memri.org\/espanol\/protestas-anti-regimen-por-parte-de-estudiantes-mujeres-y-minorias-etnicas-en-iran-parte-i-el-cantico-de-los-manifestantes-mujer-vida-libertad-frente-a-las-afirmaciones-del-regimen-i\/62077\">Protestas contra el r\u00e9gimen de mujeres, minor\u00edas \u00e9tnicas y estudiantes en Ir\u00e1n \u2013 Parte I: El canto de los manifestantes &#8216;Mujer, vida, libertad&#8217; versus las afirmaciones del r\u00e9gimen isl\u00e1mico de que las protestas est\u00e1n organizadas por pa\u00edses extranjeros,<\/a> diciembre 23, 2022.<\/p>\n<p>-Serie de investigaci\u00f3n y an\u00e1lisis No. 1679, <a href=\"https:\/\/www2.memri.org\/espanol\/protestas-anti-regimen-por-parte-de-mujeres-minorias-etnicas-y-estudiantes-en-iran-parte-ii-criticas-a-la-forma-en-que-el-regimen-reprime-las-protestas\/62170\">Protestas contra el r\u00e9gimen de mujeres, minor\u00edas \u00e9tnicas y estudiantes en Ir\u00e1n \u2013 Parte II: Cr\u00edticas a c\u00f3mo el r\u00e9gimen est\u00e1 reprimiendo las protestas<\/a>, por A. Savyon y M. Manzour, 19 de enero de 2023.<\/p>\n<p><img decoding=\"async\" src=\"https:\/\/www.memri.org\/sites\/default\/files\/2023\/SD1079416.jpg\" \/><\/p>\n<p><em>Parastou Forouhar (Fuente: Toosfoundation.com\/parastou-forouhar\/)<\/em><\/p>\n<p><strong>Sentencias de muerte<\/strong><\/p>\n<p>-Clip de MEMRI TV No. 9993, T<a href=\"https:\/\/www.memri.org\/tv\/confession-of-iranian-protester-majid-reza-rahnavard-execution\">elevisi\u00f3n iran\u00ed transmite \u2018Confesi\u00f3n\u2019 del manifestante Majid-Reza Rahnavard, ejecutado el 12 de diciembre por \u2018rebeli\u00f3n contra Dios\u2019<\/a>, 13 de diciembre, 2022.<\/p>\n<p>-MEMRI TV Clip No. 9981, <a href=\"https:\/\/www.memri.org\/tv\/mother-saman-seydi-iranian-kurdish-rapper-sentenced-death-regime-protests-pleads-help\">Madre de Saman Seydi, rapero kurdo iran\u00ed sentenciado a muerte por el r\u00e9gimen por participar en protestas, pide ayuda para evitar su ejecuci\u00f3n: Pido al pueblo y a las organizaciones de derechos humanos que ayuden a mi hijo<\/a>, 1 de diciembre, 2022.<\/p>\n<p>-Clip de MEMRI TV No. 9980, video: <a href=\"https:\/\/www2.memri.org\/espanol\/tv\/2022\/12\/10\/el-portavoz-del-poder-judicial-de-iran-masoud-setayeshi-justifica-la-ejecucion-del-manifestante-mohsen-shakeri-todo-se-hizo-de-conformidad-con-la-ley-sus-acciones-constituyeron-rebelion\/\">La familia de Mohsen Shakeri, un manifestante iran\u00ed de 23 a\u00f1os, al recibir la noticia de su ejecuci\u00f3n por parte del r\u00e9gimen<\/a>, 8 de diciembre, 2022.<\/p>\n<p>-Despacho especial No. 10379, <a href=\"https:\/\/www2.memri.org\/espanol\/regimen-irani-intensifica-su-represion-ante-los-disturbios-en-el-pais-diario-afiliado-al-cgri-javan-advierte-que-60-o-mas-manifestantes-seran-ejecutados\/62038\">El r\u00e9gimen iran\u00ed intensifica su represi\u00f3n de los disturbios en el pa\u00eds: El diario &#8216;Javan&#8217; afiliado al CGRI advierte que 60 o m\u00e1s manifestantes ser\u00e1n ejecutados<\/a>, 14 de diciembre de 2022.<\/p>\n<p>-MEMRI TV Clip No. 9994, <a href=\"https:\/\/www.memri.org\/tv\/iranians-protest-against-regime-executions-last-warning-execute-uprising\">Los iran\u00edes protestan contra las recientes ejecuciones de manifestantes por parte del r\u00e9gimen: \u00a1Si ejecutan, habr\u00e1 un levantamiento!<\/a> 11 de diciembre de 2022.<\/p>\n<p>-Serie de investigaci\u00f3n y an\u00e1lisis N\u00b0 1672, <a href=\"https:\/\/www2.memri.org\/espanol\/medico-misericordioso-condenado-a-muerte-en-iran\/62045\">M\u00e9dico compasivo sentenciado a muerte en Ir\u00e1n<\/a>, por Anna Mahjar-Barducci y R. Sosnow, 1 de diciembre de 2022.<\/p>\n<p>-Clip de MEMRI TV No. 10013, <a href=\"https:\/\/www2.memri.org\/espanol\/tv\/2022\/12\/21\/padres-de-presos-iranies-en-riesgo-de-ejecucion-abogan-por-su-liberacion-madre-de-la-bloguera-sattar-beheshti-asesinada-por-el-regimen-que-lamenten-la-muerte-del-hijo-de-khamenei\/\">Padres de prisioneros iran\u00edes en riesgo de ejecuci\u00f3n abogan por su liberaci\u00f3n; Madre del bloguero Sattar Beheshti, asesinada por el r\u00e9gimen: Que lamenten la muerte del hijo de Khamenei<\/a>, 8 de diciembre, 2022.<\/p>\n<p>-Serie de investigaci\u00f3n y an\u00e1lisis No. 1673, <a href=\"https:\/\/www2.memri.org\/espanol\/en-iran-rapero-kurdo-es-sentenciado-a-muerte-en-base-a-evidencias-falsas\/62064\">En Ir\u00e1n, rapero kurdo condenado a muerte bas\u00e1ndose en pruebas falsas,<\/a> 20 de diciembre de 2022.<\/p>\n<p>-Informe diario de MEMRI No. 447, <a href=\"https:\/\/www.memri.org\/reports\/execution-kurds-islamic-republic-iran\">La ejecuci\u00f3n de kurdos por la Rep\u00fablica Isl\u00e1mica de Ir\u00e1n, por Himdad Mustafa<\/a>, 12 de enero, 2023.<\/p>\n<p>-MEMRI TV Clip No. 10045, <a href=\"https:\/\/www2.memri.org\/espanol\/tv\/2023\/01\/08\/los-iranies-protestan-contra-las-inminentes-ejecuciones-de-mohammad-ghobadlou-y-mohammad-boroughani-habra-un-levantamiento-si-llevan-a-cabo-las-ejecuciones-este-es-el-ano-del-levantam\/\">Los iran\u00edes protestan contra las inminentes ejecuciones de Mohammad Ghobadlou y Mohammad Boroughani: \u00a1Habr\u00e1 un levantamiento si llevan a cabo las ejecuciones! Este es el a\u00f1o del levantamiento sangriento, \u00a1Khamenei ser\u00e1 derrocado!<\/a> 8 de enero de 2023.<\/p>\n<p>-Clip No. 10059 de MEMRI TV, <a href=\"https:\/\/www.memri.org\/tv\/iranian-rapper-toomaj-salehi-imprisoned-anti-regime-protests-music-video\">el rapero iran\u00ed Toomaj Salehi, encarcelado y en riesgo inmediato de ejecuci\u00f3n por participar en protestas contra el r\u00e9gimen, en video musical titulado &#8216;Survivor&#8217;: Soy la ira de Dios; Ir\u00e1n es m\u00edo, est\u00e1 totalmente destruido, \u00a1pero lo reconstruir\u00e9 yo mismo!<\/a> 26 de noviembre de 2022.<\/p>\n<p><img decoding=\"async\" src=\"https:\/\/www.memri.org\/sites\/default\/files\/2023\/SD1079417.jpg\" \/><\/p>\n<p>(Fuente: MEMRI)<\/p>\n<p><strong>El papel de Occidente<\/strong><\/p>\n<p>-MEMRI Daily Brief No. 413, <a href=\"https:\/\/www2.memri.org\/espanol\/la-obsesiva-y-peligrosa-atraccion-de-occidente-hacia-la-republica-islamica-de-iran\/61674\">La atracci\u00f3n fatal de Occidente hacia la Rep\u00fablica Isl\u00e1mica de Ir\u00e1n<\/a>, por Anna Mahjar-Barducci, 23 de septiembre, 2022.<\/p>\n<p>-MEMRI Daily Brief No. 414, <a href=\"https:\/\/www2.memri.org\/espanol\/si-los-iranies-desean-cambios-tendran-que-hacerlo-por-si-mismos-occidente-no-ayudara-en-lo-absoluto\/61688\">Si los iran\u00edes quieren un cambio, tendr\u00e1n que hacerlo por su cuenta \u2013 Occidente no ayudar\u00e1<\/a>, por Anna Mahjar-Barducci, 26 de septiembre, 2022.<\/p>\n<p><strong>Comentarios del r\u00e9gimen iran\u00ed sobre el levantamiento<\/strong><\/p>\n<p>-Despacho Especial No. 10338, <a href=\"https:\/\/www2.memri.org\/espanol\/lider-supremo-irani-ali-Khamenei-todos-los-presidentes-estadounidenses-han-combatido-a-iran-algunos-se-han-muerto-y-otros-todavia-siguen-vivos-como-el-pobre-y-demente-biden-que-desea-salvar-a-iran-y\/61954\">L\u00edder Supremo iran\u00ed Ali Khamenei: Todos los presidentes de Estados Unidos han luchado contra Ir\u00e1n; Algunos han ca\u00eddo muertos y otros siguen vivos, como el pobre y demente Biden que quiere salvar a Ir\u00e1n y a los iran\u00edes<\/a>, 23 de noviembre de 2022.<\/p>\n<p>-Despacho Especial No. 10335, <a href=\"https:\/\/www2.memri.org\/espanol\/funcionario-irani-abbas-haji-najjari-las-arrogantes-potencias-occidentales-estan-detras-de-los-disturbios-en-iran-nosotros-podemos-apuntar-las-instalaciones-mas-sensibles-en-israel-incluyendo-el-re\/61952\">Funcionario iran\u00ed Abbas Haji Najjari: Las arrogantes potencias occidentales est\u00e1n detr\u00e1s de los disturbios en Ir\u00e1n; Podemos atacar las instalaciones sensibles de Israel, incluido el reactor Dimona; Estados Unidos se retir\u00f3 de Afganist\u00e1n e Irak por temor a Ir\u00e1n<\/a>, 23 de noviembre de 2022.<\/p>\n<p>-MEMRI TV Clip No. 9990, <a href=\"https:\/\/www.memri.org\/tv\/iran-ambassador-lebanon-amani-death-mahsa-amini-normal-pretext-enemies-incite-protests\">Embajador iran\u00ed en el L\u00edbano Mojtaba Amani: La muerte de Jina (Mahsa) Amini fue normal, podr\u00eda ocurrir en cualquier lugar; Los &#8216;ej\u00e9rcitos&#8217; de los medios hostiles est\u00e1n utilizando esto como pretexto para incitar protestas<\/a>, 8 de diciembre de 2022.<\/p>\n<p>-Clip No. 9986 de MEMRI TV, <a href=\"https:\/\/www2.memri.org\/espanol\/tv\/2022\/12\/10\/el-portavoz-del-poder-judicial-de-iran-masoud-setayeshi-justifica-la-ejecucion-del-manifestante-mohsen-shakeri-todo-se-hizo-de-conformidad-con-la-ley-sus-acciones-constituyeron-rebelion\/\">Portavoz del poder judicial de Ir\u00e1n, Masoud Setayeshi, justifica la ejecuci\u00f3n del manifestante Mohsen Shakeri: Todo se hizo de acuerdo con la ley; Sus acciones constituyeron una &#8216;rebeli\u00f3n contra Dios&#8217;<\/a>, 10 de diciembre de 2022.<\/p>\n<p>-MEMRI TV Clip No. 10008, S<a href=\"https:\/\/www2.memri.org\/espanol\/tv\/2022\/12\/16\/sermon-del-viernes-en-teheran-del-alto-funcionario-irani-ayatollah-ahmad-khatami-los-manifestantes-contra-el-regimen-quieren-la-libertad-de-tener-obscenidades-pero-la-verdadera-libertad-est\/\">erm\u00f3n del viernes en Teher\u00e1n pronunciado por un alto funcionario iran\u00ed, el ayatol\u00e1 Ahmad Khatami: Los manifestantes contra el r\u00e9gimen quieren la libertad de tener obscenidades, pero la verdadera libertad est\u00e1 en el r\u00e9gimen isl\u00e1mico \u2013 La libertad estadounidense es en realidad esclavitud,<\/a> 16 de diciembre, 2022.<\/p>\n<p><strong>Divisiones dentro del establishment iran\u00ed<\/strong><\/p>\n<p>-MEMRI Daily Brief No. 430, <a href=\"https:\/\/www2.memri.org\/espanol\/la-lucha-interna-de-la-elite-politica-en-iran-el-regreso-de-larijani-para-salvar-a-la-republica-islamica-de-las-manos-ultraconservadoras\/61971\">La lucha entre la \u00e9lite pol\u00edtica de la Rep\u00fablica Isl\u00e1mica de Ir\u00e1n<\/a>, por Himdad Mustafa, 16 de noviembre, 2022.<\/p>\n<p>&nbsp;<\/p>\n<p>[1] V\u00e9ase el Informe Diario No. 420 de MEMRI, Devu\u00e9lvale su nombre kurdo: Jina Amini, por Anna Mahjar-Barducci, 10 de octubre, 2022. <a href=\"https:\/\/www2.memri.org\/espanol\/devuelvanle-su-nombre-kurdo-jina-amini\/61744\">https:\/\/www2.memri.org\/espanol\/devuelvanle-su-nombre-kurdo-jina-amini\/61744<\/a><\/p>\n<p>[2] V\u00e9ase el Informe Diario No. 420 de MEMRI, Devu\u00e9lvale su nombre kurdo: Jina Amini, por Anna Mahjar-Barducci, 10 de octubre, 2022. <a href=\"https:\/\/www2.memri.org\/espanol\/devuelvanle-su-nombre-kurdo-jina-amini\/61744\">https:\/\/www2.memri.org\/espanol\/devuelvanle-su-nombre-kurdo-jina-amini\/61744<\/a><\/p>\n<p>[3] V\u00e9ase el Informe Diario No. 420 de MEMRI, Devu\u00e9lvale su nombre kurdo: Jina Amini, por Anna Mahjar-Barducci, 10 de octubre, 2022. <a href=\"https:\/\/www2.memri.org\/espanol\/devuelvanle-su-nombre-kurdo-jina-amini\/61744\">https:\/\/www2.memri.org\/espanol\/devuelvanle-su-nombre-kurdo-jina-amini\/61744<\/a><\/p>\n","protected":false},"excerpt":{"rendered":"<p>A un a\u00f1o de la revoluci\u00f3n de Ir\u00e1n contra el r\u00e9gimen isl\u00e1mico \u00abPor un baile en el callej\u00f3n Por romper el tab\u00fa de besarse en p\u00fablico Por nuestras hermanas, la m\u00eda y la tuya Por un cambio en la mentalidad de los fan\u00e1ticos Por la verg\u00fcenza de los padres por los bolsillos vac\u00edos Por el [&hellip;]<\/p>\n","protected":false},"author":1,"featured_media":63015,"comment_status":"open","ping_status":"open","sticky":false,"template":"","format":"standard","meta":{"footnotes":""},"categories":[136,142,2],"tags":[],"class_list":["post-63014","post","type-post","status-publish","format-standard","has-post-thumbnail","hentry","category-iran-2","category-boletin-especial-archivos","category-featured"],"_links":{"self":[{"href":"https:\/\/www2.memri.org\/espanol\/wp-json\/wp\/v2\/posts\/63014","targetHints":{"allow":["GET"]}}],"collection":[{"href":"https:\/\/www2.memri.org\/espanol\/wp-json\/wp\/v2\/posts"}],"about":[{"href":"https:\/\/www2.memri.org\/espanol\/wp-json\/wp\/v2\/types\/post"}],"author":[{"embeddable":true,"href":"https:\/\/www2.memri.org\/espanol\/wp-json\/wp\/v2\/users\/1"}],"replies":[{"embeddable":true,"href":"https:\/\/www2.memri.org\/espanol\/wp-json\/wp\/v2\/comments?post=63014"}],"version-history":[{"count":0,"href":"https:\/\/www2.memri.org\/espanol\/wp-json\/wp\/v2\/posts\/63014\/revisions"}],"wp:featuredmedia":[{"embeddable":true,"href":"https:\/\/www2.memri.org\/espanol\/wp-json\/wp\/v2\/media\/63015"}],"wp:attachment":[{"href":"https:\/\/www2.memri.org\/espanol\/wp-json\/wp\/v2\/media?parent=63014"}],"wp:term":[{"taxonomy":"category","embeddable":true,"href":"https:\/\/www2.memri.org\/espanol\/wp-json\/wp\/v2\/categories?post=63014"},{"taxonomy":"post_tag","embeddable":true,"href":"https:\/\/www2.memri.org\/espanol\/wp-json\/wp\/v2\/tags?post=63014"}],"curies":[{"name":"wp","href":"https:\/\/api.w.org\/{rel}","templated":true}]}}